{"id":360980,"date":"2024-10-18T13:56:13","date_gmt":"2024-10-18T11:56:13","guid":{"rendered":"https:\/\/www.intoscana.it\/it\/?p=360980"},"modified":"2024-11-26T16:53:24","modified_gmt":"2024-11-26T15:53:24","slug":"taglio-del-nastro-a-prato-per-due-nuovi-punti-digitale-facile","status":"publish","type":"post","link":"https:\/\/www.intoscana.it\/it\/taglio-del-nastro-a-prato-per-due-nuovi-punti-digitale-facile\/","title":{"rendered":"Taglio del nastro a Prato per due nuovi Punti digitale facile"},"content":{"rendered":"<p>Due nuovi <strong>Punti digitale facile<\/strong> (Pdf), per <mark>aiutare chi ha difficolt\u00e0 ad utilizzare il web e ad accedere alla rete attraverso i dispositivi elettronici<\/mark>, sono sono stati inaugurati a Prato presso le sedi di <strong>Cna Formazione e Sicurezza Toscana Centro<\/strong>.<\/p>\n<p>I Pdf attivati nelle sedi Cna, come tutti i Pdf d\u2019Italia, sono un servizio finanziato grazie ai <strong>fondi dell\u2019Unione Europea<\/strong> e fanno parte del Programma \u201c<em>Repubblica digitale<\/em>\u201d del Dipartimento per la trasformazione digitale. Con il primo bando in Toscana sono gi\u00e0 stati individuati, attraverso gli Enti locali, <strong>ben 119 punti<\/strong>, mentre grazie al secondo bando che era rivolto agli enti del terzo settore, la Regione Toscana conta di raggiungere <strong>la quota<\/strong> complessiva di <strong>169 centri<\/strong>. Se l\u2019obiettivo nazionale \u00e8 di raggiungere 2 milioni di cittadini ed aprire circa 3.000 centri, in Toscana si punta a raggiungere <strong>136 mila cittadini entro la fine del 2025<\/strong>.<\/p>\n<p>Il primo Pdf \u00e8 attivo presso la sede della <strong>Cna di Parco Prato<\/strong> in via delle Pleiadi 49. E\u2019 aperto al pubblico, su appuntamento, ogni luned\u00ec e mercoled\u00ec dalle 9 alle 13, il marted\u00ec e gioved\u00ec dalle 14.30 alle 17 e il venerd\u00ec dalle 9 alle 12.00. Per contatti telefonici risponde al numero 0574 \u2013 630022. Il secondo \u00e8 attivo presso <strong>Cna Formazione e Sicurezza<\/strong> in via G. B. Mazzoni 13. Il suo orario di apertura \u00e8 dalle 9 alle 13 ogni luned\u00ec e gioved\u00ec, mentre il numero di telefono \u00e8 lo 0574 \u2013 69981.<\/p>\n<h3>Le funzioni svolte dai Punti digitale facile<\/h3>\n<p>Sono moltissime le funzioni che garantiscono i Pdf:\u00a0sar\u00e0 infatti possibile <strong>attivare la Carta di identit\u00e0<\/strong> elettronica, <strong>accedere ai servizi digitali<\/strong> sanitari regionali a partire dalla tessera sanitaria, attivare e consultare il proprio fascicolo sanitario elettronico, <strong>prenotare esami<\/strong> e prestazioni attraverso il Centro unico di prenotazione (Cup), ma sar\u00e0 anche possibile prenotare appuntamenti in Questura per richiedere o rinnovare il passaporto.<\/p>\n<p>Tra le prestazioni dei Pdf rientrano anche <mark>i servizi digitali scolastici, i pagamenti alle Pubbliche amministrazioni (attraverso PagoPa) e le altre prestazioni connesse alla propria identit\u00e0 digitale, come lo Spid (il Sistema pubblico di identit\u00e0 digitale), la Cns (Carta nazionale dei servizi) e la Cie (Carta di identit\u00e0 elettronica)<\/mark>.<\/p>\n<figure id=\"post-360984 media-360984\" class=\"align-none\"><img decoding=\"async\" src=\"https:\/\/www.intoscana.it\/wp-content\/uploads\/La-presentazione-dei-Pdf-Toscana-Centro.jpeg\" alt=\"\" \/><\/figure>\n<div class=\"titleimg\">La presentazione dei Pdf Toscana Centro<\/div>\n<h3>La Toscana tra le pioniere in Italia<\/h3>\n<p>\u201c<em>I Punti digitali facili (PDF) svolgono<\/em> \u2013 afferma l\u2019assessore alle infrastrutture digitali e ai rapporti con gli enti locali, <strong>Stefano Ciuoffo<\/strong> &#8211; <em>un\u2019azione concreta e inclusiva che la Regione Toscana mette in campo per ridurre il divario digitale che colpisce in particolare gli strati pi\u00f9 fragili della nostra societ\u00e0, a partire dalla fascia pi\u00f9 anziana della popolazione, e non soltanto quella. E\u2019 per questo che la Toscana \u00e8 tra le prime Regioni a mettere in campo, con la collaborazione e il protagonismo degli enti locali e delle associazioni del terzo settore, che ringrazio, questa misura per il rafforzamento delle competenze digitali di tutti i cittadini. Investire nell\u2019alfabetizzazione digitale significa anche ridurre la distanza tra Pubblica amministrazione e cittadino, apportando significative semplificazioni nella vita quotidiana di ciascuno di noi. Un grazie particolare va a Cna Sociale che, con le aperture di Pistoia e Prato, si inserisce nel circuito toscano dei Pdf\u201d.<\/em><\/p>\n<h3>Tutti i vantaggi per la Cna a Prato<\/h3>\n<p>\u201cRisultare tra i vincitori del bando regionale per l\u2019attivazione dei Pdf \u00e8 stata una grande soddisfazione &#8211; sottolinea con orgoglio la presidente di Cna Sociale, <strong>Paola Calandra<\/strong> &#8211; perch\u00e9 questo ci consentir\u00e0, da un lato, di offrire un aiuto concreto a tutti i cittadini che hanno difficolt\u00e0 ad accedere ai servizi pubblici online e che d\u2019ora in poi potranno farsi aiutare dai nostri facilitatori digitali e, dall\u2019altro, entrare a far parte di un importantissimo progetto della Regione realizzato in accordo con il Dipartimento per la Trasformazione digitale della Presidenza del consiglio del ministri nell\u2019ambito del Pnrr\u201d.<\/p>\n<p>Entrando nel dettaglio, il presidente di Cna Toscana Centro, <strong>Claudio Bettazzi<\/strong> e il direttore <strong>Cinzia Grassi<\/strong>, sottolineano che \u201c<em>i Punti Digitale Facile rappresentano un grande passo avanti per il superamento del digital divide e favoriscono l\u2019inclusione digitale e sociale: sono luoghi fisici nei quali i cittadini verranno aiutati da persone competenti, i facilitatori digitali, nell\u2019uso di Internet e degli strumenti digitali. Nei Pdf attivati da Cna Sociale verranno forniti servizi di supporto e assistenza e gli utenti saranno affiancati e assistiti da operatori specializzati, in postazioni dedicate. E\u2019 grazie al progetto regionale e con il patrocinio del Comune di Prato che abbiamo attivato i due Pdf (uno principale e uno secondario) in altrettante sedi operative Cna<\/em>\u201d.<\/p>\n<p>All\u2019inaugurazione dei due nuovi Pdf, ha partecipato anche l\u2019assessore ai servizi ai cittadini del Comune di Prato, Diego Blasi.<\/p>\n","protected":false},"excerpt":{"rendered":"<p>I pdf sono gestiti da Cna Sociale e Cna Toscana Centro: si potr\u00e0 attivare la Carta di identit\u00e0 elettronica e accedere ai servizi sanitari<\/p>\n","protected":false},"author":525,"featured_media":360983,"comment_status":"open","ping_status":"open","sticky":false,"template":"","format":"standard","meta":{"_acf_changed":false,"footnotes":""},"categories":[475],"tags":[4568,5145,1639],"class_list":["post-360980","post","type-post","status-publish","format-standard","has-post-thumbnail","hentry","category-innovazione","tag-digitale","tag-stefano-ciuoffo","tag-toscana-digitale"],"acf":[],"yoast_head":"<!-- This site is optimized with the Yoast SEO Premium plugin v24.2 (Yoast SEO v25.6) - https:\/\/yoast.com\/wordpress\/plugins\/seo\/ -->\n<title>Taglio del nastro a Prato per due nuovi Punti digitale facile - intoscana<\/title>\n<meta name=\"description\" content=\"I pdf sono gestiti da Cna Sociale e Cna Toscana Centro: si potr\u00e0 attivare la Carta di identit\u00e0 elettronica e accedere ai servizi sanitari\" \/>\n<meta name=\"robots\" content=\"index, follow, max-snippet:-1, max-image-preview:large, max-video-preview:-1\" \/>\n<link rel=\"canonical\" href=\"https:\/\/www.intoscana.it\/it\/taglio-del-nastro-a-prato-per-due-nuovi-punti-digitale-facile\/\" \/>\n<meta property=\"og:locale\" content=\"it_IT\" \/>\n<meta property=\"og:type\" content=\"article\" \/>\n<meta property=\"og:title\" content=\"Taglio del nastro a Prato per due nuovi Punti digitale facile\" \/>\n<meta property=\"og:description\" content=\"I pdf sono gestiti da Cna Sociale e Cna Toscana Centro: si potr\u00e0 attivare la Carta di identit\u00e0 elettronica e accedere ai servizi sanitari\" \/>\n<meta property=\"og:url\" content=\"https:\/\/www.intoscana.it\/it\/taglio-del-nastro-a-prato-per-due-nuovi-punti-digitale-facile\/\" \/>\n<meta property=\"og:site_name\" content=\"intoscana\" \/>\n<meta property=\"article:publisher\" content=\"https:\/\/www.facebook.com\/intoscana.it\" \/>\n<meta property=\"article:published_time\" content=\"2024-10-18T11:56:13+00:00\" \/>\n<meta property=\"article:modified_time\" content=\"2024-11-26T15:53:24+00:00\" \/>\n<meta property=\"og:image\" content=\"https:\/\/www.intoscana.it\/wp-content\/uploads\/Il-Pdf-di-Cna-Toscana-Centro-e1729252271951.jpeg\" \/>\n\t<meta property=\"og:image:width\" content=\"720\" \/>\n\t<meta property=\"og:image:height\" content=\"628\" \/>\n\t<meta property=\"og:image:type\" content=\"image\/jpeg\" \/>\n<meta name=\"author\" content=\"Redazione\" \/>\n<meta name=\"twitter:card\" content=\"summary_large_image\" \/>\n<meta name=\"twitter:creator\" content=\"@intoscana\" \/>\n<meta name=\"twitter:site\" content=\"@intoscana\" \/>\n<meta name=\"twitter:label1\" content=\"Written by\" \/>\n\t<meta name=\"twitter:data1\" content=\"Redazione\" \/>\n\t<meta name=\"twitter:label2\" content=\"Est. reading time\" \/>\n\t<meta name=\"twitter:data2\" content=\"5 minuti\" \/>\n<script type=\"application\/ld+json\" class=\"yoast-schema-graph\">{\"@context\":\"https:\/\/schema.org\",\"@graph\":[{\"@type\":\"WebPage\",\"@id\":\"https:\/\/www.intoscana.it\/it\/taglio-del-nastro-a-prato-per-due-nuovi-punti-digitale-facile\/\",\"url\":\"https:\/\/www.intoscana.it\/it\/taglio-del-nastro-a-prato-per-due-nuovi-punti-digitale-facile\/\",\"name\":\"Taglio del nastro a Prato per due nuovi Punti digitale facile - intoscana\",\"isPartOf\":{\"@id\":\"https:\/\/www.intoscana.it\/it\/#website\"},\"primaryImageOfPage\":{\"@id\":\"https:\/\/www.intoscana.it\/it\/taglio-del-nastro-a-prato-per-due-nuovi-punti-digitale-facile\/#primaryimage\"},\"image\":{\"@id\":\"https:\/\/www.intoscana.it\/it\/taglio-del-nastro-a-prato-per-due-nuovi-punti-digitale-facile\/#primaryimage\"},\"thumbnailUrl\":\"https:\/\/www.intoscana.it\/wp-content\/uploads\/Il-Pdf-di-Cna-Toscana-Centro-e1729252271951.jpeg\",\"datePublished\":\"2024-10-18T11:56:13+00:00\",\"dateModified\":\"2024-11-26T15:53:24+00:00\",\"author\":{\"@id\":\"https:\/\/www.intoscana.it\/it\/#\/schema\/person\/9223810753230f20bd670fdd322661f8\"},\"description\":\"I pdf sono gestiti da Cna Sociale e Cna Toscana Centro: si potr\u00e0 attivare la Carta di identit\u00e0 elettronica e accedere ai servizi sanitari\",\"breadcrumb\":{\"@id\":\"https:\/\/www.intoscana.it\/it\/taglio-del-nastro-a-prato-per-due-nuovi-punti-digitale-facile\/#breadcrumb\"},\"inLanguage\":\"it-IT\",\"potentialAction\":[{\"@type\":\"ReadAction\",\"target\":[\"https:\/\/www.intoscana.it\/it\/taglio-del-nastro-a-prato-per-due-nuovi-punti-digitale-facile\/\"]}]},{\"@type\":\"ImageObject\",\"inLanguage\":\"it-IT\",\"@id\":\"https:\/\/www.intoscana.it\/it\/taglio-del-nastro-a-prato-per-due-nuovi-punti-digitale-facile\/#primaryimage\",\"url\":\"https:\/\/www.intoscana.it\/wp-content\/uploads\/Il-Pdf-di-Cna-Toscana-Centro-e1729252271951.jpeg\",\"contentUrl\":\"https:\/\/www.intoscana.it\/wp-content\/uploads\/Il-Pdf-di-Cna-Toscana-Centro-e1729252271951.jpeg\",\"width\":720,\"height\":628},{\"@type\":\"BreadcrumbList\",\"@id\":\"https:\/\/www.intoscana.it\/it\/taglio-del-nastro-a-prato-per-due-nuovi-punti-digitale-facile\/#breadcrumb\",\"itemListElement\":[{\"@type\":\"ListItem\",\"position\":1,\"name\":\"Home\",\"item\":\"https:\/\/www.intoscana.it\/it\/\"},{\"@type\":\"ListItem\",\"position\":2,\"name\":\"Taglio del nastro a Prato per due nuovi Punti digitale facile\"}]},{\"@type\":\"WebSite\",\"@id\":\"https:\/\/www.intoscana.it\/it\/#website\",\"url\":\"https:\/\/www.intoscana.it\/it\/\",\"name\":\"intoscana\",\"description\":\"\",\"potentialAction\":[{\"@type\":\"SearchAction\",\"target\":{\"@type\":\"EntryPoint\",\"urlTemplate\":\"https:\/\/www.intoscana.it\/it\/?s={search_term_string}\"},\"query-input\":{\"@type\":\"PropertyValueSpecification\",\"valueRequired\":true,\"valueName\":\"search_term_string\"}}],\"inLanguage\":\"it-IT\"},{\"@type\":\"Person\",\"@id\":\"https:\/\/www.intoscana.it\/it\/#\/schema\/person\/9223810753230f20bd670fdd322661f8\",\"name\":\"Redazione\",\"url\":\"https:\/\/www.intoscana.it\/it\/author\/redazione\/\"}]}<\/script>\n<!-- \/ Yoast SEO Premium plugin. -->","yoast_head_json":{"title":"Taglio del nastro a Prato per due nuovi Punti digitale facile - intoscana","description":"I pdf sono gestiti da Cna Sociale e Cna Toscana Centro: si potr\u00e0 attivare la Carta di identit\u00e0 elettronica e accedere ai servizi sanitari","robots":{"index":"index","follow":"follow","max-snippet":"max-snippet:-1","max-image-preview":"max-image-preview:large","max-video-preview":"max-video-preview:-1"},"canonical":"https:\/\/www.intoscana.it\/it\/taglio-del-nastro-a-prato-per-due-nuovi-punti-digitale-facile\/","og_locale":"it_IT","og_type":"article","og_title":"Taglio del nastro a Prato per due nuovi Punti digitale facile","og_description":"I pdf sono gestiti da Cna Sociale e Cna Toscana Centro: si potr\u00e0 attivare la Carta di identit\u00e0 elettronica e accedere ai servizi sanitari","og_url":"https:\/\/www.intoscana.it\/it\/taglio-del-nastro-a-prato-per-due-nuovi-punti-digitale-facile\/","og_site_name":"intoscana","article_publisher":"https:\/\/www.facebook.com\/intoscana.it","article_published_time":"2024-10-18T11:56:13+00:00","article_modified_time":"2024-11-26T15:53:24+00:00","og_image":[{"width":720,"height":628,"url":"https:\/\/www.intoscana.it\/wp-content\/uploads\/Il-Pdf-di-Cna-Toscana-Centro-e1729252271951.jpeg","type":"image\/jpeg"}],"author":"Redazione","twitter_card":"summary_large_image","twitter_creator":"@intoscana","twitter_site":"@intoscana","twitter_misc":{"Written by":"Redazione","Est. reading time":"5 minuti"},"schema":{"@context":"https:\/\/schema.org","@graph":[{"@type":"WebPage","@id":"https:\/\/www.intoscana.it\/it\/taglio-del-nastro-a-prato-per-due-nuovi-punti-digitale-facile\/","url":"https:\/\/www.intoscana.it\/it\/taglio-del-nastro-a-prato-per-due-nuovi-punti-digitale-facile\/","name":"Taglio del nastro a Prato per due nuovi Punti digitale facile - intoscana","isPartOf":{"@id":"https:\/\/www.intoscana.it\/it\/#website"},"primaryImageOfPage":{"@id":"https:\/\/www.intoscana.it\/it\/taglio-del-nastro-a-prato-per-due-nuovi-punti-digitale-facile\/#primaryimage"},"image":{"@id":"https:\/\/www.intoscana.it\/it\/taglio-del-nastro-a-prato-per-due-nuovi-punti-digitale-facile\/#primaryimage"},"thumbnailUrl":"https:\/\/www.intoscana.it\/wp-content\/uploads\/Il-Pdf-di-Cna-Toscana-Centro-e1729252271951.jpeg","datePublished":"2024-10-18T11:56:13+00:00","dateModified":"2024-11-26T15:53:24+00:00","author":{"@id":"https:\/\/www.intoscana.it\/it\/#\/schema\/person\/9223810753230f20bd670fdd322661f8"},"description":"I pdf sono gestiti da Cna Sociale e Cna Toscana Centro: si potr\u00e0 attivare la Carta di identit\u00e0 elettronica e accedere ai servizi sanitari","breadcrumb":{"@id":"https:\/\/www.intoscana.it\/it\/taglio-del-nastro-a-prato-per-due-nuovi-punti-digitale-facile\/#breadcrumb"},"inLanguage":"it-IT","potentialAction":[{"@type":"ReadAction","target":["https:\/\/www.intoscana.it\/it\/taglio-del-nastro-a-prato-per-due-nuovi-punti-digitale-facile\/"]}]},{"@type":"ImageObject","inLanguage":"it-IT","@id":"https:\/\/www.intoscana.it\/it\/taglio-del-nastro-a-prato-per-due-nuovi-punti-digitale-facile\/#primaryimage","url":"https:\/\/www.intoscana.it\/wp-content\/uploads\/Il-Pdf-di-Cna-Toscana-Centro-e1729252271951.jpeg","contentUrl":"https:\/\/www.intoscana.it\/wp-content\/uploads\/Il-Pdf-di-Cna-Toscana-Centro-e1729252271951.jpeg","width":720,"height":628},{"@type":"BreadcrumbList","@id":"https:\/\/www.intoscana.it\/it\/taglio-del-nastro-a-prato-per-due-nuovi-punti-digitale-facile\/#breadcrumb","itemListElement":[{"@type":"ListItem","position":1,"name":"Home","item":"https:\/\/www.intoscana.it\/it\/"},{"@type":"ListItem","position":2,"name":"Taglio del nastro a Prato per due nuovi Punti digitale facile"}]},{"@type":"WebSite","@id":"https:\/\/www.intoscana.it\/it\/#website","url":"https:\/\/www.intoscana.it\/it\/","name":"intoscana","description":"","potentialAction":[{"@type":"SearchAction","target":{"@type":"EntryPoint","urlTemplate":"https:\/\/www.intoscana.it\/it\/?s={search_term_string}"},"query-input":{"@type":"PropertyValueSpecification","valueRequired":true,"valueName":"search_term_string"}}],"inLanguage":"it-IT"},{"@type":"Person","@id":"https:\/\/www.intoscana.it\/it\/#\/schema\/person\/9223810753230f20bd670fdd322661f8","name":"Redazione","url":"https:\/\/www.intoscana.it\/it\/author\/redazione\/"}]}},"_links":{"self":[{"href":"https:\/\/www.intoscana.it\/it\/wp-json\/wp\/v2\/posts\/360980","targetHints":{"allow":["GET"]}}],"collection":[{"href":"https:\/\/www.intoscana.it\/it\/wp-json\/wp\/v2\/posts"}],"about":[{"href":"https:\/\/www.intoscana.it\/it\/wp-json\/wp\/v2\/types\/post"}],"author":[{"embeddable":true,"href":"https:\/\/www.intoscana.it\/it\/wp-json\/wp\/v2\/users\/525"}],"replies":[{"embeddable":true,"href":"https:\/\/www.intoscana.it\/it\/wp-json\/wp\/v2\/comments?post=360980"}],"version-history":[{"count":3,"href":"https:\/\/www.intoscana.it\/it\/wp-json\/wp\/v2\/posts\/360980\/revisions"}],"predecessor-version":[{"id":360985,"href":"https:\/\/www.intoscana.it\/it\/wp-json\/wp\/v2\/posts\/360980\/revisions\/360985"}],"wp:featuredmedia":[{"embeddable":true,"href":"https:\/\/www.intoscana.it\/it\/wp-json\/wp\/v2\/media\/360983"}],"wp:attachment":[{"href":"https:\/\/www.intoscana.it\/it\/wp-json\/wp\/v2\/media?parent=360980"}],"wp:term":[{"taxonomy":"category","embeddable":true,"href":"https:\/\/www.intoscana.it\/it\/wp-json\/wp\/v2\/categories?post=360980"},{"taxonomy":"post_tag","embeddable":true,"href":"https:\/\/www.intoscana.it\/it\/wp-json\/wp\/v2\/tags?post=360980"}],"curies":[{"name":"wp","href":"https:\/\/api.w.org\/{rel}","templated":true}]}}