{"id":360992,"date":"2024-10-18T14:52:41","date_gmt":"2024-10-18T12:52:41","guid":{"rendered":"https:\/\/www.intoscana.it\/it\/?p=360992"},"modified":"2024-10-18T17:38:30","modified_gmt":"2024-10-18T15:38:30","slug":"maltempo-giani-firma-lo-stato-di-emergenza-per-le-aree-colpite","status":"publish","type":"post","link":"https:\/\/www.intoscana.it\/it\/maltempo-giani-firma-lo-stato-di-emergenza-per-le-aree-colpite\/","title":{"rendered":"Maltempo, Giani firma lo stato di emergenza per le aree colpite"},"content":{"rendered":"<p><mark>Firmato lo stato di emergenza regionale dal presidente della Regione Eugenio Giani<\/mark> a poche ore dall&#8217;<strong>ondata di maltempo<\/strong> che ha colpito mezza Toscana. L\u2019assessora alla Protezione civile <strong>Monia Monni<\/strong> \u00e8 andata a <strong>Campiglia Marittima<\/strong>, una delle zone pi\u00f9 colpite dal forte temporale che si \u00e8 abbattuto durante la notte sulla Toscana, estendendosi dalle zone occidentali della Toscana verso l\u2019interno.<\/p>\n<p>Giani, nel firmare <mark>lo stato di emergenza regionale che riguarda le province di Livorno, Pisa, Siena, Grosseto, Pistoia e Citt\u00e0 metropolitana<\/mark> ha sottolineato che sono <strong>3 gli eventi climatici<\/strong> avvenuti a distanza di breve tempo che hanno colpito la Toscana spingendolo a chiedere prima <strong>lo stato di emergenza<\/strong> regionale e contestualmente quello nazionale.<\/p>\n<p><iframe loading=\"lazy\" title=\"Maltempo in Toscana, il punto del presidente Giani: firmato lo stato d'emergenza regionale\" src=\"https:\/\/www.youtube.com\/embed\/T6nOpcKK24M\" width=\"900\" height=\"506\" frameborder=\"0\" allowfullscreen=\"allowfullscreen\"><\/iframe><\/p>\n<p>\u201c<em>Il riconoscimento di un insieme di stato di calamit\u00e0 nazionale<\/em>&#8211; ha spiegato il presidente- <em>e dunque risorse adeguate per affrontare queste emergenze, sarebbe da parte del Governo oggettivamente giusto ed equo. C&#8217;\u00e8 la necessit\u00e0 di cambiare approccio di fronte alle nuove modalit\u00e0 degli eventi piovosi: cambiamenti climatici \u2013 ha proseguito- determinano la necessit\u00e0 di mutare prospettiva, cambiano le modalit\u00e0 delle precipitazioni piovose con, spesso, bombe d\u2019acqua che determinano un afflusso cos\u00ec forte e veloce che genera i danni che conosciamo&#8221;.<\/em><\/p>\n<figure id=\"post-361000 media-361000\" class=\"align-none\"><img decoding=\"async\" src=\"https:\/\/www.intoscana.it\/wp-content\/uploads\/I-vigili-del-fuoco-in-azione-durante-londata-di-maltempo.jpeg\" alt=\"\" \/><\/figure>\n<div class=\"titleimg\">I vigili del fuoco in azione durante l\u2019ondata di maltempo<\/div>\n<h3>Le aree pi\u00f9 colpite dall&#8217;ondata di maltempo<\/h3>\n<p>Tornando allo stato di emergenza regionale Giani ha spiegato che <strong>lo stato di sofferenza<\/strong> \u00e8 concentrato <strong>su tre aree<\/strong> in particolare: <mark>bassa provincia livornese con Campiglia Marittima, Sasseta fino a San Vincenzo; la Valdelsa, Certaldo e Castelfiorentino; Siena con Sovicille<\/mark>. <strong>Sei le persone evacuate<\/strong> a San Gimignano e danni a Badesse a Monteriggioni.<\/p>\n<p>Giani ha sottolineato anche <strong>l\u2019allagamento della stazione<\/strong> di Siena e del <strong>parcheggio dell\u2019ospedale<\/strong> delle Scotte, le strade provinciali chiuse in virt\u00f9 dell\u2019<strong>esondazione del torrente<\/strong> Cornia. Il presidente Giani per monitorare l\u2019emergenza in atto si era riunito all\u2019alba con l\u2019assessora Monni in <strong>unit\u00e0 di crisi<\/strong> coi i comuni coinvolti.<\/p>\n<h3>La situazione nei territori devastati<\/h3>\n<p>Durante la notte uno dei territori pi\u00f9 colpiti \u00e8 stato quello di <strong>Campiglia Marittima<\/strong> in provincia di Grosseto, dove<strong> il fiume Cornia<\/strong> ha rotto gli argini superando il livello massimo storico di <strong>oltre 8 metri<\/strong>, ma <strong>allagamenti importanti<\/strong> si sono verificati nell\u2019Empolese Valdelsa, nel Senese, in particolare nella citt\u00e0 di Siena e in provincia di Pisa nelle zone gi\u00e0 colpite dall\u2019alluvione del 23 settembre.<\/p>\n<p>Risultano segnalazioni di<strong> frane e smottamenti<\/strong> nel Pistoiese. Sempre in provincia di Grosseto, l\u2019Ombrone a Buonconvento ha raggiunto il secondo livello di guardia. E\u2019 transitata la piena dell\u2019Arbia a Monteroni, dell\u2019Elsa a Ponte a Elsa e dell\u2019Era a Capannoli, del Cecina a Cecina. Il Bisenzio e l\u2019Ombrone pistoiese sono attualmente in diminuzione al primo livello, mentre l\u2019Arno \u00e8 rimasto sotto i livelli di riferimento.<\/p>\n<figure id=\"post-361066 media-361066\" class=\"align-none\"><img decoding=\"async\" src=\"https:\/\/www.intoscana.it\/wp-content\/uploads\/Le-zone-colpite-dallondata-di-maltempo-il-Cecina-rompe-gli-argini.jpg\" alt=\"\" \/><\/figure>\n<div class=\"titleimg\">Le zone colpite dall\u2019ondata di maltempo- il Cecina rompe gli argini<\/div>\n<h3>Il sopralluogo dell&#8217;assessora Monni a Cecina<\/h3>\n<p>Il Cecina ha tracimato in riva destra, in localit\u00e0 Gorette. A dirlo l\u2019assessora alla Protezione civile <strong>Monia Monni<\/strong> dopo un sopralluogo nei luoghi pi\u00f9 colpiti dal temporale. Con lei il direttore della protezione civile <strong>Giovanni Massini<\/strong> e alcuni sindaci dei territori coinvolti. <em>\u201cIl Cecina<\/em> &#8211; avverte l\u2019assessora &#8211; <em>era sorvegliato speciale di queste ore, l\u2019acqua aveva infatti occupato la golena dove la piena stava passando. Una piena cos\u00ec questo fiume non l\u2019aveva mai vista\u201d.<\/em><\/p>\n<p>A <strong>Castelfiorentino<\/strong> Monni era insieme alla sindaca <strong>Francesca Giann\u00ec<\/strong>. \u201c<em>C\u2019\u00e8 un allagamento importante in una zona\u00a0dove ci sono abitazioni e\u00a0insediamenti produttivi<\/em> &#8211; sottolinea Monni &#8211;<em>,\u00a0 e sono state evacuate circa una trentina di persone, fra cui qualche bambino e diversi animali. Le evacuazioni sono state effettuate dai sommozzatori dei Vigili del fuoco, stiamo aspettando che la Citt\u00e0 metropolitana installi le idrovore per portare via l\u2019acqua, ma stiamo anche valutando insieme al Genio civile la possibilit\u00e0 di fare un taglio per un\u2019uscita controllata dell\u2019acqua sull\u2019argine della Pesciola in modo da poter pi\u00f9 velocemente liberare le zone\u00a0 e poter poi intervenire una volta che sono asciutte\u201d.<\/em><\/p>\n<figure id=\"post-361065 media-361065\" class=\"align-none\"><img decoding=\"async\" src=\"https:\/\/www.intoscana.it\/wp-content\/uploads\/Lassessora-Monni-durante-il-sopralluogo-a-Cecina.png\" alt=\"\" \/><\/figure>\n<div class=\"titleimg\">L\u2019assessora Monni durante il sopralluogo a Cecina<\/div>\n<p>Nel pomeriggio l\u2019assessora \u00e8 stata a <strong>Campiglia Marittima<\/strong> al Coc (Centro Operativo Comunale) con la sindaca <strong>Alberta Ticciati<\/strong>. \u201c<em>Qui la situazione \u00e8 importante, anche se fortunatamente ha colpito zone prevalentemente rurali. Il Cornia ha prodotto 6 rotture arginali, tre in riva sinistra e 3 in riva destra precedute da sormonti (superamento sommit\u00e0 arginale). Questa \u00e8 una dinamica tipica, l\u2019acqua \u00e8 troppa<\/em> &#8211; spiega Monni &#8211;<em> il fiume non la contiene ed esondando va ad erodere l\u2019argine coi conseguente crolli arginali. Anche alcuni affluenti\u00a0 sono andati in crisi; \u00e8 piovuta in 3 ore una quantit\u00e0 d\u2019acqua cos\u00ec elevata che i nostri corsi d\u2019acqua non reggono. Ed \u00e8 un problema\u201d.<\/em><\/p>\n<p>L\u2019altra criticit\u00e0 ha fatto sapere Monni\u00a0riguarda <strong>il fiume Sterza<\/strong> che ha subito la stessa dinamica del 23 settembre\u00a0 scorso andando quindi ad infierire nelle zone gi\u00e0 colpite. Lo stesso anche a Castagneto Carducci\u00a0 e Venturina dove l&#8217;assessora \u00e8 arrivata accompagnata dal Genio civile. Anche a Castagneto le dinamiche cono quelle tipiche dello scorso settembre. Troppa acqua e tutta insieme.<\/p>\n","protected":false},"excerpt":{"rendered":"<p>Sei province coinvolte con ingenti danni in molte realt\u00e0. L\u2019assessora Monni a Campiglia dove il Cornia rompe argini<\/p>\n","protected":false},"author":525,"featured_media":360993,"comment_status":"open","ping_status":"open","sticky":false,"template":"","format":"standard","meta":{"_acf_changed":false,"footnotes":""},"categories":[494],"tags":[158,348,5232,3471],"class_list":["post-360992","post","type-post","status-publish","format-standard","has-post-thumbnail","hentry","category-attualita","tag-eugenio-giani","tag-maltempo","tag-monia-monni","tag-protezione-civile"],"acf":[],"yoast_head":"<!-- This site is optimized with the Yoast SEO Premium plugin v24.2 (Yoast SEO v25.6) - https:\/\/yoast.com\/wordpress\/plugins\/seo\/ -->\n<title>Maltempo, Giani firma lo stato di emergenza per le aree colpite - intoscana<\/title>\n<meta name=\"description\" content=\"Sei province coinvolte con ingenti danni in molte realt\u00e0. L\u2019assessora Monni a Campiglia dove il Cornia rompe argini\" \/>\n<meta name=\"robots\" content=\"index, follow, max-snippet:-1, max-image-preview:large, max-video-preview:-1\" \/>\n<link rel=\"canonical\" href=\"https:\/\/www.intoscana.it\/it\/maltempo-giani-firma-lo-stato-di-emergenza-per-le-aree-colpite\/\" \/>\n<meta property=\"og:locale\" content=\"it_IT\" \/>\n<meta property=\"og:type\" content=\"article\" \/>\n<meta property=\"og:title\" content=\"Maltempo, Giani firma lo stato di emergenza per le aree colpite\" \/>\n<meta property=\"og:description\" content=\"Sei province coinvolte con ingenti danni in molte realt\u00e0. L\u2019assessora Monni a Campiglia dove il Cornia rompe argini\" \/>\n<meta property=\"og:url\" content=\"https:\/\/www.intoscana.it\/it\/maltempo-giani-firma-lo-stato-di-emergenza-per-le-aree-colpite\/\" \/>\n<meta property=\"og:site_name\" content=\"intoscana\" \/>\n<meta property=\"article:publisher\" content=\"https:\/\/www.facebook.com\/intoscana.it\" \/>\n<meta property=\"article:published_time\" content=\"2024-10-18T12:52:41+00:00\" \/>\n<meta property=\"article:modified_time\" content=\"2024-10-18T15:38:30+00:00\" \/>\n<meta property=\"og:image\" content=\"https:\/\/www.intoscana.it\/wp-content\/uploads\/Il-fiume-Cecina-in-piena.jpeg\" \/>\n\t<meta property=\"og:image:width\" content=\"1440\" \/>\n\t<meta property=\"og:image:height\" content=\"838\" \/>\n\t<meta property=\"og:image:type\" content=\"image\/jpeg\" \/>\n<meta name=\"author\" content=\"Redazione\" \/>\n<meta name=\"twitter:card\" content=\"summary_large_image\" \/>\n<meta name=\"twitter:creator\" content=\"@intoscana\" \/>\n<meta name=\"twitter:site\" content=\"@intoscana\" \/>\n<meta name=\"twitter:label1\" content=\"Written by\" \/>\n\t<meta name=\"twitter:data1\" content=\"Redazione\" \/>\n\t<meta name=\"twitter:label2\" content=\"Est. reading time\" \/>\n\t<meta name=\"twitter:data2\" content=\"6 minuti\" \/>\n<script type=\"application\/ld+json\" class=\"yoast-schema-graph\">{\"@context\":\"https:\/\/schema.org\",\"@graph\":[{\"@type\":\"WebPage\",\"@id\":\"https:\/\/www.intoscana.it\/it\/maltempo-giani-firma-lo-stato-di-emergenza-per-le-aree-colpite\/\",\"url\":\"https:\/\/www.intoscana.it\/it\/maltempo-giani-firma-lo-stato-di-emergenza-per-le-aree-colpite\/\",\"name\":\"Maltempo, Giani firma lo stato di emergenza per le aree colpite - intoscana\",\"isPartOf\":{\"@id\":\"https:\/\/www.intoscana.it\/it\/#website\"},\"primaryImageOfPage\":{\"@id\":\"https:\/\/www.intoscana.it\/it\/maltempo-giani-firma-lo-stato-di-emergenza-per-le-aree-colpite\/#primaryimage\"},\"image\":{\"@id\":\"https:\/\/www.intoscana.it\/it\/maltempo-giani-firma-lo-stato-di-emergenza-per-le-aree-colpite\/#primaryimage\"},\"thumbnailUrl\":\"https:\/\/www.intoscana.it\/wp-content\/uploads\/Il-fiume-Cecina-in-piena.jpeg\",\"datePublished\":\"2024-10-18T12:52:41+00:00\",\"dateModified\":\"2024-10-18T15:38:30+00:00\",\"author\":{\"@id\":\"https:\/\/www.intoscana.it\/it\/#\/schema\/person\/9223810753230f20bd670fdd322661f8\"},\"description\":\"Sei province coinvolte con ingenti danni in molte realt\u00e0. L\u2019assessora Monni a Campiglia dove il Cornia rompe argini\",\"breadcrumb\":{\"@id\":\"https:\/\/www.intoscana.it\/it\/maltempo-giani-firma-lo-stato-di-emergenza-per-le-aree-colpite\/#breadcrumb\"},\"inLanguage\":\"it-IT\",\"potentialAction\":[{\"@type\":\"ReadAction\",\"target\":[\"https:\/\/www.intoscana.it\/it\/maltempo-giani-firma-lo-stato-di-emergenza-per-le-aree-colpite\/\"]}]},{\"@type\":\"ImageObject\",\"inLanguage\":\"it-IT\",\"@id\":\"https:\/\/www.intoscana.it\/it\/maltempo-giani-firma-lo-stato-di-emergenza-per-le-aree-colpite\/#primaryimage\",\"url\":\"https:\/\/www.intoscana.it\/wp-content\/uploads\/Il-fiume-Cecina-in-piena.jpeg\",\"contentUrl\":\"https:\/\/www.intoscana.it\/wp-content\/uploads\/Il-fiume-Cecina-in-piena.jpeg\",\"width\":1440,\"height\":838},{\"@type\":\"BreadcrumbList\",\"@id\":\"https:\/\/www.intoscana.it\/it\/maltempo-giani-firma-lo-stato-di-emergenza-per-le-aree-colpite\/#breadcrumb\",\"itemListElement\":[{\"@type\":\"ListItem\",\"position\":1,\"name\":\"Home\",\"item\":\"https:\/\/www.intoscana.it\/it\/\"},{\"@type\":\"ListItem\",\"position\":2,\"name\":\"Maltempo, Giani firma lo stato di emergenza per le aree colpite\"}]},{\"@type\":\"WebSite\",\"@id\":\"https:\/\/www.intoscana.it\/it\/#website\",\"url\":\"https:\/\/www.intoscana.it\/it\/\",\"name\":\"intoscana\",\"description\":\"\",\"potentialAction\":[{\"@type\":\"SearchAction\",\"target\":{\"@type\":\"EntryPoint\",\"urlTemplate\":\"https:\/\/www.intoscana.it\/it\/?s={search_term_string}\"},\"query-input\":{\"@type\":\"PropertyValueSpecification\",\"valueRequired\":true,\"valueName\":\"search_term_string\"}}],\"inLanguage\":\"it-IT\"},{\"@type\":\"Person\",\"@id\":\"https:\/\/www.intoscana.it\/it\/#\/schema\/person\/9223810753230f20bd670fdd322661f8\",\"name\":\"Redazione\",\"url\":\"https:\/\/www.intoscana.it\/it\/author\/redazione\/\"}]}<\/script>\n<!-- \/ Yoast SEO Premium plugin. -->","yoast_head_json":{"title":"Maltempo, Giani firma lo stato di emergenza per le aree colpite - intoscana","description":"Sei province coinvolte con ingenti danni in molte realt\u00e0. L\u2019assessora Monni a Campiglia dove il Cornia rompe argini","robots":{"index":"index","follow":"follow","max-snippet":"max-snippet:-1","max-image-preview":"max-image-preview:large","max-video-preview":"max-video-preview:-1"},"canonical":"https:\/\/www.intoscana.it\/it\/maltempo-giani-firma-lo-stato-di-emergenza-per-le-aree-colpite\/","og_locale":"it_IT","og_type":"article","og_title":"Maltempo, Giani firma lo stato di emergenza per le aree colpite","og_description":"Sei province coinvolte con ingenti danni in molte realt\u00e0. L\u2019assessora Monni a Campiglia dove il Cornia rompe argini","og_url":"https:\/\/www.intoscana.it\/it\/maltempo-giani-firma-lo-stato-di-emergenza-per-le-aree-colpite\/","og_site_name":"intoscana","article_publisher":"https:\/\/www.facebook.com\/intoscana.it","article_published_time":"2024-10-18T12:52:41+00:00","article_modified_time":"2024-10-18T15:38:30+00:00","og_image":[{"width":1440,"height":838,"url":"https:\/\/www.intoscana.it\/wp-content\/uploads\/Il-fiume-Cecina-in-piena.jpeg","type":"image\/jpeg"}],"author":"Redazione","twitter_card":"summary_large_image","twitter_creator":"@intoscana","twitter_site":"@intoscana","twitter_misc":{"Written by":"Redazione","Est. reading time":"6 minuti"},"schema":{"@context":"https:\/\/schema.org","@graph":[{"@type":"WebPage","@id":"https:\/\/www.intoscana.it\/it\/maltempo-giani-firma-lo-stato-di-emergenza-per-le-aree-colpite\/","url":"https:\/\/www.intoscana.it\/it\/maltempo-giani-firma-lo-stato-di-emergenza-per-le-aree-colpite\/","name":"Maltempo, Giani firma lo stato di emergenza per le aree colpite - intoscana","isPartOf":{"@id":"https:\/\/www.intoscana.it\/it\/#website"},"primaryImageOfPage":{"@id":"https:\/\/www.intoscana.it\/it\/maltempo-giani-firma-lo-stato-di-emergenza-per-le-aree-colpite\/#primaryimage"},"image":{"@id":"https:\/\/www.intoscana.it\/it\/maltempo-giani-firma-lo-stato-di-emergenza-per-le-aree-colpite\/#primaryimage"},"thumbnailUrl":"https:\/\/www.intoscana.it\/wp-content\/uploads\/Il-fiume-Cecina-in-piena.jpeg","datePublished":"2024-10-18T12:52:41+00:00","dateModified":"2024-10-18T15:38:30+00:00","author":{"@id":"https:\/\/www.intoscana.it\/it\/#\/schema\/person\/9223810753230f20bd670fdd322661f8"},"description":"Sei province coinvolte con ingenti danni in molte realt\u00e0. L\u2019assessora Monni a Campiglia dove il Cornia rompe argini","breadcrumb":{"@id":"https:\/\/www.intoscana.it\/it\/maltempo-giani-firma-lo-stato-di-emergenza-per-le-aree-colpite\/#breadcrumb"},"inLanguage":"it-IT","potentialAction":[{"@type":"ReadAction","target":["https:\/\/www.intoscana.it\/it\/maltempo-giani-firma-lo-stato-di-emergenza-per-le-aree-colpite\/"]}]},{"@type":"ImageObject","inLanguage":"it-IT","@id":"https:\/\/www.intoscana.it\/it\/maltempo-giani-firma-lo-stato-di-emergenza-per-le-aree-colpite\/#primaryimage","url":"https:\/\/www.intoscana.it\/wp-content\/uploads\/Il-fiume-Cecina-in-piena.jpeg","contentUrl":"https:\/\/www.intoscana.it\/wp-content\/uploads\/Il-fiume-Cecina-in-piena.jpeg","width":1440,"height":838},{"@type":"BreadcrumbList","@id":"https:\/\/www.intoscana.it\/it\/maltempo-giani-firma-lo-stato-di-emergenza-per-le-aree-colpite\/#breadcrumb","itemListElement":[{"@type":"ListItem","position":1,"name":"Home","item":"https:\/\/www.intoscana.it\/it\/"},{"@type":"ListItem","position":2,"name":"Maltempo, Giani firma lo stato di emergenza per le aree colpite"}]},{"@type":"WebSite","@id":"https:\/\/www.intoscana.it\/it\/#website","url":"https:\/\/www.intoscana.it\/it\/","name":"intoscana","description":"","potentialAction":[{"@type":"SearchAction","target":{"@type":"EntryPoint","urlTemplate":"https:\/\/www.intoscana.it\/it\/?s={search_term_string}"},"query-input":{"@type":"PropertyValueSpecification","valueRequired":true,"valueName":"search_term_string"}}],"inLanguage":"it-IT"},{"@type":"Person","@id":"https:\/\/www.intoscana.it\/it\/#\/schema\/person\/9223810753230f20bd670fdd322661f8","name":"Redazione","url":"https:\/\/www.intoscana.it\/it\/author\/redazione\/"}]}},"_links":{"self":[{"href":"https:\/\/www.intoscana.it\/it\/wp-json\/wp\/v2\/posts\/360992","targetHints":{"allow":["GET"]}}],"collection":[{"href":"https:\/\/www.intoscana.it\/it\/wp-json\/wp\/v2\/posts"}],"about":[{"href":"https:\/\/www.intoscana.it\/it\/wp-json\/wp\/v2\/types\/post"}],"author":[{"embeddable":true,"href":"https:\/\/www.intoscana.it\/it\/wp-json\/wp\/v2\/users\/525"}],"replies":[{"embeddable":true,"href":"https:\/\/www.intoscana.it\/it\/wp-json\/wp\/v2\/comments?post=360992"}],"version-history":[{"count":8,"href":"https:\/\/www.intoscana.it\/it\/wp-json\/wp\/v2\/posts\/360992\/revisions"}],"predecessor-version":[{"id":361067,"href":"https:\/\/www.intoscana.it\/it\/wp-json\/wp\/v2\/posts\/360992\/revisions\/361067"}],"wp:featuredmedia":[{"embeddable":true,"href":"https:\/\/www.intoscana.it\/it\/wp-json\/wp\/v2\/media\/360993"}],"wp:attachment":[{"href":"https:\/\/www.intoscana.it\/it\/wp-json\/wp\/v2\/media?parent=360992"}],"wp:term":[{"taxonomy":"category","embeddable":true,"href":"https:\/\/www.intoscana.it\/it\/wp-json\/wp\/v2\/categories?post=360992"},{"taxonomy":"post_tag","embeddable":true,"href":"https:\/\/www.intoscana.it\/it\/wp-json\/wp\/v2\/tags?post=360992"}],"curies":[{"name":"wp","href":"https:\/\/api.w.org\/{rel}","templated":true}]}}