{"id":361084,"date":"2024-10-19T08:13:27","date_gmt":"2024-10-19T06:13:27","guid":{"rendered":"https:\/\/www.intoscana.it\/it\/?p=361084"},"modified":"2024-10-19T17:40:57","modified_gmt":"2024-10-19T15:40:57","slug":"siena-autista-di-bus-salva-un-uomo-e-un-bimbo-di-6-anni-bloccati-nellauto-sommersa-dallacqua","status":"publish","type":"post","link":"https:\/\/www.intoscana.it\/it\/siena-autista-di-bus-salva-un-uomo-e-un-bimbo-di-6-anni-bloccati-nellauto-sommersa-dallacqua\/","title":{"rendered":"Siena, autista di bus salva un uomo e un bimbo di 6 anni bloccati nell&#8217;auto sommersa dall&#8217;acqua"},"content":{"rendered":"<p>A <strong>Siena<\/strong>, mentre le strade diventavano fiumi in piena a causa delle forti piogge di gioved\u00ec sera, <mark>un autista di un bus di Autolinee toscane ha messo in salvo un automobilista rimasto bloccato con il figlio piccolo nell&#8217;auto che stata per essere sommersa dall&#8217;acqua.<\/mark> L&#8217;episodio \u00e8 stato reso noto dall&#8217;azianda di trasporto pubblico, che ha pubblicato sui social le immagini riprese dalle telecamere a bordo.<\/p>\n<p>\u00c8 accaduto in via Aldo Moro, nella zona zona nord della citt\u00e0 intorno alle 19.45. L&#8217;autista alla guida del bus della linea s10, <strong>Giuseppe Cangialosi<\/strong>. 37 anni, di Poggibonsi, mentre percorreva la strada gi\u00e0 invasa dall&#8217;acqua, ha incrociato <mark>una Fiat Punto ferma lungo la carreggiata con il motore in panne a causa dell&#8217;acqua.<\/mark> All&#8217;interno un uomo e un bambino di circa 6 anni, seduto dietro, con difficolt\u00e0 a scendere dal veicolo.<\/p>\n<p>Affiancando la macchina con il bus, l&#8217;autista, come spiega Autolinee, &#8220;\u00e8 riuscito, attivando anche le sospensioni del bus cos\u00ec da alzare il mezzo rispetto al livello della strada per evitare di imbarcare acqua, a far salire a bordo in sicurezza l&#8217;uomo e il bambino&#8221;. <mark>Il piccolo \u00e8\u00a0 passato dal finestrino posteriore dell&#8217;auto, entrando dalla porta anteriore del bus, grazie all&#8217;autista che ho la preso in braccio.<\/mark> Poi a seguire \u00e8 salito il padre. Una volta a bordo il viaggio del bus di linea \u00e8 proseguito regolarmente.<\/p>\n<p>&#8220;Il gesto del nostro collega &#8211; dice Autolinee &#8211;\u00a0 ci rende fieri e ci fa capire ancora di pi\u00f9 quanto sia importante la <strong>formazione<\/strong> del personale in momenti di emergenza ma soprattutto le qualit\u00e0 umane delle persone che lavorano nel servizio pubblico&#8221;.<\/p>\n<p>\u201cUn gesto \u2013 sottolinea il presidente della Regione <strong>Eugenio Giani<\/strong> &#8211; che ci ricorda quanta differenza possano fare umanit\u00e0 e coraggio uniti alla capacit\u00e0 professionale di intervento anche nei momenti pi\u00f9 difficili\u201d.<\/p>\n<p>Ecco il video:<\/p>\n<p><iframe loading=\"lazy\" style=\"border: none; overflow: hidden;\" src=\"https:\/\/www.facebook.com\/plugins\/video.php?height=314&amp;href=https%3A%2F%2Fwww.facebook.com%2Fautolineetoscane%2Fvideos%2F424739630356579%2F&amp;show_text=false&amp;width=560&amp;t=0\" width=\"560\" height=\"314\" frameborder=\"0\" scrolling=\"no\" allowfullscreen=\"allowfullscreen\"><\/iframe><\/p>\n<p>&nbsp;<\/p>\n<div class=\"rt-page__content rt-page-content--left\">\n<div class=\"rt-page__content-text\">\n<p>&#8220;Umanit\u00e0, attenzione, ma anche grande manifestazione di professionalit\u00e0 e capacit\u00e0 di intervento\u201d, \u00e8 il commento dell&#8217;assessore a trasporti e infrastrutture, <strong>Stefano Baccelli<\/strong>. \u201cVoglio ringraziare l\u2019autista di At \u2013 prosegue Baccelli \u2013 non solo per il suo coraggio e altruismo, <mark>ma anche per come ha interpretato il suo ruolo di dipendente pubblico al servizio della comunit\u00e0\u201d.<\/mark><\/p>\n<p>&nbsp;<\/p>\n<\/div>\n<\/div>\n<div class=\"rt-btn-wrapper rt-btn-wrapper--right-align\">\n<div class=\"a2a_kit a2a_kit_size_32 a2a_default_style\" data-a2a-title=\"A Siena bimbo e genitore messi in salvo da autista At, Baccelli:\u201cProfessionalit\u00e0 e umanit\u00e0\u201d\"><\/div>\n<\/div>\n","protected":false},"excerpt":{"rendered":"<p>Gioved\u00ec sera, durante il forte nubifragio, Giuseppe Cangialosi ha incrociato una Fiat Punto ferma con il motore in panne: ha affiancato l&#8217;utilitaria e preso in braccio il piccolo facendolo passare dal finestrino<\/p>\n","protected":false},"author":525,"featured_media":361091,"comment_status":"open","ping_status":"open","sticky":false,"template":"","format":"standard","meta":{"_acf_changed":false,"footnotes":""},"categories":[494],"tags":[348,1577,164,4818],"class_list":["post-361084","post","type-post","status-publish","format-standard","has-post-thumbnail","hentry","category-attualita","tag-maltempo","tag-muoversi-in-toscana","tag-siena","tag-stefano-baccelli"],"acf":[],"yoast_head":"<!-- This site is optimized with the Yoast SEO Premium plugin v24.2 (Yoast SEO v25.6) - https:\/\/yoast.com\/wordpress\/plugins\/seo\/ -->\n<title>Siena, autista di bus salva un uomo e un bimbo di 6 anni bloccati nell&#039;auto sommersa dall&#039;acqua - intoscana<\/title>\n<meta name=\"description\" content=\"Gioved\u00ec sera, durante il forte nubifragio, Giuseppe Cangialosi ha incrociato una Fiat Punto ferma con il motore in panne: ha affiancato l&#039;utilitaria e preso in braccio il piccolo facendolo passare dal finestrino\u00a0\" \/>\n<meta name=\"robots\" content=\"index, follow, max-snippet:-1, max-image-preview:large, max-video-preview:-1\" \/>\n<link rel=\"canonical\" href=\"https:\/\/www.intoscana.it\/it\/siena-autista-di-bus-salva-un-uomo-e-un-bimbo-di-6-anni-bloccati-nellauto-sommersa-dallacqua\/\" \/>\n<meta property=\"og:locale\" content=\"it_IT\" \/>\n<meta property=\"og:type\" content=\"article\" \/>\n<meta property=\"og:title\" content=\"Siena, autista di bus salva un uomo e un bimbo di 6 anni bloccati nell&#039;auto sommersa dall&#039;acqua\" \/>\n<meta property=\"og:description\" content=\"Gioved\u00ec sera, durante il forte nubifragio, Giuseppe Cangialosi ha incrociato una Fiat Punto ferma con il motore in panne: ha affiancato l&#039;utilitaria e preso in braccio il piccolo facendolo passare dal finestrino\u00a0\" \/>\n<meta property=\"og:url\" content=\"https:\/\/www.intoscana.it\/it\/siena-autista-di-bus-salva-un-uomo-e-un-bimbo-di-6-anni-bloccati-nellauto-sommersa-dallacqua\/\" \/>\n<meta property=\"og:site_name\" content=\"intoscana\" \/>\n<meta property=\"article:publisher\" content=\"https:\/\/www.facebook.com\/intoscana.it\" \/>\n<meta property=\"article:published_time\" content=\"2024-10-19T06:13:27+00:00\" \/>\n<meta property=\"article:modified_time\" content=\"2024-10-19T15:40:57+00:00\" \/>\n<meta property=\"og:image\" content=\"https:\/\/www.intoscana.it\/wp-content\/uploads\/Salvataggio3.jpeg\" \/>\n\t<meta property=\"og:image:width\" content=\"1270\" \/>\n\t<meta property=\"og:image:height\" content=\"858\" \/>\n\t<meta property=\"og:image:type\" content=\"image\/jpeg\" \/>\n<meta name=\"author\" content=\"Redazione\" \/>\n<meta name=\"twitter:card\" content=\"summary_large_image\" \/>\n<meta name=\"twitter:creator\" content=\"@intoscana\" \/>\n<meta name=\"twitter:site\" content=\"@intoscana\" \/>\n<meta name=\"twitter:label1\" content=\"Written by\" \/>\n\t<meta name=\"twitter:data1\" content=\"Redazione\" \/>\n\t<meta name=\"twitter:label2\" content=\"Est. reading time\" \/>\n\t<meta name=\"twitter:data2\" content=\"3 minuti\" \/>\n<script type=\"application\/ld+json\" class=\"yoast-schema-graph\">{\"@context\":\"https:\/\/schema.org\",\"@graph\":[{\"@type\":\"WebPage\",\"@id\":\"https:\/\/www.intoscana.it\/it\/siena-autista-di-bus-salva-un-uomo-e-un-bimbo-di-6-anni-bloccati-nellauto-sommersa-dallacqua\/\",\"url\":\"https:\/\/www.intoscana.it\/it\/siena-autista-di-bus-salva-un-uomo-e-un-bimbo-di-6-anni-bloccati-nellauto-sommersa-dallacqua\/\",\"name\":\"Siena, autista di bus salva un uomo e un bimbo di 6 anni bloccati nell'auto sommersa dall'acqua - intoscana\",\"isPartOf\":{\"@id\":\"https:\/\/www.intoscana.it\/it\/#website\"},\"primaryImageOfPage\":{\"@id\":\"https:\/\/www.intoscana.it\/it\/siena-autista-di-bus-salva-un-uomo-e-un-bimbo-di-6-anni-bloccati-nellauto-sommersa-dallacqua\/#primaryimage\"},\"image\":{\"@id\":\"https:\/\/www.intoscana.it\/it\/siena-autista-di-bus-salva-un-uomo-e-un-bimbo-di-6-anni-bloccati-nellauto-sommersa-dallacqua\/#primaryimage\"},\"thumbnailUrl\":\"https:\/\/www.intoscana.it\/wp-content\/uploads\/Salvataggio3.jpeg\",\"datePublished\":\"2024-10-19T06:13:27+00:00\",\"dateModified\":\"2024-10-19T15:40:57+00:00\",\"author\":{\"@id\":\"https:\/\/www.intoscana.it\/it\/#\/schema\/person\/9223810753230f20bd670fdd322661f8\"},\"description\":\"Gioved\u00ec sera, durante il forte nubifragio, Giuseppe Cangialosi ha incrociato una Fiat Punto ferma con il motore in panne: ha affiancato l'utilitaria e preso in braccio il piccolo facendolo passare dal finestrino\u00a0\",\"breadcrumb\":{\"@id\":\"https:\/\/www.intoscana.it\/it\/siena-autista-di-bus-salva-un-uomo-e-un-bimbo-di-6-anni-bloccati-nellauto-sommersa-dallacqua\/#breadcrumb\"},\"inLanguage\":\"it-IT\",\"potentialAction\":[{\"@type\":\"ReadAction\",\"target\":[\"https:\/\/www.intoscana.it\/it\/siena-autista-di-bus-salva-un-uomo-e-un-bimbo-di-6-anni-bloccati-nellauto-sommersa-dallacqua\/\"]}]},{\"@type\":\"ImageObject\",\"inLanguage\":\"it-IT\",\"@id\":\"https:\/\/www.intoscana.it\/it\/siena-autista-di-bus-salva-un-uomo-e-un-bimbo-di-6-anni-bloccati-nellauto-sommersa-dallacqua\/#primaryimage\",\"url\":\"https:\/\/www.intoscana.it\/wp-content\/uploads\/Salvataggio3.jpeg\",\"contentUrl\":\"https:\/\/www.intoscana.it\/wp-content\/uploads\/Salvataggio3.jpeg\",\"width\":1270,\"height\":858},{\"@type\":\"BreadcrumbList\",\"@id\":\"https:\/\/www.intoscana.it\/it\/siena-autista-di-bus-salva-un-uomo-e-un-bimbo-di-6-anni-bloccati-nellauto-sommersa-dallacqua\/#breadcrumb\",\"itemListElement\":[{\"@type\":\"ListItem\",\"position\":1,\"name\":\"Home\",\"item\":\"https:\/\/www.intoscana.it\/it\/\"},{\"@type\":\"ListItem\",\"position\":2,\"name\":\"Siena, autista di bus salva un uomo e un bimbo di 6 anni bloccati nell&#8217;auto sommersa dall&#8217;acqua\"}]},{\"@type\":\"WebSite\",\"@id\":\"https:\/\/www.intoscana.it\/it\/#website\",\"url\":\"https:\/\/www.intoscana.it\/it\/\",\"name\":\"intoscana\",\"description\":\"\",\"potentialAction\":[{\"@type\":\"SearchAction\",\"target\":{\"@type\":\"EntryPoint\",\"urlTemplate\":\"https:\/\/www.intoscana.it\/it\/?s={search_term_string}\"},\"query-input\":{\"@type\":\"PropertyValueSpecification\",\"valueRequired\":true,\"valueName\":\"search_term_string\"}}],\"inLanguage\":\"it-IT\"},{\"@type\":\"Person\",\"@id\":\"https:\/\/www.intoscana.it\/it\/#\/schema\/person\/9223810753230f20bd670fdd322661f8\",\"name\":\"Redazione\",\"url\":\"https:\/\/www.intoscana.it\/it\/author\/redazione\/\"}]}<\/script>\n<!-- \/ Yoast SEO Premium plugin. -->","yoast_head_json":{"title":"Siena, autista di bus salva un uomo e un bimbo di 6 anni bloccati nell'auto sommersa dall'acqua - intoscana","description":"Gioved\u00ec sera, durante il forte nubifragio, Giuseppe Cangialosi ha incrociato una Fiat Punto ferma con il motore in panne: ha affiancato l'utilitaria e preso in braccio il piccolo facendolo passare dal finestrino\u00a0","robots":{"index":"index","follow":"follow","max-snippet":"max-snippet:-1","max-image-preview":"max-image-preview:large","max-video-preview":"max-video-preview:-1"},"canonical":"https:\/\/www.intoscana.it\/it\/siena-autista-di-bus-salva-un-uomo-e-un-bimbo-di-6-anni-bloccati-nellauto-sommersa-dallacqua\/","og_locale":"it_IT","og_type":"article","og_title":"Siena, autista di bus salva un uomo e un bimbo di 6 anni bloccati nell'auto sommersa dall'acqua","og_description":"Gioved\u00ec sera, durante il forte nubifragio, Giuseppe Cangialosi ha incrociato una Fiat Punto ferma con il motore in panne: ha affiancato l'utilitaria e preso in braccio il piccolo facendolo passare dal finestrino\u00a0","og_url":"https:\/\/www.intoscana.it\/it\/siena-autista-di-bus-salva-un-uomo-e-un-bimbo-di-6-anni-bloccati-nellauto-sommersa-dallacqua\/","og_site_name":"intoscana","article_publisher":"https:\/\/www.facebook.com\/intoscana.it","article_published_time":"2024-10-19T06:13:27+00:00","article_modified_time":"2024-10-19T15:40:57+00:00","og_image":[{"width":1270,"height":858,"url":"https:\/\/www.intoscana.it\/wp-content\/uploads\/Salvataggio3.jpeg","type":"image\/jpeg"}],"author":"Redazione","twitter_card":"summary_large_image","twitter_creator":"@intoscana","twitter_site":"@intoscana","twitter_misc":{"Written by":"Redazione","Est. reading time":"3 minuti"},"schema":{"@context":"https:\/\/schema.org","@graph":[{"@type":"WebPage","@id":"https:\/\/www.intoscana.it\/it\/siena-autista-di-bus-salva-un-uomo-e-un-bimbo-di-6-anni-bloccati-nellauto-sommersa-dallacqua\/","url":"https:\/\/www.intoscana.it\/it\/siena-autista-di-bus-salva-un-uomo-e-un-bimbo-di-6-anni-bloccati-nellauto-sommersa-dallacqua\/","name":"Siena, autista di bus salva un uomo e un bimbo di 6 anni bloccati nell'auto sommersa dall'acqua - intoscana","isPartOf":{"@id":"https:\/\/www.intoscana.it\/it\/#website"},"primaryImageOfPage":{"@id":"https:\/\/www.intoscana.it\/it\/siena-autista-di-bus-salva-un-uomo-e-un-bimbo-di-6-anni-bloccati-nellauto-sommersa-dallacqua\/#primaryimage"},"image":{"@id":"https:\/\/www.intoscana.it\/it\/siena-autista-di-bus-salva-un-uomo-e-un-bimbo-di-6-anni-bloccati-nellauto-sommersa-dallacqua\/#primaryimage"},"thumbnailUrl":"https:\/\/www.intoscana.it\/wp-content\/uploads\/Salvataggio3.jpeg","datePublished":"2024-10-19T06:13:27+00:00","dateModified":"2024-10-19T15:40:57+00:00","author":{"@id":"https:\/\/www.intoscana.it\/it\/#\/schema\/person\/9223810753230f20bd670fdd322661f8"},"description":"Gioved\u00ec sera, durante il forte nubifragio, Giuseppe Cangialosi ha incrociato una Fiat Punto ferma con il motore in panne: ha affiancato l'utilitaria e preso in braccio il piccolo facendolo passare dal finestrino\u00a0","breadcrumb":{"@id":"https:\/\/www.intoscana.it\/it\/siena-autista-di-bus-salva-un-uomo-e-un-bimbo-di-6-anni-bloccati-nellauto-sommersa-dallacqua\/#breadcrumb"},"inLanguage":"it-IT","potentialAction":[{"@type":"ReadAction","target":["https:\/\/www.intoscana.it\/it\/siena-autista-di-bus-salva-un-uomo-e-un-bimbo-di-6-anni-bloccati-nellauto-sommersa-dallacqua\/"]}]},{"@type":"ImageObject","inLanguage":"it-IT","@id":"https:\/\/www.intoscana.it\/it\/siena-autista-di-bus-salva-un-uomo-e-un-bimbo-di-6-anni-bloccati-nellauto-sommersa-dallacqua\/#primaryimage","url":"https:\/\/www.intoscana.it\/wp-content\/uploads\/Salvataggio3.jpeg","contentUrl":"https:\/\/www.intoscana.it\/wp-content\/uploads\/Salvataggio3.jpeg","width":1270,"height":858},{"@type":"BreadcrumbList","@id":"https:\/\/www.intoscana.it\/it\/siena-autista-di-bus-salva-un-uomo-e-un-bimbo-di-6-anni-bloccati-nellauto-sommersa-dallacqua\/#breadcrumb","itemListElement":[{"@type":"ListItem","position":1,"name":"Home","item":"https:\/\/www.intoscana.it\/it\/"},{"@type":"ListItem","position":2,"name":"Siena, autista di bus salva un uomo e un bimbo di 6 anni bloccati nell&#8217;auto sommersa dall&#8217;acqua"}]},{"@type":"WebSite","@id":"https:\/\/www.intoscana.it\/it\/#website","url":"https:\/\/www.intoscana.it\/it\/","name":"intoscana","description":"","potentialAction":[{"@type":"SearchAction","target":{"@type":"EntryPoint","urlTemplate":"https:\/\/www.intoscana.it\/it\/?s={search_term_string}"},"query-input":{"@type":"PropertyValueSpecification","valueRequired":true,"valueName":"search_term_string"}}],"inLanguage":"it-IT"},{"@type":"Person","@id":"https:\/\/www.intoscana.it\/it\/#\/schema\/person\/9223810753230f20bd670fdd322661f8","name":"Redazione","url":"https:\/\/www.intoscana.it\/it\/author\/redazione\/"}]}},"_links":{"self":[{"href":"https:\/\/www.intoscana.it\/it\/wp-json\/wp\/v2\/posts\/361084","targetHints":{"allow":["GET"]}}],"collection":[{"href":"https:\/\/www.intoscana.it\/it\/wp-json\/wp\/v2\/posts"}],"about":[{"href":"https:\/\/www.intoscana.it\/it\/wp-json\/wp\/v2\/types\/post"}],"author":[{"embeddable":true,"href":"https:\/\/www.intoscana.it\/it\/wp-json\/wp\/v2\/users\/525"}],"replies":[{"embeddable":true,"href":"https:\/\/www.intoscana.it\/it\/wp-json\/wp\/v2\/comments?post=361084"}],"version-history":[{"count":7,"href":"https:\/\/www.intoscana.it\/it\/wp-json\/wp\/v2\/posts\/361084\/revisions"}],"predecessor-version":[{"id":361126,"href":"https:\/\/www.intoscana.it\/it\/wp-json\/wp\/v2\/posts\/361084\/revisions\/361126"}],"wp:featuredmedia":[{"embeddable":true,"href":"https:\/\/www.intoscana.it\/it\/wp-json\/wp\/v2\/media\/361091"}],"wp:attachment":[{"href":"https:\/\/www.intoscana.it\/it\/wp-json\/wp\/v2\/media?parent=361084"}],"wp:term":[{"taxonomy":"category","embeddable":true,"href":"https:\/\/www.intoscana.it\/it\/wp-json\/wp\/v2\/categories?post=361084"},{"taxonomy":"post_tag","embeddable":true,"href":"https:\/\/www.intoscana.it\/it\/wp-json\/wp\/v2\/tags?post=361084"}],"curies":[{"name":"wp","href":"https:\/\/api.w.org\/{rel}","templated":true}]}}