{"id":361201,"date":"2024-10-21T14:15:19","date_gmt":"2024-10-21T12:15:19","guid":{"rendered":"https:\/\/www.intoscana.it\/it\/?p=361201"},"modified":"2024-10-21T15:53:08","modified_gmt":"2024-10-21T13:53:08","slug":"monte-pisano-continua-la-riforestazione-il-secondo-intervento-su-unarea-di-tre-ettari","status":"publish","type":"post","link":"https:\/\/www.intoscana.it\/it\/monte-pisano-continua-la-riforestazione-il-secondo-intervento-su-unarea-di-tre-ettari\/","title":{"rendered":"Monte Pisano, continua la riforestazione: il secondo intervento su un&#8217;area di tre ettari"},"content":{"rendered":"<p>Un nuovo intervento di ripristino della vegetazione sul <strong>Monte Pisano<\/strong>, in localit\u00e0 La Croce nel comune di Calci, ha interessato un&#8217;area di tre ettari. L&#8217;obiettivo \u00e8 la <mark>riforestazione dopo i disastrosi incendi del 2018 e del 2019 cos\u00ec come previsto dall\u2019intesa OLT, Regione Toscana e Comunit\u00e0 del bosco nel progetto \u201dInsieme per la rinascita del Monte Pisano\u201d.<\/mark><\/p>\n<figure id=\"post-361215 media-361215\" class=\"align-none\"><img decoding=\"async\" src=\"https:\/\/www.intoscana.it\/wp-content\/uploads\/montepisano.jpeg\" alt=\"\" \/><\/figure>\n<div class=\"titleimg\"><\/div>\n<p>\u201cGli interventi di rimboschimento e ripristino della biodiversit\u00e0 sul Monte Pisano previsti dal protocollo di intesa pur se localizzati, rappresentano iniziative innovative, avviate in aree ritenute prioritarie e strategiche, idonee a innescare processi naturali o guidati di ricolonizzazione degli ambienti colpiti da eventi calamitosi&#8221;, ha detto la vicepresidente e assessora all\u2019agricoltura <strong>Stefania Saccardi<\/strong> durante la presentazione dell&#8217;intervento <mark>insieme al sindaco di Calci Massimiliano Ghimenti, quello di Vicopisano Matteo Ferrucci e la sindaca di Buti Arianna Buti, oltre a Monica Giannetti, per Olt Offshore Lng Toscana.<\/mark><\/p>\n<p>Esteso per tre ettari, l&#8217;intervento \u00e8 il secondo nell\u2019ultimo anno realizzato e portato a termine dalla Comunit\u00e0 del bosco del Monte Pisano in collaborazione alla Regione Toscana, grazie al contributo di OLT, che segue ed \u00e8 geograficamente speculare all\u2019intervento avviato e gi\u00e0 in fase di manutenzione realizzato nel comune di Vicopisano in localit\u00e0 <strong>Monte Grande<\/strong>.<\/p>\n<p>La Regione Toscana, in sinergia con la Comunit\u00e0 del bosco del Monte Pisano e la societ\u00e0 OLT Offshore LNG Toscana, in questi anni ha portato avanti <mark>interventi di salvaguardia e ripristino della biodiversit\u00e0 del Monte Pisano, favorendo la ricostituzione e il miglioramento della struttura, la composizione specifica dei boschi, riattivando i servizi eco-sistemici delle aree distrutte dal fuoco,<\/mark> contribuendo a implementare le azioni di tutela dell\u2019area forestale e garantendo interventi funzionali anche alle attivit\u00e0 di valorizzazione turistica.<\/p>\n","protected":false},"excerpt":{"rendered":"<p>La vicepresidente Saccardi: &#8220;Iniziative innovative idonee a innescare di ricolonizzazione degli ambienti colpiti da eventi calamitosi&#8221;<\/p>\n","protected":false},"author":525,"featured_media":38018,"comment_status":"open","ping_status":"open","sticky":false,"template":"","format":"standard","meta":{"_acf_changed":false,"footnotes":""},"categories":[494],"tags":[4619,4769],"class_list":["post-361201","post","type-post","status-publish","format-standard","has-post-thumbnail","hentry","category-attualita","tag-monte-pisano","tag-stefania-saccardi"],"acf":[],"yoast_head":"<!-- This site is optimized with the Yoast SEO Premium plugin v24.2 (Yoast SEO v25.6) - https:\/\/yoast.com\/wordpress\/plugins\/seo\/ -->\n<title>Monte Pisano, continua la riforestazione: il secondo intervento su un&#039;area di tre ettari - intoscana<\/title>\n<meta name=\"description\" content=\"La vicepresidente Saccardi: &quot;Iniziative innovative idonee a innescare di ricolonizzazione degli ambienti colpiti da eventi calamitosi&quot;\" \/>\n<meta name=\"robots\" content=\"index, follow, max-snippet:-1, max-image-preview:large, max-video-preview:-1\" \/>\n<link rel=\"canonical\" href=\"https:\/\/www.intoscana.it\/it\/monte-pisano-continua-la-riforestazione-il-secondo-intervento-su-unarea-di-tre-ettari\/\" \/>\n<meta property=\"og:locale\" content=\"it_IT\" \/>\n<meta property=\"og:type\" content=\"article\" \/>\n<meta property=\"og:title\" content=\"Monte Pisano, continua la riforestazione: il secondo intervento su un&#039;area di tre ettari\" \/>\n<meta property=\"og:description\" content=\"La vicepresidente Saccardi: &quot;Iniziative innovative idonee a innescare di ricolonizzazione degli ambienti colpiti da eventi calamitosi&quot;\" \/>\n<meta property=\"og:url\" content=\"https:\/\/www.intoscana.it\/it\/monte-pisano-continua-la-riforestazione-il-secondo-intervento-su-unarea-di-tre-ettari\/\" \/>\n<meta property=\"og:site_name\" content=\"intoscana\" \/>\n<meta property=\"article:publisher\" content=\"https:\/\/www.facebook.com\/intoscana.it\" \/>\n<meta property=\"article:published_time\" content=\"2024-10-21T12:15:19+00:00\" \/>\n<meta property=\"article:modified_time\" content=\"2024-10-21T13:53:08+00:00\" \/>\n<meta property=\"og:image\" content=\"https:\/\/www.intoscana.it\/wp-content\/uploads\/img_0828.jpg\" \/>\n\t<meta property=\"og:image:width\" content=\"2000\" \/>\n\t<meta property=\"og:image:height\" content=\"1500\" \/>\n\t<meta property=\"og:image:type\" content=\"image\/jpeg\" \/>\n<meta name=\"author\" content=\"Redazione\" \/>\n<meta name=\"twitter:card\" content=\"summary_large_image\" \/>\n<meta name=\"twitter:creator\" content=\"@intoscana\" \/>\n<meta name=\"twitter:site\" content=\"@intoscana\" \/>\n<meta name=\"twitter:label1\" content=\"Written by\" \/>\n\t<meta name=\"twitter:data1\" content=\"Redazione\" \/>\n\t<meta name=\"twitter:label2\" content=\"Est. reading time\" \/>\n\t<meta name=\"twitter:data2\" content=\"2 minuti\" \/>\n<script type=\"application\/ld+json\" class=\"yoast-schema-graph\">{\"@context\":\"https:\/\/schema.org\",\"@graph\":[{\"@type\":\"WebPage\",\"@id\":\"https:\/\/www.intoscana.it\/it\/monte-pisano-continua-la-riforestazione-il-secondo-intervento-su-unarea-di-tre-ettari\/\",\"url\":\"https:\/\/www.intoscana.it\/it\/monte-pisano-continua-la-riforestazione-il-secondo-intervento-su-unarea-di-tre-ettari\/\",\"name\":\"Monte Pisano, continua la riforestazione: il secondo intervento su un'area di tre ettari - intoscana\",\"isPartOf\":{\"@id\":\"https:\/\/www.intoscana.it\/it\/#website\"},\"primaryImageOfPage\":{\"@id\":\"https:\/\/www.intoscana.it\/it\/monte-pisano-continua-la-riforestazione-il-secondo-intervento-su-unarea-di-tre-ettari\/#primaryimage\"},\"image\":{\"@id\":\"https:\/\/www.intoscana.it\/it\/monte-pisano-continua-la-riforestazione-il-secondo-intervento-su-unarea-di-tre-ettari\/#primaryimage\"},\"thumbnailUrl\":\"https:\/\/www.intoscana.it\/wp-content\/uploads\/img_0828.jpg\",\"datePublished\":\"2024-10-21T12:15:19+00:00\",\"dateModified\":\"2024-10-21T13:53:08+00:00\",\"author\":{\"@id\":\"https:\/\/www.intoscana.it\/it\/#\/schema\/person\/9223810753230f20bd670fdd322661f8\"},\"description\":\"La vicepresidente Saccardi: \\\"Iniziative innovative idonee a innescare di ricolonizzazione degli ambienti colpiti da eventi calamitosi\\\"\",\"breadcrumb\":{\"@id\":\"https:\/\/www.intoscana.it\/it\/monte-pisano-continua-la-riforestazione-il-secondo-intervento-su-unarea-di-tre-ettari\/#breadcrumb\"},\"inLanguage\":\"it-IT\",\"potentialAction\":[{\"@type\":\"ReadAction\",\"target\":[\"https:\/\/www.intoscana.it\/it\/monte-pisano-continua-la-riforestazione-il-secondo-intervento-su-unarea-di-tre-ettari\/\"]}]},{\"@type\":\"ImageObject\",\"inLanguage\":\"it-IT\",\"@id\":\"https:\/\/www.intoscana.it\/it\/monte-pisano-continua-la-riforestazione-il-secondo-intervento-su-unarea-di-tre-ettari\/#primaryimage\",\"url\":\"https:\/\/www.intoscana.it\/wp-content\/uploads\/img_0828.jpg\",\"contentUrl\":\"https:\/\/www.intoscana.it\/wp-content\/uploads\/img_0828.jpg\",\"width\":2000,\"height\":1500,\"caption\":\"Il monte pisano rinasce dopo l'incendio del 2018.\"},{\"@type\":\"BreadcrumbList\",\"@id\":\"https:\/\/www.intoscana.it\/it\/monte-pisano-continua-la-riforestazione-il-secondo-intervento-su-unarea-di-tre-ettari\/#breadcrumb\",\"itemListElement\":[{\"@type\":\"ListItem\",\"position\":1,\"name\":\"Home\",\"item\":\"https:\/\/www.intoscana.it\/it\/\"},{\"@type\":\"ListItem\",\"position\":2,\"name\":\"Monte Pisano, continua la riforestazione: il secondo intervento su un&#8217;area di tre ettari\"}]},{\"@type\":\"WebSite\",\"@id\":\"https:\/\/www.intoscana.it\/it\/#website\",\"url\":\"https:\/\/www.intoscana.it\/it\/\",\"name\":\"intoscana\",\"description\":\"\",\"potentialAction\":[{\"@type\":\"SearchAction\",\"target\":{\"@type\":\"EntryPoint\",\"urlTemplate\":\"https:\/\/www.intoscana.it\/it\/?s={search_term_string}\"},\"query-input\":{\"@type\":\"PropertyValueSpecification\",\"valueRequired\":true,\"valueName\":\"search_term_string\"}}],\"inLanguage\":\"it-IT\"},{\"@type\":\"Person\",\"@id\":\"https:\/\/www.intoscana.it\/it\/#\/schema\/person\/9223810753230f20bd670fdd322661f8\",\"name\":\"Redazione\",\"url\":\"https:\/\/www.intoscana.it\/it\/author\/redazione\/\"}]}<\/script>\n<!-- \/ Yoast SEO Premium plugin. -->","yoast_head_json":{"title":"Monte Pisano, continua la riforestazione: il secondo intervento su un'area di tre ettari - intoscana","description":"La vicepresidente Saccardi: \"Iniziative innovative idonee a innescare di ricolonizzazione degli ambienti colpiti da eventi calamitosi\"","robots":{"index":"index","follow":"follow","max-snippet":"max-snippet:-1","max-image-preview":"max-image-preview:large","max-video-preview":"max-video-preview:-1"},"canonical":"https:\/\/www.intoscana.it\/it\/monte-pisano-continua-la-riforestazione-il-secondo-intervento-su-unarea-di-tre-ettari\/","og_locale":"it_IT","og_type":"article","og_title":"Monte Pisano, continua la riforestazione: il secondo intervento su un'area di tre ettari","og_description":"La vicepresidente Saccardi: \"Iniziative innovative idonee a innescare di ricolonizzazione degli ambienti colpiti da eventi calamitosi\"","og_url":"https:\/\/www.intoscana.it\/it\/monte-pisano-continua-la-riforestazione-il-secondo-intervento-su-unarea-di-tre-ettari\/","og_site_name":"intoscana","article_publisher":"https:\/\/www.facebook.com\/intoscana.it","article_published_time":"2024-10-21T12:15:19+00:00","article_modified_time":"2024-10-21T13:53:08+00:00","og_image":[{"width":2000,"height":1500,"url":"https:\/\/www.intoscana.it\/wp-content\/uploads\/img_0828.jpg","type":"image\/jpeg"}],"author":"Redazione","twitter_card":"summary_large_image","twitter_creator":"@intoscana","twitter_site":"@intoscana","twitter_misc":{"Written by":"Redazione","Est. reading time":"2 minuti"},"schema":{"@context":"https:\/\/schema.org","@graph":[{"@type":"WebPage","@id":"https:\/\/www.intoscana.it\/it\/monte-pisano-continua-la-riforestazione-il-secondo-intervento-su-unarea-di-tre-ettari\/","url":"https:\/\/www.intoscana.it\/it\/monte-pisano-continua-la-riforestazione-il-secondo-intervento-su-unarea-di-tre-ettari\/","name":"Monte Pisano, continua la riforestazione: il secondo intervento su un'area di tre ettari - intoscana","isPartOf":{"@id":"https:\/\/www.intoscana.it\/it\/#website"},"primaryImageOfPage":{"@id":"https:\/\/www.intoscana.it\/it\/monte-pisano-continua-la-riforestazione-il-secondo-intervento-su-unarea-di-tre-ettari\/#primaryimage"},"image":{"@id":"https:\/\/www.intoscana.it\/it\/monte-pisano-continua-la-riforestazione-il-secondo-intervento-su-unarea-di-tre-ettari\/#primaryimage"},"thumbnailUrl":"https:\/\/www.intoscana.it\/wp-content\/uploads\/img_0828.jpg","datePublished":"2024-10-21T12:15:19+00:00","dateModified":"2024-10-21T13:53:08+00:00","author":{"@id":"https:\/\/www.intoscana.it\/it\/#\/schema\/person\/9223810753230f20bd670fdd322661f8"},"description":"La vicepresidente Saccardi: \"Iniziative innovative idonee a innescare di ricolonizzazione degli ambienti colpiti da eventi calamitosi\"","breadcrumb":{"@id":"https:\/\/www.intoscana.it\/it\/monte-pisano-continua-la-riforestazione-il-secondo-intervento-su-unarea-di-tre-ettari\/#breadcrumb"},"inLanguage":"it-IT","potentialAction":[{"@type":"ReadAction","target":["https:\/\/www.intoscana.it\/it\/monte-pisano-continua-la-riforestazione-il-secondo-intervento-su-unarea-di-tre-ettari\/"]}]},{"@type":"ImageObject","inLanguage":"it-IT","@id":"https:\/\/www.intoscana.it\/it\/monte-pisano-continua-la-riforestazione-il-secondo-intervento-su-unarea-di-tre-ettari\/#primaryimage","url":"https:\/\/www.intoscana.it\/wp-content\/uploads\/img_0828.jpg","contentUrl":"https:\/\/www.intoscana.it\/wp-content\/uploads\/img_0828.jpg","width":2000,"height":1500,"caption":"Il monte pisano rinasce dopo l'incendio del 2018."},{"@type":"BreadcrumbList","@id":"https:\/\/www.intoscana.it\/it\/monte-pisano-continua-la-riforestazione-il-secondo-intervento-su-unarea-di-tre-ettari\/#breadcrumb","itemListElement":[{"@type":"ListItem","position":1,"name":"Home","item":"https:\/\/www.intoscana.it\/it\/"},{"@type":"ListItem","position":2,"name":"Monte Pisano, continua la riforestazione: il secondo intervento su un&#8217;area di tre ettari"}]},{"@type":"WebSite","@id":"https:\/\/www.intoscana.it\/it\/#website","url":"https:\/\/www.intoscana.it\/it\/","name":"intoscana","description":"","potentialAction":[{"@type":"SearchAction","target":{"@type":"EntryPoint","urlTemplate":"https:\/\/www.intoscana.it\/it\/?s={search_term_string}"},"query-input":{"@type":"PropertyValueSpecification","valueRequired":true,"valueName":"search_term_string"}}],"inLanguage":"it-IT"},{"@type":"Person","@id":"https:\/\/www.intoscana.it\/it\/#\/schema\/person\/9223810753230f20bd670fdd322661f8","name":"Redazione","url":"https:\/\/www.intoscana.it\/it\/author\/redazione\/"}]}},"_links":{"self":[{"href":"https:\/\/www.intoscana.it\/it\/wp-json\/wp\/v2\/posts\/361201","targetHints":{"allow":["GET"]}}],"collection":[{"href":"https:\/\/www.intoscana.it\/it\/wp-json\/wp\/v2\/posts"}],"about":[{"href":"https:\/\/www.intoscana.it\/it\/wp-json\/wp\/v2\/types\/post"}],"author":[{"embeddable":true,"href":"https:\/\/www.intoscana.it\/it\/wp-json\/wp\/v2\/users\/525"}],"replies":[{"embeddable":true,"href":"https:\/\/www.intoscana.it\/it\/wp-json\/wp\/v2\/comments?post=361201"}],"version-history":[{"count":9,"href":"https:\/\/www.intoscana.it\/it\/wp-json\/wp\/v2\/posts\/361201\/revisions"}],"predecessor-version":[{"id":361303,"href":"https:\/\/www.intoscana.it\/it\/wp-json\/wp\/v2\/posts\/361201\/revisions\/361303"}],"wp:featuredmedia":[{"embeddable":true,"href":"https:\/\/www.intoscana.it\/it\/wp-json\/wp\/v2\/media\/38018"}],"wp:attachment":[{"href":"https:\/\/www.intoscana.it\/it\/wp-json\/wp\/v2\/media?parent=361201"}],"wp:term":[{"taxonomy":"category","embeddable":true,"href":"https:\/\/www.intoscana.it\/it\/wp-json\/wp\/v2\/categories?post=361201"},{"taxonomy":"post_tag","embeddable":true,"href":"https:\/\/www.intoscana.it\/it\/wp-json\/wp\/v2\/tags?post=361201"}],"curies":[{"name":"wp","href":"https:\/\/api.w.org\/{rel}","templated":true}]}}