{"id":361220,"date":"2024-10-21T15:08:25","date_gmt":"2024-10-21T13:08:25","guid":{"rendered":"https:\/\/www.intoscana.it\/it\/?p=361220"},"modified":"2024-10-21T15:08:25","modified_gmt":"2024-10-21T13:08:25","slug":"komorebi-danza-teatro-e-performance-invadono-i-quartieri-della-periferia-di-firenze","status":"publish","type":"post","link":"https:\/\/www.intoscana.it\/it\/komorebi-danza-teatro-e-performance-invadono-i-quartieri-della-periferia-di-firenze\/","title":{"rendered":"&#8220;Komorebi&#8221; danza, teatro e performance invadono i quartieri della periferia di Firenze"},"content":{"rendered":"<p><strong><em>&#8220;Komorebi&#8221;<\/em><\/strong> \u00e8 una <strong>parola giapponese<\/strong> che sta a significare <strong>la luce che filtra tra le foglie degli alberi,<\/strong> ed \u00e8 anche il titolo della rassegna ideata da<strong> Stazione Utopia per Autunno Fiorentino 2024<\/strong> che giunge quest&#8217;anno alla sua seconda edizione.<\/p>\n<p><strong>Un ricco programma di azioni performative<\/strong> attraverser\u00e0 i <strong>quartieri 1, 2, 4 e 5<\/strong> in svariati luoghi, dalla <strong>Villa medicea La Petraia al Giardino della Villa medicea di Castello<\/strong>, da un<strong> condominio delle Piagge alla RSA il Giglio, dal P.A.R.C. al Vivaio del Malcantone e al Combo Social Club.<\/strong><\/p>\n<p>Una <strong>nuovissima generazione di artisti<\/strong> di discipline diverse dar\u00e0 corpo a <strong>pratiche di innovazione sociale e partecipazione culturale<\/strong> rivolte a tutte le categorie di cittadini, esplorando le possibilit\u00e0 di <strong>fruizione della danza anche da parte di cittadini con abilit\u00e0 diverse.<\/strong><\/p>\n<p><em>\u201cUna rassegna che ha gi\u00e0 dimostrato il proprio valore e che torna quest&#8217;anno ad essere protagonista dell&#8217;Autunno Fiorentino<\/em> &#8211; <strong>ha detto l&#8217;assessore alla cultura Giovanni Bettarini &#8211;<\/strong> <em>con una serie di appuntamenti nei quartieri anche per famiglie e all\u2019insegna della pi\u00f9 ampia partecipazione e inclusione sociale. Grazie a questo fitto calendario di eventi tutti ad ingresso libero che spaziano dalla danza agli spettacoli, dal teatro alle performance che arriver\u00e0 fino al 30 novembre&#8221;.<\/em><\/p>\n<div class=\"titleimg\">\n<figure id=\"post-361252 media-361252\" class=\"align-none\"><img decoding=\"async\" src=\"https:\/\/www.intoscana.it\/wp-content\/uploads\/Komorebi.webp\" alt=\"\" \/><\/figure>\n<div class=\"titleimg\">Il <strong>23 ottobre alle ore 18 al PARC<\/strong> va in scena <strong><em>Fairyland, persone vs natura<\/em> <\/strong>che vede protagonisti Francesca Prini, Wioleta Szwalek e Lorenzo Danti, tre atleti campioni di pole dance insieme ai danzatori Veronica Galdo, Sofia Bonetti e Paolo Rizzo.<\/div>\n<\/div>\n<p><strong>La pole dance,<\/strong> su cui si fonda Fairyland, superando l\u2019aspetto puramente atletico e evolvendosi sempre di pi\u00f9 come forma d\u2019arte, abbraccia l\u2019eleganza, la fluidit\u00e0 e l\u2019espressivit\u00e0; e nella performance interagisce con la danza. Il progetto, preceduto da un laboratorio, mira a far collaborare polers e danzator\u0259 alla creazione di una scena tratta dal capolavoro shakespeariano <strong><em>&#8220;Sogno di una notte di mezza estate&#8221;.<\/em><\/strong> Ambientato in una foresta incantata, lo spettacolo segue le vicende di umani (danzator\u0259) e fate (polers) che si incontrano in una notte di magia e intrighi in cui le fate danzano, mentre gli umani vagano in cerca di amore.<\/p>\n<p>Il <strong>27 ottobre<\/strong> alle ore 17 torna in scena al PARC <strong><em>Metamorfosi, dell\u2019esserci e del divenire,<\/em> <\/strong>una rodata azione performativa che incrocia danza, musica e teatro a cura di Cesare Torricelli e Daria Lidonnici. Seguendo le pratiche di teatro sociale attraverso l\u2019inclusione e la valorizzazione di ogni diversit\u00e0, la performance porta in scena studenti di IIS Sassetti Peruzzi di Scandicci e Firenze e del Liceo Artistico Statale di Porta Romana e Sesto Fiorentino, educatori e danzatori professionisti.<\/p>\n<p>Il <strong>17 novembre<\/strong> \u00e8 la volta al <strong>Combo Social Club <\/strong>di<strong><em> Landscape\/Soundscape<\/em><\/strong> diretto da Marco di Costanzo, con le coreografie di Alice Catapano. In mezzo al Paesaggio che d\u00e0 il nome alla breve pi\u00e8ce di Harold Pinter, si trovano un uomo e una donna con i loro ricordi, desideri, visioni. La coppia di personaggi \u00e8 agita e moltiplicata da due coppie sceniche, un\u2019attrice e un attore, una danzatrice e un danzatore, che proiettano nello spazio &#8211; grazie a parola e movimento &#8211; il vano rincorrersi di due immaginari divergenti. Lo spettacolo \u00e8 accessibile a pubblico con disabilit\u00e0 visiva.<\/p>\n<p>Dopo il successo registrato nell\u2019edizione 2023, <strong>Komorebi<\/strong> sabato<strong> 23 novembre<\/strong> sceglie nuovamente il<strong> condominio di via Liguria, 10,<\/strong> uno degli edifici del complesso <strong>Le Navi nel quartiere delle Piagge,<\/strong> per presentare <strong><em>Questioni di condominio parte 2<\/em><\/strong>, pianerottoli oltre il transito.<\/p>\n<p>La serata prevede<strong> sette brevi performance di danza<\/strong> firmate da coreografi e artisti di fama internazionale come Giuseppe Spota e Davide di Giovanni, a cui si affiancano talenti della scena italiana.<\/p>\n<p><strong><em>Penelope,<\/em><\/strong> coreografia di Giuseppe Spota, con Sofia Bonetti; <strong><em>Elaysia<\/em><\/strong>, coreografia di Aurelie Mounier con Cristina Roggerini, Dummy con Rita Carrara, <strong><em>Nero \u00e8 il colore dei capelli del mio vero amore<\/em><\/strong>, coreografia di Davide Di Giovanni con Matilde Di Ciolo, <strong><em>Who am I?<\/em><\/strong> coreografia di Isabella Giustina, con Beatrice Ciattini e Niccol\u00f2 Poggini, <strong><em>Lunatica,<\/em><\/strong> coreografia di Roberto Doveri con Matilde Di Ciolo e Veronica Galdo e<strong><em> In Trappola<\/em> <\/strong>di e con Allison Ferraro. I pianerottoli dell\u2019edificio si trasformano in spazi performativi e gli abitanti e il pubblico in generale sono invitati a sperimentare una forma inedita e intima di spettacolo dal vivo.<\/p>\n<p>Il <strong>30 novembre<\/strong> alle ore 16 al <strong>PARC<\/strong> la rassegna ospita come spettacolo di chiusura <strong><em>Stravaganze in sol minore<\/em><\/strong>, con la regia e coreografia di Francesca Lattuada, interpreti la danzatrice Vittoria Franchina e il baritono Piersilvio De Santis, maschere e oggetti di Natali Fortier. Il <strong>virtuosismo magico di Toti Scialoja<\/strong>, maestro non solo di immagini, ma anche di parole, \u00e8 alla base di questa nuova creazione per bambini e bambine, ragazzi e ragazze, e per famiglie, coprodotta da Centro coreografico Nazionale\/ Aterballetto e Centro Teatrale Bresciano e in coproduzione con Centro Servizi Culturali Santa Chiara.<\/p>\n<p>Nutrita di appuntamenti anche la sezione del programma della rassegna raccolta sotto il titolo <strong><em>Patrimonio culturale e comunit\u00e0<\/em> <\/strong>in cui si inanellano visite , spettacoli di living history fino al Gran Ballo Lorenese.<\/p>\n<p>Il calendario prevede il <strong>27 ottobre<\/strong> la visita alla <strong>Villa medicea La Petraia<\/strong> a cura di Marta Baglivo, e nello stesso giorno lo spettacolo alla Villa medicea di Castello di Living History <strong><em>A spasso con Cosimo<\/em><\/strong> a cura di Francesco Gori, l\u2019occasione per conoscere il progetto del giardino raccontato dallo stesso Cosimo I che insieme a Vasari e Tribolo partecip\u00f2 alla progettazione.<\/p>\n<p><strong><em>I fasti medicei,<\/em><\/strong> visita -spettacolo alla Villa medicea La Petraia, a cura di Francesco Gori, l\u2019<strong>8 novembre<\/strong> verte sul racconto della storia della famiglia Medici a partire dagli episodi rappresentati negli affreschi del Volterrano nel Cortile della Villa medicea La Petraia.<\/p>\n<p><strong>Il 30 novembre<\/strong> alle ore 20 in occasione della <strong>Festa della Toscana<\/strong> va in scena il <strong>Gran Ballo lorenese alla Villa medicea La Petraia<\/strong> con i danzatori della<strong> Societ\u00e0 di Danza di Firenze<\/strong> in abito d\u2019epoca. Un omaggio alla cultura e alla storia di un momento fondamentale della vita fiorentina ed italiana: la Firenze dei Lorena nella prima met\u00e0 dell\u2019Ottocento, quando la danza era un elemento centrale della vita cittadina, a Corte come nei palazzi e nelle ville aristocratiche, come nelle famiglie borghesi e nei ceti popolari.<\/p>\n<figure id=\"post-361232 media-361232\" class=\"align-none\"><img decoding=\"async\" src=\"https:\/\/www.intoscana.it\/wp-content\/uploads\/Stravaganze-in-sol-minore-ph.-Harabel-Contemporary-Art-Platform-7-scaled.jpg\" alt=\"\" \/><\/figure>\n<div class=\"titleimg\"><em>Stravaganze in sol minore \u2013 ph. Harabel Contemporary Art Platform\u00a0<\/em><\/div>\n","protected":false},"excerpt":{"rendered":"<p>Fino al 30 novembre un fitto calendario di laboratori e azioni performative all\u2019insegna dell\u2019inclusione sociale e della partecipazione culturale a cura di Stazione Utopia, ingresso libero<\/p>\n","protected":false},"author":525,"featured_media":361228,"comment_status":"open","ping_status":"open","sticky":false,"template":"","format":"standard","meta":{"_acf_changed":false,"footnotes":""},"categories":[493],"tags":[5564,4474,202,236],"class_list":["post-361220","post","type-post","status-publish","format-standard","has-post-thumbnail","hentry","category-cultura","tag-danza","tag-eventi","tag-firenze","tag-teatro"],"acf":[],"yoast_head":"<!-- This site is optimized with the Yoast SEO Premium plugin v24.2 (Yoast SEO v25.6) - https:\/\/yoast.com\/wordpress\/plugins\/seo\/ -->\n<title>&quot;Komorebi&quot; danza, teatro e performance invadono i quartieri della periferia di Firenze - intoscana<\/title>\n<meta name=\"description\" content=\"Fino al 30 novembre un fitto calendario di laboratori e azioni performative all\u2019insegna dell\u2019inclusione sociale e della partecipazione\" \/>\n<meta name=\"robots\" content=\"index, follow, max-snippet:-1, max-image-preview:large, max-video-preview:-1\" \/>\n<link rel=\"canonical\" href=\"https:\/\/www.intoscana.it\/it\/komorebi-danza-teatro-e-performance-invadono-i-quartieri-della-periferia-di-firenze\/\" \/>\n<meta property=\"og:locale\" content=\"it_IT\" \/>\n<meta property=\"og:type\" content=\"article\" \/>\n<meta property=\"og:title\" content=\"&quot;Komorebi&quot; danza, teatro e performance invadono i quartieri della periferia di Firenze\" \/>\n<meta property=\"og:description\" content=\"Fino al 30 novembre un fitto calendario di laboratori e azioni performative all\u2019insegna dell\u2019inclusione sociale e della partecipazione\" \/>\n<meta property=\"og:url\" content=\"https:\/\/www.intoscana.it\/it\/komorebi-danza-teatro-e-performance-invadono-i-quartieri-della-periferia-di-firenze\/\" \/>\n<meta property=\"og:site_name\" content=\"intoscana\" \/>\n<meta property=\"article:publisher\" content=\"https:\/\/www.facebook.com\/intoscana.it\" \/>\n<meta property=\"article:published_time\" content=\"2024-10-21T13:08:25+00:00\" \/>\n<meta property=\"og:image\" content=\"https:\/\/www.intoscana.it\/wp-content\/uploads\/Cristina-Roggerini-Elaysia-ph-Giampaolo-Becherini-.jpg\" \/>\n\t<meta property=\"og:image:width\" content=\"1600\" \/>\n\t<meta property=\"og:image:height\" content=\"1067\" \/>\n\t<meta property=\"og:image:type\" content=\"image\/jpeg\" \/>\n<meta name=\"author\" content=\"Redazione\" \/>\n<meta name=\"twitter:card\" content=\"summary_large_image\" \/>\n<meta name=\"twitter:creator\" content=\"@intoscana\" \/>\n<meta name=\"twitter:site\" content=\"@intoscana\" \/>\n<meta name=\"twitter:label1\" content=\"Written by\" \/>\n\t<meta name=\"twitter:data1\" content=\"Redazione\" \/>\n\t<meta name=\"twitter:label2\" content=\"Est. reading time\" \/>\n\t<meta name=\"twitter:data2\" content=\"6 minuti\" \/>\n<script type=\"application\/ld+json\" class=\"yoast-schema-graph\">{\"@context\":\"https:\/\/schema.org\",\"@graph\":[{\"@type\":\"WebPage\",\"@id\":\"https:\/\/www.intoscana.it\/it\/komorebi-danza-teatro-e-performance-invadono-i-quartieri-della-periferia-di-firenze\/\",\"url\":\"https:\/\/www.intoscana.it\/it\/komorebi-danza-teatro-e-performance-invadono-i-quartieri-della-periferia-di-firenze\/\",\"name\":\"\\\"Komorebi\\\" danza, teatro e performance invadono i quartieri della periferia di Firenze - intoscana\",\"isPartOf\":{\"@id\":\"https:\/\/www.intoscana.it\/it\/#website\"},\"primaryImageOfPage\":{\"@id\":\"https:\/\/www.intoscana.it\/it\/komorebi-danza-teatro-e-performance-invadono-i-quartieri-della-periferia-di-firenze\/#primaryimage\"},\"image\":{\"@id\":\"https:\/\/www.intoscana.it\/it\/komorebi-danza-teatro-e-performance-invadono-i-quartieri-della-periferia-di-firenze\/#primaryimage\"},\"thumbnailUrl\":\"https:\/\/www.intoscana.it\/wp-content\/uploads\/Cristina-Roggerini-Elaysia-ph-Giampaolo-Becherini-.jpg\",\"datePublished\":\"2024-10-21T13:08:25+00:00\",\"author\":{\"@id\":\"https:\/\/www.intoscana.it\/it\/#\/schema\/person\/9223810753230f20bd670fdd322661f8\"},\"description\":\"Fino al 30 novembre un fitto calendario di laboratori e azioni performative all\u2019insegna dell\u2019inclusione sociale e della partecipazione\",\"breadcrumb\":{\"@id\":\"https:\/\/www.intoscana.it\/it\/komorebi-danza-teatro-e-performance-invadono-i-quartieri-della-periferia-di-firenze\/#breadcrumb\"},\"inLanguage\":\"it-IT\",\"potentialAction\":[{\"@type\":\"ReadAction\",\"target\":[\"https:\/\/www.intoscana.it\/it\/komorebi-danza-teatro-e-performance-invadono-i-quartieri-della-periferia-di-firenze\/\"]}]},{\"@type\":\"ImageObject\",\"inLanguage\":\"it-IT\",\"@id\":\"https:\/\/www.intoscana.it\/it\/komorebi-danza-teatro-e-performance-invadono-i-quartieri-della-periferia-di-firenze\/#primaryimage\",\"url\":\"https:\/\/www.intoscana.it\/wp-content\/uploads\/Cristina-Roggerini-Elaysia-ph-Giampaolo-Becherini-.jpg\",\"contentUrl\":\"https:\/\/www.intoscana.it\/wp-content\/uploads\/Cristina-Roggerini-Elaysia-ph-Giampaolo-Becherini-.jpg\",\"width\":1600,\"height\":1067},{\"@type\":\"BreadcrumbList\",\"@id\":\"https:\/\/www.intoscana.it\/it\/komorebi-danza-teatro-e-performance-invadono-i-quartieri-della-periferia-di-firenze\/#breadcrumb\",\"itemListElement\":[{\"@type\":\"ListItem\",\"position\":1,\"name\":\"Home\",\"item\":\"https:\/\/www.intoscana.it\/it\/\"},{\"@type\":\"ListItem\",\"position\":2,\"name\":\"&#8220;Komorebi&#8221; danza, teatro e performance invadono i quartieri della periferia di Firenze\"}]},{\"@type\":\"WebSite\",\"@id\":\"https:\/\/www.intoscana.it\/it\/#website\",\"url\":\"https:\/\/www.intoscana.it\/it\/\",\"name\":\"intoscana\",\"description\":\"\",\"potentialAction\":[{\"@type\":\"SearchAction\",\"target\":{\"@type\":\"EntryPoint\",\"urlTemplate\":\"https:\/\/www.intoscana.it\/it\/?s={search_term_string}\"},\"query-input\":{\"@type\":\"PropertyValueSpecification\",\"valueRequired\":true,\"valueName\":\"search_term_string\"}}],\"inLanguage\":\"it-IT\"},{\"@type\":\"Person\",\"@id\":\"https:\/\/www.intoscana.it\/it\/#\/schema\/person\/9223810753230f20bd670fdd322661f8\",\"name\":\"Redazione\",\"url\":\"https:\/\/www.intoscana.it\/it\/author\/redazione\/\"}]}<\/script>\n<!-- \/ Yoast SEO Premium plugin. -->","yoast_head_json":{"title":"\"Komorebi\" danza, teatro e performance invadono i quartieri della periferia di Firenze - intoscana","description":"Fino al 30 novembre un fitto calendario di laboratori e azioni performative all\u2019insegna dell\u2019inclusione sociale e della partecipazione","robots":{"index":"index","follow":"follow","max-snippet":"max-snippet:-1","max-image-preview":"max-image-preview:large","max-video-preview":"max-video-preview:-1"},"canonical":"https:\/\/www.intoscana.it\/it\/komorebi-danza-teatro-e-performance-invadono-i-quartieri-della-periferia-di-firenze\/","og_locale":"it_IT","og_type":"article","og_title":"\"Komorebi\" danza, teatro e performance invadono i quartieri della periferia di Firenze","og_description":"Fino al 30 novembre un fitto calendario di laboratori e azioni performative all\u2019insegna dell\u2019inclusione sociale e della partecipazione","og_url":"https:\/\/www.intoscana.it\/it\/komorebi-danza-teatro-e-performance-invadono-i-quartieri-della-periferia-di-firenze\/","og_site_name":"intoscana","article_publisher":"https:\/\/www.facebook.com\/intoscana.it","article_published_time":"2024-10-21T13:08:25+00:00","og_image":[{"width":1600,"height":1067,"url":"https:\/\/www.intoscana.it\/wp-content\/uploads\/Cristina-Roggerini-Elaysia-ph-Giampaolo-Becherini-.jpg","type":"image\/jpeg"}],"author":"Redazione","twitter_card":"summary_large_image","twitter_creator":"@intoscana","twitter_site":"@intoscana","twitter_misc":{"Written by":"Redazione","Est. reading time":"6 minuti"},"schema":{"@context":"https:\/\/schema.org","@graph":[{"@type":"WebPage","@id":"https:\/\/www.intoscana.it\/it\/komorebi-danza-teatro-e-performance-invadono-i-quartieri-della-periferia-di-firenze\/","url":"https:\/\/www.intoscana.it\/it\/komorebi-danza-teatro-e-performance-invadono-i-quartieri-della-periferia-di-firenze\/","name":"\"Komorebi\" danza, teatro e performance invadono i quartieri della periferia di Firenze - intoscana","isPartOf":{"@id":"https:\/\/www.intoscana.it\/it\/#website"},"primaryImageOfPage":{"@id":"https:\/\/www.intoscana.it\/it\/komorebi-danza-teatro-e-performance-invadono-i-quartieri-della-periferia-di-firenze\/#primaryimage"},"image":{"@id":"https:\/\/www.intoscana.it\/it\/komorebi-danza-teatro-e-performance-invadono-i-quartieri-della-periferia-di-firenze\/#primaryimage"},"thumbnailUrl":"https:\/\/www.intoscana.it\/wp-content\/uploads\/Cristina-Roggerini-Elaysia-ph-Giampaolo-Becherini-.jpg","datePublished":"2024-10-21T13:08:25+00:00","author":{"@id":"https:\/\/www.intoscana.it\/it\/#\/schema\/person\/9223810753230f20bd670fdd322661f8"},"description":"Fino al 30 novembre un fitto calendario di laboratori e azioni performative all\u2019insegna dell\u2019inclusione sociale e della partecipazione","breadcrumb":{"@id":"https:\/\/www.intoscana.it\/it\/komorebi-danza-teatro-e-performance-invadono-i-quartieri-della-periferia-di-firenze\/#breadcrumb"},"inLanguage":"it-IT","potentialAction":[{"@type":"ReadAction","target":["https:\/\/www.intoscana.it\/it\/komorebi-danza-teatro-e-performance-invadono-i-quartieri-della-periferia-di-firenze\/"]}]},{"@type":"ImageObject","inLanguage":"it-IT","@id":"https:\/\/www.intoscana.it\/it\/komorebi-danza-teatro-e-performance-invadono-i-quartieri-della-periferia-di-firenze\/#primaryimage","url":"https:\/\/www.intoscana.it\/wp-content\/uploads\/Cristina-Roggerini-Elaysia-ph-Giampaolo-Becherini-.jpg","contentUrl":"https:\/\/www.intoscana.it\/wp-content\/uploads\/Cristina-Roggerini-Elaysia-ph-Giampaolo-Becherini-.jpg","width":1600,"height":1067},{"@type":"BreadcrumbList","@id":"https:\/\/www.intoscana.it\/it\/komorebi-danza-teatro-e-performance-invadono-i-quartieri-della-periferia-di-firenze\/#breadcrumb","itemListElement":[{"@type":"ListItem","position":1,"name":"Home","item":"https:\/\/www.intoscana.it\/it\/"},{"@type":"ListItem","position":2,"name":"&#8220;Komorebi&#8221; danza, teatro e performance invadono i quartieri della periferia di Firenze"}]},{"@type":"WebSite","@id":"https:\/\/www.intoscana.it\/it\/#website","url":"https:\/\/www.intoscana.it\/it\/","name":"intoscana","description":"","potentialAction":[{"@type":"SearchAction","target":{"@type":"EntryPoint","urlTemplate":"https:\/\/www.intoscana.it\/it\/?s={search_term_string}"},"query-input":{"@type":"PropertyValueSpecification","valueRequired":true,"valueName":"search_term_string"}}],"inLanguage":"it-IT"},{"@type":"Person","@id":"https:\/\/www.intoscana.it\/it\/#\/schema\/person\/9223810753230f20bd670fdd322661f8","name":"Redazione","url":"https:\/\/www.intoscana.it\/it\/author\/redazione\/"}]}},"_links":{"self":[{"href":"https:\/\/www.intoscana.it\/it\/wp-json\/wp\/v2\/posts\/361220","targetHints":{"allow":["GET"]}}],"collection":[{"href":"https:\/\/www.intoscana.it\/it\/wp-json\/wp\/v2\/posts"}],"about":[{"href":"https:\/\/www.intoscana.it\/it\/wp-json\/wp\/v2\/types\/post"}],"author":[{"embeddable":true,"href":"https:\/\/www.intoscana.it\/it\/wp-json\/wp\/v2\/users\/525"}],"replies":[{"embeddable":true,"href":"https:\/\/www.intoscana.it\/it\/wp-json\/wp\/v2\/comments?post=361220"}],"version-history":[{"count":8,"href":"https:\/\/www.intoscana.it\/it\/wp-json\/wp\/v2\/posts\/361220\/revisions"}],"predecessor-version":[{"id":361260,"href":"https:\/\/www.intoscana.it\/it\/wp-json\/wp\/v2\/posts\/361220\/revisions\/361260"}],"wp:featuredmedia":[{"embeddable":true,"href":"https:\/\/www.intoscana.it\/it\/wp-json\/wp\/v2\/media\/361228"}],"wp:attachment":[{"href":"https:\/\/www.intoscana.it\/it\/wp-json\/wp\/v2\/media?parent=361220"}],"wp:term":[{"taxonomy":"category","embeddable":true,"href":"https:\/\/www.intoscana.it\/it\/wp-json\/wp\/v2\/categories?post=361220"},{"taxonomy":"post_tag","embeddable":true,"href":"https:\/\/www.intoscana.it\/it\/wp-json\/wp\/v2\/tags?post=361220"}],"curies":[{"name":"wp","href":"https:\/\/api.w.org\/{rel}","templated":true}]}}