{"id":361235,"date":"2024-10-21T15:11:48","date_gmt":"2024-10-21T13:11:48","guid":{"rendered":"https:\/\/www.intoscana.it\/it\/?p=361235"},"modified":"2024-10-21T15:19:09","modified_gmt":"2024-10-21T13:19:09","slug":"la-diagnosi-precoce-del-parkinson-con-un-test-olfattivo-al-via-la-sperimentazione","status":"publish","type":"post","link":"https:\/\/www.intoscana.it\/it\/la-diagnosi-precoce-del-parkinson-con-un-test-olfattivo-al-via-la-sperimentazione\/","title":{"rendered":"La diagnosi precoce del Parkinson con un test olfattivo: al via la sperimentazione"},"content":{"rendered":"<p>Un <strong>test olfattivo<\/strong> dal proprio medico di famiglia o all\u2019ospedale Apuane e analisi biochimiche innovative su un <strong>tampone nasale<\/strong> possono aprire la strada alla diagnosi precoce della malattia di <strong>Parkinson<\/strong>. Uno studio ambizioso che ora parte con la <mark>sperimentazione e il reclutamento di cittadini disponibili a partecipare al progetto.<\/mark><\/p>\n<p>Lo studio si chiama<strong> Arianna<\/strong> ed \u00e8 promosso dall\u2019Azienda Usl Toscana nord ovest, con la collaborazione dei medici di medicina generale della provincia di Massa Carrara e della Versilia, dell\u2019unit\u00e0 operativa di Otorinolaringoiatria dell\u2019ospedale Apuane, del dipartimento di Neuroscienze dell\u2019Universit\u00e0 di Verona, dell&#8217;Istituto di Fisiologia clinica &#8211; CNR di Pisa, nonch\u00e9 sul contributo organizzativo dell\u2019Ordine dei Medici della Provincia di Massa Carrara e della Fondazione dott. Ezio Pel\u00f9 Massa.<\/p>\n<p>Come spiega il dottor <strong>Carlo Maremmani<\/strong> dell\u2019unit\u00e0 operativa di Neurologia dell\u2019ospedale Apuane. &#8220;sappiamo che <mark>il processo neurodegenerativo ha inizio nel sistema olfattivo e gastroenterico, e procede lentamente nel corso di circa 20 anni sino a raggiungere e lesionare le zone della motricit\u00e0 automatica nel sistema nervoso.<\/mark> Il traguardo da raggiungere \u00e8 dunque quello di diagnosticare la malattia di Parkinson prima che compaiano i disturbi del movimento, cio\u00e8 nella fase definita premotoria&#8221;.<\/p>\n<p>La malattia ha infatti &#8220;un andamento cronico e lentamente progressivo che, nelle fasi avanzate, comporta consistenti sofferenze per l\u2019ammalato, importanti sacrifici per i familiari ed un costo molto elevato per la collettivit\u00e0 in termini di cure ed assistenza &#8211; continua il dottore &#8211;\u00a0 <mark>La prevalenza media sopra i 65 anni di et\u00e0 \u00e8 dell\u20191%, mentre nelle classi di et\u00e0 pi\u00f9 avanzate \u00e8 del 2-3%. Il rischio di contrarre la malattia nel corso della vita \u00e8 di 1 caso su 40 persone.<\/mark> Essa viene attualmente diagnosticata quando il paziente presenta sintomi motori: tremore, rallentamento motorio, ipertono muscolare, variamente combinati tra loro&#8221;. In uno studio recentemente pubblicato sulla prestigiosa rivista scientifica <strong>The New England Journal of Medicine<\/strong>, &#8220;\u00e8 stato dimostrato che un farmaco agonista del Glucagon-Like Peptide 1 (GLP-1), tende a rallentare la malattia di Parkinson. Questa classe di farmaci o altri ancora potranno un domani essere a disposizione per questa malattia neurologica&#8221;.<\/p>\n<h3><em>Il test per la diagnosi precoce: come partecipare alla sperimentazione<\/em><\/h3>\n<p>\u00c8 importante cercare di diagnosticare il Parkinson quando questa non ha ancora coinvolto i sistemi motori. Il test olfattivo specifico, come spiega il dottore Maremmani \u00e8 &#8220;semplice, non invasivo, <mark>della durata di circa dieci minuti ed effettuato in Asl o dal proprio medico di famiglia, combinato ad un tampone nasale da effettuare successivamente all\u2019ospedale Apuane di Massa&#8221;.<\/mark><\/p>\n<p>Da queste analisi, si spiega, &#8220;\u00e8 possibile svelare alterazioni collegate alla neurodegenerazione molto tempo prima della comparsa dei disturbi del movimento. In questo modo, si pu\u00f2 guadagnare molto tempo per cercare di evitare o di rimandare il pi\u00f9 possibile in avanti nel tempo la comparsa dei <strong>sintomi<\/strong> motori della malattia\u201d.<\/p>\n<p>Lo\u00a0studio Arianna \u00e8\u00a0\u00a0rivolto a <mark>persone in buona salute con olfatto normale o con riduzione dell\u2019olfatto di et\u00e0 compresa tra 45 e 75 anni &#8211; tra cui anche i familiari dei malati di Parkinson &#8211; che vogliano partecipare.<\/mark> Per farlo, \u00e8 sufficiente contattare la segreteria dello studio Arianna al numero 376 19 58 033 oppure inviare una mail all\u2019indirizzo <span id=\"cloakeb23c31b114651909e26350c44dcdd96\"><a href=\"mailto:noa@studioarianna.eu\">noa@studioarianna.eu<\/a><\/span>. \u00c8 anche possibile iscriversi chiedendo al proprio medico di famiglia.<\/p>\n<p>La presentazione ufficiale \u00e8 in programma sabato 26 ottobre, alle ore 9,\u00a0 all\u2019ospedale Apuane.<\/p>\n","protected":false},"excerpt":{"rendered":"<p>Parte il reclutamento di cittadini disponibili a partecipare allo studio dell&#8217;Usl Toscana nord ovest: ecco come aderire. L&#8217;obiettivo \u00e8 individuare la malattia prima che si manifestino i sintomi<\/p>\n","protected":false},"author":525,"featured_media":73843,"comment_status":"open","ping_status":"open","sticky":false,"template":"","format":"standard","meta":{"_acf_changed":false,"footnotes":""},"categories":[18],"tags":[4524,349],"class_list":["post-361235","post","type-post","status-publish","format-standard","has-post-thumbnail","hentry","category-salute","tag-parkinson","tag-sanita"],"acf":[],"yoast_head":"<!-- This site is optimized with the Yoast SEO Premium plugin v24.2 (Yoast SEO v25.6) - https:\/\/yoast.com\/wordpress\/plugins\/seo\/ -->\n<title>La diagnosi precoce del Parkinson con un test olfattivo: al via la sperimentazione - intoscana<\/title>\n<meta name=\"description\" content=\"Parte il reclutamento di cittadini disponibili a partecipare allo studio dell&#039;Usl Toscana nord ovest: ecco come aderire. L&#039;obiettivo \u00e8 individuare la malattia prima che si manifestino i sintomi\" \/>\n<meta name=\"robots\" content=\"index, follow, max-snippet:-1, max-image-preview:large, max-video-preview:-1\" \/>\n<link rel=\"canonical\" href=\"https:\/\/www.intoscana.it\/it\/la-diagnosi-precoce-del-parkinson-con-un-test-olfattivo-al-via-la-sperimentazione\/\" \/>\n<meta property=\"og:locale\" content=\"it_IT\" \/>\n<meta property=\"og:type\" content=\"article\" \/>\n<meta property=\"og:title\" content=\"La diagnosi precoce del Parkinson con un test olfattivo: al via la sperimentazione\" \/>\n<meta property=\"og:description\" content=\"Parte il reclutamento di cittadini disponibili a partecipare allo studio dell&#039;Usl Toscana nord ovest: ecco come aderire. L&#039;obiettivo \u00e8 individuare la malattia prima che si manifestino i sintomi\" \/>\n<meta property=\"og:url\" content=\"https:\/\/www.intoscana.it\/it\/la-diagnosi-precoce-del-parkinson-con-un-test-olfattivo-al-via-la-sperimentazione\/\" \/>\n<meta property=\"og:site_name\" content=\"intoscana\" \/>\n<meta property=\"article:publisher\" content=\"https:\/\/www.facebook.com\/intoscana.it\" \/>\n<meta property=\"article:published_time\" content=\"2024-10-21T13:11:48+00:00\" \/>\n<meta property=\"article:modified_time\" content=\"2024-10-21T13:19:09+00:00\" \/>\n<meta property=\"og:image\" content=\"https:\/\/www.intoscana.it\/wp-content\/uploads\/Parkinson-dobbiamo-riconoscere-i-sintomi-precoci.jpg\" \/>\n\t<meta property=\"og:image:width\" content=\"792\" \/>\n\t<meta property=\"og:image:height\" content=\"417\" \/>\n\t<meta property=\"og:image:type\" content=\"image\/jpeg\" \/>\n<meta name=\"author\" content=\"Redazione\" \/>\n<meta name=\"twitter:card\" content=\"summary_large_image\" \/>\n<meta name=\"twitter:creator\" content=\"@intoscana\" \/>\n<meta name=\"twitter:site\" content=\"@intoscana\" \/>\n<meta name=\"twitter:label1\" content=\"Written by\" \/>\n\t<meta name=\"twitter:data1\" content=\"Redazione\" \/>\n\t<meta name=\"twitter:label2\" content=\"Est. reading time\" \/>\n\t<meta name=\"twitter:data2\" content=\"4 minuti\" \/>\n<script type=\"application\/ld+json\" class=\"yoast-schema-graph\">{\"@context\":\"https:\/\/schema.org\",\"@graph\":[{\"@type\":\"WebPage\",\"@id\":\"https:\/\/www.intoscana.it\/it\/la-diagnosi-precoce-del-parkinson-con-un-test-olfattivo-al-via-la-sperimentazione\/\",\"url\":\"https:\/\/www.intoscana.it\/it\/la-diagnosi-precoce-del-parkinson-con-un-test-olfattivo-al-via-la-sperimentazione\/\",\"name\":\"La diagnosi precoce del Parkinson con un test olfattivo: al via la sperimentazione - intoscana\",\"isPartOf\":{\"@id\":\"https:\/\/www.intoscana.it\/it\/#website\"},\"primaryImageOfPage\":{\"@id\":\"https:\/\/www.intoscana.it\/it\/la-diagnosi-precoce-del-parkinson-con-un-test-olfattivo-al-via-la-sperimentazione\/#primaryimage\"},\"image\":{\"@id\":\"https:\/\/www.intoscana.it\/it\/la-diagnosi-precoce-del-parkinson-con-un-test-olfattivo-al-via-la-sperimentazione\/#primaryimage\"},\"thumbnailUrl\":\"https:\/\/www.intoscana.it\/wp-content\/uploads\/Parkinson-dobbiamo-riconoscere-i-sintomi-precoci.jpg\",\"datePublished\":\"2024-10-21T13:11:48+00:00\",\"dateModified\":\"2024-10-21T13:19:09+00:00\",\"author\":{\"@id\":\"https:\/\/www.intoscana.it\/it\/#\/schema\/person\/9223810753230f20bd670fdd322661f8\"},\"description\":\"Parte il reclutamento di cittadini disponibili a partecipare allo studio dell'Usl Toscana nord ovest: ecco come aderire. L'obiettivo \u00e8 individuare la malattia prima che si manifestino i sintomi\",\"breadcrumb\":{\"@id\":\"https:\/\/www.intoscana.it\/it\/la-diagnosi-precoce-del-parkinson-con-un-test-olfattivo-al-via-la-sperimentazione\/#breadcrumb\"},\"inLanguage\":\"it-IT\",\"potentialAction\":[{\"@type\":\"ReadAction\",\"target\":[\"https:\/\/www.intoscana.it\/it\/la-diagnosi-precoce-del-parkinson-con-un-test-olfattivo-al-via-la-sperimentazione\/\"]}]},{\"@type\":\"ImageObject\",\"inLanguage\":\"it-IT\",\"@id\":\"https:\/\/www.intoscana.it\/it\/la-diagnosi-precoce-del-parkinson-con-un-test-olfattivo-al-via-la-sperimentazione\/#primaryimage\",\"url\":\"https:\/\/www.intoscana.it\/wp-content\/uploads\/Parkinson-dobbiamo-riconoscere-i-sintomi-precoci.jpg\",\"contentUrl\":\"https:\/\/www.intoscana.it\/wp-content\/uploads\/Parkinson-dobbiamo-riconoscere-i-sintomi-precoci.jpg\",\"width\":792,\"height\":417},{\"@type\":\"BreadcrumbList\",\"@id\":\"https:\/\/www.intoscana.it\/it\/la-diagnosi-precoce-del-parkinson-con-un-test-olfattivo-al-via-la-sperimentazione\/#breadcrumb\",\"itemListElement\":[{\"@type\":\"ListItem\",\"position\":1,\"name\":\"Home\",\"item\":\"https:\/\/www.intoscana.it\/it\/\"},{\"@type\":\"ListItem\",\"position\":2,\"name\":\"La diagnosi precoce del Parkinson con un test olfattivo: al via la sperimentazione\"}]},{\"@type\":\"WebSite\",\"@id\":\"https:\/\/www.intoscana.it\/it\/#website\",\"url\":\"https:\/\/www.intoscana.it\/it\/\",\"name\":\"intoscana\",\"description\":\"\",\"potentialAction\":[{\"@type\":\"SearchAction\",\"target\":{\"@type\":\"EntryPoint\",\"urlTemplate\":\"https:\/\/www.intoscana.it\/it\/?s={search_term_string}\"},\"query-input\":{\"@type\":\"PropertyValueSpecification\",\"valueRequired\":true,\"valueName\":\"search_term_string\"}}],\"inLanguage\":\"it-IT\"},{\"@type\":\"Person\",\"@id\":\"https:\/\/www.intoscana.it\/it\/#\/schema\/person\/9223810753230f20bd670fdd322661f8\",\"name\":\"Redazione\",\"url\":\"https:\/\/www.intoscana.it\/it\/author\/redazione\/\"}]}<\/script>\n<!-- \/ Yoast SEO Premium plugin. -->","yoast_head_json":{"title":"La diagnosi precoce del Parkinson con un test olfattivo: al via la sperimentazione - intoscana","description":"Parte il reclutamento di cittadini disponibili a partecipare allo studio dell'Usl Toscana nord ovest: ecco come aderire. L'obiettivo \u00e8 individuare la malattia prima che si manifestino i sintomi","robots":{"index":"index","follow":"follow","max-snippet":"max-snippet:-1","max-image-preview":"max-image-preview:large","max-video-preview":"max-video-preview:-1"},"canonical":"https:\/\/www.intoscana.it\/it\/la-diagnosi-precoce-del-parkinson-con-un-test-olfattivo-al-via-la-sperimentazione\/","og_locale":"it_IT","og_type":"article","og_title":"La diagnosi precoce del Parkinson con un test olfattivo: al via la sperimentazione","og_description":"Parte il reclutamento di cittadini disponibili a partecipare allo studio dell'Usl Toscana nord ovest: ecco come aderire. L'obiettivo \u00e8 individuare la malattia prima che si manifestino i sintomi","og_url":"https:\/\/www.intoscana.it\/it\/la-diagnosi-precoce-del-parkinson-con-un-test-olfattivo-al-via-la-sperimentazione\/","og_site_name":"intoscana","article_publisher":"https:\/\/www.facebook.com\/intoscana.it","article_published_time":"2024-10-21T13:11:48+00:00","article_modified_time":"2024-10-21T13:19:09+00:00","og_image":[{"width":792,"height":417,"url":"https:\/\/www.intoscana.it\/wp-content\/uploads\/Parkinson-dobbiamo-riconoscere-i-sintomi-precoci.jpg","type":"image\/jpeg"}],"author":"Redazione","twitter_card":"summary_large_image","twitter_creator":"@intoscana","twitter_site":"@intoscana","twitter_misc":{"Written by":"Redazione","Est. reading time":"4 minuti"},"schema":{"@context":"https:\/\/schema.org","@graph":[{"@type":"WebPage","@id":"https:\/\/www.intoscana.it\/it\/la-diagnosi-precoce-del-parkinson-con-un-test-olfattivo-al-via-la-sperimentazione\/","url":"https:\/\/www.intoscana.it\/it\/la-diagnosi-precoce-del-parkinson-con-un-test-olfattivo-al-via-la-sperimentazione\/","name":"La diagnosi precoce del Parkinson con un test olfattivo: al via la sperimentazione - intoscana","isPartOf":{"@id":"https:\/\/www.intoscana.it\/it\/#website"},"primaryImageOfPage":{"@id":"https:\/\/www.intoscana.it\/it\/la-diagnosi-precoce-del-parkinson-con-un-test-olfattivo-al-via-la-sperimentazione\/#primaryimage"},"image":{"@id":"https:\/\/www.intoscana.it\/it\/la-diagnosi-precoce-del-parkinson-con-un-test-olfattivo-al-via-la-sperimentazione\/#primaryimage"},"thumbnailUrl":"https:\/\/www.intoscana.it\/wp-content\/uploads\/Parkinson-dobbiamo-riconoscere-i-sintomi-precoci.jpg","datePublished":"2024-10-21T13:11:48+00:00","dateModified":"2024-10-21T13:19:09+00:00","author":{"@id":"https:\/\/www.intoscana.it\/it\/#\/schema\/person\/9223810753230f20bd670fdd322661f8"},"description":"Parte il reclutamento di cittadini disponibili a partecipare allo studio dell'Usl Toscana nord ovest: ecco come aderire. L'obiettivo \u00e8 individuare la malattia prima che si manifestino i sintomi","breadcrumb":{"@id":"https:\/\/www.intoscana.it\/it\/la-diagnosi-precoce-del-parkinson-con-un-test-olfattivo-al-via-la-sperimentazione\/#breadcrumb"},"inLanguage":"it-IT","potentialAction":[{"@type":"ReadAction","target":["https:\/\/www.intoscana.it\/it\/la-diagnosi-precoce-del-parkinson-con-un-test-olfattivo-al-via-la-sperimentazione\/"]}]},{"@type":"ImageObject","inLanguage":"it-IT","@id":"https:\/\/www.intoscana.it\/it\/la-diagnosi-precoce-del-parkinson-con-un-test-olfattivo-al-via-la-sperimentazione\/#primaryimage","url":"https:\/\/www.intoscana.it\/wp-content\/uploads\/Parkinson-dobbiamo-riconoscere-i-sintomi-precoci.jpg","contentUrl":"https:\/\/www.intoscana.it\/wp-content\/uploads\/Parkinson-dobbiamo-riconoscere-i-sintomi-precoci.jpg","width":792,"height":417},{"@type":"BreadcrumbList","@id":"https:\/\/www.intoscana.it\/it\/la-diagnosi-precoce-del-parkinson-con-un-test-olfattivo-al-via-la-sperimentazione\/#breadcrumb","itemListElement":[{"@type":"ListItem","position":1,"name":"Home","item":"https:\/\/www.intoscana.it\/it\/"},{"@type":"ListItem","position":2,"name":"La diagnosi precoce del Parkinson con un test olfattivo: al via la sperimentazione"}]},{"@type":"WebSite","@id":"https:\/\/www.intoscana.it\/it\/#website","url":"https:\/\/www.intoscana.it\/it\/","name":"intoscana","description":"","potentialAction":[{"@type":"SearchAction","target":{"@type":"EntryPoint","urlTemplate":"https:\/\/www.intoscana.it\/it\/?s={search_term_string}"},"query-input":{"@type":"PropertyValueSpecification","valueRequired":true,"valueName":"search_term_string"}}],"inLanguage":"it-IT"},{"@type":"Person","@id":"https:\/\/www.intoscana.it\/it\/#\/schema\/person\/9223810753230f20bd670fdd322661f8","name":"Redazione","url":"https:\/\/www.intoscana.it\/it\/author\/redazione\/"}]}},"_links":{"self":[{"href":"https:\/\/www.intoscana.it\/it\/wp-json\/wp\/v2\/posts\/361235","targetHints":{"allow":["GET"]}}],"collection":[{"href":"https:\/\/www.intoscana.it\/it\/wp-json\/wp\/v2\/posts"}],"about":[{"href":"https:\/\/www.intoscana.it\/it\/wp-json\/wp\/v2\/types\/post"}],"author":[{"embeddable":true,"href":"https:\/\/www.intoscana.it\/it\/wp-json\/wp\/v2\/users\/525"}],"replies":[{"embeddable":true,"href":"https:\/\/www.intoscana.it\/it\/wp-json\/wp\/v2\/comments?post=361235"}],"version-history":[{"count":11,"href":"https:\/\/www.intoscana.it\/it\/wp-json\/wp\/v2\/posts\/361235\/revisions"}],"predecessor-version":[{"id":361282,"href":"https:\/\/www.intoscana.it\/it\/wp-json\/wp\/v2\/posts\/361235\/revisions\/361282"}],"wp:featuredmedia":[{"embeddable":true,"href":"https:\/\/www.intoscana.it\/it\/wp-json\/wp\/v2\/media\/73843"}],"wp:attachment":[{"href":"https:\/\/www.intoscana.it\/it\/wp-json\/wp\/v2\/media?parent=361235"}],"wp:term":[{"taxonomy":"category","embeddable":true,"href":"https:\/\/www.intoscana.it\/it\/wp-json\/wp\/v2\/categories?post=361235"},{"taxonomy":"post_tag","embeddable":true,"href":"https:\/\/www.intoscana.it\/it\/wp-json\/wp\/v2\/tags?post=361235"}],"curies":[{"name":"wp","href":"https:\/\/api.w.org\/{rel}","templated":true}]}}