{"id":361319,"date":"2024-10-21T16:57:49","date_gmt":"2024-10-21T14:57:49","guid":{"rendered":"https:\/\/www.intoscana.it\/it\/?p=361319"},"modified":"2024-10-21T17:03:56","modified_gmt":"2024-10-21T15:03:56","slug":"gucci-sceglie-firenze-per-presentare-la-sua-nuova-collezione-celebriamo-il-legame-con-la-citta","status":"publish","type":"post","link":"https:\/\/www.intoscana.it\/it\/gucci-sceglie-firenze-per-presentare-la-sua-nuova-collezione-celebriamo-il-legame-con-la-citta\/","title":{"rendered":"Gucci sceglie Firenze per presentare la sua nuova collezione: &#8220;Celebriamo il legame con la citt\u00e0&#8221;"},"content":{"rendered":"<p>Un ritorno a casa per la maison della moda simbolo del lusso: <strong>Gucci<\/strong> sfiler\u00e0 a Firenze, per presentare la sua ultima collezione cruise 2026, <mark>il prossimo 15 maggio. Il luogo \u00e8 ancora top secret e sar\u00e0 annunciato solo in seguito.<\/mark><\/p>\n<p>A scegliere il capoluogo toscano \u00e8 stato l&#8217;acclamato direttore creativo, <strong>Sabato De Sarno<\/strong>, che ha lanciato cos\u00ec un altro chiaro segnale sulla sua idea di moda, elegante e ancorata alle proprie radici.<\/p>\n<figure id=\"post-269438 media-269438\" class=\"align-none\"><img decoding=\"async\" src=\"https:\/\/www.intoscana.it\/wp-content\/uploads\/sabato-desarno.jpg\" alt=\"\" \/><\/figure>\n<div class=\"titleimg\">Sabato De Sarno, il nuovo direttore creativo di Gucci &#8211; \u00a9 Gucci<\/div>\n<p>L&#8217;idea \u00e8 di ripercorrere il viaggio creativo di <strong>Guccio Gucci<\/strong>, che da Londra torn\u00f2 a Firenze nel 1921 per aprire il negozio di pelletteria da cui tutto ebbe inizio. E cos\u00ec, De Sarno, <a href=\"https:\/\/www.intoscana.it\/it\/gucci-londra-cruise-2025\/\" target=\"_blank\" rel=\"noopener\">dopo aver presentato a maggio la sua prima collezione cruise nella capitale britannica<\/a>, sceglie il capoluogo toscano per mostrare le sue creazioni.<\/p>\n<p>\u00abLa sfilata &#8211; spiega una nota diffusa\u00a0 dalla maison &#8211; celebrer\u00e0 il legame indissolubile tra la maison e la citt\u00e0 di Firenze, culla dell&#8217;artigianato e della creativit\u00e0 italiana, <mark>riaffermando la visione contemporanea del direttore creativo Sabato De Sarno, profondamente radicata nell&#8217;heritage e nell&#8217;influenza senza tempo di Gucci&#8221;.<\/mark><\/p>\n<p>L&#8217;ultima volta di Gucci a Firenze \u00e8 stato <strong>il 29 maggio 2017<\/strong> a Palazzo Pitti, nella Galleria Palatina, in sette meravigliose sale affrescate: a quel tempo il direttore creativo era Alessandro Michele.<\/p>\n","protected":false},"excerpt":{"rendered":"<p>Il direttore creativo, Sabato De Sarno, ripercorre il viaggio di Guccio Gucci che da Londra ritorn\u00f2 nel capoluogo toscano per aprire il negozio di pelletteria da cui tutto inizi\u00f2: lo show sar\u00e0 il 15 maggio<\/p>\n","protected":false},"author":545,"featured_media":325465,"comment_status":"open","ping_status":"open","sticky":false,"template":"","format":"standard","meta":{"_acf_changed":false,"footnotes":""},"categories":[9],"tags":[202,415,189],"class_list":["post-361319","post","type-post","status-publish","format-standard","has-post-thumbnail","hentry","category-made-in-toscana","tag-firenze","tag-gucci","tag-moda"],"acf":[],"yoast_head":"<!-- This site is optimized with the Yoast SEO Premium plugin v24.2 (Yoast SEO v25.6) - https:\/\/yoast.com\/wordpress\/plugins\/seo\/ -->\n<title>Gucci sceglie Firenze per presentare la sua nuova collezione: &quot;Celebriamo il legame con la citt\u00e0&quot; - intoscana<\/title>\n<meta name=\"description\" content=\"Il direttore creativo, Sabato De Sarno, ripercorre il viaggio di Guccio Gucci che da Londra ritorn\u00f2 nel capoluogo toscano per aprire il negozio di pelletteria da cui tutto inizi\u00f2: lo show sar\u00e0 il 15 maggio\" \/>\n<meta name=\"robots\" content=\"index, follow, max-snippet:-1, max-image-preview:large, max-video-preview:-1\" \/>\n<link rel=\"canonical\" href=\"https:\/\/www.intoscana.it\/it\/gucci-sceglie-firenze-per-presentare-la-sua-nuova-collezione-celebriamo-il-legame-con-la-citta\/\" \/>\n<meta property=\"og:locale\" content=\"it_IT\" \/>\n<meta property=\"og:type\" content=\"article\" \/>\n<meta property=\"og:title\" content=\"Gucci sceglie Firenze per presentare la sua nuova collezione: &quot;Celebriamo il legame con la citt\u00e0&quot;\" \/>\n<meta property=\"og:description\" content=\"Il direttore creativo, Sabato De Sarno, ripercorre il viaggio di Guccio Gucci che da Londra ritorn\u00f2 nel capoluogo toscano per aprire il negozio di pelletteria da cui tutto inizi\u00f2: lo show sar\u00e0 il 15 maggio\" \/>\n<meta property=\"og:url\" content=\"https:\/\/www.intoscana.it\/it\/gucci-sceglie-firenze-per-presentare-la-sua-nuova-collezione-celebriamo-il-legame-con-la-citta\/\" \/>\n<meta property=\"og:site_name\" content=\"intoscana\" \/>\n<meta property=\"article:publisher\" content=\"https:\/\/www.facebook.com\/intoscana.it\" \/>\n<meta property=\"article:published_time\" content=\"2024-10-21T14:57:49+00:00\" \/>\n<meta property=\"article:modified_time\" content=\"2024-10-21T15:03:56+00:00\" \/>\n<meta property=\"og:image\" content=\"https:\/\/www.intoscana.it\/wp-content\/uploads\/gucci-sfilata.jpeg\" \/>\n\t<meta property=\"og:image:width\" content=\"774\" \/>\n\t<meta property=\"og:image:height\" content=\"516\" \/>\n\t<meta property=\"og:image:type\" content=\"image\/jpeg\" \/>\n<meta name=\"author\" content=\"Clara D&#039;Acunto\" \/>\n<meta name=\"twitter:card\" content=\"summary_large_image\" \/>\n<meta name=\"twitter:creator\" content=\"@intoscana\" \/>\n<meta name=\"twitter:site\" content=\"@intoscana\" \/>\n<meta name=\"twitter:label1\" content=\"Written by\" \/>\n\t<meta name=\"twitter:data1\" content=\"Clara D&#039;Acunto\" \/>\n\t<meta name=\"twitter:label2\" content=\"Est. reading time\" \/>\n\t<meta name=\"twitter:data2\" content=\"2 minuti\" \/>\n<script type=\"application\/ld+json\" class=\"yoast-schema-graph\">{\"@context\":\"https:\/\/schema.org\",\"@graph\":[{\"@type\":\"WebPage\",\"@id\":\"https:\/\/www.intoscana.it\/it\/gucci-sceglie-firenze-per-presentare-la-sua-nuova-collezione-celebriamo-il-legame-con-la-citta\/\",\"url\":\"https:\/\/www.intoscana.it\/it\/gucci-sceglie-firenze-per-presentare-la-sua-nuova-collezione-celebriamo-il-legame-con-la-citta\/\",\"name\":\"Gucci sceglie Firenze per presentare la sua nuova collezione: \\\"Celebriamo il legame con la citt\u00e0\\\" - intoscana\",\"isPartOf\":{\"@id\":\"https:\/\/www.intoscana.it\/it\/#website\"},\"primaryImageOfPage\":{\"@id\":\"https:\/\/www.intoscana.it\/it\/gucci-sceglie-firenze-per-presentare-la-sua-nuova-collezione-celebriamo-il-legame-con-la-citta\/#primaryimage\"},\"image\":{\"@id\":\"https:\/\/www.intoscana.it\/it\/gucci-sceglie-firenze-per-presentare-la-sua-nuova-collezione-celebriamo-il-legame-con-la-citta\/#primaryimage\"},\"thumbnailUrl\":\"https:\/\/www.intoscana.it\/wp-content\/uploads\/gucci-sfilata.jpeg\",\"datePublished\":\"2024-10-21T14:57:49+00:00\",\"dateModified\":\"2024-10-21T15:03:56+00:00\",\"author\":{\"@id\":\"https:\/\/www.intoscana.it\/it\/#\/schema\/person\/137419af9ef5d385bde52864a841e6ce\"},\"description\":\"Il direttore creativo, Sabato De Sarno, ripercorre il viaggio di Guccio Gucci che da Londra ritorn\u00f2 nel capoluogo toscano per aprire il negozio di pelletteria da cui tutto inizi\u00f2: lo show sar\u00e0 il 15 maggio\",\"breadcrumb\":{\"@id\":\"https:\/\/www.intoscana.it\/it\/gucci-sceglie-firenze-per-presentare-la-sua-nuova-collezione-celebriamo-il-legame-con-la-citta\/#breadcrumb\"},\"inLanguage\":\"it-IT\",\"potentialAction\":[{\"@type\":\"ReadAction\",\"target\":[\"https:\/\/www.intoscana.it\/it\/gucci-sceglie-firenze-per-presentare-la-sua-nuova-collezione-celebriamo-il-legame-con-la-citta\/\"]}]},{\"@type\":\"ImageObject\",\"inLanguage\":\"it-IT\",\"@id\":\"https:\/\/www.intoscana.it\/it\/gucci-sceglie-firenze-per-presentare-la-sua-nuova-collezione-celebriamo-il-legame-con-la-citta\/#primaryimage\",\"url\":\"https:\/\/www.intoscana.it\/wp-content\/uploads\/gucci-sfilata.jpeg\",\"contentUrl\":\"https:\/\/www.intoscana.it\/wp-content\/uploads\/gucci-sfilata.jpeg\",\"width\":774,\"height\":516},{\"@type\":\"BreadcrumbList\",\"@id\":\"https:\/\/www.intoscana.it\/it\/gucci-sceglie-firenze-per-presentare-la-sua-nuova-collezione-celebriamo-il-legame-con-la-citta\/#breadcrumb\",\"itemListElement\":[{\"@type\":\"ListItem\",\"position\":1,\"name\":\"Home\",\"item\":\"https:\/\/www.intoscana.it\/it\/\"},{\"@type\":\"ListItem\",\"position\":2,\"name\":\"Gucci sceglie Firenze per presentare la sua nuova collezione: &#8220;Celebriamo il legame con la citt\u00e0&#8221;\"}]},{\"@type\":\"WebSite\",\"@id\":\"https:\/\/www.intoscana.it\/it\/#website\",\"url\":\"https:\/\/www.intoscana.it\/it\/\",\"name\":\"intoscana\",\"description\":\"\",\"potentialAction\":[{\"@type\":\"SearchAction\",\"target\":{\"@type\":\"EntryPoint\",\"urlTemplate\":\"https:\/\/www.intoscana.it\/it\/?s={search_term_string}\"},\"query-input\":{\"@type\":\"PropertyValueSpecification\",\"valueRequired\":true,\"valueName\":\"search_term_string\"}}],\"inLanguage\":\"it-IT\"},{\"@type\":\"Person\",\"@id\":\"https:\/\/www.intoscana.it\/it\/#\/schema\/person\/137419af9ef5d385bde52864a841e6ce\",\"name\":\"Clara D'Acunto\",\"url\":\"https:\/\/www.intoscana.it\/it\/author\/clara-d_acunto\/\"}]}<\/script>\n<!-- \/ Yoast SEO Premium plugin. -->","yoast_head_json":{"title":"Gucci sceglie Firenze per presentare la sua nuova collezione: \"Celebriamo il legame con la citt\u00e0\" - intoscana","description":"Il direttore creativo, Sabato De Sarno, ripercorre il viaggio di Guccio Gucci che da Londra ritorn\u00f2 nel capoluogo toscano per aprire il negozio di pelletteria da cui tutto inizi\u00f2: lo show sar\u00e0 il 15 maggio","robots":{"index":"index","follow":"follow","max-snippet":"max-snippet:-1","max-image-preview":"max-image-preview:large","max-video-preview":"max-video-preview:-1"},"canonical":"https:\/\/www.intoscana.it\/it\/gucci-sceglie-firenze-per-presentare-la-sua-nuova-collezione-celebriamo-il-legame-con-la-citta\/","og_locale":"it_IT","og_type":"article","og_title":"Gucci sceglie Firenze per presentare la sua nuova collezione: \"Celebriamo il legame con la citt\u00e0\"","og_description":"Il direttore creativo, Sabato De Sarno, ripercorre il viaggio di Guccio Gucci che da Londra ritorn\u00f2 nel capoluogo toscano per aprire il negozio di pelletteria da cui tutto inizi\u00f2: lo show sar\u00e0 il 15 maggio","og_url":"https:\/\/www.intoscana.it\/it\/gucci-sceglie-firenze-per-presentare-la-sua-nuova-collezione-celebriamo-il-legame-con-la-citta\/","og_site_name":"intoscana","article_publisher":"https:\/\/www.facebook.com\/intoscana.it","article_published_time":"2024-10-21T14:57:49+00:00","article_modified_time":"2024-10-21T15:03:56+00:00","og_image":[{"width":774,"height":516,"url":"https:\/\/www.intoscana.it\/wp-content\/uploads\/gucci-sfilata.jpeg","type":"image\/jpeg"}],"author":"Clara D'Acunto","twitter_card":"summary_large_image","twitter_creator":"@intoscana","twitter_site":"@intoscana","twitter_misc":{"Written by":"Clara D'Acunto","Est. reading time":"2 minuti"},"schema":{"@context":"https:\/\/schema.org","@graph":[{"@type":"WebPage","@id":"https:\/\/www.intoscana.it\/it\/gucci-sceglie-firenze-per-presentare-la-sua-nuova-collezione-celebriamo-il-legame-con-la-citta\/","url":"https:\/\/www.intoscana.it\/it\/gucci-sceglie-firenze-per-presentare-la-sua-nuova-collezione-celebriamo-il-legame-con-la-citta\/","name":"Gucci sceglie Firenze per presentare la sua nuova collezione: \"Celebriamo il legame con la citt\u00e0\" - intoscana","isPartOf":{"@id":"https:\/\/www.intoscana.it\/it\/#website"},"primaryImageOfPage":{"@id":"https:\/\/www.intoscana.it\/it\/gucci-sceglie-firenze-per-presentare-la-sua-nuova-collezione-celebriamo-il-legame-con-la-citta\/#primaryimage"},"image":{"@id":"https:\/\/www.intoscana.it\/it\/gucci-sceglie-firenze-per-presentare-la-sua-nuova-collezione-celebriamo-il-legame-con-la-citta\/#primaryimage"},"thumbnailUrl":"https:\/\/www.intoscana.it\/wp-content\/uploads\/gucci-sfilata.jpeg","datePublished":"2024-10-21T14:57:49+00:00","dateModified":"2024-10-21T15:03:56+00:00","author":{"@id":"https:\/\/www.intoscana.it\/it\/#\/schema\/person\/137419af9ef5d385bde52864a841e6ce"},"description":"Il direttore creativo, Sabato De Sarno, ripercorre il viaggio di Guccio Gucci che da Londra ritorn\u00f2 nel capoluogo toscano per aprire il negozio di pelletteria da cui tutto inizi\u00f2: lo show sar\u00e0 il 15 maggio","breadcrumb":{"@id":"https:\/\/www.intoscana.it\/it\/gucci-sceglie-firenze-per-presentare-la-sua-nuova-collezione-celebriamo-il-legame-con-la-citta\/#breadcrumb"},"inLanguage":"it-IT","potentialAction":[{"@type":"ReadAction","target":["https:\/\/www.intoscana.it\/it\/gucci-sceglie-firenze-per-presentare-la-sua-nuova-collezione-celebriamo-il-legame-con-la-citta\/"]}]},{"@type":"ImageObject","inLanguage":"it-IT","@id":"https:\/\/www.intoscana.it\/it\/gucci-sceglie-firenze-per-presentare-la-sua-nuova-collezione-celebriamo-il-legame-con-la-citta\/#primaryimage","url":"https:\/\/www.intoscana.it\/wp-content\/uploads\/gucci-sfilata.jpeg","contentUrl":"https:\/\/www.intoscana.it\/wp-content\/uploads\/gucci-sfilata.jpeg","width":774,"height":516},{"@type":"BreadcrumbList","@id":"https:\/\/www.intoscana.it\/it\/gucci-sceglie-firenze-per-presentare-la-sua-nuova-collezione-celebriamo-il-legame-con-la-citta\/#breadcrumb","itemListElement":[{"@type":"ListItem","position":1,"name":"Home","item":"https:\/\/www.intoscana.it\/it\/"},{"@type":"ListItem","position":2,"name":"Gucci sceglie Firenze per presentare la sua nuova collezione: &#8220;Celebriamo il legame con la citt\u00e0&#8221;"}]},{"@type":"WebSite","@id":"https:\/\/www.intoscana.it\/it\/#website","url":"https:\/\/www.intoscana.it\/it\/","name":"intoscana","description":"","potentialAction":[{"@type":"SearchAction","target":{"@type":"EntryPoint","urlTemplate":"https:\/\/www.intoscana.it\/it\/?s={search_term_string}"},"query-input":{"@type":"PropertyValueSpecification","valueRequired":true,"valueName":"search_term_string"}}],"inLanguage":"it-IT"},{"@type":"Person","@id":"https:\/\/www.intoscana.it\/it\/#\/schema\/person\/137419af9ef5d385bde52864a841e6ce","name":"Clara D'Acunto","url":"https:\/\/www.intoscana.it\/it\/author\/clara-d_acunto\/"}]}},"_links":{"self":[{"href":"https:\/\/www.intoscana.it\/it\/wp-json\/wp\/v2\/posts\/361319","targetHints":{"allow":["GET"]}}],"collection":[{"href":"https:\/\/www.intoscana.it\/it\/wp-json\/wp\/v2\/posts"}],"about":[{"href":"https:\/\/www.intoscana.it\/it\/wp-json\/wp\/v2\/types\/post"}],"author":[{"embeddable":true,"href":"https:\/\/www.intoscana.it\/it\/wp-json\/wp\/v2\/users\/545"}],"replies":[{"embeddable":true,"href":"https:\/\/www.intoscana.it\/it\/wp-json\/wp\/v2\/comments?post=361319"}],"version-history":[{"count":9,"href":"https:\/\/www.intoscana.it\/it\/wp-json\/wp\/v2\/posts\/361319\/revisions"}],"predecessor-version":[{"id":361329,"href":"https:\/\/www.intoscana.it\/it\/wp-json\/wp\/v2\/posts\/361319\/revisions\/361329"}],"wp:featuredmedia":[{"embeddable":true,"href":"https:\/\/www.intoscana.it\/it\/wp-json\/wp\/v2\/media\/325465"}],"wp:attachment":[{"href":"https:\/\/www.intoscana.it\/it\/wp-json\/wp\/v2\/media?parent=361319"}],"wp:term":[{"taxonomy":"category","embeddable":true,"href":"https:\/\/www.intoscana.it\/it\/wp-json\/wp\/v2\/categories?post=361319"},{"taxonomy":"post_tag","embeddable":true,"href":"https:\/\/www.intoscana.it\/it\/wp-json\/wp\/v2\/tags?post=361319"}],"curies":[{"name":"wp","href":"https:\/\/api.w.org\/{rel}","templated":true}]}}