{"id":361494,"date":"2024-10-22T16:47:09","date_gmt":"2024-10-22T14:47:09","guid":{"rendered":"https:\/\/www.intoscana.it\/it\/?p=361494"},"modified":"2024-10-22T16:47:09","modified_gmt":"2024-10-22T14:47:09","slug":"il-cinema-per-linclusione-dei-disabili-mentali-apre-la-sede-della-poti-pictures-studios","status":"publish","type":"post","link":"https:\/\/www.intoscana.it\/it\/il-cinema-per-linclusione-dei-disabili-mentali-apre-la-sede-della-poti-pictures-studios\/","title":{"rendered":"Il cinema per l&#8217;inclusione dei disabili mentali: apre la sede della Poti Pictures Studios"},"content":{"rendered":"<h3>Il cinema per l&#8217;incusione dei disabili mentali e relazionali<\/h3>\n<p>Sono stati inaugurati lo scorso 12 ottobre, ad Arezzo (via dei Cappuccini 2), i <strong>Poti Pictures Studios: <\/strong>si\u00a0 tratta del primo polo cinematografico dedicato alla formazione e sperimentazione in campo cinematografico, per le persone con disabilit\u00e0 intellettive e relazionali. Promosso da\u00a0<strong>Poti Pictures<\/strong>, divisione cinematografica della<strong> Cooperativa Sociale Il Cenacolo<\/strong>,\u00a0e realizzato grazie al contributo di\u00a0<strong>IKEA Firenze<\/strong>, di <strong>FONDO DI BENEFICENZA INTESA SANPAOLO <\/strong>e di <strong>BANCA TEMA<\/strong>, i\u00a0<strong>Poti Pictures Studios<\/strong>\u00a0si pongono l\u2019obiettivo di ridefinire la visione della disabilit\u00e0 e dell\u2019inclusione sociale nel mondo del cinema, proseguendo l\u2019impegno della storica casa cinematografica aretina attiva da quasi venti anni.<\/p>\n<h3>Poti Pictures Studios, da progetto a realt\u00e0, ospitata ad Arezzo<\/h3>\n<p>I\u00a0<strong>Poti Pictures Studios<\/strong> sono un vero e proprio laboratorio di opportunit\u00e0 e sperimentazione, non meramente un luogo di formazione in senso tradizionale. Sono un luogo in cui la disabilit\u00e0 intellettiva e relazionale viene letta come prospettiva attraverso la quale abbattere pregiudizi, creare nuovi immaginari e raccontare storie. Questo progetto, che trova le sue radici nel territorio aretino e nella tradizione culturale toscana, si propone di mostrare come professionalit\u00e0 ed esperienza possano farsi strumento di emancipazione e sviluppo sociale.<\/p>\n<p>Il linguaggio audiovisivo viene utlizzato come veicolo di inclusione, superando le barriere imposte dalla disabilit\u00e0 e offrendo concrete opportunit\u00e0 di partecipazione sociale e professionale a persone spesso escluse da tali contesti. Attraverso la realizzazione di cortometraggi, videoclip e documentari, la <strong>Poti Pictures<\/strong> racconta storie, siano esse fantastiche o ispirate alla realt\u00e0, con uno stile unico e riconoscibile. Un approccio che trova la sua massima espressione anche nella <strong>Poti Pictures Academy<\/strong>, la scuola di cinema realizzata grazie al contributo di\u00a0<strong>Fondo di Beneficenza Intesa Sanpaolo,<\/strong> <strong>Comune di Arezzo<\/strong>,<strong> Consorzio Coob <\/strong>e <strong>Fondazione CR Firenze<\/strong>, dove l\u2019intero percorso formativo stimola nei partecipanti impegno, autostima e autoefficacia. Un metodo innovativo <strong>validato scientificamente<\/strong> dall\u2019<strong>Universit\u00e0 degli Studi di Siena<\/strong>.<\/p>\n<h3>Madrina della Poti Pictures Studios, l&#8217;attrice Claudia Gerini<\/h3>\n<p>A rappresentare, in veste di madrina speciale, la Poti Pictures Studios, una delle principali attrici del cinema italiano, Claudia Gerini, che ha affermato: \u201c<em>Sono particolarmente orgogliosa e felice per questo evento, molto rivoluzionario e importante: gli Studios della Poti Pictures, grazie al sogno di pochi ma alla generosit\u00e0 di tanti, diventa realt\u00e0. Gli Studios saranno un luogo di confronto e sperimentazione dove le disabilit\u00e0 intellettive e relazionali verranno messe in prospettiva per abbattere pregiudizi e nuovi immaginari, nuove storie. Un progetto bello, rivoluzionario, importantissimo\u201d.\u00a0<\/em><\/p>\n<h3>L&#8217;evento inaugurale della Poti Pictures Studios<\/h3>\n<p>L\u2019inaugurazione dello scorso 12 ottobre, alla quale hanno preso parte il Vice Sindaco di Arezzo, <strong>Lucia Tanti,<\/strong> Sua Eccellenza il Vescovo di Arezzo<strong> Monsignor Andrea Migliavacca<\/strong>, i partner di progetto <strong>Banca Tema<\/strong>, <strong>IKEA Firenze<\/strong>, l\u2019attore <strong>Giovanni Calcagno<\/strong>, il produttore <strong>Salvatore Lizzio<\/strong>, e gli <strong>attori<\/strong> della <strong>Poti Pictures<\/strong> dei <strong>Poti Pictures Studios.<\/strong> ha rappresentato un momento di grande condivisione con la cittadinanza un\u2019occasione per far conoscere da vicino un progetto ambizioso, che mira a cambiare la percezione della disabilit\u00e0 nel cinema, promuovendo un nuovo paradigma di integrazione e innovazione culturale. Nel corso dell&#8217;evento inaugurale, sono stati presentati anche gli studenti attualmente iscritti alla\u00a0<strong>Poti Pictures Academy<\/strong>, che nella primavera del prossimo anno realizzeranno un cortometraggio professionale. Questo progetto, che sar\u00e0 presentato in festival cinematografici ed eventi pubblici, metter\u00e0 in evidenza il potenziale creativo e le competenze tecniche sviluppate dalla collaborazione tra allievi e professionisti del settore. L\u2019obiettivo resta quello di promuovere un\u2019inclusione autentica e di alta qualit\u00e0, che rafforzi la consapevolezza delle capacit\u00e0 e delle potenzialit\u00e0 individuali.<\/p>\n<p><em>&#8220;La Poti Pictures &#8211; dichiara <strong>Massimo Paoletti<\/strong>, Presidente Cooperativa \u2018Il Cenacolo\u2019 &#8211; divisione cinematografica della cooperativa sociale Il Cenacolo, \u00e8 la prima casa di produzione cinematografica sociale al mondo. Questo laboratorio, nato oltre dieci anni fa, rappresenta un nuovo umanesimo culturale, basato sul presupposto che ogni persona ha una bellezza unica da raccontare e una visione originale del mondo. L\u2019ambizione \u00e8 di proporsi come modello a livello nazionale per lo sviluppo del binomio cinema-disabilit\u00e0, sfidando gli stereotipi esistenti e trasformando la percezione della societ\u00e0 nei confronti delle persone con disabilit\u00e0&#8221;.<\/em><\/p>\n<p><em>\u201cAlla soglia dei 20 anni di attivit\u00e0, siamo particolarmente felici ed emozionati per questo importante traguardo&#8221; &#8211; <\/em>ha aggiunto <strong>Daniele Bonarini<\/strong>, regista e ideatore della Poti Pictures.<em> &#8220;Gli Studios, a lungo immaginati e pensati nelle nostre fantasie, prendono finalmente vita. Ci siamo spesso interrogati su come potevamo continuare a dare spazio agli attori formati presso la Poti Pictures Academy, a come strutturare tutte le conoscenze e le relazioni che in questi anni abbiamo instaurato con il mondo del cinema e su come potevamo amplificare quel bisogno grande che c\u2019\u00e8 di dare voce e dignit\u00e0 alle persone con disabilit\u00e0 nel mondo della comunicazione mainstream. I Poti Pictures Studios, vogliono essere tutto questo e ringrazio quanti hanno creduto e sostenuto quella che, fino a poco tempo fa, sembrava essere l\u2019ennesima follia di pochi sognatori\u201d.<\/em><\/p>\n<p><strong>Lucia Tanti<\/strong>, Vice Sindaco del Comune di Arezzo, ha proseguito<em>: \u201cSiamo molto orgogliosi che il Comune di Arezzo fin dall\u2019inizio abbia sostenuto la sfida di dare vita ad una Academy che ha come obiettivo la formazione di persone con disabilit\u00e0 intellettiva nel settore cinematografico. Grazie alla Poti la citt\u00e0 di Arezzo \u00e8 la prima al mondo ad essere sede di una casa cinematografica sociale e polo formativo in questo settore. Questo dimostra una modalit\u00e0 nuova di approcciarsi alle diverse abilit\u00e0 lasciando da parte ogni atteggiamento buonista e assistenziale, valorizzando invece i talenti che ognuno di noi pu\u00f2 esprimere. La Poti quindi non \u00e8 soltanto una esperienza nell\u2019ambito delle diverse abilit\u00e0, ma \u00e8 proprio un paradigma nuovo di approccio e sensibilit\u00e0\u201d.<\/em><\/p>\n<figure id=\"post-361497 media-361497\" class=\"align-none\"><img loading=\"lazy\" decoding=\"async\" class=\"\" src=\"https:\/\/www.intoscana.it\/wp-content\/uploads\/1DUkRZ-w.jpeg\" alt=\"\" width=\"759\" height=\"569\" \/><\/figure>\n<div class=\"titleimg\">Poti Pictures Studios<\/div>\n<p>&nbsp;<\/p>\n<p>&nbsp;<\/p>\n","protected":false},"excerpt":{"rendered":"<p>Ospitata ad Arezzo, la nuova realt\u00e0 cinematografica ha una madrina speciale, l&#8217;attrice Claudia Gerini. Gli Studios utilizzano il linguaggio audiovisivo per superare le barriere imposte dalla disabilit\u00e0 e offrire opportunit\u00e0 di partecipazione a persone escluse dai contesti artistici e della comunicazione audiovisiva.<\/p>\n","protected":false},"author":492,"featured_media":361496,"comment_status":"open","ping_status":"open","sticky":false,"template":"","format":"standard","meta":{"_acf_changed":false,"footnotes":""},"categories":[493],"tags":[188,406],"class_list":["post-361494","post","type-post","status-publish","format-standard","has-post-thumbnail","hentry","category-cultura","tag-cinema","tag-disabilita"],"acf":[],"yoast_head":"<!-- This site is optimized with the Yoast SEO Premium plugin v24.2 (Yoast SEO v25.6) - https:\/\/yoast.com\/wordpress\/plugins\/seo\/ -->\n<title>Poti Pictures Studios - Intoscana.it<\/title>\n<meta name=\"description\" content=\"Aperta ad Arezzo la nuova sede della Poti Pictures Studios, realt\u00e0 che utilizza il cinema per superare le barriere di chi soffre di disabilit\u00e0 mentale e relazionale\" \/>\n<meta name=\"robots\" content=\"index, follow, max-snippet:-1, max-image-preview:large, max-video-preview:-1\" \/>\n<link rel=\"canonical\" href=\"https:\/\/www.intoscana.it\/it\/il-cinema-per-linclusione-dei-disabili-mentali-apre-la-sede-della-poti-pictures-studios\/\" \/>\n<meta property=\"og:locale\" content=\"it_IT\" \/>\n<meta property=\"og:type\" content=\"article\" \/>\n<meta property=\"og:title\" content=\"Il cinema per l&#039;inclusione dei disabili mentali: apre la sede della Poti Pictures Studios\" \/>\n<meta property=\"og:description\" content=\"Aperta ad Arezzo la nuova sede della Poti Pictures Studios, realt\u00e0 che utilizza il cinema per superare le barriere di chi soffre di disabilit\u00e0 mentale e relazionale\" \/>\n<meta property=\"og:url\" content=\"https:\/\/www.intoscana.it\/it\/il-cinema-per-linclusione-dei-disabili-mentali-apre-la-sede-della-poti-pictures-studios\/\" \/>\n<meta property=\"og:site_name\" content=\"intoscana\" \/>\n<meta property=\"article:publisher\" content=\"https:\/\/www.facebook.com\/intoscana.it\" \/>\n<meta property=\"article:published_time\" content=\"2024-10-22T14:47:09+00:00\" \/>\n<meta property=\"og:image\" content=\"https:\/\/www.intoscana.it\/wp-content\/uploads\/8aaCYtYw-scaled.jpeg\" \/>\n\t<meta property=\"og:image:width\" content=\"2048\" \/>\n\t<meta property=\"og:image:height\" content=\"1536\" \/>\n\t<meta property=\"og:image:type\" content=\"image\/jpeg\" \/>\n<meta name=\"author\" content=\"Elisabetta Vagaggini\" \/>\n<meta name=\"twitter:card\" content=\"summary_large_image\" \/>\n<meta name=\"twitter:creator\" content=\"@intoscana\" \/>\n<meta name=\"twitter:site\" content=\"@intoscana\" \/>\n<meta name=\"twitter:label1\" content=\"Written by\" \/>\n\t<meta name=\"twitter:data1\" content=\"Elisabetta Vagaggini\" \/>\n\t<meta name=\"twitter:label2\" content=\"Est. reading time\" \/>\n\t<meta name=\"twitter:data2\" content=\"6 minuti\" \/>\n<script type=\"application\/ld+json\" class=\"yoast-schema-graph\">{\"@context\":\"https:\/\/schema.org\",\"@graph\":[{\"@type\":\"WebPage\",\"@id\":\"https:\/\/www.intoscana.it\/it\/il-cinema-per-linclusione-dei-disabili-mentali-apre-la-sede-della-poti-pictures-studios\/\",\"url\":\"https:\/\/www.intoscana.it\/it\/il-cinema-per-linclusione-dei-disabili-mentali-apre-la-sede-della-poti-pictures-studios\/\",\"name\":\"Poti Pictures Studios - Intoscana.it\",\"isPartOf\":{\"@id\":\"https:\/\/www.intoscana.it\/it\/#website\"},\"primaryImageOfPage\":{\"@id\":\"https:\/\/www.intoscana.it\/it\/il-cinema-per-linclusione-dei-disabili-mentali-apre-la-sede-della-poti-pictures-studios\/#primaryimage\"},\"image\":{\"@id\":\"https:\/\/www.intoscana.it\/it\/il-cinema-per-linclusione-dei-disabili-mentali-apre-la-sede-della-poti-pictures-studios\/#primaryimage\"},\"thumbnailUrl\":\"https:\/\/www.intoscana.it\/wp-content\/uploads\/8aaCYtYw-scaled.jpeg\",\"datePublished\":\"2024-10-22T14:47:09+00:00\",\"author\":{\"@id\":\"https:\/\/www.intoscana.it\/it\/#\/schema\/person\/20956e1a83baf96027b69e776f754e43\"},\"description\":\"Aperta ad Arezzo la nuova sede della Poti Pictures Studios, realt\u00e0 che utilizza il cinema per superare le barriere di chi soffre di disabilit\u00e0 mentale e relazionale\",\"breadcrumb\":{\"@id\":\"https:\/\/www.intoscana.it\/it\/il-cinema-per-linclusione-dei-disabili-mentali-apre-la-sede-della-poti-pictures-studios\/#breadcrumb\"},\"inLanguage\":\"it-IT\",\"potentialAction\":[{\"@type\":\"ReadAction\",\"target\":[\"https:\/\/www.intoscana.it\/it\/il-cinema-per-linclusione-dei-disabili-mentali-apre-la-sede-della-poti-pictures-studios\/\"]}]},{\"@type\":\"ImageObject\",\"inLanguage\":\"it-IT\",\"@id\":\"https:\/\/www.intoscana.it\/it\/il-cinema-per-linclusione-dei-disabili-mentali-apre-la-sede-della-poti-pictures-studios\/#primaryimage\",\"url\":\"https:\/\/www.intoscana.it\/wp-content\/uploads\/8aaCYtYw-scaled.jpeg\",\"contentUrl\":\"https:\/\/www.intoscana.it\/wp-content\/uploads\/8aaCYtYw-scaled.jpeg\",\"width\":2048,\"height\":1536,\"caption\":\"Poti Pictures Studios\"},{\"@type\":\"BreadcrumbList\",\"@id\":\"https:\/\/www.intoscana.it\/it\/il-cinema-per-linclusione-dei-disabili-mentali-apre-la-sede-della-poti-pictures-studios\/#breadcrumb\",\"itemListElement\":[{\"@type\":\"ListItem\",\"position\":1,\"name\":\"Home\",\"item\":\"https:\/\/www.intoscana.it\/it\/\"},{\"@type\":\"ListItem\",\"position\":2,\"name\":\"Il cinema per l&#8217;inclusione dei disabili mentali: apre la sede della Poti Pictures Studios\"}]},{\"@type\":\"WebSite\",\"@id\":\"https:\/\/www.intoscana.it\/it\/#website\",\"url\":\"https:\/\/www.intoscana.it\/it\/\",\"name\":\"intoscana\",\"description\":\"\",\"potentialAction\":[{\"@type\":\"SearchAction\",\"target\":{\"@type\":\"EntryPoint\",\"urlTemplate\":\"https:\/\/www.intoscana.it\/it\/?s={search_term_string}\"},\"query-input\":{\"@type\":\"PropertyValueSpecification\",\"valueRequired\":true,\"valueName\":\"search_term_string\"}}],\"inLanguage\":\"it-IT\"},{\"@type\":\"Person\",\"@id\":\"https:\/\/www.intoscana.it\/it\/#\/schema\/person\/20956e1a83baf96027b69e776f754e43\",\"name\":\"Elisabetta Vagaggini\",\"url\":\"https:\/\/www.intoscana.it\/it\/author\/elisabetta-vagaggini\/\"}]}<\/script>\n<!-- \/ Yoast SEO Premium plugin. -->","yoast_head_json":{"title":"Poti Pictures Studios - Intoscana.it","description":"Aperta ad Arezzo la nuova sede della Poti Pictures Studios, realt\u00e0 che utilizza il cinema per superare le barriere di chi soffre di disabilit\u00e0 mentale e relazionale","robots":{"index":"index","follow":"follow","max-snippet":"max-snippet:-1","max-image-preview":"max-image-preview:large","max-video-preview":"max-video-preview:-1"},"canonical":"https:\/\/www.intoscana.it\/it\/il-cinema-per-linclusione-dei-disabili-mentali-apre-la-sede-della-poti-pictures-studios\/","og_locale":"it_IT","og_type":"article","og_title":"Il cinema per l'inclusione dei disabili mentali: apre la sede della Poti Pictures Studios","og_description":"Aperta ad Arezzo la nuova sede della Poti Pictures Studios, realt\u00e0 che utilizza il cinema per superare le barriere di chi soffre di disabilit\u00e0 mentale e relazionale","og_url":"https:\/\/www.intoscana.it\/it\/il-cinema-per-linclusione-dei-disabili-mentali-apre-la-sede-della-poti-pictures-studios\/","og_site_name":"intoscana","article_publisher":"https:\/\/www.facebook.com\/intoscana.it","article_published_time":"2024-10-22T14:47:09+00:00","og_image":[{"width":2048,"height":1536,"url":"https:\/\/www.intoscana.it\/wp-content\/uploads\/8aaCYtYw-scaled.jpeg","type":"image\/jpeg"}],"author":"Elisabetta Vagaggini","twitter_card":"summary_large_image","twitter_creator":"@intoscana","twitter_site":"@intoscana","twitter_misc":{"Written by":"Elisabetta Vagaggini","Est. reading time":"6 minuti"},"schema":{"@context":"https:\/\/schema.org","@graph":[{"@type":"WebPage","@id":"https:\/\/www.intoscana.it\/it\/il-cinema-per-linclusione-dei-disabili-mentali-apre-la-sede-della-poti-pictures-studios\/","url":"https:\/\/www.intoscana.it\/it\/il-cinema-per-linclusione-dei-disabili-mentali-apre-la-sede-della-poti-pictures-studios\/","name":"Poti Pictures Studios - Intoscana.it","isPartOf":{"@id":"https:\/\/www.intoscana.it\/it\/#website"},"primaryImageOfPage":{"@id":"https:\/\/www.intoscana.it\/it\/il-cinema-per-linclusione-dei-disabili-mentali-apre-la-sede-della-poti-pictures-studios\/#primaryimage"},"image":{"@id":"https:\/\/www.intoscana.it\/it\/il-cinema-per-linclusione-dei-disabili-mentali-apre-la-sede-della-poti-pictures-studios\/#primaryimage"},"thumbnailUrl":"https:\/\/www.intoscana.it\/wp-content\/uploads\/8aaCYtYw-scaled.jpeg","datePublished":"2024-10-22T14:47:09+00:00","author":{"@id":"https:\/\/www.intoscana.it\/it\/#\/schema\/person\/20956e1a83baf96027b69e776f754e43"},"description":"Aperta ad Arezzo la nuova sede della Poti Pictures Studios, realt\u00e0 che utilizza il cinema per superare le barriere di chi soffre di disabilit\u00e0 mentale e relazionale","breadcrumb":{"@id":"https:\/\/www.intoscana.it\/it\/il-cinema-per-linclusione-dei-disabili-mentali-apre-la-sede-della-poti-pictures-studios\/#breadcrumb"},"inLanguage":"it-IT","potentialAction":[{"@type":"ReadAction","target":["https:\/\/www.intoscana.it\/it\/il-cinema-per-linclusione-dei-disabili-mentali-apre-la-sede-della-poti-pictures-studios\/"]}]},{"@type":"ImageObject","inLanguage":"it-IT","@id":"https:\/\/www.intoscana.it\/it\/il-cinema-per-linclusione-dei-disabili-mentali-apre-la-sede-della-poti-pictures-studios\/#primaryimage","url":"https:\/\/www.intoscana.it\/wp-content\/uploads\/8aaCYtYw-scaled.jpeg","contentUrl":"https:\/\/www.intoscana.it\/wp-content\/uploads\/8aaCYtYw-scaled.jpeg","width":2048,"height":1536,"caption":"Poti Pictures Studios"},{"@type":"BreadcrumbList","@id":"https:\/\/www.intoscana.it\/it\/il-cinema-per-linclusione-dei-disabili-mentali-apre-la-sede-della-poti-pictures-studios\/#breadcrumb","itemListElement":[{"@type":"ListItem","position":1,"name":"Home","item":"https:\/\/www.intoscana.it\/it\/"},{"@type":"ListItem","position":2,"name":"Il cinema per l&#8217;inclusione dei disabili mentali: apre la sede della Poti Pictures Studios"}]},{"@type":"WebSite","@id":"https:\/\/www.intoscana.it\/it\/#website","url":"https:\/\/www.intoscana.it\/it\/","name":"intoscana","description":"","potentialAction":[{"@type":"SearchAction","target":{"@type":"EntryPoint","urlTemplate":"https:\/\/www.intoscana.it\/it\/?s={search_term_string}"},"query-input":{"@type":"PropertyValueSpecification","valueRequired":true,"valueName":"search_term_string"}}],"inLanguage":"it-IT"},{"@type":"Person","@id":"https:\/\/www.intoscana.it\/it\/#\/schema\/person\/20956e1a83baf96027b69e776f754e43","name":"Elisabetta Vagaggini","url":"https:\/\/www.intoscana.it\/it\/author\/elisabetta-vagaggini\/"}]}},"_links":{"self":[{"href":"https:\/\/www.intoscana.it\/it\/wp-json\/wp\/v2\/posts\/361494","targetHints":{"allow":["GET"]}}],"collection":[{"href":"https:\/\/www.intoscana.it\/it\/wp-json\/wp\/v2\/posts"}],"about":[{"href":"https:\/\/www.intoscana.it\/it\/wp-json\/wp\/v2\/types\/post"}],"author":[{"embeddable":true,"href":"https:\/\/www.intoscana.it\/it\/wp-json\/wp\/v2\/users\/492"}],"replies":[{"embeddable":true,"href":"https:\/\/www.intoscana.it\/it\/wp-json\/wp\/v2\/comments?post=361494"}],"version-history":[{"count":1,"href":"https:\/\/www.intoscana.it\/it\/wp-json\/wp\/v2\/posts\/361494\/revisions"}],"predecessor-version":[{"id":361498,"href":"https:\/\/www.intoscana.it\/it\/wp-json\/wp\/v2\/posts\/361494\/revisions\/361498"}],"wp:featuredmedia":[{"embeddable":true,"href":"https:\/\/www.intoscana.it\/it\/wp-json\/wp\/v2\/media\/361496"}],"wp:attachment":[{"href":"https:\/\/www.intoscana.it\/it\/wp-json\/wp\/v2\/media?parent=361494"}],"wp:term":[{"taxonomy":"category","embeddable":true,"href":"https:\/\/www.intoscana.it\/it\/wp-json\/wp\/v2\/categories?post=361494"},{"taxonomy":"post_tag","embeddable":true,"href":"https:\/\/www.intoscana.it\/it\/wp-json\/wp\/v2\/tags?post=361494"}],"curies":[{"name":"wp","href":"https:\/\/api.w.org\/{rel}","templated":true}]}}