{"id":361577,"date":"2024-10-23T11:39:42","date_gmt":"2024-10-23T09:39:42","guid":{"rendered":"https:\/\/www.intoscana.it\/it\/?p=361577"},"modified":"2024-10-23T14:20:20","modified_gmt":"2024-10-23T12:20:20","slug":"universita-firene-tumore-seno","status":"publish","type":"post","link":"https:\/\/www.intoscana.it\/it\/universita-firene-tumore-seno\/","title":{"rendered":"Lotta la tumore al seno, scende in campo anche l&#8217;Universit\u00e0 di Firenze: a Novoli due giornate di screening gratuite"},"content":{"rendered":"<p>La <strong>prevenzione<\/strong> \u00e8 un\u2019arma preziosa nella battaglia contro i tumori, soprattutto in quella contro i <mark>tumori al seno che, secondo i dati dell\u2019Istituto per lo Studio e la Prevenzione Oncologia, rappresenta la neoplasia pi\u00f9 frequente in Toscana tra le donne di tutte le et\u00e0 <\/mark>.<\/p>\n<p>Ottobre \u00e8\u00a0il mese dedicato alla prevenzione del tumore al seno e l\u2019<strong>Universit\u00e0 di Firenze<\/strong> ha deciso di aderire a <strong>Lilt for Women &#8211; campagna\u00a0Nastro\u00a0Rosa\u00a0della\u00a0Lega Italiana per la Lotta contro i Tumori\u00a0(Lilt)<\/strong> dedicata alla prevenzione del tumore alla mammella, organizzando una mattinata, quella di oggi, mercoled\u00ec 23 ottobre, di screening presso la biblioteca delle Scienze sociali in via delle Pandette, al polo di Novoli.<\/p>\n<p>Ambasciatrice dell\u2019impegno Unifi sar\u00e0 la rettrice\u00a0<strong>Alessandra\u00a0Petrucci:<\/strong> \u201cSottoporsi a controlli periodici \u00e8 fondamentale\u00a0\u2013 ha spiegato la rettrice &#8211; perch\u00e9 una diagnosi precoce permette di individuare un tumore in fase iniziale, quando pu\u00f2 essere trattato con maggiori probabilit\u00e0 di successo&#8221;.<\/p>\n<p>Un secondo appuntamento, sempre nella Biblioteca di Novoli, \u00e8 in programma\u00a0<strong>mercoled\u00ec 27 novembre.<\/strong> Le due iniziative rappresentano l\u2019inizio di una collaborazione pi\u00f9 ampia tra l\u2019Ateneo e Lilt Firenze.<\/p>\n<p>\u201cLa prevenzione \u2013 ha aggiunto \u00a0<strong>Alexander Peirano,<\/strong> presidente di Lilt Firenze &#8211; deve entrare nella cultura di tutti e nel comportamento quotidiano, a cominciare da quello dei giovani. Per questo come Lilt andiamo nelle scuole e nelle universit\u00e0, e per questo siamo felici che l\u2019Ateneo fiorentino aderisca a Lilt for Women &#8211; campagna\u00a0Nastro\u00a0Rosa. Da pi\u00f9 di 100 anni la nostra associazione rappresenta una sorta di azionariato popolare a difesa della buona sanit\u00e0: fare prevenzione tra le studentesse e gli studenti universitari \u00e8 un momento importante di questa sfida\u201d.<\/p>\n","protected":false},"excerpt":{"rendered":"<p>L&#8217;Universit\u00e0 di Firenze ha aderito a Lilt for Women, la campagna Nastro Rosa della Lega Italiana per la Lotta contro i Tumori (Lilt) con due iniziative che segnano l\u2019inizio di una collaborazione pi\u00f9 ampia tra l\u2019Ateneo e Lilt Firenze<\/p>\n","protected":false},"author":503,"featured_media":100351,"comment_status":"open","ping_status":"open","sticky":false,"template":"","format":"standard","meta":{"_acf_changed":false,"footnotes":""},"categories":[18],"tags":[411,4385,272,349,353],"class_list":["post-361577","post","type-post","status-publish","format-standard","has-post-thumbnail","hentry","category-salute","tag-donne","tag-prevenzione","tag-salute-e-benessere","tag-sanita","tag-universita-di-firenze"],"acf":[],"yoast_head":"<!-- This site is optimized with the Yoast SEO Premium plugin v24.2 (Yoast SEO v25.6) - https:\/\/yoast.com\/wordpress\/plugins\/seo\/ -->\n<title>Lotta la tumore al seno, scende in campo anche l&#039;Universit\u00e0 di Firenze: a Novoli due giornate di screening gratuite - intoscana<\/title>\n<meta name=\"description\" content=\"L&#039;Universit\u00e0 di Firenze ha aderito a Lilt for Women, la campagna Nastro Rosa della Lega Italiana per la Lotta contro i Tumori\" \/>\n<meta name=\"robots\" content=\"index, follow, max-snippet:-1, max-image-preview:large, max-video-preview:-1\" \/>\n<link rel=\"canonical\" href=\"https:\/\/www.intoscana.it\/it\/universita-firene-tumore-seno\/\" \/>\n<meta property=\"og:locale\" content=\"it_IT\" \/>\n<meta property=\"og:type\" content=\"article\" \/>\n<meta property=\"og:title\" content=\"Lotta la tumore al seno, scende in campo anche l&#039;Universit\u00e0 di Firenze: a Novoli due giornate di screening gratuite\" \/>\n<meta property=\"og:description\" content=\"L&#039;Universit\u00e0 di Firenze ha aderito a Lilt for Women, la campagna Nastro Rosa della Lega Italiana per la Lotta contro i Tumori\" \/>\n<meta property=\"og:url\" content=\"https:\/\/www.intoscana.it\/it\/universita-firene-tumore-seno\/\" \/>\n<meta property=\"og:site_name\" content=\"intoscana\" \/>\n<meta property=\"article:publisher\" content=\"https:\/\/www.facebook.com\/intoscana.it\" \/>\n<meta property=\"article:published_time\" content=\"2024-10-23T09:39:42+00:00\" \/>\n<meta property=\"article:modified_time\" content=\"2024-10-23T12:20:20+00:00\" \/>\n<meta property=\"og:image\" content=\"https:\/\/www.intoscana.it\/wp-content\/uploads\/tu-6.jpeg\" \/>\n\t<meta property=\"og:image:width\" content=\"440\" \/>\n\t<meta property=\"og:image:height\" content=\"293\" \/>\n\t<meta property=\"og:image:type\" content=\"image\/jpeg\" \/>\n<meta name=\"author\" content=\"Giulia Rafanelli\" \/>\n<meta name=\"twitter:card\" content=\"summary_large_image\" \/>\n<meta name=\"twitter:creator\" content=\"@intoscana\" \/>\n<meta name=\"twitter:site\" content=\"@intoscana\" \/>\n<meta name=\"twitter:label1\" content=\"Written by\" \/>\n\t<meta name=\"twitter:data1\" content=\"Giulia Rafanelli\" \/>\n\t<meta name=\"twitter:label2\" content=\"Est. reading time\" \/>\n\t<meta name=\"twitter:data2\" content=\"2 minuti\" \/>\n<script type=\"application\/ld+json\" class=\"yoast-schema-graph\">{\"@context\":\"https:\/\/schema.org\",\"@graph\":[{\"@type\":\"WebPage\",\"@id\":\"https:\/\/www.intoscana.it\/it\/universita-firene-tumore-seno\/\",\"url\":\"https:\/\/www.intoscana.it\/it\/universita-firene-tumore-seno\/\",\"name\":\"Lotta la tumore al seno, scende in campo anche l'Universit\u00e0 di Firenze: a Novoli due giornate di screening gratuite - intoscana\",\"isPartOf\":{\"@id\":\"https:\/\/www.intoscana.it\/it\/#website\"},\"primaryImageOfPage\":{\"@id\":\"https:\/\/www.intoscana.it\/it\/universita-firene-tumore-seno\/#primaryimage\"},\"image\":{\"@id\":\"https:\/\/www.intoscana.it\/it\/universita-firene-tumore-seno\/#primaryimage\"},\"thumbnailUrl\":\"https:\/\/www.intoscana.it\/wp-content\/uploads\/tu-6.jpeg\",\"datePublished\":\"2024-10-23T09:39:42+00:00\",\"dateModified\":\"2024-10-23T12:20:20+00:00\",\"author\":{\"@id\":\"https:\/\/www.intoscana.it\/it\/#\/schema\/person\/333569b367b301e30262defcea56c939\"},\"description\":\"L'Universit\u00e0 di Firenze ha aderito a Lilt for Women, la campagna Nastro Rosa della Lega Italiana per la Lotta contro i Tumori\",\"breadcrumb\":{\"@id\":\"https:\/\/www.intoscana.it\/it\/universita-firene-tumore-seno\/#breadcrumb\"},\"inLanguage\":\"it-IT\",\"potentialAction\":[{\"@type\":\"ReadAction\",\"target\":[\"https:\/\/www.intoscana.it\/it\/universita-firene-tumore-seno\/\"]}]},{\"@type\":\"ImageObject\",\"inLanguage\":\"it-IT\",\"@id\":\"https:\/\/www.intoscana.it\/it\/universita-firene-tumore-seno\/#primaryimage\",\"url\":\"https:\/\/www.intoscana.it\/wp-content\/uploads\/tu-6.jpeg\",\"contentUrl\":\"https:\/\/www.intoscana.it\/wp-content\/uploads\/tu-6.jpeg\",\"width\":440,\"height\":293,\"caption\":\"Tumore al seno\"},{\"@type\":\"BreadcrumbList\",\"@id\":\"https:\/\/www.intoscana.it\/it\/universita-firene-tumore-seno\/#breadcrumb\",\"itemListElement\":[{\"@type\":\"ListItem\",\"position\":1,\"name\":\"Home\",\"item\":\"https:\/\/www.intoscana.it\/it\/\"},{\"@type\":\"ListItem\",\"position\":2,\"name\":\"Lotta la tumore al seno, scende in campo anche l&#8217;Universit\u00e0 di Firenze: a Novoli due giornate di screening gratuite\"}]},{\"@type\":\"WebSite\",\"@id\":\"https:\/\/www.intoscana.it\/it\/#website\",\"url\":\"https:\/\/www.intoscana.it\/it\/\",\"name\":\"intoscana\",\"description\":\"\",\"potentialAction\":[{\"@type\":\"SearchAction\",\"target\":{\"@type\":\"EntryPoint\",\"urlTemplate\":\"https:\/\/www.intoscana.it\/it\/?s={search_term_string}\"},\"query-input\":{\"@type\":\"PropertyValueSpecification\",\"valueRequired\":true,\"valueName\":\"search_term_string\"}}],\"inLanguage\":\"it-IT\"},{\"@type\":\"Person\",\"@id\":\"https:\/\/www.intoscana.it\/it\/#\/schema\/person\/333569b367b301e30262defcea56c939\",\"name\":\"Giulia Rafanelli\",\"url\":\"https:\/\/www.intoscana.it\/it\/author\/giulia-rafanelli\/\"}]}<\/script>\n<!-- \/ Yoast SEO Premium plugin. -->","yoast_head_json":{"title":"Lotta la tumore al seno, scende in campo anche l'Universit\u00e0 di Firenze: a Novoli due giornate di screening gratuite - intoscana","description":"L'Universit\u00e0 di Firenze ha aderito a Lilt for Women, la campagna Nastro Rosa della Lega Italiana per la Lotta contro i Tumori","robots":{"index":"index","follow":"follow","max-snippet":"max-snippet:-1","max-image-preview":"max-image-preview:large","max-video-preview":"max-video-preview:-1"},"canonical":"https:\/\/www.intoscana.it\/it\/universita-firene-tumore-seno\/","og_locale":"it_IT","og_type":"article","og_title":"Lotta la tumore al seno, scende in campo anche l'Universit\u00e0 di Firenze: a Novoli due giornate di screening gratuite","og_description":"L'Universit\u00e0 di Firenze ha aderito a Lilt for Women, la campagna Nastro Rosa della Lega Italiana per la Lotta contro i Tumori","og_url":"https:\/\/www.intoscana.it\/it\/universita-firene-tumore-seno\/","og_site_name":"intoscana","article_publisher":"https:\/\/www.facebook.com\/intoscana.it","article_published_time":"2024-10-23T09:39:42+00:00","article_modified_time":"2024-10-23T12:20:20+00:00","og_image":[{"width":440,"height":293,"url":"https:\/\/www.intoscana.it\/wp-content\/uploads\/tu-6.jpeg","type":"image\/jpeg"}],"author":"Giulia Rafanelli","twitter_card":"summary_large_image","twitter_creator":"@intoscana","twitter_site":"@intoscana","twitter_misc":{"Written by":"Giulia Rafanelli","Est. reading time":"2 minuti"},"schema":{"@context":"https:\/\/schema.org","@graph":[{"@type":"WebPage","@id":"https:\/\/www.intoscana.it\/it\/universita-firene-tumore-seno\/","url":"https:\/\/www.intoscana.it\/it\/universita-firene-tumore-seno\/","name":"Lotta la tumore al seno, scende in campo anche l'Universit\u00e0 di Firenze: a Novoli due giornate di screening gratuite - intoscana","isPartOf":{"@id":"https:\/\/www.intoscana.it\/it\/#website"},"primaryImageOfPage":{"@id":"https:\/\/www.intoscana.it\/it\/universita-firene-tumore-seno\/#primaryimage"},"image":{"@id":"https:\/\/www.intoscana.it\/it\/universita-firene-tumore-seno\/#primaryimage"},"thumbnailUrl":"https:\/\/www.intoscana.it\/wp-content\/uploads\/tu-6.jpeg","datePublished":"2024-10-23T09:39:42+00:00","dateModified":"2024-10-23T12:20:20+00:00","author":{"@id":"https:\/\/www.intoscana.it\/it\/#\/schema\/person\/333569b367b301e30262defcea56c939"},"description":"L'Universit\u00e0 di Firenze ha aderito a Lilt for Women, la campagna Nastro Rosa della Lega Italiana per la Lotta contro i Tumori","breadcrumb":{"@id":"https:\/\/www.intoscana.it\/it\/universita-firene-tumore-seno\/#breadcrumb"},"inLanguage":"it-IT","potentialAction":[{"@type":"ReadAction","target":["https:\/\/www.intoscana.it\/it\/universita-firene-tumore-seno\/"]}]},{"@type":"ImageObject","inLanguage":"it-IT","@id":"https:\/\/www.intoscana.it\/it\/universita-firene-tumore-seno\/#primaryimage","url":"https:\/\/www.intoscana.it\/wp-content\/uploads\/tu-6.jpeg","contentUrl":"https:\/\/www.intoscana.it\/wp-content\/uploads\/tu-6.jpeg","width":440,"height":293,"caption":"Tumore al seno"},{"@type":"BreadcrumbList","@id":"https:\/\/www.intoscana.it\/it\/universita-firene-tumore-seno\/#breadcrumb","itemListElement":[{"@type":"ListItem","position":1,"name":"Home","item":"https:\/\/www.intoscana.it\/it\/"},{"@type":"ListItem","position":2,"name":"Lotta la tumore al seno, scende in campo anche l&#8217;Universit\u00e0 di Firenze: a Novoli due giornate di screening gratuite"}]},{"@type":"WebSite","@id":"https:\/\/www.intoscana.it\/it\/#website","url":"https:\/\/www.intoscana.it\/it\/","name":"intoscana","description":"","potentialAction":[{"@type":"SearchAction","target":{"@type":"EntryPoint","urlTemplate":"https:\/\/www.intoscana.it\/it\/?s={search_term_string}"},"query-input":{"@type":"PropertyValueSpecification","valueRequired":true,"valueName":"search_term_string"}}],"inLanguage":"it-IT"},{"@type":"Person","@id":"https:\/\/www.intoscana.it\/it\/#\/schema\/person\/333569b367b301e30262defcea56c939","name":"Giulia Rafanelli","url":"https:\/\/www.intoscana.it\/it\/author\/giulia-rafanelli\/"}]}},"_links":{"self":[{"href":"https:\/\/www.intoscana.it\/it\/wp-json\/wp\/v2\/posts\/361577","targetHints":{"allow":["GET"]}}],"collection":[{"href":"https:\/\/www.intoscana.it\/it\/wp-json\/wp\/v2\/posts"}],"about":[{"href":"https:\/\/www.intoscana.it\/it\/wp-json\/wp\/v2\/types\/post"}],"author":[{"embeddable":true,"href":"https:\/\/www.intoscana.it\/it\/wp-json\/wp\/v2\/users\/503"}],"replies":[{"embeddable":true,"href":"https:\/\/www.intoscana.it\/it\/wp-json\/wp\/v2\/comments?post=361577"}],"version-history":[{"count":2,"href":"https:\/\/www.intoscana.it\/it\/wp-json\/wp\/v2\/posts\/361577\/revisions"}],"predecessor-version":[{"id":361579,"href":"https:\/\/www.intoscana.it\/it\/wp-json\/wp\/v2\/posts\/361577\/revisions\/361579"}],"wp:featuredmedia":[{"embeddable":true,"href":"https:\/\/www.intoscana.it\/it\/wp-json\/wp\/v2\/media\/100351"}],"wp:attachment":[{"href":"https:\/\/www.intoscana.it\/it\/wp-json\/wp\/v2\/media?parent=361577"}],"wp:term":[{"taxonomy":"category","embeddable":true,"href":"https:\/\/www.intoscana.it\/it\/wp-json\/wp\/v2\/categories?post=361577"},{"taxonomy":"post_tag","embeddable":true,"href":"https:\/\/www.intoscana.it\/it\/wp-json\/wp\/v2\/tags?post=361577"}],"curies":[{"name":"wp","href":"https:\/\/api.w.org\/{rel}","templated":true}]}}