{"id":361653,"date":"2024-10-23T17:40:14","date_gmt":"2024-10-23T15:40:14","guid":{"rendered":"https:\/\/www.intoscana.it\/it\/?p=361653"},"modified":"2024-10-23T17:45:01","modified_gmt":"2024-10-23T15:45:01","slug":"consiglio-metropolitano-deleghe","status":"publish","type":"post","link":"https:\/\/www.intoscana.it\/it\/consiglio-metropolitano-deleghe\/","title":{"rendered":"Prima seduta del nuovo Consiglio Metropolitano: le deleghe e le linee programmatiche"},"content":{"rendered":"<p>Mettere <strong>la persona al centro<\/strong>, puntare sul <strong>digitale<\/strong> e sulla qualit\u00e0 dei <strong>servizi<\/strong>, <strong>pianificazione<\/strong> metropolitana per un\u2019ottima gestione dei fondi del Pnrr. Queste in estrema sintesi <strong>le linee programmatiche di mandato 2024-2029 per la Citt\u00e0 Metropolitana<\/strong> che Sara Funaro, sindaca di Firenze, ha presentato nella prima seduta del Consiglio Metropolitano, riunitosi oggi nella Sala Quattro Stagioni di Palazzo Medici Riccardi, e che tracciano il percorso futuro che aspetta i nuovi amministratori e indicano gli indirizzi, gli obiettivi e le azioni da realizzare con la Metrocitt\u00e0 nei prossimi cinque anni.<\/p>\n<h3>Dai trasporti all&#8217;inclusivit\u00e0: individuati 50 &#8220;progetti bandiera&#8221;<\/h3>\n<p>Sono stati individuati <mark>50 \u201cprogetti bandiera\u201d diffusi su tutto il territorio che punteranno proprio a ideare strategie comuni per migliorare il futuro di Firenze sfruttando le nuove tecnologie, erogando servizi efficienti e di qualit\u00e0, sempre ponendo l\u2019attenzione sui bisogni dei cittadini metropolitani <\/mark>.<\/p>\n<p>: &#8220;Prima di tutto le persone al centro dell\u2019azione amministrativa &#8211; ha dichiarato <strong>Sara Funaro<\/strong> &#8211; Punto di partenza per rilanciare i singoli territori \u00e8 guardare oltre alla dimensione locale, grazie alla collaborazione di tutti gli attori pubblici e privati coinvolti, per affermare una nuova Grande Firenze Metropolitana. Se le aree del nostro territorio hanno specificit\u00e0 diverse, esistono bisogni comuni a tutti i cittadini e le cittadine metropolitani che si intrecciano e si legano saldamente tra di loro: per i giovani pi\u00f9 futuro, per le famiglie pi\u00f9 servizi, per gli anziani pi\u00f9 supporto\u201d.<\/p>\n<p>Tra le <strong>priorit\u00e0<\/strong> individuate pi\u00f9 <strong>trasporti<\/strong> e<strong> meno traffico<\/strong>, migliori strade, pi\u00f9 verde e pi\u00f9 <strong>supporto ai cittadini fragili<\/strong> a partire dalle principali funzioni della Metrocitt\u00e0, individuate nell\u2019<strong>edilizia scolastica<\/strong>, nella viabilit\u00e0, nella mobilit\u00e0, ambiente e <strong>inclusivit\u00e0<\/strong>. Tutto ci\u00f2 grazie al lavoro in sinergia con le amministrazioni e i rappresentanti dei quarantuno Comuni del territorio, in un\u2019ottica di miglioramento e crescita, con al centro l\u2019attenzione ai bisogni dei cittadini<\/p>\n<h3>Le deleghe<\/h3>\n<p>La prima seduta \u00e8 stata anche l\u2019occasione per convalidare le deleghe alla squadra che l\u2019accompagner\u00e0 e l\u2019affiancher\u00e0 nella realizzazione del programma per la Citt\u00e0 Metropolitana<\/p>\n<p>La <strong>sindaca<\/strong> condurr\u00e0 Pianificazione Strategica Metropolitana, Relazioni Internazionali, Rapporti con le Istituzioni Europee, Istituzioni e Fondazioni Culturali<\/p>\n<p>Queste le altre deleghe:<\/p>\n<ul>\n<li>Alessio Mantellassi: Vice Sindaco Metropolitano, Bilancio, Personale, Innovazione e Digitalizzazione;<\/li>\n<li>Claudia Sereni: Cultura, Legalit\u00e0, Lavoro;<\/li>\n<li>David Baroncelli: Viabilit\u00e0 zona Chianti e Piana Fiorentina, Trasporto Pubblico Locale<\/li>\n<li>Emma Donnini: Edilizia Scolastica e Viabilit\u00e0 Empolese Valdelsa, FiPiLi, Polizia Locale Metropolitana;<\/li>\n<li>Sara Di Maio: Sviluppo Economico, Turismo, Rapporti con le Aree Interne, Viabilit\u00e0 Mugello e Valdarno Valdisieve;<\/li>\n<li>Massimo Fratini: Pianificazione Territoriale di Coordinamento, Protezione civile;<\/li>\n<li>Nicola Armentano: Promozione della Salute, Sport, Sociale, Societ\u00e0 Partecipate, Servizi Pubblici Locali, Patrimonio;<\/li>\n<li>Carlo Boni: Progetti Educativi, Memoria, Ambiente e Parchi, Agricoltura, Edilizia Scolastica Mugello e Valdarno Valdisieve;<\/li>\n<li>Michela Monaco: Pari Opportunit\u00e0 e Accessibilit\u00e0 universale;<\/li>\n<li>Beatrice Barbieri: Edilizia scolastica area fiorentina e programmazione della Rete Scolastica<\/li>\n<li>Alessandra Innocenti: Pums &#8211; Piano Urbano Mobilit\u00e0 Sostenibile, Ciclovie e Piste Ciclabili<\/li>\n<li>Diana Kapo: Formazione Professionale e Politiche Giovanili, Partecipazione e Beni comuni<\/li>\n<\/ul>\n<p>Circa la macchina amministrativa, Capo di Gabinetto \u00e8 Alfredo Esposito. Capo della Segreteria della Sindaca Metropolitana \u00e8 Alessia Bettini<\/p>\n","protected":false},"excerpt":{"rendered":"<p>Sara Funaro, in qualit\u00e0 di sindaca metropolitana, ha illustrato il percorso futuro che aspetta i nuovi amministratori e indicato gli indirizzi, gli obiettivi e le azioni da realizzare con la Metrocitt\u00e0 nei prossimi cinque anni<\/p>\n","protected":false},"author":503,"featured_media":361654,"comment_status":"open","ping_status":"open","sticky":false,"template":"","format":"standard","meta":{"_acf_changed":false,"footnotes":""},"categories":[494],"tags":[5858,4755,6762],"class_list":["post-361653","post","type-post","status-publish","format-standard","has-post-thumbnail","hentry","category-attualita","tag-citta-metropolitana-di-firenze","tag-istituzioni","tag-sara-funaro"],"acf":[],"yoast_head":"<!-- This site is optimized with the Yoast SEO Premium plugin v24.2 (Yoast SEO v25.6) - https:\/\/yoast.com\/wordpress\/plugins\/seo\/ -->\n<title>Prima seduta del nuovo Consiglio Metropolitano: le deleghe e le linee programmatiche - intoscana<\/title>\n<meta name=\"description\" content=\"Ecco quali saranno indirizzi, gli obiettivi e le azioni che la Metrocitt\u00e0 intende realizzare nei prossimi cinque anni\" \/>\n<meta name=\"robots\" content=\"index, follow, max-snippet:-1, max-image-preview:large, max-video-preview:-1\" \/>\n<link rel=\"canonical\" href=\"https:\/\/www.intoscana.it\/it\/consiglio-metropolitano-deleghe\/\" \/>\n<meta property=\"og:locale\" content=\"it_IT\" \/>\n<meta property=\"og:type\" content=\"article\" \/>\n<meta property=\"og:title\" content=\"Prima seduta del nuovo Consiglio Metropolitano: le deleghe e le linee programmatiche\" \/>\n<meta property=\"og:description\" content=\"Ecco quali saranno indirizzi, gli obiettivi e le azioni che la Metrocitt\u00e0 intende realizzare nei prossimi cinque anni\" \/>\n<meta property=\"og:url\" content=\"https:\/\/www.intoscana.it\/it\/consiglio-metropolitano-deleghe\/\" \/>\n<meta property=\"og:site_name\" content=\"intoscana\" \/>\n<meta property=\"article:publisher\" content=\"https:\/\/www.facebook.com\/intoscana.it\" \/>\n<meta property=\"article:published_time\" content=\"2024-10-23T15:40:14+00:00\" \/>\n<meta property=\"article:modified_time\" content=\"2024-10-23T15:45:01+00:00\" \/>\n<meta property=\"og:image\" content=\"https:\/\/www.intoscana.it\/wp-content\/uploads\/Eletti-consiglio-metropolitano.jpg\" \/>\n\t<meta property=\"og:image:width\" content=\"1800\" \/>\n\t<meta property=\"og:image:height\" content=\"1200\" \/>\n\t<meta property=\"og:image:type\" content=\"image\/jpeg\" \/>\n<meta name=\"author\" content=\"Giulia Rafanelli\" \/>\n<meta name=\"twitter:card\" content=\"summary_large_image\" \/>\n<meta name=\"twitter:creator\" content=\"@intoscana\" \/>\n<meta name=\"twitter:site\" content=\"@intoscana\" \/>\n<meta name=\"twitter:label1\" content=\"Written by\" \/>\n\t<meta name=\"twitter:data1\" content=\"Giulia Rafanelli\" \/>\n\t<meta name=\"twitter:label2\" content=\"Est. reading time\" \/>\n\t<meta name=\"twitter:data2\" content=\"3 minuti\" \/>\n<script type=\"application\/ld+json\" class=\"yoast-schema-graph\">{\"@context\":\"https:\/\/schema.org\",\"@graph\":[{\"@type\":\"WebPage\",\"@id\":\"https:\/\/www.intoscana.it\/it\/consiglio-metropolitano-deleghe\/\",\"url\":\"https:\/\/www.intoscana.it\/it\/consiglio-metropolitano-deleghe\/\",\"name\":\"Prima seduta del nuovo Consiglio Metropolitano: le deleghe e le linee programmatiche - intoscana\",\"isPartOf\":{\"@id\":\"https:\/\/www.intoscana.it\/it\/#website\"},\"primaryImageOfPage\":{\"@id\":\"https:\/\/www.intoscana.it\/it\/consiglio-metropolitano-deleghe\/#primaryimage\"},\"image\":{\"@id\":\"https:\/\/www.intoscana.it\/it\/consiglio-metropolitano-deleghe\/#primaryimage\"},\"thumbnailUrl\":\"https:\/\/www.intoscana.it\/wp-content\/uploads\/Eletti-consiglio-metropolitano.jpg\",\"datePublished\":\"2024-10-23T15:40:14+00:00\",\"dateModified\":\"2024-10-23T15:45:01+00:00\",\"author\":{\"@id\":\"https:\/\/www.intoscana.it\/it\/#\/schema\/person\/333569b367b301e30262defcea56c939\"},\"description\":\"Ecco quali saranno indirizzi, gli obiettivi e le azioni che la Metrocitt\u00e0 intende realizzare nei prossimi cinque anni\",\"breadcrumb\":{\"@id\":\"https:\/\/www.intoscana.it\/it\/consiglio-metropolitano-deleghe\/#breadcrumb\"},\"inLanguage\":\"it-IT\",\"potentialAction\":[{\"@type\":\"ReadAction\",\"target\":[\"https:\/\/www.intoscana.it\/it\/consiglio-metropolitano-deleghe\/\"]}]},{\"@type\":\"ImageObject\",\"inLanguage\":\"it-IT\",\"@id\":\"https:\/\/www.intoscana.it\/it\/consiglio-metropolitano-deleghe\/#primaryimage\",\"url\":\"https:\/\/www.intoscana.it\/wp-content\/uploads\/Eletti-consiglio-metropolitano.jpg\",\"contentUrl\":\"https:\/\/www.intoscana.it\/wp-content\/uploads\/Eletti-consiglio-metropolitano.jpg\",\"width\":1800,\"height\":1200,\"caption\":\"Eletti consiglio metropolitano\"},{\"@type\":\"BreadcrumbList\",\"@id\":\"https:\/\/www.intoscana.it\/it\/consiglio-metropolitano-deleghe\/#breadcrumb\",\"itemListElement\":[{\"@type\":\"ListItem\",\"position\":1,\"name\":\"Home\",\"item\":\"https:\/\/www.intoscana.it\/it\/\"},{\"@type\":\"ListItem\",\"position\":2,\"name\":\"Prima seduta del nuovo Consiglio Metropolitano: le deleghe e le linee programmatiche\"}]},{\"@type\":\"WebSite\",\"@id\":\"https:\/\/www.intoscana.it\/it\/#website\",\"url\":\"https:\/\/www.intoscana.it\/it\/\",\"name\":\"intoscana\",\"description\":\"\",\"potentialAction\":[{\"@type\":\"SearchAction\",\"target\":{\"@type\":\"EntryPoint\",\"urlTemplate\":\"https:\/\/www.intoscana.it\/it\/?s={search_term_string}\"},\"query-input\":{\"@type\":\"PropertyValueSpecification\",\"valueRequired\":true,\"valueName\":\"search_term_string\"}}],\"inLanguage\":\"it-IT\"},{\"@type\":\"Person\",\"@id\":\"https:\/\/www.intoscana.it\/it\/#\/schema\/person\/333569b367b301e30262defcea56c939\",\"name\":\"Giulia Rafanelli\",\"url\":\"https:\/\/www.intoscana.it\/it\/author\/giulia-rafanelli\/\"}]}<\/script>\n<!-- \/ Yoast SEO Premium plugin. -->","yoast_head_json":{"title":"Prima seduta del nuovo Consiglio Metropolitano: le deleghe e le linee programmatiche - intoscana","description":"Ecco quali saranno indirizzi, gli obiettivi e le azioni che la Metrocitt\u00e0 intende realizzare nei prossimi cinque anni","robots":{"index":"index","follow":"follow","max-snippet":"max-snippet:-1","max-image-preview":"max-image-preview:large","max-video-preview":"max-video-preview:-1"},"canonical":"https:\/\/www.intoscana.it\/it\/consiglio-metropolitano-deleghe\/","og_locale":"it_IT","og_type":"article","og_title":"Prima seduta del nuovo Consiglio Metropolitano: le deleghe e le linee programmatiche","og_description":"Ecco quali saranno indirizzi, gli obiettivi e le azioni che la Metrocitt\u00e0 intende realizzare nei prossimi cinque anni","og_url":"https:\/\/www.intoscana.it\/it\/consiglio-metropolitano-deleghe\/","og_site_name":"intoscana","article_publisher":"https:\/\/www.facebook.com\/intoscana.it","article_published_time":"2024-10-23T15:40:14+00:00","article_modified_time":"2024-10-23T15:45:01+00:00","og_image":[{"width":1800,"height":1200,"url":"https:\/\/www.intoscana.it\/wp-content\/uploads\/Eletti-consiglio-metropolitano.jpg","type":"image\/jpeg"}],"author":"Giulia Rafanelli","twitter_card":"summary_large_image","twitter_creator":"@intoscana","twitter_site":"@intoscana","twitter_misc":{"Written by":"Giulia Rafanelli","Est. reading time":"3 minuti"},"schema":{"@context":"https:\/\/schema.org","@graph":[{"@type":"WebPage","@id":"https:\/\/www.intoscana.it\/it\/consiglio-metropolitano-deleghe\/","url":"https:\/\/www.intoscana.it\/it\/consiglio-metropolitano-deleghe\/","name":"Prima seduta del nuovo Consiglio Metropolitano: le deleghe e le linee programmatiche - intoscana","isPartOf":{"@id":"https:\/\/www.intoscana.it\/it\/#website"},"primaryImageOfPage":{"@id":"https:\/\/www.intoscana.it\/it\/consiglio-metropolitano-deleghe\/#primaryimage"},"image":{"@id":"https:\/\/www.intoscana.it\/it\/consiglio-metropolitano-deleghe\/#primaryimage"},"thumbnailUrl":"https:\/\/www.intoscana.it\/wp-content\/uploads\/Eletti-consiglio-metropolitano.jpg","datePublished":"2024-10-23T15:40:14+00:00","dateModified":"2024-10-23T15:45:01+00:00","author":{"@id":"https:\/\/www.intoscana.it\/it\/#\/schema\/person\/333569b367b301e30262defcea56c939"},"description":"Ecco quali saranno indirizzi, gli obiettivi e le azioni che la Metrocitt\u00e0 intende realizzare nei prossimi cinque anni","breadcrumb":{"@id":"https:\/\/www.intoscana.it\/it\/consiglio-metropolitano-deleghe\/#breadcrumb"},"inLanguage":"it-IT","potentialAction":[{"@type":"ReadAction","target":["https:\/\/www.intoscana.it\/it\/consiglio-metropolitano-deleghe\/"]}]},{"@type":"ImageObject","inLanguage":"it-IT","@id":"https:\/\/www.intoscana.it\/it\/consiglio-metropolitano-deleghe\/#primaryimage","url":"https:\/\/www.intoscana.it\/wp-content\/uploads\/Eletti-consiglio-metropolitano.jpg","contentUrl":"https:\/\/www.intoscana.it\/wp-content\/uploads\/Eletti-consiglio-metropolitano.jpg","width":1800,"height":1200,"caption":"Eletti consiglio metropolitano"},{"@type":"BreadcrumbList","@id":"https:\/\/www.intoscana.it\/it\/consiglio-metropolitano-deleghe\/#breadcrumb","itemListElement":[{"@type":"ListItem","position":1,"name":"Home","item":"https:\/\/www.intoscana.it\/it\/"},{"@type":"ListItem","position":2,"name":"Prima seduta del nuovo Consiglio Metropolitano: le deleghe e le linee programmatiche"}]},{"@type":"WebSite","@id":"https:\/\/www.intoscana.it\/it\/#website","url":"https:\/\/www.intoscana.it\/it\/","name":"intoscana","description":"","potentialAction":[{"@type":"SearchAction","target":{"@type":"EntryPoint","urlTemplate":"https:\/\/www.intoscana.it\/it\/?s={search_term_string}"},"query-input":{"@type":"PropertyValueSpecification","valueRequired":true,"valueName":"search_term_string"}}],"inLanguage":"it-IT"},{"@type":"Person","@id":"https:\/\/www.intoscana.it\/it\/#\/schema\/person\/333569b367b301e30262defcea56c939","name":"Giulia Rafanelli","url":"https:\/\/www.intoscana.it\/it\/author\/giulia-rafanelli\/"}]}},"_links":{"self":[{"href":"https:\/\/www.intoscana.it\/it\/wp-json\/wp\/v2\/posts\/361653","targetHints":{"allow":["GET"]}}],"collection":[{"href":"https:\/\/www.intoscana.it\/it\/wp-json\/wp\/v2\/posts"}],"about":[{"href":"https:\/\/www.intoscana.it\/it\/wp-json\/wp\/v2\/types\/post"}],"author":[{"embeddable":true,"href":"https:\/\/www.intoscana.it\/it\/wp-json\/wp\/v2\/users\/503"}],"replies":[{"embeddable":true,"href":"https:\/\/www.intoscana.it\/it\/wp-json\/wp\/v2\/comments?post=361653"}],"version-history":[{"count":3,"href":"https:\/\/www.intoscana.it\/it\/wp-json\/wp\/v2\/posts\/361653\/revisions"}],"predecessor-version":[{"id":361658,"href":"https:\/\/www.intoscana.it\/it\/wp-json\/wp\/v2\/posts\/361653\/revisions\/361658"}],"wp:featuredmedia":[{"embeddable":true,"href":"https:\/\/www.intoscana.it\/it\/wp-json\/wp\/v2\/media\/361654"}],"wp:attachment":[{"href":"https:\/\/www.intoscana.it\/it\/wp-json\/wp\/v2\/media?parent=361653"}],"wp:term":[{"taxonomy":"category","embeddable":true,"href":"https:\/\/www.intoscana.it\/it\/wp-json\/wp\/v2\/categories?post=361653"},{"taxonomy":"post_tag","embeddable":true,"href":"https:\/\/www.intoscana.it\/it\/wp-json\/wp\/v2\/tags?post=361653"}],"curies":[{"name":"wp","href":"https:\/\/api.w.org\/{rel}","templated":true}]}}