{"id":361887,"date":"2024-10-25T14:27:40","date_gmt":"2024-10-25T12:27:40","guid":{"rendered":"https:\/\/www.intoscana.it\/it\/?p=361887"},"modified":"2024-10-25T14:27:40","modified_gmt":"2024-10-25T12:27:40","slug":"siena-nuova-sede-della-chirurgia-oncologica-della-mammella-nel-2023-effettuati-936-interventi","status":"publish","type":"post","link":"https:\/\/www.intoscana.it\/it\/siena-nuova-sede-della-chirurgia-oncologica-della-mammella-nel-2023-effettuati-936-interventi\/","title":{"rendered":"Siena, nuova sede della Chirurgia oncologica della mammella: nel 2023 effettuati 936 interventi"},"content":{"rendered":"<p>Inaugurata la nuova sede della <strong>Chirurgia oncologica della mammella<\/strong> dell\u2019Azienda ospedaliero-universitaria Senese, diretta dal professor Donato Casella. <mark>Il reparto, alla fine del 2023, ha effettuato oltre 936 interventi, con un netto incremento negli ultimi quattro anni.<\/mark> ora\u00a0\u00e8 operativo all\u2019interno del Dipartimento della Donna e dei Bambini, al lotto 4 piano 0.<\/p>\n<p>&#8220;L\u2019Azienda ospedaliero universitaria senese rinnova l\u2019impegno ad offrire cure e assistenza sanitaria di assoluta qualit\u00e0 in <mark>un ambiente riqualificato, sicuro ed accogliente, dove le pazienti continueranno a ricevere trattamenti personalizzati ed altamente specializzati&#8221;<\/mark>, ha detto l\u2019assessore al diritto alla salute della Regione Toscana <strong>Simone Bezzini<\/strong> durante l&#8217;inaugurazione.<\/p>\n<p>Una tappa importante nel processo di ammodernamento del Policlinico universitario, ha commentato l\u2019assessore alla sanit\u00e0 del comune di Siena <strong>Giuseppe Giordano<\/strong>, &#8220;consentir\u00e0 alle pazienti di avere una struttura pi\u00f9 accogliente e funzionale, dall&#8217;altro, permetter\u00e0 ai professionisti di lavorare in una situazione di maggior comfort&#8221;.<\/p>\n<p>&#8220;Il tumore al seno &#8211; dichiara <strong>Dafne Rossi<\/strong>, presidente Associazione Serena &#8211; colpisce, purtroppo, un gran numero di donne, la cui et\u00e0 si abbassa costantemente&#8221;. &#8220;La scienza, con le sue scoperte ha dato nuove speranze a coloro che vengono colpite da questa patologia, <mark>un passaggio obbligato per\u00f2 \u00e8 quello chirurgico, quindi, un reparto dedicato alla chirurgia della mammella, primo appuntamento del percorso terapeutico, \u00e8 un\u2019importante risposta al bisogno di attenzione e di cure&#8221;.<\/mark><\/p>\n<p>Il reparto si presenta &#8220;all\u2019avanguardia su tutte le <strong>tecniche innovative<\/strong> sia dal punto di vista della chirurgia oncologica che ricostruttiva&#8221;, spiegail professor <strong>Donato Casella<\/strong>, direttore di Chirurgia oncologica della mammella. &#8220;Abbiamo in dotazione il macchinario Fluobeam per valutare la perfusione dei lembi cutanei in sede intraoperatoria e anche la risonanza magnetica intraoperatoria per indagare lo stato dei margini in caso di chirurgia conservativa. Il tipo di intervento chirurgico a cui viene sottoposta una paziente &#8211; prosegue Casella &#8211; dipende sempre da molteplici fattori che derivano s\u00ec dal tumore ma anche dal seno della donna e, pertanto, non possiamo dire in assoluto quando una paziente dovr\u00e0 essere sottoposta a mastectomia. In linea generale possiamo dire che <mark>la mastectomia \u00e8 indicata quando il rapporto tra il volume del tumore e quello del seno della donna \u00e8 sfavorevole oppure in caso di tumore localizzato in pi\u00f9 quadranti della mammella&#8221;.<\/mark><\/p>\n<p>Il percorso che porta alla chirurgia \u00e8 formato da un <strong>team multidisciplinare<\/strong> che vede la presenza dei radiologi della Senologia, diretta dalla dottoressa Federica Fantozzi, dagli oncologi, radioterapisti, anatomo-patologi, dall\u2019infermiera case manager, dai chirurghi, dagli infermieri e oss e tutto il personale di sala operatoria. Inoltre fanno parte del team anche le psiconcologhe e le professioniste del servizio di fisioterapia.<\/p>\n","protected":false},"excerpt":{"rendered":"<p>Inaugurato il reparto dell&#8217;azienda ospedaliero-universitaria senese: stumenti innovativi e team multidisciplinare per assistere le pazienti in un ambiente pi\u00f9 confortevole<\/p>\n","protected":false},"author":525,"featured_media":361894,"comment_status":"open","ping_status":"open","sticky":false,"template":"","format":"standard","meta":{"_acf_changed":false,"footnotes":""},"categories":[494],"tags":[349,164,4883],"class_list":["post-361887","post","type-post","status-publish","format-standard","has-post-thumbnail","hentry","category-attualita","tag-sanita","tag-siena","tag-simone-bezzini"],"acf":[],"yoast_head":"<!-- This site is optimized with the Yoast SEO Premium plugin v24.2 (Yoast SEO v25.6) - https:\/\/yoast.com\/wordpress\/plugins\/seo\/ -->\n<title>Siena, nuova sede della Chirurgia oncologica della mammella: nel 2023 effettuati 936 interventi - intoscana<\/title>\n<meta name=\"description\" content=\"Inaugurato il reparto dell&#039;azienda ospedaliero-universitaria senese: stumenti innovativi e team multidisciplinare per assistere le pazienti in un ambiente pi\u00f9 confortevole\" \/>\n<meta name=\"robots\" content=\"index, follow, max-snippet:-1, max-image-preview:large, max-video-preview:-1\" \/>\n<link rel=\"canonical\" href=\"https:\/\/www.intoscana.it\/it\/siena-nuova-sede-della-chirurgia-oncologica-della-mammella-nel-2023-effettuati-936-interventi\/\" \/>\n<meta property=\"og:locale\" content=\"it_IT\" \/>\n<meta property=\"og:type\" content=\"article\" \/>\n<meta property=\"og:title\" content=\"Siena, nuova sede della Chirurgia oncologica della mammella: nel 2023 effettuati 936 interventi\" \/>\n<meta property=\"og:description\" content=\"Inaugurato il reparto dell&#039;azienda ospedaliero-universitaria senese: stumenti innovativi e team multidisciplinare per assistere le pazienti in un ambiente pi\u00f9 confortevole\" \/>\n<meta property=\"og:url\" content=\"https:\/\/www.intoscana.it\/it\/siena-nuova-sede-della-chirurgia-oncologica-della-mammella-nel-2023-effettuati-936-interventi\/\" \/>\n<meta property=\"og:site_name\" content=\"intoscana\" \/>\n<meta property=\"article:publisher\" content=\"https:\/\/www.facebook.com\/intoscana.it\" \/>\n<meta property=\"article:published_time\" content=\"2024-10-25T12:27:40+00:00\" \/>\n<meta property=\"og:image\" content=\"https:\/\/www.intoscana.it\/wp-content\/uploads\/inaugurazione-chirurgia-oncologica-mammella-1.jpg\" \/>\n\t<meta property=\"og:image:width\" content=\"1000\" \/>\n\t<meta property=\"og:image:height\" content=\"676\" \/>\n\t<meta property=\"og:image:type\" content=\"image\/jpeg\" \/>\n<meta name=\"author\" content=\"Redazione\" \/>\n<meta name=\"twitter:card\" content=\"summary_large_image\" \/>\n<meta name=\"twitter:creator\" content=\"@intoscana\" \/>\n<meta name=\"twitter:site\" content=\"@intoscana\" \/>\n<meta name=\"twitter:label1\" content=\"Written by\" \/>\n\t<meta name=\"twitter:data1\" content=\"Redazione\" \/>\n\t<meta name=\"twitter:label2\" content=\"Est. reading time\" \/>\n\t<meta name=\"twitter:data2\" content=\"3 minuti\" \/>\n<script type=\"application\/ld+json\" class=\"yoast-schema-graph\">{\"@context\":\"https:\/\/schema.org\",\"@graph\":[{\"@type\":\"WebPage\",\"@id\":\"https:\/\/www.intoscana.it\/it\/siena-nuova-sede-della-chirurgia-oncologica-della-mammella-nel-2023-effettuati-936-interventi\/\",\"url\":\"https:\/\/www.intoscana.it\/it\/siena-nuova-sede-della-chirurgia-oncologica-della-mammella-nel-2023-effettuati-936-interventi\/\",\"name\":\"Siena, nuova sede della Chirurgia oncologica della mammella: nel 2023 effettuati 936 interventi - intoscana\",\"isPartOf\":{\"@id\":\"https:\/\/www.intoscana.it\/it\/#website\"},\"primaryImageOfPage\":{\"@id\":\"https:\/\/www.intoscana.it\/it\/siena-nuova-sede-della-chirurgia-oncologica-della-mammella-nel-2023-effettuati-936-interventi\/#primaryimage\"},\"image\":{\"@id\":\"https:\/\/www.intoscana.it\/it\/siena-nuova-sede-della-chirurgia-oncologica-della-mammella-nel-2023-effettuati-936-interventi\/#primaryimage\"},\"thumbnailUrl\":\"https:\/\/www.intoscana.it\/wp-content\/uploads\/inaugurazione-chirurgia-oncologica-mammella-1.jpg\",\"datePublished\":\"2024-10-25T12:27:40+00:00\",\"author\":{\"@id\":\"https:\/\/www.intoscana.it\/it\/#\/schema\/person\/9223810753230f20bd670fdd322661f8\"},\"description\":\"Inaugurato il reparto dell'azienda ospedaliero-universitaria senese: stumenti innovativi e team multidisciplinare per assistere le pazienti in un ambiente pi\u00f9 confortevole\",\"breadcrumb\":{\"@id\":\"https:\/\/www.intoscana.it\/it\/siena-nuova-sede-della-chirurgia-oncologica-della-mammella-nel-2023-effettuati-936-interventi\/#breadcrumb\"},\"inLanguage\":\"it-IT\",\"potentialAction\":[{\"@type\":\"ReadAction\",\"target\":[\"https:\/\/www.intoscana.it\/it\/siena-nuova-sede-della-chirurgia-oncologica-della-mammella-nel-2023-effettuati-936-interventi\/\"]}]},{\"@type\":\"ImageObject\",\"inLanguage\":\"it-IT\",\"@id\":\"https:\/\/www.intoscana.it\/it\/siena-nuova-sede-della-chirurgia-oncologica-della-mammella-nel-2023-effettuati-936-interventi\/#primaryimage\",\"url\":\"https:\/\/www.intoscana.it\/wp-content\/uploads\/inaugurazione-chirurgia-oncologica-mammella-1.jpg\",\"contentUrl\":\"https:\/\/www.intoscana.it\/wp-content\/uploads\/inaugurazione-chirurgia-oncologica-mammella-1.jpg\",\"width\":1000,\"height\":676},{\"@type\":\"BreadcrumbList\",\"@id\":\"https:\/\/www.intoscana.it\/it\/siena-nuova-sede-della-chirurgia-oncologica-della-mammella-nel-2023-effettuati-936-interventi\/#breadcrumb\",\"itemListElement\":[{\"@type\":\"ListItem\",\"position\":1,\"name\":\"Home\",\"item\":\"https:\/\/www.intoscana.it\/it\/\"},{\"@type\":\"ListItem\",\"position\":2,\"name\":\"Siena, nuova sede della Chirurgia oncologica della mammella: nel 2023 effettuati 936 interventi\"}]},{\"@type\":\"WebSite\",\"@id\":\"https:\/\/www.intoscana.it\/it\/#website\",\"url\":\"https:\/\/www.intoscana.it\/it\/\",\"name\":\"intoscana\",\"description\":\"\",\"potentialAction\":[{\"@type\":\"SearchAction\",\"target\":{\"@type\":\"EntryPoint\",\"urlTemplate\":\"https:\/\/www.intoscana.it\/it\/?s={search_term_string}\"},\"query-input\":{\"@type\":\"PropertyValueSpecification\",\"valueRequired\":true,\"valueName\":\"search_term_string\"}}],\"inLanguage\":\"it-IT\"},{\"@type\":\"Person\",\"@id\":\"https:\/\/www.intoscana.it\/it\/#\/schema\/person\/9223810753230f20bd670fdd322661f8\",\"name\":\"Redazione\",\"url\":\"https:\/\/www.intoscana.it\/it\/author\/redazione\/\"}]}<\/script>\n<!-- \/ Yoast SEO Premium plugin. -->","yoast_head_json":{"title":"Siena, nuova sede della Chirurgia oncologica della mammella: nel 2023 effettuati 936 interventi - intoscana","description":"Inaugurato il reparto dell'azienda ospedaliero-universitaria senese: stumenti innovativi e team multidisciplinare per assistere le pazienti in un ambiente pi\u00f9 confortevole","robots":{"index":"index","follow":"follow","max-snippet":"max-snippet:-1","max-image-preview":"max-image-preview:large","max-video-preview":"max-video-preview:-1"},"canonical":"https:\/\/www.intoscana.it\/it\/siena-nuova-sede-della-chirurgia-oncologica-della-mammella-nel-2023-effettuati-936-interventi\/","og_locale":"it_IT","og_type":"article","og_title":"Siena, nuova sede della Chirurgia oncologica della mammella: nel 2023 effettuati 936 interventi","og_description":"Inaugurato il reparto dell'azienda ospedaliero-universitaria senese: stumenti innovativi e team multidisciplinare per assistere le pazienti in un ambiente pi\u00f9 confortevole","og_url":"https:\/\/www.intoscana.it\/it\/siena-nuova-sede-della-chirurgia-oncologica-della-mammella-nel-2023-effettuati-936-interventi\/","og_site_name":"intoscana","article_publisher":"https:\/\/www.facebook.com\/intoscana.it","article_published_time":"2024-10-25T12:27:40+00:00","og_image":[{"width":1000,"height":676,"url":"https:\/\/www.intoscana.it\/wp-content\/uploads\/inaugurazione-chirurgia-oncologica-mammella-1.jpg","type":"image\/jpeg"}],"author":"Redazione","twitter_card":"summary_large_image","twitter_creator":"@intoscana","twitter_site":"@intoscana","twitter_misc":{"Written by":"Redazione","Est. reading time":"3 minuti"},"schema":{"@context":"https:\/\/schema.org","@graph":[{"@type":"WebPage","@id":"https:\/\/www.intoscana.it\/it\/siena-nuova-sede-della-chirurgia-oncologica-della-mammella-nel-2023-effettuati-936-interventi\/","url":"https:\/\/www.intoscana.it\/it\/siena-nuova-sede-della-chirurgia-oncologica-della-mammella-nel-2023-effettuati-936-interventi\/","name":"Siena, nuova sede della Chirurgia oncologica della mammella: nel 2023 effettuati 936 interventi - intoscana","isPartOf":{"@id":"https:\/\/www.intoscana.it\/it\/#website"},"primaryImageOfPage":{"@id":"https:\/\/www.intoscana.it\/it\/siena-nuova-sede-della-chirurgia-oncologica-della-mammella-nel-2023-effettuati-936-interventi\/#primaryimage"},"image":{"@id":"https:\/\/www.intoscana.it\/it\/siena-nuova-sede-della-chirurgia-oncologica-della-mammella-nel-2023-effettuati-936-interventi\/#primaryimage"},"thumbnailUrl":"https:\/\/www.intoscana.it\/wp-content\/uploads\/inaugurazione-chirurgia-oncologica-mammella-1.jpg","datePublished":"2024-10-25T12:27:40+00:00","author":{"@id":"https:\/\/www.intoscana.it\/it\/#\/schema\/person\/9223810753230f20bd670fdd322661f8"},"description":"Inaugurato il reparto dell'azienda ospedaliero-universitaria senese: stumenti innovativi e team multidisciplinare per assistere le pazienti in un ambiente pi\u00f9 confortevole","breadcrumb":{"@id":"https:\/\/www.intoscana.it\/it\/siena-nuova-sede-della-chirurgia-oncologica-della-mammella-nel-2023-effettuati-936-interventi\/#breadcrumb"},"inLanguage":"it-IT","potentialAction":[{"@type":"ReadAction","target":["https:\/\/www.intoscana.it\/it\/siena-nuova-sede-della-chirurgia-oncologica-della-mammella-nel-2023-effettuati-936-interventi\/"]}]},{"@type":"ImageObject","inLanguage":"it-IT","@id":"https:\/\/www.intoscana.it\/it\/siena-nuova-sede-della-chirurgia-oncologica-della-mammella-nel-2023-effettuati-936-interventi\/#primaryimage","url":"https:\/\/www.intoscana.it\/wp-content\/uploads\/inaugurazione-chirurgia-oncologica-mammella-1.jpg","contentUrl":"https:\/\/www.intoscana.it\/wp-content\/uploads\/inaugurazione-chirurgia-oncologica-mammella-1.jpg","width":1000,"height":676},{"@type":"BreadcrumbList","@id":"https:\/\/www.intoscana.it\/it\/siena-nuova-sede-della-chirurgia-oncologica-della-mammella-nel-2023-effettuati-936-interventi\/#breadcrumb","itemListElement":[{"@type":"ListItem","position":1,"name":"Home","item":"https:\/\/www.intoscana.it\/it\/"},{"@type":"ListItem","position":2,"name":"Siena, nuova sede della Chirurgia oncologica della mammella: nel 2023 effettuati 936 interventi"}]},{"@type":"WebSite","@id":"https:\/\/www.intoscana.it\/it\/#website","url":"https:\/\/www.intoscana.it\/it\/","name":"intoscana","description":"","potentialAction":[{"@type":"SearchAction","target":{"@type":"EntryPoint","urlTemplate":"https:\/\/www.intoscana.it\/it\/?s={search_term_string}"},"query-input":{"@type":"PropertyValueSpecification","valueRequired":true,"valueName":"search_term_string"}}],"inLanguage":"it-IT"},{"@type":"Person","@id":"https:\/\/www.intoscana.it\/it\/#\/schema\/person\/9223810753230f20bd670fdd322661f8","name":"Redazione","url":"https:\/\/www.intoscana.it\/it\/author\/redazione\/"}]}},"_links":{"self":[{"href":"https:\/\/www.intoscana.it\/it\/wp-json\/wp\/v2\/posts\/361887","targetHints":{"allow":["GET"]}}],"collection":[{"href":"https:\/\/www.intoscana.it\/it\/wp-json\/wp\/v2\/posts"}],"about":[{"href":"https:\/\/www.intoscana.it\/it\/wp-json\/wp\/v2\/types\/post"}],"author":[{"embeddable":true,"href":"https:\/\/www.intoscana.it\/it\/wp-json\/wp\/v2\/users\/525"}],"replies":[{"embeddable":true,"href":"https:\/\/www.intoscana.it\/it\/wp-json\/wp\/v2\/comments?post=361887"}],"version-history":[{"count":5,"href":"https:\/\/www.intoscana.it\/it\/wp-json\/wp\/v2\/posts\/361887\/revisions"}],"predecessor-version":[{"id":361899,"href":"https:\/\/www.intoscana.it\/it\/wp-json\/wp\/v2\/posts\/361887\/revisions\/361899"}],"wp:featuredmedia":[{"embeddable":true,"href":"https:\/\/www.intoscana.it\/it\/wp-json\/wp\/v2\/media\/361894"}],"wp:attachment":[{"href":"https:\/\/www.intoscana.it\/it\/wp-json\/wp\/v2\/media?parent=361887"}],"wp:term":[{"taxonomy":"category","embeddable":true,"href":"https:\/\/www.intoscana.it\/it\/wp-json\/wp\/v2\/categories?post=361887"},{"taxonomy":"post_tag","embeddable":true,"href":"https:\/\/www.intoscana.it\/it\/wp-json\/wp\/v2\/tags?post=361887"}],"curies":[{"name":"wp","href":"https:\/\/api.w.org\/{rel}","templated":true}]}}