{"id":361924,"date":"2024-10-28T08:09:32","date_gmt":"2024-10-28T07:09:32","guid":{"rendered":"https:\/\/www.intoscana.it\/it\/?p=361924"},"modified":"2024-10-28T08:09:32","modified_gmt":"2024-10-28T07:09:32","slug":"mirco-magnani-in-concerto-con-sainkho-namtchylak-e-nikolas-klau-sulle-orme-di-zarathustra","status":"publish","type":"post","link":"https:\/\/www.intoscana.it\/it\/mirco-magnani-in-concerto-con-sainkho-namtchylak-e-nikolas-klau-sulle-orme-di-zarathustra\/","title":{"rendered":"Mirco Magnani in concerto con Sainkho Namtchylak e Nikolas Klau sulle orme di Zarathustra"},"content":{"rendered":"<p><strong>Sabato 2 novembre il Circolo Arci Il Progresso di Firenze<\/strong> ospiter\u00e0 un progetto molto particolare:<strong><em> &#8220;Zarathustra &#8211; Der gro\u00dfe Mittag&#8221;<\/em><\/strong> questo \u00e8 il titolo dell&#8217;ultimo album del <strong>musicista, compositore e produttore toscano Mirco Magnani<\/strong> che da molti anni vive a Berlino.<\/p>\n<p>Sul palco ci saranno anche la<strong> cantante siberiana Sainkho Namtchylak e Nikolas Klau,<\/strong> inoltre le <strong>melodie elettroniche di Magnani<\/strong> saranno accompagnate dagli <strong>spoken word &#8220;virtuali&#8221;<\/strong> di <strong>Steven Brown dei Tuxedomoon.<\/strong><\/p>\n<p>Il disco di <strong>Mirco Magnani<\/strong> si ispira a una delle opere pi\u00f9 importanti del filosofo <strong>Friedrich Nietzsche<\/strong> <strong><em>&#8220;Cos\u00ec parl\u00f2 Zarathustra&#8221;<\/em><\/strong> e proprio da qui partiamo nella nostra intervista.<\/p>\n<p><strong>Ciao Mirco, quando studiavo Nietzsche all&#8217;universit\u00e0, trovavo alcune delle sue idee come l&#8217;eterno ritorno e il superuomo abbastanza estreme, in un certo senso mi spaventavano e per questo non \u00e8 mai stato uno dei miei filosofi preferiti. Come mai ti sei ispirato proprio a lui, cosa ti affascina di questo filosofo?<\/strong><\/p>\n<p><strong>Nietzsche<\/strong> spesso \u00e8 stato frainteso, probabilmente per <strong>la difficolt\u00e0 nell&#8217;analizzare i suoi concetti che sono occulti, nascosti, non sono chiari a una prima lettura.<\/strong> Secondo me non \u00e8 poi cos\u00ec estremo. Anche per quanto riguarda il concetto dell&#8217;eterno ritorno, lui spesso insiste che <strong>\u00e8 il piacere che vuole l&#8217;eternit\u00e0, il piacere vuole se stesso, vuole tutto eternamente uguale.<\/strong><\/p>\n<p>Anchio ho studiato <strong>Nietzsche<\/strong> a scuola, dopo trentanni l&#8217;ho riletto e ci ho visto tutta un&#8217;altra cosa.<strong> Ho visto una persona piena di speranza e di ottimismo,<\/strong> che pensava che l&#8217;uomo potesse diventare migliore, pi\u00f9 virtuoso, pi\u00f9 benevolo. Lui diceva che<strong> l&#8217;uomo \u00e8 &#8220;un cavo teso tra la bestia e il superuomo&#8221;, \u00e8 in una via di mezzo<\/strong> in cui ancora non si \u00e8 scrollato di dosso quello che era, e non ha raggiunto quello che dovr\u00e0 essere. Il sottotitolo di <strong><em>Cos\u00ec parl\u00f2 Zarathustra<\/em><\/strong> \u00e8 <strong><em>&#8220;<\/em><em>Der gro\u00dfe Mittag&#8221;<\/em><\/strong> cio\u00e8 il <strong><em>grande meriggio<\/em> <\/strong>che per Nietzsche era proprio <strong>quando l&#8217;uomo sta al centro del suo cammino tra l&#8217;animale e il superuomo<\/strong>.<p><span class=\"citazione\">Nietzsche era una persona piena di speranza e di ottimismo che pensava che l&#8217;uomo potesse diventare migliore, pi\u00f9 virtuoso, pi\u00f9 benevolo<\/span><\/p><\/p>\n<p><strong>Una visione forse un po&#8217; utopistica della realt\u00e0, perch\u00e9 se ci guardiamo intorno non mi sembra che gli umani abbiano fatto grossi passi avanti<\/strong><\/p>\n<p>Sai sono passati &#8220;solo&#8221; 100 anni dai suoi tempi, <strong>guardando l&#8217;evoluzione dell&#8217;uomo e dell&#8217;universo 100 anni non sono niente. <\/strong>Probabilmente sar\u00e0 necessario ancora qualche secolo prima che l&#8217;uomo tenda ad evolversi o a devolversi e rinascere in un altro modo. Per\u00f2<strong> anchio sono ottimista come Nietzsche e trovo le sue parole piene di fiducia e di speranza nel futuro.\u00a0<\/strong><\/p>\n<p><iframe loading=\"lazy\" title=\"YouTube video player\" src=\"https:\/\/www.youtube.com\/embed\/42z8VnWVM5s?si=Ij7jdyDX_wvWnzhW\" width=\"800\" height=\"450\" frameborder=\"0\" allowfullscreen=\"allowfullscreen\"><span data-mce-type=\"bookmark\" style=\"display: inline-block; width: 0px; overflow: hidden; line-height: 0;\" class=\"mce_SELRES_start\">\ufeff<\/span><\/iframe><\/p>\n<p><strong>Come sei entrato in contatto con i musicisti che saranno con te sul palco Sainkho Namtchylak e Nikolas Klau?<\/strong><\/p>\n<p>Per il mio disco ho cercato <strong>artisti di lingue e culture diverse,<\/strong> ma con una certa maturit\u00e0, <strong>per interpretare le varie &#8220;facce&#8221; di Zarathustra. <\/strong>Ho conosciuto <strong>Nikolas<\/strong> trent&#8217;anni fa quando ho avuto a che fare con <strong>Steven Brown dei Tuxedomoon<\/strong> (anche lui ha partecipato al mio album). Nell&#8217;86 ha prodotto il primo album che ho realizzato con la band dei <strong>Minox<\/strong>. Poi cinque anni fa Nikolas \u00e8 tornato ad abitare in Germania a Berlino, cos\u00ec ci siamo rivisti e ho pensato di coinvolgerlo nel progetto anche perch\u00e9 \u00e8 madrelingua e l&#8217;ho invitato a<strong> interpretare i testi in tedesco sull&#8217;album.<\/strong><\/p>\n<p><strong>Sainkho<\/strong> che \u00e8 russa, siberiana, l&#8217;ho sconosciuta l&#8217;anno scorso e l&#8217;ho subito contattata per collaborare al mio disco. Si \u00e8 subito interessata al progetto e interpreta una versione femminile di Zarathustra. <strong>Infine ho scelto una band iraniana,<\/strong> perch\u00e9 \u00a0dicono che <strong>Zarathustra era persiano<\/strong>. Ho coinvolto i <strong>Paganland che fanno dark-folk<\/strong> e usano strumenti tradizionali. Quindi <strong>nel mio disco ci sono quattro lingue, quattro culture, quattro punti di vista<\/strong> su questo personaggio.<\/p>\n<p><strong>Chi era Zarathustra, quest&#8217;uomo che nel libro di Nietzsche intraprende un viaggio iniziatico?<\/strong><\/p>\n<p><strong>Zarathustra<\/strong> secondo libri di qualche migliaio di anni fa, veniva considerato <strong>una sorta di profeta,<\/strong> una persona che ha lottato per eliminare alcuni ritualismi come il sacrificio degli animali. <strong>Era molto avanti per i suoi tempi, era un non-violento che predicava pari diritti per l&#8217;uomo e per la donna<\/strong>. Infatti da lui \u00e8 nato lo <strong>Zoroastrismo<\/strong> che non \u00e8 una vera e propria religione ma un pensiero filosofico, anche se da<strong>\u00a0qualcuno \u00e8 considerata la prima religione della storia.\u00a0<\/strong><\/p>\n<p><strong>Mirco Magnani, Sainkho Namtchylak e Nikolas Klau<\/strong> sono in Italia per un<strong> mini tour<\/strong> che prevede due date: il <strong>1\u00b0 novembre al Time Zones Festival di Bari e il 2 novembre al Circolo Arci Il Progresso di Firenze.<\/strong><\/p>\n<figure id=\"post-361927 media-361927\" class=\"align-none\">\n<figure id=\"post-362021 media-362021\" class=\"align-none\"><img decoding=\"async\" src=\"https:\/\/www.intoscana.it\/wp-content\/uploads\/Sainkho-Namtchylak_0-1.jpeg\" alt=\"\" \/><\/figure>\n<div class=\"titleimg\">Sainkho Namtchylak<\/div>\n<\/figure>\n<div class=\"titleimg\"><\/div>\n","protected":false},"excerpt":{"rendered":"<p>Sabato 2 novembre torna al Circolo Arci Il Progresso di Firenze il musicista, compositore e produttore toscano, berlinese di adozione, per presentare il suo album &#8220;Zarathustra &#8211; Der gro\u00dfe Mittag&#8221; ispirato a una delle opere pi\u00f9 importanti del filosofo Friedrich Nietzsche, il 1\u00b0 novembre anche a Bari<\/p>\n","protected":false},"author":518,"featured_media":361926,"comment_status":"open","ping_status":"open","sticky":false,"template":"","format":"standard","meta":{"_acf_changed":false,"footnotes":""},"categories":[14],"tags":[216,4474,202,3138],"class_list":["post-361924","post","type-post","status-publish","format-standard","has-post-thumbnail","hentry","category-musica","tag-concerti","tag-eventi","tag-firenze","tag-interviste-agli-artisti"],"acf":[],"yoast_head":"<!-- This site is optimized with the Yoast SEO Premium plugin v24.2 (Yoast SEO v25.6) - https:\/\/yoast.com\/wordpress\/plugins\/seo\/ -->\n<title>Mirco Magnani in concerto con Sainkho Namtchylak e Nikolas Klau sulle orme di Zarathustra - intoscana<\/title>\n<meta name=\"description\" content=\"Sabato 2 novembre al Circolo Arci Il Progresso il musicista, compositore e produttore toscano, berlinese di adozione\" \/>\n<meta name=\"robots\" content=\"index, follow, max-snippet:-1, max-image-preview:large, max-video-preview:-1\" \/>\n<link rel=\"canonical\" href=\"https:\/\/www.intoscana.it\/it\/mirco-magnani-in-concerto-con-sainkho-namtchylak-e-nikolas-klau-sulle-orme-di-zarathustra\/\" \/>\n<meta property=\"og:locale\" content=\"it_IT\" \/>\n<meta property=\"og:type\" content=\"article\" \/>\n<meta property=\"og:title\" content=\"Mirco Magnani in concerto con Sainkho Namtchylak e Nikolas Klau sulle orme di Zarathustra\" \/>\n<meta property=\"og:description\" content=\"Sabato 2 novembre al Circolo Arci Il Progresso il musicista, compositore e produttore toscano, berlinese di adozione\" \/>\n<meta property=\"og:url\" content=\"https:\/\/www.intoscana.it\/it\/mirco-magnani-in-concerto-con-sainkho-namtchylak-e-nikolas-klau-sulle-orme-di-zarathustra\/\" \/>\n<meta property=\"og:site_name\" content=\"intoscana\" \/>\n<meta property=\"article:publisher\" content=\"https:\/\/www.facebook.com\/intoscana.it\" \/>\n<meta property=\"article:published_time\" content=\"2024-10-28T07:09:32+00:00\" \/>\n<meta property=\"og:image\" content=\"https:\/\/www.intoscana.it\/wp-content\/uploads\/Mirco-Magnani-1--e1729865599828.jpg\" \/>\n\t<meta property=\"og:image:width\" content=\"1006\" \/>\n\t<meta property=\"og:image:height\" content=\"630\" \/>\n\t<meta property=\"og:image:type\" content=\"image\/jpeg\" \/>\n<meta name=\"author\" content=\"Costanza Baldini\" \/>\n<meta name=\"twitter:card\" content=\"summary_large_image\" \/>\n<meta name=\"twitter:creator\" content=\"@intoscana\" \/>\n<meta name=\"twitter:site\" content=\"@intoscana\" \/>\n<meta name=\"twitter:label1\" content=\"Written by\" \/>\n\t<meta name=\"twitter:data1\" content=\"Costanza Baldini\" \/>\n\t<meta name=\"twitter:label2\" content=\"Est. reading time\" \/>\n\t<meta name=\"twitter:data2\" content=\"5 minuti\" \/>\n<script type=\"application\/ld+json\" class=\"yoast-schema-graph\">{\"@context\":\"https:\/\/schema.org\",\"@graph\":[{\"@type\":\"WebPage\",\"@id\":\"https:\/\/www.intoscana.it\/it\/mirco-magnani-in-concerto-con-sainkho-namtchylak-e-nikolas-klau-sulle-orme-di-zarathustra\/\",\"url\":\"https:\/\/www.intoscana.it\/it\/mirco-magnani-in-concerto-con-sainkho-namtchylak-e-nikolas-klau-sulle-orme-di-zarathustra\/\",\"name\":\"Mirco Magnani in concerto con Sainkho Namtchylak e Nikolas Klau sulle orme di Zarathustra - intoscana\",\"isPartOf\":{\"@id\":\"https:\/\/www.intoscana.it\/it\/#website\"},\"primaryImageOfPage\":{\"@id\":\"https:\/\/www.intoscana.it\/it\/mirco-magnani-in-concerto-con-sainkho-namtchylak-e-nikolas-klau-sulle-orme-di-zarathustra\/#primaryimage\"},\"image\":{\"@id\":\"https:\/\/www.intoscana.it\/it\/mirco-magnani-in-concerto-con-sainkho-namtchylak-e-nikolas-klau-sulle-orme-di-zarathustra\/#primaryimage\"},\"thumbnailUrl\":\"https:\/\/www.intoscana.it\/wp-content\/uploads\/Mirco-Magnani-1--e1729865599828.jpg\",\"datePublished\":\"2024-10-28T07:09:32+00:00\",\"author\":{\"@id\":\"https:\/\/www.intoscana.it\/it\/#\/schema\/person\/d469f35f09739bdf00bf5dd3f0647a82\"},\"description\":\"Sabato 2 novembre al Circolo Arci Il Progresso il musicista, compositore e produttore toscano, berlinese di adozione\",\"breadcrumb\":{\"@id\":\"https:\/\/www.intoscana.it\/it\/mirco-magnani-in-concerto-con-sainkho-namtchylak-e-nikolas-klau-sulle-orme-di-zarathustra\/#breadcrumb\"},\"inLanguage\":\"it-IT\",\"potentialAction\":[{\"@type\":\"ReadAction\",\"target\":[\"https:\/\/www.intoscana.it\/it\/mirco-magnani-in-concerto-con-sainkho-namtchylak-e-nikolas-klau-sulle-orme-di-zarathustra\/\"]}]},{\"@type\":\"ImageObject\",\"inLanguage\":\"it-IT\",\"@id\":\"https:\/\/www.intoscana.it\/it\/mirco-magnani-in-concerto-con-sainkho-namtchylak-e-nikolas-klau-sulle-orme-di-zarathustra\/#primaryimage\",\"url\":\"https:\/\/www.intoscana.it\/wp-content\/uploads\/Mirco-Magnani-1--e1729865599828.jpg\",\"contentUrl\":\"https:\/\/www.intoscana.it\/wp-content\/uploads\/Mirco-Magnani-1--e1729865599828.jpg\",\"width\":1006,\"height\":630},{\"@type\":\"BreadcrumbList\",\"@id\":\"https:\/\/www.intoscana.it\/it\/mirco-magnani-in-concerto-con-sainkho-namtchylak-e-nikolas-klau-sulle-orme-di-zarathustra\/#breadcrumb\",\"itemListElement\":[{\"@type\":\"ListItem\",\"position\":1,\"name\":\"Home\",\"item\":\"https:\/\/www.intoscana.it\/it\/\"},{\"@type\":\"ListItem\",\"position\":2,\"name\":\"Mirco Magnani in concerto con Sainkho Namtchylak e Nikolas Klau sulle orme di Zarathustra\"}]},{\"@type\":\"WebSite\",\"@id\":\"https:\/\/www.intoscana.it\/it\/#website\",\"url\":\"https:\/\/www.intoscana.it\/it\/\",\"name\":\"intoscana\",\"description\":\"\",\"potentialAction\":[{\"@type\":\"SearchAction\",\"target\":{\"@type\":\"EntryPoint\",\"urlTemplate\":\"https:\/\/www.intoscana.it\/it\/?s={search_term_string}\"},\"query-input\":{\"@type\":\"PropertyValueSpecification\",\"valueRequired\":true,\"valueName\":\"search_term_string\"}}],\"inLanguage\":\"it-IT\"},{\"@type\":\"Person\",\"@id\":\"https:\/\/www.intoscana.it\/it\/#\/schema\/person\/d469f35f09739bdf00bf5dd3f0647a82\",\"name\":\"Costanza Baldini\",\"url\":\"https:\/\/www.intoscana.it\/it\/author\/costanza-baldini\/\"}]}<\/script>\n<!-- \/ Yoast SEO Premium plugin. -->","yoast_head_json":{"title":"Mirco Magnani in concerto con Sainkho Namtchylak e Nikolas Klau sulle orme di Zarathustra - intoscana","description":"Sabato 2 novembre al Circolo Arci Il Progresso il musicista, compositore e produttore toscano, berlinese di adozione","robots":{"index":"index","follow":"follow","max-snippet":"max-snippet:-1","max-image-preview":"max-image-preview:large","max-video-preview":"max-video-preview:-1"},"canonical":"https:\/\/www.intoscana.it\/it\/mirco-magnani-in-concerto-con-sainkho-namtchylak-e-nikolas-klau-sulle-orme-di-zarathustra\/","og_locale":"it_IT","og_type":"article","og_title":"Mirco Magnani in concerto con Sainkho Namtchylak e Nikolas Klau sulle orme di Zarathustra","og_description":"Sabato 2 novembre al Circolo Arci Il Progresso il musicista, compositore e produttore toscano, berlinese di adozione","og_url":"https:\/\/www.intoscana.it\/it\/mirco-magnani-in-concerto-con-sainkho-namtchylak-e-nikolas-klau-sulle-orme-di-zarathustra\/","og_site_name":"intoscana","article_publisher":"https:\/\/www.facebook.com\/intoscana.it","article_published_time":"2024-10-28T07:09:32+00:00","og_image":[{"width":1006,"height":630,"url":"https:\/\/www.intoscana.it\/wp-content\/uploads\/Mirco-Magnani-1--e1729865599828.jpg","type":"image\/jpeg"}],"author":"Costanza Baldini","twitter_card":"summary_large_image","twitter_creator":"@intoscana","twitter_site":"@intoscana","twitter_misc":{"Written by":"Costanza Baldini","Est. reading time":"5 minuti"},"schema":{"@context":"https:\/\/schema.org","@graph":[{"@type":"WebPage","@id":"https:\/\/www.intoscana.it\/it\/mirco-magnani-in-concerto-con-sainkho-namtchylak-e-nikolas-klau-sulle-orme-di-zarathustra\/","url":"https:\/\/www.intoscana.it\/it\/mirco-magnani-in-concerto-con-sainkho-namtchylak-e-nikolas-klau-sulle-orme-di-zarathustra\/","name":"Mirco Magnani in concerto con Sainkho Namtchylak e Nikolas Klau sulle orme di Zarathustra - intoscana","isPartOf":{"@id":"https:\/\/www.intoscana.it\/it\/#website"},"primaryImageOfPage":{"@id":"https:\/\/www.intoscana.it\/it\/mirco-magnani-in-concerto-con-sainkho-namtchylak-e-nikolas-klau-sulle-orme-di-zarathustra\/#primaryimage"},"image":{"@id":"https:\/\/www.intoscana.it\/it\/mirco-magnani-in-concerto-con-sainkho-namtchylak-e-nikolas-klau-sulle-orme-di-zarathustra\/#primaryimage"},"thumbnailUrl":"https:\/\/www.intoscana.it\/wp-content\/uploads\/Mirco-Magnani-1--e1729865599828.jpg","datePublished":"2024-10-28T07:09:32+00:00","author":{"@id":"https:\/\/www.intoscana.it\/it\/#\/schema\/person\/d469f35f09739bdf00bf5dd3f0647a82"},"description":"Sabato 2 novembre al Circolo Arci Il Progresso il musicista, compositore e produttore toscano, berlinese di adozione","breadcrumb":{"@id":"https:\/\/www.intoscana.it\/it\/mirco-magnani-in-concerto-con-sainkho-namtchylak-e-nikolas-klau-sulle-orme-di-zarathustra\/#breadcrumb"},"inLanguage":"it-IT","potentialAction":[{"@type":"ReadAction","target":["https:\/\/www.intoscana.it\/it\/mirco-magnani-in-concerto-con-sainkho-namtchylak-e-nikolas-klau-sulle-orme-di-zarathustra\/"]}]},{"@type":"ImageObject","inLanguage":"it-IT","@id":"https:\/\/www.intoscana.it\/it\/mirco-magnani-in-concerto-con-sainkho-namtchylak-e-nikolas-klau-sulle-orme-di-zarathustra\/#primaryimage","url":"https:\/\/www.intoscana.it\/wp-content\/uploads\/Mirco-Magnani-1--e1729865599828.jpg","contentUrl":"https:\/\/www.intoscana.it\/wp-content\/uploads\/Mirco-Magnani-1--e1729865599828.jpg","width":1006,"height":630},{"@type":"BreadcrumbList","@id":"https:\/\/www.intoscana.it\/it\/mirco-magnani-in-concerto-con-sainkho-namtchylak-e-nikolas-klau-sulle-orme-di-zarathustra\/#breadcrumb","itemListElement":[{"@type":"ListItem","position":1,"name":"Home","item":"https:\/\/www.intoscana.it\/it\/"},{"@type":"ListItem","position":2,"name":"Mirco Magnani in concerto con Sainkho Namtchylak e Nikolas Klau sulle orme di Zarathustra"}]},{"@type":"WebSite","@id":"https:\/\/www.intoscana.it\/it\/#website","url":"https:\/\/www.intoscana.it\/it\/","name":"intoscana","description":"","potentialAction":[{"@type":"SearchAction","target":{"@type":"EntryPoint","urlTemplate":"https:\/\/www.intoscana.it\/it\/?s={search_term_string}"},"query-input":{"@type":"PropertyValueSpecification","valueRequired":true,"valueName":"search_term_string"}}],"inLanguage":"it-IT"},{"@type":"Person","@id":"https:\/\/www.intoscana.it\/it\/#\/schema\/person\/d469f35f09739bdf00bf5dd3f0647a82","name":"Costanza Baldini","url":"https:\/\/www.intoscana.it\/it\/author\/costanza-baldini\/"}]}},"_links":{"self":[{"href":"https:\/\/www.intoscana.it\/it\/wp-json\/wp\/v2\/posts\/361924","targetHints":{"allow":["GET"]}}],"collection":[{"href":"https:\/\/www.intoscana.it\/it\/wp-json\/wp\/v2\/posts"}],"about":[{"href":"https:\/\/www.intoscana.it\/it\/wp-json\/wp\/v2\/types\/post"}],"author":[{"embeddable":true,"href":"https:\/\/www.intoscana.it\/it\/wp-json\/wp\/v2\/users\/518"}],"replies":[{"embeddable":true,"href":"https:\/\/www.intoscana.it\/it\/wp-json\/wp\/v2\/comments?post=361924"}],"version-history":[{"count":40,"href":"https:\/\/www.intoscana.it\/it\/wp-json\/wp\/v2\/posts\/361924\/revisions"}],"predecessor-version":[{"id":362059,"href":"https:\/\/www.intoscana.it\/it\/wp-json\/wp\/v2\/posts\/361924\/revisions\/362059"}],"wp:featuredmedia":[{"embeddable":true,"href":"https:\/\/www.intoscana.it\/it\/wp-json\/wp\/v2\/media\/361926"}],"wp:attachment":[{"href":"https:\/\/www.intoscana.it\/it\/wp-json\/wp\/v2\/media?parent=361924"}],"wp:term":[{"taxonomy":"category","embeddable":true,"href":"https:\/\/www.intoscana.it\/it\/wp-json\/wp\/v2\/categories?post=361924"},{"taxonomy":"post_tag","embeddable":true,"href":"https:\/\/www.intoscana.it\/it\/wp-json\/wp\/v2\/tags?post=361924"}],"curies":[{"name":"wp","href":"https:\/\/api.w.org\/{rel}","templated":true}]}}