{"id":362286,"date":"2024-10-29T14:32:02","date_gmt":"2024-10-29T13:32:02","guid":{"rendered":"https:\/\/www.intoscana.it\/it\/?p=362286"},"modified":"2024-10-29T14:34:39","modified_gmt":"2024-10-29T13:34:39","slug":"lunedi-4-novembre-il-deserto-di-ghali-arriva-al-mandela-forum-di-firenze","status":"publish","type":"post","link":"https:\/\/www.intoscana.it\/it\/lunedi-4-novembre-il-deserto-di-ghali-arriva-al-mandela-forum-di-firenze\/","title":{"rendered":"Luned\u00ec 4 novembre il &#8220;deserto&#8221; di Ghali arriva al Mandela Forum di Firenze"},"content":{"rendered":"<p><strong>Luned\u00ec 4 novembre<\/strong> arriva al <strong>Mandela Forum di Firenze<\/strong> uno show internazionale quello di <strong>Ghali<\/strong>: un progetto sfidante e una macchina produttiva monumentale guidata dal <strong>Direttore Creativo Simone Ferrari,<\/strong> che guarda fuori dall\u2019Italia per giocare<strong> un campionato live tutto suo, di caratura global ed altissimo livello.<\/strong><\/p>\n<p>Il pubblico sar\u00e0 accompagnato in <strong>un viaggio in 30 brani nella storia musicale e nel vissuto di Ghali<\/strong> e portando <strong>il deserto all\u2019interno del Mandela Forum,<\/strong> con tanto di vere dune che l\u2019artista percorrer\u00e0 e plasmer\u00e0 intorno a s\u00e9, calando lo spettatore in una dimensione immaginifica.<\/p>\n<p><strong>Dal surrealismo al realismo, dai toni sognanti a quelli pi\u00f9 crudi:<\/strong> GHALI &#8211; LIVE 2024 \u00e8 m\u00e9lange di colori e sfumature, fusione di<strong> mondi diversi che vivono su uno stesso palco<\/strong>, riflettendo le mille anime di Ghali.<\/p>\n<p><iframe loading=\"lazy\" title=\"YouTube video player\" src=\"https:\/\/www.youtube.com\/embed\/fTl5nolWYWM?si=ojuAXAgjC763Ko94\" width=\"800\" height=\"500\" frameborder=\"0\" allowfullscreen=\"allowfullscreen\"><span data-mce-type=\"bookmark\" style=\"display: inline-block; width: 0px; overflow: hidden; line-height: 0;\" class=\"mce_SELRES_start\">\ufeff<\/span><\/iframe><\/p>\n<p>Nello \u00a0show si alternano<strong> momenti pop, attimi di pura magia<\/strong>, quando<strong> un\u2019imponente cascata di sabbia precipita su Ghali<\/strong> sulle note di <strong><em>Wily Wily<\/em><\/strong>; squarci dark con forti prese di posizione -su tutti <strong><em>Ora d\u2019aria<\/em><\/strong>, con una tempesta di vento che si abbatte sul podio dove Ghali tiene il suo comizio; un blocco urban per raccontare l\u2019oggi con una prospettiva pi\u00f9 trap, ospitando sul palco <strong>Lazza, Simba La Rue, Tony Effe, Pyrex e Astro<\/strong>; e momenti di festa con la hit multiplatino <strong><em>Good Times<\/em> <\/strong>-ma tutti sotto il comune denominatore dell\u2019eleganza e della contemporaneit\u00e0.<\/p>\n<p>Sul finale spazio anche per due toccanti momenti di riflessione e raccoglimento, prima con <strong><em>Bayna<\/em><\/strong> (un quadro realisticamente crudo e drammatico, con il racconto per immagini dei soccorsi alle persone in movimento in mare aperto alle spalle di Ghali, che scende nel parterre per terminare l\u2019esibizione in mezzo al pubblico) e poi con l\u2019ultimo singolo <strong><em>Niente Panico<\/em> <\/strong>a chiudere lo show, lanciando il suo messaggio di forza e resilienza in una dimensione intima ed essenziale.<\/p>\n<p>Non potr\u00e0 mancare sul palco<strong> l\u2019extraterrestre Rich Ciolino,<\/strong> che ha conquistato la scena con i suoi modi fanciulleschi e buffi fino a raggiungere <strong>Ghali sulla sanremese <em>&#8220;Casa Mia&#8221;.<\/em><\/strong><\/p>\n<figure id=\"post-362296 media-362296\" class=\"align-none\"><img decoding=\"async\" src=\"https:\/\/www.intoscana.it\/wp-content\/uploads\/foto-ghali-forum-28-ottobre-2024-prandoni-04576-scaled.jpeg\" alt=\"\" \/><\/figure>\n","protected":false},"excerpt":{"rendered":"<p>Il pubblico fiorentino sar\u00e0 accompagnato in un viaggio in 30 brani nella storia musicale e nel vissuto di Ghali che porter\u00e0 il deserto all\u2019interno del Mandela Forum, con tanto di vere dune che l\u2019artista percorrer\u00e0 e plasmer\u00e0 intorno a s\u00e9, calando lo spettatore in una dimensione immaginifica<\/p>\n","protected":false},"author":518,"featured_media":362299,"comment_status":"open","ping_status":"open","sticky":false,"template":"","format":"standard","meta":{"_acf_changed":false,"footnotes":""},"categories":[14],"tags":[216,4474,202],"class_list":["post-362286","post","type-post","status-publish","format-standard","has-post-thumbnail","hentry","category-musica","tag-concerti","tag-eventi","tag-firenze"],"acf":[],"yoast_head":"<!-- This site is optimized with the Yoast SEO Premium plugin v24.2 (Yoast SEO v25.6) - https:\/\/yoast.com\/wordpress\/plugins\/seo\/ -->\n<title>Luned\u00ec 4 novembre il &quot;deserto&quot; di Ghali arriva al Mandela Forum di Firenze - intoscana<\/title>\n<meta name=\"robots\" content=\"index, follow, max-snippet:-1, max-image-preview:large, max-video-preview:-1\" \/>\n<link rel=\"canonical\" href=\"https:\/\/www.intoscana.it\/it\/lunedi-4-novembre-il-deserto-di-ghali-arriva-al-mandela-forum-di-firenze\/\" \/>\n<meta property=\"og:locale\" content=\"it_IT\" \/>\n<meta property=\"og:type\" content=\"article\" \/>\n<meta property=\"og:title\" content=\"Luned\u00ec 4 novembre il &quot;deserto&quot; di Ghali arriva al Mandela Forum di Firenze\" \/>\n<meta property=\"og:description\" content=\"Il pubblico fiorentino sar\u00e0 accompagnato in un viaggio in 30 brani nella storia musicale e nel vissuto di Ghali che porter\u00e0 il deserto all\u2019interno del Mandela Forum, con tanto di vere dune che l\u2019artista percorrer\u00e0 e plasmer\u00e0 intorno a s\u00e9, calando lo spettatore in una dimensione immaginifica\" \/>\n<meta property=\"og:url\" content=\"https:\/\/www.intoscana.it\/it\/lunedi-4-novembre-il-deserto-di-ghali-arriva-al-mandela-forum-di-firenze\/\" \/>\n<meta property=\"og:site_name\" content=\"intoscana\" \/>\n<meta property=\"article:publisher\" content=\"https:\/\/www.facebook.com\/intoscana.it\" \/>\n<meta property=\"article:published_time\" content=\"2024-10-29T13:32:02+00:00\" \/>\n<meta property=\"article:modified_time\" content=\"2024-10-29T13:34:39+00:00\" \/>\n<meta property=\"og:image\" content=\"https:\/\/www.intoscana.it\/wp-content\/uploads\/foto-ghali-forum-28-ottobre-2024-prandoni-04204-scaled.jpeg\" \/>\n\t<meta property=\"og:image:width\" content=\"2048\" \/>\n\t<meta property=\"og:image:height\" content=\"1365\" \/>\n\t<meta property=\"og:image:type\" content=\"image\/jpeg\" \/>\n<meta name=\"author\" content=\"Costanza Baldini\" \/>\n<meta name=\"twitter:card\" content=\"summary_large_image\" \/>\n<meta name=\"twitter:creator\" content=\"@intoscana\" \/>\n<meta name=\"twitter:site\" content=\"@intoscana\" \/>\n<meta name=\"twitter:label1\" content=\"Written by\" \/>\n\t<meta name=\"twitter:data1\" content=\"Costanza Baldini\" \/>\n\t<meta name=\"twitter:label2\" content=\"Est. reading time\" \/>\n\t<meta name=\"twitter:data2\" content=\"3 minuti\" \/>\n<script type=\"application\/ld+json\" class=\"yoast-schema-graph\">{\"@context\":\"https:\/\/schema.org\",\"@graph\":[{\"@type\":\"WebPage\",\"@id\":\"https:\/\/www.intoscana.it\/it\/lunedi-4-novembre-il-deserto-di-ghali-arriva-al-mandela-forum-di-firenze\/\",\"url\":\"https:\/\/www.intoscana.it\/it\/lunedi-4-novembre-il-deserto-di-ghali-arriva-al-mandela-forum-di-firenze\/\",\"name\":\"Luned\u00ec 4 novembre il \\\"deserto\\\" di Ghali arriva al Mandela Forum di Firenze - intoscana\",\"isPartOf\":{\"@id\":\"https:\/\/www.intoscana.it\/it\/#website\"},\"primaryImageOfPage\":{\"@id\":\"https:\/\/www.intoscana.it\/it\/lunedi-4-novembre-il-deserto-di-ghali-arriva-al-mandela-forum-di-firenze\/#primaryimage\"},\"image\":{\"@id\":\"https:\/\/www.intoscana.it\/it\/lunedi-4-novembre-il-deserto-di-ghali-arriva-al-mandela-forum-di-firenze\/#primaryimage\"},\"thumbnailUrl\":\"https:\/\/www.intoscana.it\/wp-content\/uploads\/foto-ghali-forum-28-ottobre-2024-prandoni-04204-scaled.jpeg\",\"datePublished\":\"2024-10-29T13:32:02+00:00\",\"dateModified\":\"2024-10-29T13:34:39+00:00\",\"author\":{\"@id\":\"https:\/\/www.intoscana.it\/it\/#\/schema\/person\/d469f35f09739bdf00bf5dd3f0647a82\"},\"breadcrumb\":{\"@id\":\"https:\/\/www.intoscana.it\/it\/lunedi-4-novembre-il-deserto-di-ghali-arriva-al-mandela-forum-di-firenze\/#breadcrumb\"},\"inLanguage\":\"it-IT\",\"potentialAction\":[{\"@type\":\"ReadAction\",\"target\":[\"https:\/\/www.intoscana.it\/it\/lunedi-4-novembre-il-deserto-di-ghali-arriva-al-mandela-forum-di-firenze\/\"]}]},{\"@type\":\"ImageObject\",\"inLanguage\":\"it-IT\",\"@id\":\"https:\/\/www.intoscana.it\/it\/lunedi-4-novembre-il-deserto-di-ghali-arriva-al-mandela-forum-di-firenze\/#primaryimage\",\"url\":\"https:\/\/www.intoscana.it\/wp-content\/uploads\/foto-ghali-forum-28-ottobre-2024-prandoni-04204-scaled.jpeg\",\"contentUrl\":\"https:\/\/www.intoscana.it\/wp-content\/uploads\/foto-ghali-forum-28-ottobre-2024-prandoni-04204-scaled.jpeg\",\"width\":2048,\"height\":1365},{\"@type\":\"BreadcrumbList\",\"@id\":\"https:\/\/www.intoscana.it\/it\/lunedi-4-novembre-il-deserto-di-ghali-arriva-al-mandela-forum-di-firenze\/#breadcrumb\",\"itemListElement\":[{\"@type\":\"ListItem\",\"position\":1,\"name\":\"Home\",\"item\":\"https:\/\/www.intoscana.it\/it\/\"},{\"@type\":\"ListItem\",\"position\":2,\"name\":\"Luned\u00ec 4 novembre il &#8220;deserto&#8221; di Ghali arriva al Mandela Forum di Firenze\"}]},{\"@type\":\"WebSite\",\"@id\":\"https:\/\/www.intoscana.it\/it\/#website\",\"url\":\"https:\/\/www.intoscana.it\/it\/\",\"name\":\"intoscana\",\"description\":\"\",\"potentialAction\":[{\"@type\":\"SearchAction\",\"target\":{\"@type\":\"EntryPoint\",\"urlTemplate\":\"https:\/\/www.intoscana.it\/it\/?s={search_term_string}\"},\"query-input\":{\"@type\":\"PropertyValueSpecification\",\"valueRequired\":true,\"valueName\":\"search_term_string\"}}],\"inLanguage\":\"it-IT\"},{\"@type\":\"Person\",\"@id\":\"https:\/\/www.intoscana.it\/it\/#\/schema\/person\/d469f35f09739bdf00bf5dd3f0647a82\",\"name\":\"Costanza Baldini\",\"url\":\"https:\/\/www.intoscana.it\/it\/author\/costanza-baldini\/\"}]}<\/script>\n<!-- \/ Yoast SEO Premium plugin. -->","yoast_head_json":{"title":"Luned\u00ec 4 novembre il \"deserto\" di Ghali arriva al Mandela Forum di Firenze - intoscana","robots":{"index":"index","follow":"follow","max-snippet":"max-snippet:-1","max-image-preview":"max-image-preview:large","max-video-preview":"max-video-preview:-1"},"canonical":"https:\/\/www.intoscana.it\/it\/lunedi-4-novembre-il-deserto-di-ghali-arriva-al-mandela-forum-di-firenze\/","og_locale":"it_IT","og_type":"article","og_title":"Luned\u00ec 4 novembre il \"deserto\" di Ghali arriva al Mandela Forum di Firenze","og_description":"Il pubblico fiorentino sar\u00e0 accompagnato in un viaggio in 30 brani nella storia musicale e nel vissuto di Ghali che porter\u00e0 il deserto all\u2019interno del Mandela Forum, con tanto di vere dune che l\u2019artista percorrer\u00e0 e plasmer\u00e0 intorno a s\u00e9, calando lo spettatore in una dimensione immaginifica","og_url":"https:\/\/www.intoscana.it\/it\/lunedi-4-novembre-il-deserto-di-ghali-arriva-al-mandela-forum-di-firenze\/","og_site_name":"intoscana","article_publisher":"https:\/\/www.facebook.com\/intoscana.it","article_published_time":"2024-10-29T13:32:02+00:00","article_modified_time":"2024-10-29T13:34:39+00:00","og_image":[{"width":2048,"height":1365,"url":"https:\/\/www.intoscana.it\/wp-content\/uploads\/foto-ghali-forum-28-ottobre-2024-prandoni-04204-scaled.jpeg","type":"image\/jpeg"}],"author":"Costanza Baldini","twitter_card":"summary_large_image","twitter_creator":"@intoscana","twitter_site":"@intoscana","twitter_misc":{"Written by":"Costanza Baldini","Est. reading time":"3 minuti"},"schema":{"@context":"https:\/\/schema.org","@graph":[{"@type":"WebPage","@id":"https:\/\/www.intoscana.it\/it\/lunedi-4-novembre-il-deserto-di-ghali-arriva-al-mandela-forum-di-firenze\/","url":"https:\/\/www.intoscana.it\/it\/lunedi-4-novembre-il-deserto-di-ghali-arriva-al-mandela-forum-di-firenze\/","name":"Luned\u00ec 4 novembre il \"deserto\" di Ghali arriva al Mandela Forum di Firenze - intoscana","isPartOf":{"@id":"https:\/\/www.intoscana.it\/it\/#website"},"primaryImageOfPage":{"@id":"https:\/\/www.intoscana.it\/it\/lunedi-4-novembre-il-deserto-di-ghali-arriva-al-mandela-forum-di-firenze\/#primaryimage"},"image":{"@id":"https:\/\/www.intoscana.it\/it\/lunedi-4-novembre-il-deserto-di-ghali-arriva-al-mandela-forum-di-firenze\/#primaryimage"},"thumbnailUrl":"https:\/\/www.intoscana.it\/wp-content\/uploads\/foto-ghali-forum-28-ottobre-2024-prandoni-04204-scaled.jpeg","datePublished":"2024-10-29T13:32:02+00:00","dateModified":"2024-10-29T13:34:39+00:00","author":{"@id":"https:\/\/www.intoscana.it\/it\/#\/schema\/person\/d469f35f09739bdf00bf5dd3f0647a82"},"breadcrumb":{"@id":"https:\/\/www.intoscana.it\/it\/lunedi-4-novembre-il-deserto-di-ghali-arriva-al-mandela-forum-di-firenze\/#breadcrumb"},"inLanguage":"it-IT","potentialAction":[{"@type":"ReadAction","target":["https:\/\/www.intoscana.it\/it\/lunedi-4-novembre-il-deserto-di-ghali-arriva-al-mandela-forum-di-firenze\/"]}]},{"@type":"ImageObject","inLanguage":"it-IT","@id":"https:\/\/www.intoscana.it\/it\/lunedi-4-novembre-il-deserto-di-ghali-arriva-al-mandela-forum-di-firenze\/#primaryimage","url":"https:\/\/www.intoscana.it\/wp-content\/uploads\/foto-ghali-forum-28-ottobre-2024-prandoni-04204-scaled.jpeg","contentUrl":"https:\/\/www.intoscana.it\/wp-content\/uploads\/foto-ghali-forum-28-ottobre-2024-prandoni-04204-scaled.jpeg","width":2048,"height":1365},{"@type":"BreadcrumbList","@id":"https:\/\/www.intoscana.it\/it\/lunedi-4-novembre-il-deserto-di-ghali-arriva-al-mandela-forum-di-firenze\/#breadcrumb","itemListElement":[{"@type":"ListItem","position":1,"name":"Home","item":"https:\/\/www.intoscana.it\/it\/"},{"@type":"ListItem","position":2,"name":"Luned\u00ec 4 novembre il &#8220;deserto&#8221; di Ghali arriva al Mandela Forum di Firenze"}]},{"@type":"WebSite","@id":"https:\/\/www.intoscana.it\/it\/#website","url":"https:\/\/www.intoscana.it\/it\/","name":"intoscana","description":"","potentialAction":[{"@type":"SearchAction","target":{"@type":"EntryPoint","urlTemplate":"https:\/\/www.intoscana.it\/it\/?s={search_term_string}"},"query-input":{"@type":"PropertyValueSpecification","valueRequired":true,"valueName":"search_term_string"}}],"inLanguage":"it-IT"},{"@type":"Person","@id":"https:\/\/www.intoscana.it\/it\/#\/schema\/person\/d469f35f09739bdf00bf5dd3f0647a82","name":"Costanza Baldini","url":"https:\/\/www.intoscana.it\/it\/author\/costanza-baldini\/"}]}},"_links":{"self":[{"href":"https:\/\/www.intoscana.it\/it\/wp-json\/wp\/v2\/posts\/362286","targetHints":{"allow":["GET"]}}],"collection":[{"href":"https:\/\/www.intoscana.it\/it\/wp-json\/wp\/v2\/posts"}],"about":[{"href":"https:\/\/www.intoscana.it\/it\/wp-json\/wp\/v2\/types\/post"}],"author":[{"embeddable":true,"href":"https:\/\/www.intoscana.it\/it\/wp-json\/wp\/v2\/users\/518"}],"replies":[{"embeddable":true,"href":"https:\/\/www.intoscana.it\/it\/wp-json\/wp\/v2\/comments?post=362286"}],"version-history":[{"count":6,"href":"https:\/\/www.intoscana.it\/it\/wp-json\/wp\/v2\/posts\/362286\/revisions"}],"predecessor-version":[{"id":362317,"href":"https:\/\/www.intoscana.it\/it\/wp-json\/wp\/v2\/posts\/362286\/revisions\/362317"}],"wp:featuredmedia":[{"embeddable":true,"href":"https:\/\/www.intoscana.it\/it\/wp-json\/wp\/v2\/media\/362299"}],"wp:attachment":[{"href":"https:\/\/www.intoscana.it\/it\/wp-json\/wp\/v2\/media?parent=362286"}],"wp:term":[{"taxonomy":"category","embeddable":true,"href":"https:\/\/www.intoscana.it\/it\/wp-json\/wp\/v2\/categories?post=362286"},{"taxonomy":"post_tag","embeddable":true,"href":"https:\/\/www.intoscana.it\/it\/wp-json\/wp\/v2\/tags?post=362286"}],"curies":[{"name":"wp","href":"https:\/\/api.w.org\/{rel}","templated":true}]}}