{"id":362320,"date":"2024-10-29T16:37:44","date_gmt":"2024-10-29T15:37:44","guid":{"rendered":"https:\/\/www.intoscana.it\/it\/?p=362320"},"modified":"2024-10-29T16:37:44","modified_gmt":"2024-10-29T15:37:44","slug":"la-rari-nantes-florentia-come-la-fenice-pronta-a-ripartire-con-la-guida-di-andrea-pieri","status":"publish","type":"post","link":"https:\/\/www.intoscana.it\/it\/la-rari-nantes-florentia-come-la-fenice-pronta-a-ripartire-con-la-guida-di-andrea-pieri\/","title":{"rendered":"La Rari Nantes Florentia come la fenice: pronta a ripartire con la guida di Andrea Pieri"},"content":{"rendered":"<p>Al suo quinto mandato, sar\u00e0 ancora <strong>Andrea Pieri<\/strong> alla guida della <strong>Rari Nantes Florentia<\/strong>, l&#8217;associazione natatoria italiana pi\u00f9 longeva e pi\u00f9 vincente, nata 121 anni fa sulla <strong>riva sinistra dell&#8217;Arno<\/strong>. Realt\u00e0 che ogni giorno si dedica alla promozione sportiva nei sette impianti che gestisce. Ed \u00e8 proprio sulla <strong>Terrazza Rarini,<\/strong> che presto sar\u00e0 al centro di un importante intervento di riqualificazione, dopo un lungo contenzioso che si \u00e8 risolto proprio in favore della Rari, \u00e8 stato presentato il <strong>nuovo consiglio direttivo<\/strong> alla guida della societ\u00e0 e gli <strong>obiettivi<\/strong> per la stagione sportiva.<\/p>\n<p>Come presidente \u00e8 stato riconfermato Andrea Pieri, al suo quinto mandato consecutivo, personaggio di spicco del mondo natatorio e che \u00e8 stato riconfermato anche <strong>vicepresidente della Federazione Italiana Nuoto<\/strong>. Con lui ci sono l&#8217;ex stella azzurra della pallanuoto e vicepresidente <strong>Riccardo Tempestini<\/strong> che si occuper\u00e0 di coordinare le attivit\u00e0 sportive, dalla pallanuoto alla scuola nuoto con un occhio attento sul reclutamento, c&#8217;\u00e8 poi l&#8217;altro vicepresidente l&#8217;imprenditore <strong>Roberto Raggi<\/strong>, il giornalista <strong>Simone Boldi come<\/strong> segretario e deleghe alla comunicazione, <strong>Andrea Nesti<\/strong> per la pallanuoto femminile e la waterpolo ability, <strong>Roberto Turchini<\/strong> per la pallanuoto maschile, <strong>Paolo Biagioli<\/strong> per il nuoto, questi tre ultimi sono stati confermati come consiglieri. A loro si aggiungono delle new entry: <strong>Marco Nocentini Pellegrini<\/strong> con delega agli impianti in gestione,<strong> Stefano Luporini <\/strong>per il nuoto master e rapporti sportivi e infine <strong>Massimo Borselli<\/strong> per il nuoto artistico.<\/p>\n<p>Sotto l&#8217;attenta guida di Pieri la Rari Nantes ha colto numerosi successi, Firenze \u00e8 infatti uno dei centri federali dove si allenato atleti di punta e del futuro della nazionale azzurra, tra questi <strong>Lorenzo Zazzeri, Matteo Restivo e Filippo Megli<\/strong>, senza dimenticare i giovani che stanno inanellando un successo dietro l&#8217;altro come Irene Mati, Emma Vittoria Giannelli e Giulia Pascareanu. La squadra di <strong>pallanuoto maschile<\/strong>, dopo tre anni in purgatorio, \u00e8 tornata a disputare la massima serie del campionato italiano e punta a rimanerci, ma anche la <strong>pallanuoto paralimpica<\/strong> che ha conquistato per il quarto anno consecutivo la Coppa Italia, ma che si dimostra un progetto fondamentale di inclusione sociale delle persone con disabilit\u00e0. Gli obiettivi per il futuro a breve termine sono proprio quelli di continuare ad investire non solo nel pre e nell&#8217;agonismo ma avvicinare sempre pi\u00f9 bambini e bambine allo sport e alle varie <strong>discipline del nuoto<\/strong>. Sono oltre 50 le atlete e atleti che si dedicato al <strong>nuoto artistico<\/strong> sia a livello amatoriale che agonistico con l&#8217;obiettivo di portare un Campionato italiano proprio nella citt\u00e0 gigliata. Le prospettive non finiscono qui, la Rari punta infatti a creare e rafforzare le <strong>collaborazioni con le societ\u00e0 sportive<\/strong> dentro e fuori la vasca.<\/p>\n<p>Senza dimenticare l&#8217;impegno sociale della societ\u00e0 che Pieri ha portato avanti attraverso l&#8217;associazione onlus &#8220;<strong>Rarini per Amore<\/strong>&#8221; fondata nel nome della moglie Monica scomparsa a marzo 2019, per sostenere le famiglie bisognose all&#8217;avviamento alla pratica sportiva.<\/p>\n<p>Oggi la Rari Nantes Florentia gestisce<strong>\u00a0sette impianti sportivi tra Firenze e provincia<\/strong>: la piscina Nannini di Bellariva, la piscina e la palestra dello Stadio Franchi, la piscina Gigi Raspini, la comunale di Pontassieve, quella di Castelfiorentino e la piscina comunale di Impruneta, con in totale oltre 200 soci e 580 atleti tesserati, numero che il consiglio si impegna a far crescere ulteriormente.<\/p>\n","protected":false},"excerpt":{"rendered":"<p>La societ\u00e0 biancorossa presenta il nuovo consiglio direttivo e gli obiettivi per la stagione sportiva per avvicinare ancora pi\u00f9 persone e bambini alla pratica del nuoto<\/p>\n","protected":false},"author":507,"featured_media":362368,"comment_status":"open","ping_status":"open","sticky":false,"template":"","format":"standard","meta":{"_acf_changed":false,"footnotes":""},"categories":[494],"tags":[202,6505,159],"class_list":["post-362320","post","type-post","status-publish","format-standard","has-post-thumbnail","hentry","category-attualita","tag-firenze","tag-nuoto","tag-sport"],"acf":[],"yoast_head":"<!-- This site is optimized with the Yoast SEO Premium plugin v24.2 (Yoast SEO v25.6) - https:\/\/yoast.com\/wordpress\/plugins\/seo\/ -->\n<title>La Rari Nantes Florentia come la fenice: pronta a ripartire con la guida di Andrea Pieri - intoscana<\/title>\n<meta name=\"robots\" content=\"index, follow, max-snippet:-1, max-image-preview:large, max-video-preview:-1\" \/>\n<link rel=\"canonical\" href=\"https:\/\/www.intoscana.it\/it\/la-rari-nantes-florentia-come-la-fenice-pronta-a-ripartire-con-la-guida-di-andrea-pieri\/\" \/>\n<meta property=\"og:locale\" content=\"it_IT\" \/>\n<meta property=\"og:type\" content=\"article\" \/>\n<meta property=\"og:title\" content=\"La Rari Nantes Florentia come la fenice: pronta a ripartire con la guida di Andrea Pieri\" \/>\n<meta property=\"og:description\" content=\"La societ\u00e0 biancorossa presenta il nuovo consiglio direttivo e gli obiettivi per la stagione sportiva per avvicinare ancora pi\u00f9 persone e bambini alla pratica del nuoto\" \/>\n<meta property=\"og:url\" content=\"https:\/\/www.intoscana.it\/it\/la-rari-nantes-florentia-come-la-fenice-pronta-a-ripartire-con-la-guida-di-andrea-pieri\/\" \/>\n<meta property=\"og:site_name\" content=\"intoscana\" \/>\n<meta property=\"article:publisher\" content=\"https:\/\/www.facebook.com\/intoscana.it\" \/>\n<meta property=\"article:published_time\" content=\"2024-10-29T15:37:44+00:00\" \/>\n<meta property=\"og:image\" content=\"https:\/\/www.intoscana.it\/wp-content\/uploads\/rarinantes-pieri-scaled.jpeg\" \/>\n\t<meta property=\"og:image:width\" content=\"2048\" \/>\n\t<meta property=\"og:image:height\" content=\"1152\" \/>\n\t<meta property=\"og:image:type\" content=\"image\/jpeg\" \/>\n<meta name=\"author\" content=\"Chiara Bianchini\" \/>\n<meta name=\"twitter:card\" content=\"summary_large_image\" \/>\n<meta name=\"twitter:creator\" content=\"@intoscana\" \/>\n<meta name=\"twitter:site\" content=\"@intoscana\" \/>\n<meta name=\"twitter:label1\" content=\"Written by\" \/>\n\t<meta name=\"twitter:data1\" content=\"Chiara Bianchini\" \/>\n\t<meta name=\"twitter:label2\" content=\"Est. reading time\" \/>\n\t<meta name=\"twitter:data2\" content=\"4 minuti\" \/>\n<script type=\"application\/ld+json\" class=\"yoast-schema-graph\">{\"@context\":\"https:\/\/schema.org\",\"@graph\":[{\"@type\":\"WebPage\",\"@id\":\"https:\/\/www.intoscana.it\/it\/la-rari-nantes-florentia-come-la-fenice-pronta-a-ripartire-con-la-guida-di-andrea-pieri\/\",\"url\":\"https:\/\/www.intoscana.it\/it\/la-rari-nantes-florentia-come-la-fenice-pronta-a-ripartire-con-la-guida-di-andrea-pieri\/\",\"name\":\"La Rari Nantes Florentia come la fenice: pronta a ripartire con la guida di Andrea Pieri - intoscana\",\"isPartOf\":{\"@id\":\"https:\/\/www.intoscana.it\/it\/#website\"},\"primaryImageOfPage\":{\"@id\":\"https:\/\/www.intoscana.it\/it\/la-rari-nantes-florentia-come-la-fenice-pronta-a-ripartire-con-la-guida-di-andrea-pieri\/#primaryimage\"},\"image\":{\"@id\":\"https:\/\/www.intoscana.it\/it\/la-rari-nantes-florentia-come-la-fenice-pronta-a-ripartire-con-la-guida-di-andrea-pieri\/#primaryimage\"},\"thumbnailUrl\":\"https:\/\/www.intoscana.it\/wp-content\/uploads\/rarinantes-pieri-scaled.jpeg\",\"datePublished\":\"2024-10-29T15:37:44+00:00\",\"author\":{\"@id\":\"https:\/\/www.intoscana.it\/it\/#\/schema\/person\/010af92117f50561886339ad5b873a41\"},\"breadcrumb\":{\"@id\":\"https:\/\/www.intoscana.it\/it\/la-rari-nantes-florentia-come-la-fenice-pronta-a-ripartire-con-la-guida-di-andrea-pieri\/#breadcrumb\"},\"inLanguage\":\"it-IT\",\"potentialAction\":[{\"@type\":\"ReadAction\",\"target\":[\"https:\/\/www.intoscana.it\/it\/la-rari-nantes-florentia-come-la-fenice-pronta-a-ripartire-con-la-guida-di-andrea-pieri\/\"]}]},{\"@type\":\"ImageObject\",\"inLanguage\":\"it-IT\",\"@id\":\"https:\/\/www.intoscana.it\/it\/la-rari-nantes-florentia-come-la-fenice-pronta-a-ripartire-con-la-guida-di-andrea-pieri\/#primaryimage\",\"url\":\"https:\/\/www.intoscana.it\/wp-content\/uploads\/rarinantes-pieri-scaled.jpeg\",\"contentUrl\":\"https:\/\/www.intoscana.it\/wp-content\/uploads\/rarinantes-pieri-scaled.jpeg\",\"width\":2048,\"height\":1152},{\"@type\":\"BreadcrumbList\",\"@id\":\"https:\/\/www.intoscana.it\/it\/la-rari-nantes-florentia-come-la-fenice-pronta-a-ripartire-con-la-guida-di-andrea-pieri\/#breadcrumb\",\"itemListElement\":[{\"@type\":\"ListItem\",\"position\":1,\"name\":\"Home\",\"item\":\"https:\/\/www.intoscana.it\/it\/\"},{\"@type\":\"ListItem\",\"position\":2,\"name\":\"La Rari Nantes Florentia come la fenice: pronta a ripartire con la guida di Andrea Pieri\"}]},{\"@type\":\"WebSite\",\"@id\":\"https:\/\/www.intoscana.it\/it\/#website\",\"url\":\"https:\/\/www.intoscana.it\/it\/\",\"name\":\"intoscana\",\"description\":\"\",\"potentialAction\":[{\"@type\":\"SearchAction\",\"target\":{\"@type\":\"EntryPoint\",\"urlTemplate\":\"https:\/\/www.intoscana.it\/it\/?s={search_term_string}\"},\"query-input\":{\"@type\":\"PropertyValueSpecification\",\"valueRequired\":true,\"valueName\":\"search_term_string\"}}],\"inLanguage\":\"it-IT\"},{\"@type\":\"Person\",\"@id\":\"https:\/\/www.intoscana.it\/it\/#\/schema\/person\/010af92117f50561886339ad5b873a41\",\"name\":\"Chiara Bianchini\",\"sameAs\":[\"c.bianchini@fst.it\"],\"url\":\"https:\/\/www.intoscana.it\/it\/author\/chiara-bianchini\/\"}]}<\/script>\n<!-- \/ Yoast SEO Premium plugin. -->","yoast_head_json":{"title":"La Rari Nantes Florentia come la fenice: pronta a ripartire con la guida di Andrea Pieri - intoscana","robots":{"index":"index","follow":"follow","max-snippet":"max-snippet:-1","max-image-preview":"max-image-preview:large","max-video-preview":"max-video-preview:-1"},"canonical":"https:\/\/www.intoscana.it\/it\/la-rari-nantes-florentia-come-la-fenice-pronta-a-ripartire-con-la-guida-di-andrea-pieri\/","og_locale":"it_IT","og_type":"article","og_title":"La Rari Nantes Florentia come la fenice: pronta a ripartire con la guida di Andrea Pieri","og_description":"La societ\u00e0 biancorossa presenta il nuovo consiglio direttivo e gli obiettivi per la stagione sportiva per avvicinare ancora pi\u00f9 persone e bambini alla pratica del nuoto","og_url":"https:\/\/www.intoscana.it\/it\/la-rari-nantes-florentia-come-la-fenice-pronta-a-ripartire-con-la-guida-di-andrea-pieri\/","og_site_name":"intoscana","article_publisher":"https:\/\/www.facebook.com\/intoscana.it","article_published_time":"2024-10-29T15:37:44+00:00","og_image":[{"width":2048,"height":1152,"url":"https:\/\/www.intoscana.it\/wp-content\/uploads\/rarinantes-pieri-scaled.jpeg","type":"image\/jpeg"}],"author":"Chiara Bianchini","twitter_card":"summary_large_image","twitter_creator":"@intoscana","twitter_site":"@intoscana","twitter_misc":{"Written by":"Chiara Bianchini","Est. reading time":"4 minuti"},"schema":{"@context":"https:\/\/schema.org","@graph":[{"@type":"WebPage","@id":"https:\/\/www.intoscana.it\/it\/la-rari-nantes-florentia-come-la-fenice-pronta-a-ripartire-con-la-guida-di-andrea-pieri\/","url":"https:\/\/www.intoscana.it\/it\/la-rari-nantes-florentia-come-la-fenice-pronta-a-ripartire-con-la-guida-di-andrea-pieri\/","name":"La Rari Nantes Florentia come la fenice: pronta a ripartire con la guida di Andrea Pieri - intoscana","isPartOf":{"@id":"https:\/\/www.intoscana.it\/it\/#website"},"primaryImageOfPage":{"@id":"https:\/\/www.intoscana.it\/it\/la-rari-nantes-florentia-come-la-fenice-pronta-a-ripartire-con-la-guida-di-andrea-pieri\/#primaryimage"},"image":{"@id":"https:\/\/www.intoscana.it\/it\/la-rari-nantes-florentia-come-la-fenice-pronta-a-ripartire-con-la-guida-di-andrea-pieri\/#primaryimage"},"thumbnailUrl":"https:\/\/www.intoscana.it\/wp-content\/uploads\/rarinantes-pieri-scaled.jpeg","datePublished":"2024-10-29T15:37:44+00:00","author":{"@id":"https:\/\/www.intoscana.it\/it\/#\/schema\/person\/010af92117f50561886339ad5b873a41"},"breadcrumb":{"@id":"https:\/\/www.intoscana.it\/it\/la-rari-nantes-florentia-come-la-fenice-pronta-a-ripartire-con-la-guida-di-andrea-pieri\/#breadcrumb"},"inLanguage":"it-IT","potentialAction":[{"@type":"ReadAction","target":["https:\/\/www.intoscana.it\/it\/la-rari-nantes-florentia-come-la-fenice-pronta-a-ripartire-con-la-guida-di-andrea-pieri\/"]}]},{"@type":"ImageObject","inLanguage":"it-IT","@id":"https:\/\/www.intoscana.it\/it\/la-rari-nantes-florentia-come-la-fenice-pronta-a-ripartire-con-la-guida-di-andrea-pieri\/#primaryimage","url":"https:\/\/www.intoscana.it\/wp-content\/uploads\/rarinantes-pieri-scaled.jpeg","contentUrl":"https:\/\/www.intoscana.it\/wp-content\/uploads\/rarinantes-pieri-scaled.jpeg","width":2048,"height":1152},{"@type":"BreadcrumbList","@id":"https:\/\/www.intoscana.it\/it\/la-rari-nantes-florentia-come-la-fenice-pronta-a-ripartire-con-la-guida-di-andrea-pieri\/#breadcrumb","itemListElement":[{"@type":"ListItem","position":1,"name":"Home","item":"https:\/\/www.intoscana.it\/it\/"},{"@type":"ListItem","position":2,"name":"La Rari Nantes Florentia come la fenice: pronta a ripartire con la guida di Andrea Pieri"}]},{"@type":"WebSite","@id":"https:\/\/www.intoscana.it\/it\/#website","url":"https:\/\/www.intoscana.it\/it\/","name":"intoscana","description":"","potentialAction":[{"@type":"SearchAction","target":{"@type":"EntryPoint","urlTemplate":"https:\/\/www.intoscana.it\/it\/?s={search_term_string}"},"query-input":{"@type":"PropertyValueSpecification","valueRequired":true,"valueName":"search_term_string"}}],"inLanguage":"it-IT"},{"@type":"Person","@id":"https:\/\/www.intoscana.it\/it\/#\/schema\/person\/010af92117f50561886339ad5b873a41","name":"Chiara Bianchini","sameAs":["c.bianchini@fst.it"],"url":"https:\/\/www.intoscana.it\/it\/author\/chiara-bianchini\/"}]}},"_links":{"self":[{"href":"https:\/\/www.intoscana.it\/it\/wp-json\/wp\/v2\/posts\/362320","targetHints":{"allow":["GET"]}}],"collection":[{"href":"https:\/\/www.intoscana.it\/it\/wp-json\/wp\/v2\/posts"}],"about":[{"href":"https:\/\/www.intoscana.it\/it\/wp-json\/wp\/v2\/types\/post"}],"author":[{"embeddable":true,"href":"https:\/\/www.intoscana.it\/it\/wp-json\/wp\/v2\/users\/507"}],"replies":[{"embeddable":true,"href":"https:\/\/www.intoscana.it\/it\/wp-json\/wp\/v2\/comments?post=362320"}],"version-history":[{"count":1,"href":"https:\/\/www.intoscana.it\/it\/wp-json\/wp\/v2\/posts\/362320\/revisions"}],"predecessor-version":[{"id":362370,"href":"https:\/\/www.intoscana.it\/it\/wp-json\/wp\/v2\/posts\/362320\/revisions\/362370"}],"wp:featuredmedia":[{"embeddable":true,"href":"https:\/\/www.intoscana.it\/it\/wp-json\/wp\/v2\/media\/362368"}],"wp:attachment":[{"href":"https:\/\/www.intoscana.it\/it\/wp-json\/wp\/v2\/media?parent=362320"}],"wp:term":[{"taxonomy":"category","embeddable":true,"href":"https:\/\/www.intoscana.it\/it\/wp-json\/wp\/v2\/categories?post=362320"},{"taxonomy":"post_tag","embeddable":true,"href":"https:\/\/www.intoscana.it\/it\/wp-json\/wp\/v2\/tags?post=362320"}],"curies":[{"name":"wp","href":"https:\/\/api.w.org\/{rel}","templated":true}]}}