{"id":362481,"date":"2024-10-30T14:29:33","date_gmt":"2024-10-30T13:29:33","guid":{"rendered":"https:\/\/www.intoscana.it\/it\/?p=362481"},"modified":"2024-10-30T17:12:27","modified_gmt":"2024-10-30T16:12:27","slug":"lucca-comics-treno-legend-of-zelda","status":"publish","type":"post","link":"https:\/\/www.intoscana.it\/it\/lucca-comics-treno-legend-of-zelda\/","title":{"rendered":"Il regionale tributo a The Legend of Zelda \u00e8 in partenza per il Lucca Comics 2024"},"content":{"rendered":"<p>La livrea \u00e8 quella riconoscibilissima di\u00a0 <strong>\u201cThe Legend of Zelda\u201d<\/strong> e quello in sosta questa mattina, 30 ottobre, alla stazione di Lucca era <mark>il primo treno al mondo dedicato alla leggendaria saga di videogiochi <\/mark>.<\/p>\n<p>Il motivo di questa &#8220;creazione&#8221; si intuisce facilmente: quel treno <mark>accompagner\u00e0 fan e appassionati al Lucca Comics <\/mark>, appuntamento ormai imperdibile del mondo del fumetto, del gioco da tavolo, del videogioco, dell\u2019illustrazione, del cinema e serie televisive, in corso di svolgimento a Lucca fino al 3 novembre.<\/p>\n<h3>Il regionale &#8220;di Zelda&#8221;<\/h3>\n<p>Il treno-tributo, dedicato al recente capitolo della saga di The Legend of Zelda, nato dalla speciale collaborazione tra <strong>Regionale<\/strong> (nuovo brand dei treni di Trenitalia) e <strong>Nintendo Italia<\/strong>, dopo le tappe di Roma e Napoli, si \u00e8 fermato questa mattina al binario 1 della stazione di Lucca per accogliere gli appassionati che sono potuti salire a bordo del mezzo, <strong>personalizzato anche internamente<\/strong> con i personaggi del gioco The Legend of Zelda: Tears of the Kingdom.<\/p>\n<p><mark>Il treno circoler\u00e0 nei prossimi giorni sulle tratte Firenze SMN-Lucca-Viareggio e Lucca-Pisa, e rientra tra i <a href=\"https:\/\/www.intoscana.it\/it\/treni-straordinari-lucca-comics-2024\/\">120 collegamenti<\/a> che collegano giornalmente Lucca dalle citt\u00e0 di Firenze e Pisa in occasione del Lucca Comics <\/mark>.<\/p>\n<h3>The Legend of Zelda<\/h3>\n<p><strong>The Legend of Zelda: Tears of the Kingdom<\/strong> \u00e8 l\u2019emozionante avventura<strong> open world<\/strong> ambientata nel regno di Hyrule, uscita lo scorso maggio solo sulla famiglia di console Nintendo Switch.<\/p>\n<p>Vincitore del premio \u201c<strong>miglior videogioco d\u2019azione e avventura<\/strong>\u201d ai The Game Awards 2023, questo ultimo capitolo permette di seguire le gesta dell\u2019eroe Link, pronto a continuare la sua avventura iniziata in The Legend of Zelda: Breath of the Wild e a rivelare la verit\u00e0 sulla catastrofe che ha gettato il mondo nel caos.<\/p>\n<p>Con The Legend of Zelda: Tears of the Kingdom, i confini del regno di Hyrule si sono espansi in tutte le direzioni, grazie all\u2019introduzione di isole sospese nel cielo e grotte da scoprire ed esplorare liberamente. L\u2019esperienza di gioco si \u00e8 amplificata anche grazie alle nuove abilit\u00e0 del protagonista Link e la creativit\u00e0 del giocatore \u00e8 stata messa al centro dell\u2019attenzione con l\u2019introduzione di meccaniche che hanno definito nuovi standard di eccellenza nell\u2019ambito dello sviluppo di videogiochi.<\/p>\n","protected":false},"excerpt":{"rendered":"<p>Il treno circoler\u00e0 sulle tratte Firenze SMN-Lucca-Viareggio e Lucca-Pisa, e rientra tra i 120 collegamenti attivati in occasione del Lucca Comics<\/p>\n","protected":false},"author":503,"featured_media":362491,"comment_status":"open","ping_status":"open","sticky":false,"template":"","format":"standard","meta":{"_acf_changed":false,"footnotes":""},"categories":[494],"tags":[170,4539,1577,237],"class_list":["post-362481","post","type-post","status-publish","format-standard","has-post-thumbnail","hentry","category-attualita","tag-lucca","tag-lucca-comics","tag-muoversi-in-toscana","tag-trenitalia"],"acf":[],"yoast_head":"<!-- This site is optimized with the Yoast SEO Premium plugin v24.2 (Yoast SEO v25.6) - https:\/\/yoast.com\/wordpress\/plugins\/seo\/ -->\n<title>Il regionale tributo a The Legend of Zelda \u00e8 in partenza per il Lucca Comics 2024 - intoscana<\/title>\n<meta name=\"description\" content=\"Il treno circoler\u00e0 sulle tratte Firenze-Lucca-Viareggio e Lucca-Pisa e rientra tra i 120 collegamenti attivati in occasione del Lucca Comics\" \/>\n<meta name=\"robots\" content=\"index, follow, max-snippet:-1, max-image-preview:large, max-video-preview:-1\" \/>\n<link rel=\"canonical\" href=\"https:\/\/www.intoscana.it\/it\/lucca-comics-treno-legend-of-zelda\/\" \/>\n<meta property=\"og:locale\" content=\"it_IT\" \/>\n<meta property=\"og:type\" content=\"article\" \/>\n<meta property=\"og:title\" content=\"Il regionale tributo a The Legend of Zelda \u00e8 in partenza per il Lucca Comics 2024\" \/>\n<meta property=\"og:description\" content=\"Il treno circoler\u00e0 sulle tratte Firenze-Lucca-Viareggio e Lucca-Pisa e rientra tra i 120 collegamenti attivati in occasione del Lucca Comics\" \/>\n<meta property=\"og:url\" content=\"https:\/\/www.intoscana.it\/it\/lucca-comics-treno-legend-of-zelda\/\" \/>\n<meta property=\"og:site_name\" content=\"intoscana\" \/>\n<meta property=\"article:publisher\" content=\"https:\/\/www.facebook.com\/intoscana.it\" \/>\n<meta property=\"article:published_time\" content=\"2024-10-30T13:29:33+00:00\" \/>\n<meta property=\"article:modified_time\" content=\"2024-10-30T16:12:27+00:00\" \/>\n<meta property=\"og:image\" content=\"https:\/\/www.intoscana.it\/wp-content\/uploads\/treno-Trenitalia-Nintendo-Lucca-Comics-8-1.jpg\" \/>\n\t<meta property=\"og:image:width\" content=\"1280\" \/>\n\t<meta property=\"og:image:height\" content=\"835\" \/>\n\t<meta property=\"og:image:type\" content=\"image\/jpeg\" \/>\n<meta name=\"author\" content=\"Giulia Rafanelli\" \/>\n<meta name=\"twitter:card\" content=\"summary_large_image\" \/>\n<meta name=\"twitter:creator\" content=\"@intoscana\" \/>\n<meta name=\"twitter:site\" content=\"@intoscana\" \/>\n<meta name=\"twitter:label1\" content=\"Written by\" \/>\n\t<meta name=\"twitter:data1\" content=\"Giulia Rafanelli\" \/>\n\t<meta name=\"twitter:label2\" content=\"Est. reading time\" \/>\n\t<meta name=\"twitter:data2\" content=\"3 minuti\" \/>\n<script type=\"application\/ld+json\" class=\"yoast-schema-graph\">{\"@context\":\"https:\/\/schema.org\",\"@graph\":[{\"@type\":\"WebPage\",\"@id\":\"https:\/\/www.intoscana.it\/it\/lucca-comics-treno-legend-of-zelda\/\",\"url\":\"https:\/\/www.intoscana.it\/it\/lucca-comics-treno-legend-of-zelda\/\",\"name\":\"Il regionale tributo a The Legend of Zelda \u00e8 in partenza per il Lucca Comics 2024 - intoscana\",\"isPartOf\":{\"@id\":\"https:\/\/www.intoscana.it\/it\/#website\"},\"primaryImageOfPage\":{\"@id\":\"https:\/\/www.intoscana.it\/it\/lucca-comics-treno-legend-of-zelda\/#primaryimage\"},\"image\":{\"@id\":\"https:\/\/www.intoscana.it\/it\/lucca-comics-treno-legend-of-zelda\/#primaryimage\"},\"thumbnailUrl\":\"https:\/\/www.intoscana.it\/wp-content\/uploads\/treno-Trenitalia-Nintendo-Lucca-Comics-8-1.jpg\",\"datePublished\":\"2024-10-30T13:29:33+00:00\",\"dateModified\":\"2024-10-30T16:12:27+00:00\",\"author\":{\"@id\":\"https:\/\/www.intoscana.it\/it\/#\/schema\/person\/333569b367b301e30262defcea56c939\"},\"description\":\"Il treno circoler\u00e0 sulle tratte Firenze-Lucca-Viareggio e Lucca-Pisa e rientra tra i 120 collegamenti attivati in occasione del Lucca Comics\",\"breadcrumb\":{\"@id\":\"https:\/\/www.intoscana.it\/it\/lucca-comics-treno-legend-of-zelda\/#breadcrumb\"},\"inLanguage\":\"it-IT\",\"potentialAction\":[{\"@type\":\"ReadAction\",\"target\":[\"https:\/\/www.intoscana.it\/it\/lucca-comics-treno-legend-of-zelda\/\"]}]},{\"@type\":\"ImageObject\",\"inLanguage\":\"it-IT\",\"@id\":\"https:\/\/www.intoscana.it\/it\/lucca-comics-treno-legend-of-zelda\/#primaryimage\",\"url\":\"https:\/\/www.intoscana.it\/wp-content\/uploads\/treno-Trenitalia-Nintendo-Lucca-Comics-8-1.jpg\",\"contentUrl\":\"https:\/\/www.intoscana.it\/wp-content\/uploads\/treno-Trenitalia-Nintendo-Lucca-Comics-8-1.jpg\",\"width\":1280,\"height\":835,\"caption\":\"Il Regionale tributo a he Legend of Zelda per il Lucca Comics 2024\"},{\"@type\":\"BreadcrumbList\",\"@id\":\"https:\/\/www.intoscana.it\/it\/lucca-comics-treno-legend-of-zelda\/#breadcrumb\",\"itemListElement\":[{\"@type\":\"ListItem\",\"position\":1,\"name\":\"Home\",\"item\":\"https:\/\/www.intoscana.it\/it\/\"},{\"@type\":\"ListItem\",\"position\":2,\"name\":\"Il regionale tributo a The Legend of Zelda \u00e8 in partenza per il Lucca Comics 2024\"}]},{\"@type\":\"WebSite\",\"@id\":\"https:\/\/www.intoscana.it\/it\/#website\",\"url\":\"https:\/\/www.intoscana.it\/it\/\",\"name\":\"intoscana\",\"description\":\"\",\"potentialAction\":[{\"@type\":\"SearchAction\",\"target\":{\"@type\":\"EntryPoint\",\"urlTemplate\":\"https:\/\/www.intoscana.it\/it\/?s={search_term_string}\"},\"query-input\":{\"@type\":\"PropertyValueSpecification\",\"valueRequired\":true,\"valueName\":\"search_term_string\"}}],\"inLanguage\":\"it-IT\"},{\"@type\":\"Person\",\"@id\":\"https:\/\/www.intoscana.it\/it\/#\/schema\/person\/333569b367b301e30262defcea56c939\",\"name\":\"Giulia Rafanelli\",\"url\":\"https:\/\/www.intoscana.it\/it\/author\/giulia-rafanelli\/\"}]}<\/script>\n<!-- \/ Yoast SEO Premium plugin. -->","yoast_head_json":{"title":"Il regionale tributo a The Legend of Zelda \u00e8 in partenza per il Lucca Comics 2024 - intoscana","description":"Il treno circoler\u00e0 sulle tratte Firenze-Lucca-Viareggio e Lucca-Pisa e rientra tra i 120 collegamenti attivati in occasione del Lucca Comics","robots":{"index":"index","follow":"follow","max-snippet":"max-snippet:-1","max-image-preview":"max-image-preview:large","max-video-preview":"max-video-preview:-1"},"canonical":"https:\/\/www.intoscana.it\/it\/lucca-comics-treno-legend-of-zelda\/","og_locale":"it_IT","og_type":"article","og_title":"Il regionale tributo a The Legend of Zelda \u00e8 in partenza per il Lucca Comics 2024","og_description":"Il treno circoler\u00e0 sulle tratte Firenze-Lucca-Viareggio e Lucca-Pisa e rientra tra i 120 collegamenti attivati in occasione del Lucca Comics","og_url":"https:\/\/www.intoscana.it\/it\/lucca-comics-treno-legend-of-zelda\/","og_site_name":"intoscana","article_publisher":"https:\/\/www.facebook.com\/intoscana.it","article_published_time":"2024-10-30T13:29:33+00:00","article_modified_time":"2024-10-30T16:12:27+00:00","og_image":[{"width":1280,"height":835,"url":"https:\/\/www.intoscana.it\/wp-content\/uploads\/treno-Trenitalia-Nintendo-Lucca-Comics-8-1.jpg","type":"image\/jpeg"}],"author":"Giulia Rafanelli","twitter_card":"summary_large_image","twitter_creator":"@intoscana","twitter_site":"@intoscana","twitter_misc":{"Written by":"Giulia Rafanelli","Est. reading time":"3 minuti"},"schema":{"@context":"https:\/\/schema.org","@graph":[{"@type":"WebPage","@id":"https:\/\/www.intoscana.it\/it\/lucca-comics-treno-legend-of-zelda\/","url":"https:\/\/www.intoscana.it\/it\/lucca-comics-treno-legend-of-zelda\/","name":"Il regionale tributo a The Legend of Zelda \u00e8 in partenza per il Lucca Comics 2024 - intoscana","isPartOf":{"@id":"https:\/\/www.intoscana.it\/it\/#website"},"primaryImageOfPage":{"@id":"https:\/\/www.intoscana.it\/it\/lucca-comics-treno-legend-of-zelda\/#primaryimage"},"image":{"@id":"https:\/\/www.intoscana.it\/it\/lucca-comics-treno-legend-of-zelda\/#primaryimage"},"thumbnailUrl":"https:\/\/www.intoscana.it\/wp-content\/uploads\/treno-Trenitalia-Nintendo-Lucca-Comics-8-1.jpg","datePublished":"2024-10-30T13:29:33+00:00","dateModified":"2024-10-30T16:12:27+00:00","author":{"@id":"https:\/\/www.intoscana.it\/it\/#\/schema\/person\/333569b367b301e30262defcea56c939"},"description":"Il treno circoler\u00e0 sulle tratte Firenze-Lucca-Viareggio e Lucca-Pisa e rientra tra i 120 collegamenti attivati in occasione del Lucca Comics","breadcrumb":{"@id":"https:\/\/www.intoscana.it\/it\/lucca-comics-treno-legend-of-zelda\/#breadcrumb"},"inLanguage":"it-IT","potentialAction":[{"@type":"ReadAction","target":["https:\/\/www.intoscana.it\/it\/lucca-comics-treno-legend-of-zelda\/"]}]},{"@type":"ImageObject","inLanguage":"it-IT","@id":"https:\/\/www.intoscana.it\/it\/lucca-comics-treno-legend-of-zelda\/#primaryimage","url":"https:\/\/www.intoscana.it\/wp-content\/uploads\/treno-Trenitalia-Nintendo-Lucca-Comics-8-1.jpg","contentUrl":"https:\/\/www.intoscana.it\/wp-content\/uploads\/treno-Trenitalia-Nintendo-Lucca-Comics-8-1.jpg","width":1280,"height":835,"caption":"Il Regionale tributo a he Legend of Zelda per il Lucca Comics 2024"},{"@type":"BreadcrumbList","@id":"https:\/\/www.intoscana.it\/it\/lucca-comics-treno-legend-of-zelda\/#breadcrumb","itemListElement":[{"@type":"ListItem","position":1,"name":"Home","item":"https:\/\/www.intoscana.it\/it\/"},{"@type":"ListItem","position":2,"name":"Il regionale tributo a The Legend of Zelda \u00e8 in partenza per il Lucca Comics 2024"}]},{"@type":"WebSite","@id":"https:\/\/www.intoscana.it\/it\/#website","url":"https:\/\/www.intoscana.it\/it\/","name":"intoscana","description":"","potentialAction":[{"@type":"SearchAction","target":{"@type":"EntryPoint","urlTemplate":"https:\/\/www.intoscana.it\/it\/?s={search_term_string}"},"query-input":{"@type":"PropertyValueSpecification","valueRequired":true,"valueName":"search_term_string"}}],"inLanguage":"it-IT"},{"@type":"Person","@id":"https:\/\/www.intoscana.it\/it\/#\/schema\/person\/333569b367b301e30262defcea56c939","name":"Giulia Rafanelli","url":"https:\/\/www.intoscana.it\/it\/author\/giulia-rafanelli\/"}]}},"_links":{"self":[{"href":"https:\/\/www.intoscana.it\/it\/wp-json\/wp\/v2\/posts\/362481","targetHints":{"allow":["GET"]}}],"collection":[{"href":"https:\/\/www.intoscana.it\/it\/wp-json\/wp\/v2\/posts"}],"about":[{"href":"https:\/\/www.intoscana.it\/it\/wp-json\/wp\/v2\/types\/post"}],"author":[{"embeddable":true,"href":"https:\/\/www.intoscana.it\/it\/wp-json\/wp\/v2\/users\/503"}],"replies":[{"embeddable":true,"href":"https:\/\/www.intoscana.it\/it\/wp-json\/wp\/v2\/comments?post=362481"}],"version-history":[{"count":3,"href":"https:\/\/www.intoscana.it\/it\/wp-json\/wp\/v2\/posts\/362481\/revisions"}],"predecessor-version":[{"id":362560,"href":"https:\/\/www.intoscana.it\/it\/wp-json\/wp\/v2\/posts\/362481\/revisions\/362560"}],"wp:featuredmedia":[{"embeddable":true,"href":"https:\/\/www.intoscana.it\/it\/wp-json\/wp\/v2\/media\/362491"}],"wp:attachment":[{"href":"https:\/\/www.intoscana.it\/it\/wp-json\/wp\/v2\/media?parent=362481"}],"wp:term":[{"taxonomy":"category","embeddable":true,"href":"https:\/\/www.intoscana.it\/it\/wp-json\/wp\/v2\/categories?post=362481"},{"taxonomy":"post_tag","embeddable":true,"href":"https:\/\/www.intoscana.it\/it\/wp-json\/wp\/v2\/tags?post=362481"}],"curies":[{"name":"wp","href":"https:\/\/api.w.org\/{rel}","templated":true}]}}