{"id":362846,"date":"2024-11-04T15:32:20","date_gmt":"2024-11-04T14:32:20","guid":{"rendered":"https:\/\/www.intoscana.it\/it\/?p=362846"},"modified":"2024-11-05T15:12:24","modified_gmt":"2024-11-05T14:12:24","slug":"livorno-inaugurato-il-ponte-bailey-sul-rio-ardenza-giani-cambia-il-volto-della-citta","status":"publish","type":"post","link":"https:\/\/www.intoscana.it\/it\/livorno-inaugurato-il-ponte-bailey-sul-rio-ardenza-giani-cambia-il-volto-della-citta\/","title":{"rendered":"Livorno, inaugurato il ponte Bailey sul Rio Ardenza. Giani: &#8220;cambia il volto della citt\u00e0&#8221;"},"content":{"rendered":"<p>Inaugurato questa mattina, 4 novembre, il <strong>ponte Bailey<\/strong> provvisorio <strong>sul Rio Ardenza a Livorno<\/strong> su cui confluir\u00e0 il traffico del lungomare livornese tra l&#8217;Ardenza e Antignano, in attesa della conclusione dei lavori per il nuovo ponte. Una opera temporanea, necessaria per garantire i lavori prima di abbattimento del <strong>vecchio ponte dei Tre Ponti<\/strong> e poi gli interventi necessari per la realizzazione di una nuova infrastruttura a campata unica di oltre <strong>40 metri di lunghezza, <\/strong>in acciaio corten, che garantir\u00e0 il flusso automobilistico, pedonale e ciclabile, da una parte all\u2019altra della foce del rio Ardenza.<\/p>\n<p>&#8220;<em>Dopo la drammatica alluvione del 2017<\/em> &#8211; ha detto il presidente della Regione Toscana, <strong>Eugenio Giani<\/strong>, presente all&#8217;inaugurazione &#8211; <em>su Livorno abbiamo sviluppato interventi che hanno<strong> cambiato il volto della citt\u00e0<\/strong>, perch\u00e8 onestamente il genio civile, e il nostro settore della protezione civile ha potuto concentrare qui pi\u00f9 di <strong>120 milioni di opere<\/strong>. Il ponte dei Tre ponti sar\u00e0 sostituito da un elemento di 60 metri in metallo che non avr\u00e0 arcate che fermano l&#8217;acqua, e naturalmente nella funzione transitoria ecco l&#8217;inaugurazione del ponte Bailey. Questo \u00e8 un ponte Bailey importante che consente di deviare il flusso del traffico su questa struttura e allo stesso tempo lavorare nella demolizione dei Tre Ponti e nella costruzione di quello che sar\u00e0 un ponte senza luci. L&#8217;elemento metallico che costituir\u00e0 la struttura del ponte arriver\u00e0 via mare su una chiatta dalla Sicilia<\/em>&#8220;.<\/p>\n<p>Si tratta di un&#8217;opera cruciale per la <strong>sicurezza idrogeologica<\/strong> perch\u00e8 consentir\u00e0 di liberare il Rio Ardenza. Si tratta dell&#8217;ultimo importante atto di risanamento dopo l&#8217;<strong>alluvione del 2017<\/strong>, una complessa rete di interventi per il risanamento e la mitigazione del rischio idrogeologico e la sicurezza idraulica su Livorno che ha visto un investimento di oltre 120 milioni di euro, per il ponte Bailey nello specifico la Regione Toscana ha investivo <strong>7,5 milioni di euro<\/strong>. Il nuovo ponte sar\u00e0 intitolato all\u2019ex vescovo\u00a0<strong>Alberto Ablondi<\/strong>\u00a0e all\u2019ex rabbino\u00a0<strong>Elio Toaff<\/strong>.<\/p>\n<p>&#8220;<em>Con questo intervento<\/em> &#8211; ha aggiunto il sindaco di Livorno, <strong>Luca Salvetti<\/strong> &#8211; <em>andiamo effettivamente a liberare il Rio Ardenza e sul fronte della sicurezza idrogeologica visto quello che continua a accadere intorno a noi sar\u00e0 un bel sospiro di sollievo perch\u00e8 il fiume avr\u00e0 alla foce uno sfogo molto importante quasi triplicato rispetto al passato. Questo \u00e8 l&#8217;aspetto che ci preme di pi\u00f9 insieme a una<strong> rilettura complessiva di tutta un&#8217;area della citt\u00e0<\/strong>&#8216;<\/em>&#8216;.<\/p>\n<p>&nbsp;<\/p>\n<p>&nbsp;<\/p>\n","protected":false},"excerpt":{"rendered":"<p>Per la realizzazione del ponte provvisorio la Regione Toscana ha stanziato 7,5 milioni di euro, un tassello importante per il completamento delle opere per la sicurezza idrogeologica dopo l&#8217;alluvione del 2017<\/p>\n","protected":false},"author":507,"featured_media":362852,"comment_status":"open","ping_status":"open","sticky":false,"template":"","format":"standard","meta":{"_acf_changed":false,"footnotes":""},"categories":[494],"tags":[214,158,273,1577],"class_list":["post-362846","post","type-post","status-publish","format-standard","has-post-thumbnail","hentry","category-attualita","tag-alluvione","tag-eugenio-giani","tag-livorno","tag-muoversi-in-toscana"],"acf":[],"yoast_head":"<!-- This site is optimized with the Yoast SEO Premium plugin v24.2 (Yoast SEO v25.6) - https:\/\/yoast.com\/wordpress\/plugins\/seo\/ -->\n<title>Livorno, inaugurato il ponte Bailey sul Rio Ardenza. Giani: &quot;cambia il volto della citt\u00e0&quot; - intoscana<\/title>\n<meta name=\"robots\" content=\"index, follow, max-snippet:-1, max-image-preview:large, max-video-preview:-1\" \/>\n<link rel=\"canonical\" href=\"https:\/\/www.intoscana.it\/it\/livorno-inaugurato-il-ponte-bailey-sul-rio-ardenza-giani-cambia-il-volto-della-citta\/\" \/>\n<meta property=\"og:locale\" content=\"it_IT\" \/>\n<meta property=\"og:type\" content=\"article\" \/>\n<meta property=\"og:title\" content=\"Livorno, inaugurato il ponte Bailey sul Rio Ardenza. Giani: &quot;cambia il volto della citt\u00e0&quot;\" \/>\n<meta property=\"og:description\" content=\"Per la realizzazione del ponte provvisorio la Regione Toscana ha stanziato 7,5 milioni di euro, un tassello importante per il completamento delle opere per la sicurezza idrogeologica dopo l&#039;alluvione del 2017\" \/>\n<meta property=\"og:url\" content=\"https:\/\/www.intoscana.it\/it\/livorno-inaugurato-il-ponte-bailey-sul-rio-ardenza-giani-cambia-il-volto-della-citta\/\" \/>\n<meta property=\"og:site_name\" content=\"intoscana\" \/>\n<meta property=\"article:publisher\" content=\"https:\/\/www.facebook.com\/intoscana.it\" \/>\n<meta property=\"article:published_time\" content=\"2024-11-04T14:32:20+00:00\" \/>\n<meta property=\"article:modified_time\" content=\"2024-11-05T14:12:24+00:00\" \/>\n<meta property=\"og:image\" content=\"https:\/\/www.intoscana.it\/wp-content\/uploads\/bailey-livorno.jpeg\" \/>\n\t<meta property=\"og:image:width\" content=\"1280\" \/>\n\t<meta property=\"og:image:height\" content=\"706\" \/>\n\t<meta property=\"og:image:type\" content=\"image\/jpeg\" \/>\n<meta name=\"author\" content=\"Chiara Bianchini\" \/>\n<meta name=\"twitter:card\" content=\"summary_large_image\" \/>\n<meta name=\"twitter:creator\" content=\"@intoscana\" \/>\n<meta name=\"twitter:site\" content=\"@intoscana\" \/>\n<meta name=\"twitter:label1\" content=\"Written by\" \/>\n\t<meta name=\"twitter:data1\" content=\"Chiara Bianchini\" \/>\n\t<meta name=\"twitter:label2\" content=\"Est. reading time\" \/>\n\t<meta name=\"twitter:data2\" content=\"3 minuti\" \/>\n<script type=\"application\/ld+json\" class=\"yoast-schema-graph\">{\"@context\":\"https:\/\/schema.org\",\"@graph\":[{\"@type\":\"WebPage\",\"@id\":\"https:\/\/www.intoscana.it\/it\/livorno-inaugurato-il-ponte-bailey-sul-rio-ardenza-giani-cambia-il-volto-della-citta\/\",\"url\":\"https:\/\/www.intoscana.it\/it\/livorno-inaugurato-il-ponte-bailey-sul-rio-ardenza-giani-cambia-il-volto-della-citta\/\",\"name\":\"Livorno, inaugurato il ponte Bailey sul Rio Ardenza. Giani: \\\"cambia il volto della citt\u00e0\\\" - intoscana\",\"isPartOf\":{\"@id\":\"https:\/\/www.intoscana.it\/it\/#website\"},\"primaryImageOfPage\":{\"@id\":\"https:\/\/www.intoscana.it\/it\/livorno-inaugurato-il-ponte-bailey-sul-rio-ardenza-giani-cambia-il-volto-della-citta\/#primaryimage\"},\"image\":{\"@id\":\"https:\/\/www.intoscana.it\/it\/livorno-inaugurato-il-ponte-bailey-sul-rio-ardenza-giani-cambia-il-volto-della-citta\/#primaryimage\"},\"thumbnailUrl\":\"https:\/\/www.intoscana.it\/wp-content\/uploads\/bailey-livorno.jpeg\",\"datePublished\":\"2024-11-04T14:32:20+00:00\",\"dateModified\":\"2024-11-05T14:12:24+00:00\",\"author\":{\"@id\":\"https:\/\/www.intoscana.it\/it\/#\/schema\/person\/010af92117f50561886339ad5b873a41\"},\"breadcrumb\":{\"@id\":\"https:\/\/www.intoscana.it\/it\/livorno-inaugurato-il-ponte-bailey-sul-rio-ardenza-giani-cambia-il-volto-della-citta\/#breadcrumb\"},\"inLanguage\":\"it-IT\",\"potentialAction\":[{\"@type\":\"ReadAction\",\"target\":[\"https:\/\/www.intoscana.it\/it\/livorno-inaugurato-il-ponte-bailey-sul-rio-ardenza-giani-cambia-il-volto-della-citta\/\"]}]},{\"@type\":\"ImageObject\",\"inLanguage\":\"it-IT\",\"@id\":\"https:\/\/www.intoscana.it\/it\/livorno-inaugurato-il-ponte-bailey-sul-rio-ardenza-giani-cambia-il-volto-della-citta\/#primaryimage\",\"url\":\"https:\/\/www.intoscana.it\/wp-content\/uploads\/bailey-livorno.jpeg\",\"contentUrl\":\"https:\/\/www.intoscana.it\/wp-content\/uploads\/bailey-livorno.jpeg\",\"width\":1280,\"height\":706},{\"@type\":\"BreadcrumbList\",\"@id\":\"https:\/\/www.intoscana.it\/it\/livorno-inaugurato-il-ponte-bailey-sul-rio-ardenza-giani-cambia-il-volto-della-citta\/#breadcrumb\",\"itemListElement\":[{\"@type\":\"ListItem\",\"position\":1,\"name\":\"Home\",\"item\":\"https:\/\/www.intoscana.it\/it\/\"},{\"@type\":\"ListItem\",\"position\":2,\"name\":\"Livorno, inaugurato il ponte Bailey sul Rio Ardenza. Giani: &#8220;cambia il volto della citt\u00e0&#8221;\"}]},{\"@type\":\"WebSite\",\"@id\":\"https:\/\/www.intoscana.it\/it\/#website\",\"url\":\"https:\/\/www.intoscana.it\/it\/\",\"name\":\"intoscana\",\"description\":\"\",\"potentialAction\":[{\"@type\":\"SearchAction\",\"target\":{\"@type\":\"EntryPoint\",\"urlTemplate\":\"https:\/\/www.intoscana.it\/it\/?s={search_term_string}\"},\"query-input\":{\"@type\":\"PropertyValueSpecification\",\"valueRequired\":true,\"valueName\":\"search_term_string\"}}],\"inLanguage\":\"it-IT\"},{\"@type\":\"Person\",\"@id\":\"https:\/\/www.intoscana.it\/it\/#\/schema\/person\/010af92117f50561886339ad5b873a41\",\"name\":\"Chiara Bianchini\",\"sameAs\":[\"c.bianchini@fst.it\"],\"url\":\"https:\/\/www.intoscana.it\/it\/author\/chiara-bianchini\/\"}]}<\/script>\n<!-- \/ Yoast SEO Premium plugin. -->","yoast_head_json":{"title":"Livorno, inaugurato il ponte Bailey sul Rio Ardenza. Giani: \"cambia il volto della citt\u00e0\" - intoscana","robots":{"index":"index","follow":"follow","max-snippet":"max-snippet:-1","max-image-preview":"max-image-preview:large","max-video-preview":"max-video-preview:-1"},"canonical":"https:\/\/www.intoscana.it\/it\/livorno-inaugurato-il-ponte-bailey-sul-rio-ardenza-giani-cambia-il-volto-della-citta\/","og_locale":"it_IT","og_type":"article","og_title":"Livorno, inaugurato il ponte Bailey sul Rio Ardenza. Giani: \"cambia il volto della citt\u00e0\"","og_description":"Per la realizzazione del ponte provvisorio la Regione Toscana ha stanziato 7,5 milioni di euro, un tassello importante per il completamento delle opere per la sicurezza idrogeologica dopo l'alluvione del 2017","og_url":"https:\/\/www.intoscana.it\/it\/livorno-inaugurato-il-ponte-bailey-sul-rio-ardenza-giani-cambia-il-volto-della-citta\/","og_site_name":"intoscana","article_publisher":"https:\/\/www.facebook.com\/intoscana.it","article_published_time":"2024-11-04T14:32:20+00:00","article_modified_time":"2024-11-05T14:12:24+00:00","og_image":[{"width":1280,"height":706,"url":"https:\/\/www.intoscana.it\/wp-content\/uploads\/bailey-livorno.jpeg","type":"image\/jpeg"}],"author":"Chiara Bianchini","twitter_card":"summary_large_image","twitter_creator":"@intoscana","twitter_site":"@intoscana","twitter_misc":{"Written by":"Chiara Bianchini","Est. reading time":"3 minuti"},"schema":{"@context":"https:\/\/schema.org","@graph":[{"@type":"WebPage","@id":"https:\/\/www.intoscana.it\/it\/livorno-inaugurato-il-ponte-bailey-sul-rio-ardenza-giani-cambia-il-volto-della-citta\/","url":"https:\/\/www.intoscana.it\/it\/livorno-inaugurato-il-ponte-bailey-sul-rio-ardenza-giani-cambia-il-volto-della-citta\/","name":"Livorno, inaugurato il ponte Bailey sul Rio Ardenza. Giani: \"cambia il volto della citt\u00e0\" - intoscana","isPartOf":{"@id":"https:\/\/www.intoscana.it\/it\/#website"},"primaryImageOfPage":{"@id":"https:\/\/www.intoscana.it\/it\/livorno-inaugurato-il-ponte-bailey-sul-rio-ardenza-giani-cambia-il-volto-della-citta\/#primaryimage"},"image":{"@id":"https:\/\/www.intoscana.it\/it\/livorno-inaugurato-il-ponte-bailey-sul-rio-ardenza-giani-cambia-il-volto-della-citta\/#primaryimage"},"thumbnailUrl":"https:\/\/www.intoscana.it\/wp-content\/uploads\/bailey-livorno.jpeg","datePublished":"2024-11-04T14:32:20+00:00","dateModified":"2024-11-05T14:12:24+00:00","author":{"@id":"https:\/\/www.intoscana.it\/it\/#\/schema\/person\/010af92117f50561886339ad5b873a41"},"breadcrumb":{"@id":"https:\/\/www.intoscana.it\/it\/livorno-inaugurato-il-ponte-bailey-sul-rio-ardenza-giani-cambia-il-volto-della-citta\/#breadcrumb"},"inLanguage":"it-IT","potentialAction":[{"@type":"ReadAction","target":["https:\/\/www.intoscana.it\/it\/livorno-inaugurato-il-ponte-bailey-sul-rio-ardenza-giani-cambia-il-volto-della-citta\/"]}]},{"@type":"ImageObject","inLanguage":"it-IT","@id":"https:\/\/www.intoscana.it\/it\/livorno-inaugurato-il-ponte-bailey-sul-rio-ardenza-giani-cambia-il-volto-della-citta\/#primaryimage","url":"https:\/\/www.intoscana.it\/wp-content\/uploads\/bailey-livorno.jpeg","contentUrl":"https:\/\/www.intoscana.it\/wp-content\/uploads\/bailey-livorno.jpeg","width":1280,"height":706},{"@type":"BreadcrumbList","@id":"https:\/\/www.intoscana.it\/it\/livorno-inaugurato-il-ponte-bailey-sul-rio-ardenza-giani-cambia-il-volto-della-citta\/#breadcrumb","itemListElement":[{"@type":"ListItem","position":1,"name":"Home","item":"https:\/\/www.intoscana.it\/it\/"},{"@type":"ListItem","position":2,"name":"Livorno, inaugurato il ponte Bailey sul Rio Ardenza. Giani: &#8220;cambia il volto della citt\u00e0&#8221;"}]},{"@type":"WebSite","@id":"https:\/\/www.intoscana.it\/it\/#website","url":"https:\/\/www.intoscana.it\/it\/","name":"intoscana","description":"","potentialAction":[{"@type":"SearchAction","target":{"@type":"EntryPoint","urlTemplate":"https:\/\/www.intoscana.it\/it\/?s={search_term_string}"},"query-input":{"@type":"PropertyValueSpecification","valueRequired":true,"valueName":"search_term_string"}}],"inLanguage":"it-IT"},{"@type":"Person","@id":"https:\/\/www.intoscana.it\/it\/#\/schema\/person\/010af92117f50561886339ad5b873a41","name":"Chiara Bianchini","sameAs":["c.bianchini@fst.it"],"url":"https:\/\/www.intoscana.it\/it\/author\/chiara-bianchini\/"}]}},"_links":{"self":[{"href":"https:\/\/www.intoscana.it\/it\/wp-json\/wp\/v2\/posts\/362846","targetHints":{"allow":["GET"]}}],"collection":[{"href":"https:\/\/www.intoscana.it\/it\/wp-json\/wp\/v2\/posts"}],"about":[{"href":"https:\/\/www.intoscana.it\/it\/wp-json\/wp\/v2\/types\/post"}],"author":[{"embeddable":true,"href":"https:\/\/www.intoscana.it\/it\/wp-json\/wp\/v2\/users\/507"}],"replies":[{"embeddable":true,"href":"https:\/\/www.intoscana.it\/it\/wp-json\/wp\/v2\/comments?post=362846"}],"version-history":[{"count":3,"href":"https:\/\/www.intoscana.it\/it\/wp-json\/wp\/v2\/posts\/362846\/revisions"}],"predecessor-version":[{"id":363008,"href":"https:\/\/www.intoscana.it\/it\/wp-json\/wp\/v2\/posts\/362846\/revisions\/363008"}],"wp:featuredmedia":[{"embeddable":true,"href":"https:\/\/www.intoscana.it\/it\/wp-json\/wp\/v2\/media\/362852"}],"wp:attachment":[{"href":"https:\/\/www.intoscana.it\/it\/wp-json\/wp\/v2\/media?parent=362846"}],"wp:term":[{"taxonomy":"category","embeddable":true,"href":"https:\/\/www.intoscana.it\/it\/wp-json\/wp\/v2\/categories?post=362846"},{"taxonomy":"post_tag","embeddable":true,"href":"https:\/\/www.intoscana.it\/it\/wp-json\/wp\/v2\/tags?post=362846"}],"curies":[{"name":"wp","href":"https:\/\/api.w.org\/{rel}","templated":true}]}}