{"id":362999,"date":"2024-11-06T10:09:45","date_gmt":"2024-11-06T09:09:45","guid":{"rendered":"https:\/\/www.intoscana.it\/it\/?p=362999"},"modified":"2024-11-06T10:18:46","modified_gmt":"2024-11-06T09:18:46","slug":"peppe-voltarelli-un-calabrese-a-new-york-con-la-grande-corsa-verso-lupionopolis-il-mio-dialetto-e-tribale-e-internazionale","status":"publish","type":"post","link":"https:\/\/www.intoscana.it\/it\/peppe-voltarelli-un-calabrese-a-new-york-con-la-grande-corsa-verso-lupionopolis-il-mio-dialetto-e-tribale-e-internazionale\/","title":{"rendered":"Peppe Voltarelli, un calabrese a New York: &#8220;Il mio dialetto \u00e8 tribale e internazionale&#8221;"},"content":{"rendered":"<p><strong>Gioved\u00ec 7 novembre<\/strong> arriva in concerto al <strong>Brillante Nuovo Teatro Lippi<\/strong> di Firenze <strong>Peppe Voltarelli<\/strong> che presenter\u00e0 il suo ultimo disco &#8220;<strong><em>La grande corsa verso Lupion\u00f2polis&#8221;<\/em><\/strong>, il nuovo progetto composto da inediti ad otto anni dalla pubblicazione del fortunato <strong><em>Voltarelli canta Profazio<\/em><\/strong> e due anni dopo <strong><em>Planetario,<\/em><\/strong> entrambi premiati con la <strong>Targa Tenco.<\/strong><\/p>\n<p>A Firenze il cantautore calabrese presenter\u00e0 la sua nuova raccolta di canzoni registrata a <strong>New York<\/strong> da <strong>Marc Urselli<\/strong> (tre Grammy Award e collaborazioni con Nick Cave e Lou Reed) nello storico<strong> EastSide Sound di Manhattan<\/strong> e prodotta artisticamente e arrangiata dal pianista<strong> Simone Giuliani.<\/strong> In tutto <strong>dieci nuove tracce<\/strong> di cui otto canzoni in dialetto calabrese, una in italiano e un valzer strumentale.<\/p>\n<p><strong>Peppe Voltarelli \u00e8 un cantante calabrese<\/strong>, autore di canzoni, attore e scrittore. Attivo dal 1990 come fondatore, voce e leader de <strong>Il parto delle nuvole pesanti,<\/strong> band di culto del<strong> nuovo folk italiano.<\/strong><\/p>\n<p>Da solista ha pubblicato sette album in studio, quattro colonne sonore e due concerti. <strong>Voltarelli<\/strong> \u00e8 stato anche protagonista e coautore del film <strong><em>\u201cLa vera leggenda di Tony Vilar\u201d<\/em><\/strong> di <strong>Giuseppe Gagliardi,<\/strong> primo <strong>mokumentary sul cantante italiano emigrato in Argentina.<\/strong><\/p>\n<h3>Ecco la nostra intervista a Peppe Voltarelli<\/h3>\n<p><strong>Ciao Peppe! Solo te potevi andare a New York a registrare un disco cantato in calabrese&#8230;<\/strong><\/p>\n<p>Beh s\u00ec, questo \u00e8 sempre stato un mio desiderio. <strong>New York \u00e8 una citt\u00e0 in cui ho suonato un sacco,<\/strong> ho avuto un&#8217;esperienza molto bella cinematografica con <strong><em>&#8220;La leggenda di Tony Vilar&#8221;.<\/em><\/strong>\u00a0\u00c8 una citt\u00e0 che mi ha sempre ispirato e <strong>ha segnato delle tappe importanti della mia carriera,<\/strong> come la separazione dal gruppo e il desiderio di spingersi verso nuovi orizzonti musicali. Quindi \u00e8 nata l&#8217;idea di collaborare con musicisti di New York e di <strong>mettere la mia musica e la mia scrittura nella possibilit\u00e0 di mescolarsi con altri suoni e altri approcci<\/strong> diversi dal mio. Ho affidato l&#8217;arrangiamento e la produzione artistica a un caro amico che vive in America da pi\u00f9 di 25 anni,<strong> Simone Giuliani che \u00e8 un pianista fiorentino<\/strong>\u00a0che ha messo in piedi una vera e propria band. Il secondo punto \u00e8 stato registrare tutti insieme,<strong> ci siamo chiusi in uno studio per dieci giorni<\/strong> e abbiamo registrato con<strong> un approccio abbastanza sporco, live.<\/strong><p><span class=\"citazione\">Il dialetto nella sua essenza \u00e8 molto musicale, gi\u00e0 di per s\u00e9 molto tribale e internazionale, nonostante sia una lingua che non \u00e8 scritta<\/span><\/p><\/p>\n<p><strong>Quando hai scritto queste canzoni? Sei sempre in tour, immagino che saranno nate &#8220;on the road&#8221;<\/strong><\/p>\n<p>Queste canzoni sono il frutto di una riflessione degli ultimi anni. Dopo i miei due ultimi lavori che erano <strong>due dischi tributo a cantautori del passato (<em>Voltarelli canta Profazio<\/em> e <em>Planetario<\/em>),<\/strong> due esperienze che hanno coperto un arco di otto anni, ho sentito il bisogno di confrontarmi con<strong> un&#8217;idea di scrittura sul crinale tra la musica italiana e la musica straniera<\/strong>. Volevo rendere la mia musica il pi\u00f9 possibile internazionale, pu\u00f2 suonare pretenzioso, ma era questo il mio desiderio, <strong>volevo far diventare il dialetto una cosa universale.<\/strong> Poi \u00e8 pi\u00f9 un fatto concettuale che reale perch\u00e9 sappiamo benissimo che <strong>i dialetti sono lingue marginali, periferiche<\/strong> rispetto alle grandi arterie linguistiche. Ma suonando molto all&#8217;estero ti rendi conto che la differenza tra l&#8217;italiano e il dialetto \u00e8 assolutamente insignificante per molta gente. Il dialetto nella sua essenza <strong>\u00e8 molto musicale, gi\u00e0 di per s\u00e9 molto tribale e internazionale<\/strong>, nonostante sia una lingua che non \u00e8 scritta. <strong>Quando ho cantato in giro per il mondo, nessuno mi ha mai chiesto in che lingua stessi cantando,<\/strong> dal Canada all&#8217;Argentina.<\/p>\n<p><iframe loading=\"lazy\" title=\"YouTube video player\" src=\"https:\/\/www.youtube.com\/embed\/91oZmgl70z4?si=twv_SZ74MIwpjpmY\" width=\"800\" height=\"450\" frameborder=\"0\" allowfullscreen=\"allowfullscreen\"><\/iframe><\/p>\n<p><strong>Bob Dylan da anni fa concerti in cui ormai non si capisce pi\u00f9 niente di quello che sta cantando ma nessuno gli dice nulla<\/strong><\/p>\n<p><strong>La lingua \u00e8 un &#8220;affare personale&#8221;<\/strong> che condividi con le persone che ti vogliono bene, che ti seguono. La mia traiettoria musicale \u00e8 di nicchia, per un pubblico abbastanza scelto. Io <strong>nell&#8217;essere un artista di nicchia trovo una mia identit\u00e0,<\/strong> che \u00e8 anche molto libera come approccio, posso fare un disco a New York, ma anche a Firenze senza problemi. <p><span class=\"citazione\">cerco di porre meno barriere possibili con il pubblico. Piuttosto che proporre un live pirotecnico e stupefacente, preferisco &#8220;confessarmi&#8221;<\/span><\/p><\/p>\n<p><strong>Nelle nicchie ci si sta bene<\/strong><\/p>\n<p>S\u00ec, quando te le scegli. Quando riesci ad acquistare la consapevolezza che il tuo discorso vuole andare in quella direzione.<strong> Sarebbe ipocrita affermare che un artista non cerca di aumentare il suo pubblico<\/strong> e i numeri, per\u00f2 c&#8217;\u00e8 un discorso oggettivo: i grandi flussi musicali e comunicativi vanno in una direzione io vado in un&#8217;altra. Ma <strong>finch\u00e8 ci saranno persone che vogliono condividere il mio viaggio io sono felice.\u00a0<\/strong><\/p>\n<p><strong>Quando sei sul palco sei sempre divertentissimo, ho sempre riso molto ai tuoi concerti. A Firenze ci racconterai qualche aneddoto o storia del tuo viaggio newyorkese?<\/strong><\/p>\n<p>Questo aspetto negli ultimi anni \u00e8 diventato sempre pi\u00f9 importante, primo perch\u00e9 <strong>alleggerisce e sposta l&#8217;orizzonte discorsivo in maniera ironica.<\/strong> Dall&#8217;altro perch\u00e9 per me rappresenta una specie di sfogo, di flusso di coscienza, dal palcoscenico con la parola e il pensiero <strong>cerco di porre meno barriere possibili con il pubblico<\/strong>. Spesso <strong>racconto cose che sono legate al momento, che sono successe poco prima di salire sul palco,<\/strong> quasi come una cronistoria. <strong>Mi fa entrare in una dinamica da esploratore<\/strong>. Piuttosto che proporre un live pirotecnico e stupefacente, <strong>preferisco &#8220;confessarmi&#8221; col pubblico. \u00c8 come un patto<\/strong>, a volte mi capita di raccontare cose anche molto intime, speciali, \u00e8 bello. Il pubblico lo capisce che \u00e8 una cosa che sta accadendo in quel momento e che \u00e8 una cosa &#8220;vera&#8221;.<\/p>\n<p><strong>Raccontaci una cosa assurda che ti \u00e8 successa durante tutti questi anni di concerti in giro per il mondo, facci questo regalo<\/strong><\/p>\n<p>In questi ultimi 15 anni sono successe delle cose incredibili, cose pazzesche. (Ride) Ho molti ricordi legati agli italiani all&#8217;estero. <strong>Una notte a Dublino fummo letteralmente rapiti da un signore italiano <\/strong>che <strong>ci port\u00f2 in giro per tutta la citt\u00e0 fino alle 4 di mattina,<\/strong> senza mollarci un attimo, raccontandoci tutta la sua vita. Quando ci riaccompagn\u00f2 in albergo, <strong>tir\u00f2 fuori dal cofano della macchina una fisarmonica e mi chiese di suonargli <em>&#8220;Romagna mia&#8221;<\/em><\/strong><em>.<\/em> Cos\u00ec alle 4 di notte, in mezzo alla strada, nella nebbia, sembra una scena quasi religiosa.<\/p>\n<p><strong>Come in un film di Kusturica&#8230;<\/strong><\/p>\n<p>Lui mi mise la fisarmonica addosso e<strong> io suonai <em>Romagna Mia<\/em> senza battere ciglio,<\/strong> fu una cosa molto bella, molto romantica che fa capire <strong>quanto le canzoni siano importanti per le persone.\u00a0<\/strong><\/p>\n<figure id=\"post-363021 media-363021\" class=\"align-none\"><img decoding=\"async\" src=\"https:\/\/www.intoscana.it\/wp-content\/uploads\/lupionopolis-voltarelli-2.jpg\" alt=\"\" \/><\/figure>\n<div class=\"titleimg\">Peppe Voltarelli<\/div>\n<p><strong>Ingresso 12\/10 \u20ac ridotto Under 25 e Soci Arci<\/strong><br \/>\n<strong>Info: www.boxol.it \u2013 055240397 \u2013 info@eventimusicpool.it<\/strong><br \/>\n<strong>Biglietti: boxol.it<\/strong><\/p>\n","protected":false},"excerpt":{"rendered":"<p>Gioved\u00ec 7 novembre al Brillante Nuovo Teatro Lippi di Firenze in concerto il cantautore calabrese gi\u00e0 leader de Il parto delle nuvole pesanti che presenter\u00e0 il suo nuovo progetto musicale &#8220;La grande corsa verso Lupion\u00f2polis&#8221;<\/p>\n","protected":false},"author":518,"featured_media":363010,"comment_status":"open","ping_status":"open","sticky":false,"template":"","format":"standard","meta":{"_acf_changed":false,"footnotes":""},"categories":[14],"tags":[216,3138],"class_list":["post-362999","post","type-post","status-publish","format-standard","has-post-thumbnail","hentry","category-musica","tag-concerti","tag-interviste-agli-artisti"],"acf":[],"yoast_head":"<!-- This site is optimized with the Yoast SEO Premium plugin v24.2 (Yoast SEO v25.6) - https:\/\/yoast.com\/wordpress\/plugins\/seo\/ -->\n<title>Peppe Voltarelli, un calabrese a New York: &quot;Il mio dialetto \u00e8 tribale e internazionale&quot; - intoscana<\/title>\n<meta name=\"description\" content=\"Gioved\u00ec 7 novembre al Brillante Nuovo Teatro Lippi di Firenze in concerto il cantautore calabrese con il nuovo progetto realizzato a New York\" \/>\n<meta name=\"robots\" content=\"index, follow, max-snippet:-1, max-image-preview:large, max-video-preview:-1\" \/>\n<link rel=\"canonical\" href=\"https:\/\/www.intoscana.it\/it\/peppe-voltarelli-un-calabrese-a-new-york-con-la-grande-corsa-verso-lupionopolis-il-mio-dialetto-e-tribale-e-internazionale\/\" \/>\n<meta property=\"og:locale\" content=\"it_IT\" \/>\n<meta property=\"og:type\" content=\"article\" \/>\n<meta property=\"og:title\" content=\"Peppe Voltarelli, un calabrese a New York: &quot;Il mio dialetto \u00e8 tribale e internazionale&quot;\" \/>\n<meta property=\"og:description\" content=\"Gioved\u00ec 7 novembre al Brillante Nuovo Teatro Lippi di Firenze in concerto il cantautore calabrese con il nuovo progetto realizzato a New York\" \/>\n<meta property=\"og:url\" content=\"https:\/\/www.intoscana.it\/it\/peppe-voltarelli-un-calabrese-a-new-york-con-la-grande-corsa-verso-lupionopolis-il-mio-dialetto-e-tribale-e-internazionale\/\" \/>\n<meta property=\"og:site_name\" content=\"intoscana\" \/>\n<meta property=\"article:publisher\" content=\"https:\/\/www.facebook.com\/intoscana.it\" \/>\n<meta property=\"article:published_time\" content=\"2024-11-06T09:09:45+00:00\" \/>\n<meta property=\"article:modified_time\" content=\"2024-11-06T09:18:46+00:00\" \/>\n<meta property=\"og:image\" content=\"https:\/\/www.intoscana.it\/wp-content\/uploads\/Screenshot-2024-11-05-alle-15.23.09.jpeg\" \/>\n\t<meta property=\"og:image:width\" content=\"1266\" \/>\n\t<meta property=\"og:image:height\" content=\"889\" \/>\n\t<meta property=\"og:image:type\" content=\"image\/jpeg\" \/>\n<meta name=\"author\" content=\"Costanza Baldini\" \/>\n<meta name=\"twitter:card\" content=\"summary_large_image\" \/>\n<meta name=\"twitter:creator\" content=\"@intoscana\" \/>\n<meta name=\"twitter:site\" content=\"@intoscana\" \/>\n<meta name=\"twitter:label1\" content=\"Written by\" \/>\n\t<meta name=\"twitter:data1\" content=\"Costanza Baldini\" \/>\n\t<meta name=\"twitter:label2\" content=\"Est. reading time\" \/>\n\t<meta name=\"twitter:data2\" content=\"7 minuti\" \/>\n<script type=\"application\/ld+json\" class=\"yoast-schema-graph\">{\"@context\":\"https:\/\/schema.org\",\"@graph\":[{\"@type\":\"WebPage\",\"@id\":\"https:\/\/www.intoscana.it\/it\/peppe-voltarelli-un-calabrese-a-new-york-con-la-grande-corsa-verso-lupionopolis-il-mio-dialetto-e-tribale-e-internazionale\/\",\"url\":\"https:\/\/www.intoscana.it\/it\/peppe-voltarelli-un-calabrese-a-new-york-con-la-grande-corsa-verso-lupionopolis-il-mio-dialetto-e-tribale-e-internazionale\/\",\"name\":\"Peppe Voltarelli, un calabrese a New York: \\\"Il mio dialetto \u00e8 tribale e internazionale\\\" - intoscana\",\"isPartOf\":{\"@id\":\"https:\/\/www.intoscana.it\/it\/#website\"},\"primaryImageOfPage\":{\"@id\":\"https:\/\/www.intoscana.it\/it\/peppe-voltarelli-un-calabrese-a-new-york-con-la-grande-corsa-verso-lupionopolis-il-mio-dialetto-e-tribale-e-internazionale\/#primaryimage\"},\"image\":{\"@id\":\"https:\/\/www.intoscana.it\/it\/peppe-voltarelli-un-calabrese-a-new-york-con-la-grande-corsa-verso-lupionopolis-il-mio-dialetto-e-tribale-e-internazionale\/#primaryimage\"},\"thumbnailUrl\":\"https:\/\/www.intoscana.it\/wp-content\/uploads\/Screenshot-2024-11-05-alle-15.23.09.jpeg\",\"datePublished\":\"2024-11-06T09:09:45+00:00\",\"dateModified\":\"2024-11-06T09:18:46+00:00\",\"author\":{\"@id\":\"https:\/\/www.intoscana.it\/it\/#\/schema\/person\/d469f35f09739bdf00bf5dd3f0647a82\"},\"description\":\"Gioved\u00ec 7 novembre al Brillante Nuovo Teatro Lippi di Firenze in concerto il cantautore calabrese con il nuovo progetto realizzato a New York\",\"breadcrumb\":{\"@id\":\"https:\/\/www.intoscana.it\/it\/peppe-voltarelli-un-calabrese-a-new-york-con-la-grande-corsa-verso-lupionopolis-il-mio-dialetto-e-tribale-e-internazionale\/#breadcrumb\"},\"inLanguage\":\"it-IT\",\"potentialAction\":[{\"@type\":\"ReadAction\",\"target\":[\"https:\/\/www.intoscana.it\/it\/peppe-voltarelli-un-calabrese-a-new-york-con-la-grande-corsa-verso-lupionopolis-il-mio-dialetto-e-tribale-e-internazionale\/\"]}]},{\"@type\":\"ImageObject\",\"inLanguage\":\"it-IT\",\"@id\":\"https:\/\/www.intoscana.it\/it\/peppe-voltarelli-un-calabrese-a-new-york-con-la-grande-corsa-verso-lupionopolis-il-mio-dialetto-e-tribale-e-internazionale\/#primaryimage\",\"url\":\"https:\/\/www.intoscana.it\/wp-content\/uploads\/Screenshot-2024-11-05-alle-15.23.09.jpeg\",\"contentUrl\":\"https:\/\/www.intoscana.it\/wp-content\/uploads\/Screenshot-2024-11-05-alle-15.23.09.jpeg\",\"width\":1266,\"height\":889},{\"@type\":\"BreadcrumbList\",\"@id\":\"https:\/\/www.intoscana.it\/it\/peppe-voltarelli-un-calabrese-a-new-york-con-la-grande-corsa-verso-lupionopolis-il-mio-dialetto-e-tribale-e-internazionale\/#breadcrumb\",\"itemListElement\":[{\"@type\":\"ListItem\",\"position\":1,\"name\":\"Home\",\"item\":\"https:\/\/www.intoscana.it\/it\/\"},{\"@type\":\"ListItem\",\"position\":2,\"name\":\"Peppe Voltarelli, un calabrese a New York: &#8220;Il mio dialetto \u00e8 tribale e internazionale&#8221;\"}]},{\"@type\":\"WebSite\",\"@id\":\"https:\/\/www.intoscana.it\/it\/#website\",\"url\":\"https:\/\/www.intoscana.it\/it\/\",\"name\":\"intoscana\",\"description\":\"\",\"potentialAction\":[{\"@type\":\"SearchAction\",\"target\":{\"@type\":\"EntryPoint\",\"urlTemplate\":\"https:\/\/www.intoscana.it\/it\/?s={search_term_string}\"},\"query-input\":{\"@type\":\"PropertyValueSpecification\",\"valueRequired\":true,\"valueName\":\"search_term_string\"}}],\"inLanguage\":\"it-IT\"},{\"@type\":\"Person\",\"@id\":\"https:\/\/www.intoscana.it\/it\/#\/schema\/person\/d469f35f09739bdf00bf5dd3f0647a82\",\"name\":\"Costanza Baldini\",\"url\":\"https:\/\/www.intoscana.it\/it\/author\/costanza-baldini\/\"}]}<\/script>\n<!-- \/ Yoast SEO Premium plugin. -->","yoast_head_json":{"title":"Peppe Voltarelli, un calabrese a New York: \"Il mio dialetto \u00e8 tribale e internazionale\" - intoscana","description":"Gioved\u00ec 7 novembre al Brillante Nuovo Teatro Lippi di Firenze in concerto il cantautore calabrese con il nuovo progetto realizzato a New York","robots":{"index":"index","follow":"follow","max-snippet":"max-snippet:-1","max-image-preview":"max-image-preview:large","max-video-preview":"max-video-preview:-1"},"canonical":"https:\/\/www.intoscana.it\/it\/peppe-voltarelli-un-calabrese-a-new-york-con-la-grande-corsa-verso-lupionopolis-il-mio-dialetto-e-tribale-e-internazionale\/","og_locale":"it_IT","og_type":"article","og_title":"Peppe Voltarelli, un calabrese a New York: \"Il mio dialetto \u00e8 tribale e internazionale\"","og_description":"Gioved\u00ec 7 novembre al Brillante Nuovo Teatro Lippi di Firenze in concerto il cantautore calabrese con il nuovo progetto realizzato a New York","og_url":"https:\/\/www.intoscana.it\/it\/peppe-voltarelli-un-calabrese-a-new-york-con-la-grande-corsa-verso-lupionopolis-il-mio-dialetto-e-tribale-e-internazionale\/","og_site_name":"intoscana","article_publisher":"https:\/\/www.facebook.com\/intoscana.it","article_published_time":"2024-11-06T09:09:45+00:00","article_modified_time":"2024-11-06T09:18:46+00:00","og_image":[{"width":1266,"height":889,"url":"https:\/\/www.intoscana.it\/wp-content\/uploads\/Screenshot-2024-11-05-alle-15.23.09.jpeg","type":"image\/jpeg"}],"author":"Costanza Baldini","twitter_card":"summary_large_image","twitter_creator":"@intoscana","twitter_site":"@intoscana","twitter_misc":{"Written by":"Costanza Baldini","Est. reading time":"7 minuti"},"schema":{"@context":"https:\/\/schema.org","@graph":[{"@type":"WebPage","@id":"https:\/\/www.intoscana.it\/it\/peppe-voltarelli-un-calabrese-a-new-york-con-la-grande-corsa-verso-lupionopolis-il-mio-dialetto-e-tribale-e-internazionale\/","url":"https:\/\/www.intoscana.it\/it\/peppe-voltarelli-un-calabrese-a-new-york-con-la-grande-corsa-verso-lupionopolis-il-mio-dialetto-e-tribale-e-internazionale\/","name":"Peppe Voltarelli, un calabrese a New York: \"Il mio dialetto \u00e8 tribale e internazionale\" - intoscana","isPartOf":{"@id":"https:\/\/www.intoscana.it\/it\/#website"},"primaryImageOfPage":{"@id":"https:\/\/www.intoscana.it\/it\/peppe-voltarelli-un-calabrese-a-new-york-con-la-grande-corsa-verso-lupionopolis-il-mio-dialetto-e-tribale-e-internazionale\/#primaryimage"},"image":{"@id":"https:\/\/www.intoscana.it\/it\/peppe-voltarelli-un-calabrese-a-new-york-con-la-grande-corsa-verso-lupionopolis-il-mio-dialetto-e-tribale-e-internazionale\/#primaryimage"},"thumbnailUrl":"https:\/\/www.intoscana.it\/wp-content\/uploads\/Screenshot-2024-11-05-alle-15.23.09.jpeg","datePublished":"2024-11-06T09:09:45+00:00","dateModified":"2024-11-06T09:18:46+00:00","author":{"@id":"https:\/\/www.intoscana.it\/it\/#\/schema\/person\/d469f35f09739bdf00bf5dd3f0647a82"},"description":"Gioved\u00ec 7 novembre al Brillante Nuovo Teatro Lippi di Firenze in concerto il cantautore calabrese con il nuovo progetto realizzato a New York","breadcrumb":{"@id":"https:\/\/www.intoscana.it\/it\/peppe-voltarelli-un-calabrese-a-new-york-con-la-grande-corsa-verso-lupionopolis-il-mio-dialetto-e-tribale-e-internazionale\/#breadcrumb"},"inLanguage":"it-IT","potentialAction":[{"@type":"ReadAction","target":["https:\/\/www.intoscana.it\/it\/peppe-voltarelli-un-calabrese-a-new-york-con-la-grande-corsa-verso-lupionopolis-il-mio-dialetto-e-tribale-e-internazionale\/"]}]},{"@type":"ImageObject","inLanguage":"it-IT","@id":"https:\/\/www.intoscana.it\/it\/peppe-voltarelli-un-calabrese-a-new-york-con-la-grande-corsa-verso-lupionopolis-il-mio-dialetto-e-tribale-e-internazionale\/#primaryimage","url":"https:\/\/www.intoscana.it\/wp-content\/uploads\/Screenshot-2024-11-05-alle-15.23.09.jpeg","contentUrl":"https:\/\/www.intoscana.it\/wp-content\/uploads\/Screenshot-2024-11-05-alle-15.23.09.jpeg","width":1266,"height":889},{"@type":"BreadcrumbList","@id":"https:\/\/www.intoscana.it\/it\/peppe-voltarelli-un-calabrese-a-new-york-con-la-grande-corsa-verso-lupionopolis-il-mio-dialetto-e-tribale-e-internazionale\/#breadcrumb","itemListElement":[{"@type":"ListItem","position":1,"name":"Home","item":"https:\/\/www.intoscana.it\/it\/"},{"@type":"ListItem","position":2,"name":"Peppe Voltarelli, un calabrese a New York: &#8220;Il mio dialetto \u00e8 tribale e internazionale&#8221;"}]},{"@type":"WebSite","@id":"https:\/\/www.intoscana.it\/it\/#website","url":"https:\/\/www.intoscana.it\/it\/","name":"intoscana","description":"","potentialAction":[{"@type":"SearchAction","target":{"@type":"EntryPoint","urlTemplate":"https:\/\/www.intoscana.it\/it\/?s={search_term_string}"},"query-input":{"@type":"PropertyValueSpecification","valueRequired":true,"valueName":"search_term_string"}}],"inLanguage":"it-IT"},{"@type":"Person","@id":"https:\/\/www.intoscana.it\/it\/#\/schema\/person\/d469f35f09739bdf00bf5dd3f0647a82","name":"Costanza Baldini","url":"https:\/\/www.intoscana.it\/it\/author\/costanza-baldini\/"}]}},"_links":{"self":[{"href":"https:\/\/www.intoscana.it\/it\/wp-json\/wp\/v2\/posts\/362999","targetHints":{"allow":["GET"]}}],"collection":[{"href":"https:\/\/www.intoscana.it\/it\/wp-json\/wp\/v2\/posts"}],"about":[{"href":"https:\/\/www.intoscana.it\/it\/wp-json\/wp\/v2\/types\/post"}],"author":[{"embeddable":true,"href":"https:\/\/www.intoscana.it\/it\/wp-json\/wp\/v2\/users\/518"}],"replies":[{"embeddable":true,"href":"https:\/\/www.intoscana.it\/it\/wp-json\/wp\/v2\/comments?post=362999"}],"version-history":[{"count":33,"href":"https:\/\/www.intoscana.it\/it\/wp-json\/wp\/v2\/posts\/362999\/revisions"}],"predecessor-version":[{"id":363080,"href":"https:\/\/www.intoscana.it\/it\/wp-json\/wp\/v2\/posts\/362999\/revisions\/363080"}],"wp:featuredmedia":[{"embeddable":true,"href":"https:\/\/www.intoscana.it\/it\/wp-json\/wp\/v2\/media\/363010"}],"wp:attachment":[{"href":"https:\/\/www.intoscana.it\/it\/wp-json\/wp\/v2\/media?parent=362999"}],"wp:term":[{"taxonomy":"category","embeddable":true,"href":"https:\/\/www.intoscana.it\/it\/wp-json\/wp\/v2\/categories?post=362999"},{"taxonomy":"post_tag","embeddable":true,"href":"https:\/\/www.intoscana.it\/it\/wp-json\/wp\/v2\/tags?post=362999"}],"curies":[{"name":"wp","href":"https:\/\/api.w.org\/{rel}","templated":true}]}}