{"id":363082,"date":"2024-11-06T15:20:16","date_gmt":"2024-11-06T14:20:16","guid":{"rendered":"https:\/\/www.intoscana.it\/it\/?p=363082"},"modified":"2024-11-06T15:25:41","modified_gmt":"2024-11-06T14:25:41","slug":"al-lanificio-balli-di-prato-omaggio-a-walter-albini-il-padre-del-pret-a-porter-italiano","status":"publish","type":"post","link":"https:\/\/www.intoscana.it\/it\/al-lanificio-balli-di-prato-omaggio-a-walter-albini-il-padre-del-pret-a-porter-italiano\/","title":{"rendered":"Al Lanificio Balli di Prato &#8220;Omaggio a Walter Albini&#8221; il padre del pr\u00eat-\u00e0-porter italiano"},"content":{"rendered":"<p><strong>Dal 22 al 30 novembre i<\/strong>l Fabbricone, la storica sede di <strong>Balli il Lanificio<\/strong> nel cuore di Prato, esporr\u00e0 per la prima volta <strong>dodici disegni originali<\/strong> &#8211; di propriet\u00e0 del Museo &#8211; immaginati dallo<strong> stilista Walter Albini<\/strong> per \u2018vestire\u2019 i protagonisti di <strong><em>Latina<\/em><\/strong>, opera noir scritta nel 1982 da <strong>Luca Ronconi<\/strong> ma mai effettivamente andata in scena.<\/p>\n<p>La mostra sar\u00e0 ospitata all\u2019interno della<strong> Sala Experience,<\/strong> un appuntamento pensato non solo per gli addetti ai lavori ma <strong>anche per il grande pubblico<\/strong>, come <em>spin-off<\/em> dell&#8217;esposizione al <a href=\"https:\/\/www.museodeltessuto.it\" target=\"_blank\" rel=\"noopener\"><strong>Museo del Tessuto di Prato<\/strong><\/a> e tuttora in corso: <strong><em>&#8220;<a href=\"https:\/\/www.intoscana.it\/it\/dalle-illustrazioni-allalta-moda-mostra-a-prato-rende-omaggio-a-walter-albini\/\" target=\"_blank\" rel=\"noopener\">Walter Albini, il talento, lo stilista&#8221;.<\/a><\/em><\/strong><\/p>\n<p>L&#8217;iniziativa \u00e8 dedicata alla straordinaria creativit\u00e0 dello stilista, unanimemente considerato il <strong>padre del pr\u00eat-\u00e0-porter italiano.<\/strong><\/p>\n<h3>I costumi di Albini diventano realt\u00e0 grazie al Lanificio Balli<\/h3>\n<p><strong>I costumi immaginati, sognati, ma mai cuciti n\u00e9 indossati <\/strong>sono oggi diventati realt\u00e0.<\/p>\n<p>L\u2019ufficio stile Balli,<strong> utilizzando i tessuti della sua ultima collezione,<\/strong> e con la preziosa consulenza del Museo del Tessuto, <strong>ha confezionato in esclusiva ben cinque capi<\/strong>.<\/p>\n<p><strong>Un lavoro di alta sartoria<\/strong> capace di dar vita ai disegni di Albini sulla base delle caratteristiche dei personaggi della pi\u00e8ce di Ronconi ma<strong> con un occhio alla modernit\u00e0<\/strong>, quasi fossero capi da indossare oggi. Il tutto, nel rispetto delle forme e dei volumi immaginati dallo stilista.<\/p>\n<p><strong>Un cappotto donna, un completo Chanel<\/strong> in due pezzi,<strong> un giubbotto da bambino, una tunica, un vestito donna<\/strong> accompagnato dal suo soprabito senza maniche.<\/p>\n<p><strong>Cinque prototipi<\/strong> che da un lato <strong>rendono omaggio al talento di un grande stilista<\/strong> e, dall\u2019altro, dimostrano che si pu\u00f2 fare cultura anche all\u2019interno di un\u2019azienda.<\/p>\n<div class=\"titleimg\">\n<figure id=\"post-363113 media-363113\" class=\"align-none\"><img decoding=\"async\" src=\"https:\/\/www.intoscana.it\/wp-content\/uploads\/Mostra-Omaggio-a-Walter-Albini-Gli-abiti-realizzati-ad-hoc-dallUfficio-Stile-di-Balli-il-Lanificio-1-1-scaled.jpeg\" alt=\"\" \/><\/figure>\n<div class=\"titleimg\"><em>Mostra \u2018Omaggio a Walter Albini\u2019 \u2013 Gli abiti realizzati ad hoc dall\u2019Ufficio Stile di Balli il Lanificio<\/em><\/div>\n<\/div>\n<p>La mostra nasce dal desiderio del <a href=\"https:\/\/www.balli.it\/it\/\" target=\"_blank\" rel=\"noopener\"><strong>Lanificio Balli<\/strong><\/a> di far conoscere<strong> i successi e i saperi del settore tessile italiano,<\/strong> nelle sue tante sfaccettature: l<strong>\u2019artigianalit\u00e0, la creativit\u00e0, la passione e l\u2019esperienza<\/strong>, ma anche <strong>l\u2019attenzione al dettaglio, il legame al territorio, il recupero delle tradizioni.<\/strong><\/p>\n<p><strong><em>Omaggio a Walter Albini<\/em> <\/strong>\u00e8 un connubio tra <strong>moda, teatro e tradizione tessile,<\/strong> un crocevia di \u2018ingredienti\u2019 in grado di mantenere vivo lo spirito innovativo che ha reso Prato <strong>un polo industriale fondamentale per l\u2019economia <\/strong>e allo stesso tempo un centro culturale.<\/p>\n<p><em>\u201cIn quest\u2019ottica, il passo compiuto da Balli appare naturale. Da fabbrica produttiva a fabbrica di cultura. Da azienda, che da oltre settanta anni realizza tessuti venduti ovunque nel mondo, a fulcro di iniziative capaci di aprire nuovi dialoghi con la comunit\u00e0.\u201d <\/em><strong>&#8211; sottolinea Leonardo Raffaelli, managing director di Balli il Lanificio <\/strong><em>&#8211; \u201cLa nostra mostra dedicata ad Albini, nata in stretta collaborazione con il Museo del Tessuto, segna il debutto di un palinsesto culturale firmato Balli. Altri eventi nel tempo seguiranno.\u201d<\/em><\/p>\n<h3>Walter Albini: un talento scomparso troppo presto<\/h3>\n<p><strong>Walter Albini<\/strong> non ha vissuto abbastanza per vedere il crescere e il consolidarsi della moda italiana nel mondo:<strong> \u00e8 morto a soli 42 anni nel maggio 1983.<\/strong><\/p>\n<p>Si dice che <strong>Anna Piaggi<\/strong> abbia coniato il termine &#8220;stilista&#8221; proprio per descrivere Albini che <strong>fin da bambino dimostr\u00f2 una grande propensione nel disegno degli abiti<\/strong>.<\/p>\n<p>Riusc\u00ec ad iscriversi all&#8217;<strong>Istituto statale d\u2019arte per il disegno di moda e del costume di Torino,<\/strong> unico ragazzo in una scuola tutta femminile, ma non pot\u00e8 completare la sua formazione a Parigi a causa della morte prematura del padre.<\/p>\n<p>I suoi primi anni nel mondo del lavoro li dedic\u00f2 all\u2019attivit\u00e0 di<strong> illustratore<\/strong> per le pubblicazioni <strong><em>\u201cMamme e Bimbi\u201d, \u201cVanit\u00e0\u201d e \u201cCorriere Lombardo\u201d.<\/em><\/strong><\/p>\n<p>Grazie alla giornalista <strong>Silvana Bernasconi<\/strong> ebbe modo di assistere alle<strong> sfilate di Firenze e Parigi<\/strong> e inizi\u00f2 cos\u00ec la sua avventura.<\/p>\n<p>\u00c8 stato<strong> uno dei protagonisti della moda italiana<\/strong>, dagli anni Sessanta agli Ottanta. Inizialmente ha lavorato come<strong> stilista freelance<\/strong> per marchi del calibro di<strong>\u00a0Baldini, Krizia, Billy Ballo, Cadette, Paola Signorini, Princess Luciana.<\/strong><\/p>\n<p class=\"p1\">Poi ha creato il <strong>marchio WA<\/strong>, con una prima linea presentata a Londra, Venezia e Roma tra il 1973 e il 1974, e una seconda linea <strong>Misterfox<\/strong>, fondata nel 1970 insieme a <strong>Luciano Papini<\/strong> e specializzata nella confezione di abiti. Dal 1975 al 1983 si \u00e8 dedicato all\u2019<strong>alta moda<\/strong>.<\/p>\n<div class=\"titleimg\">\n<figure id=\"post-363112 media-363112\" class=\"align-none\"><img decoding=\"async\" src=\"https:\/\/www.intoscana.it\/wp-content\/uploads\/Uno-dei-disegni-di-Albini-scaled.jpeg\" alt=\"\" \/><\/figure>\n<div class=\"titleimg\">Uno dei disegni di Albini<\/div>\n<\/div>\n","protected":false},"excerpt":{"rendered":"<p>Il Lanificio Balli, utilizzando i tessuti della sua ultima collezione, ha confezionato in esclusiva ben cinque capi ispirati ai disegni dello stilista Walter Abini che non erano mai stati realizzati prima d&#8217;ora<\/p>\n","protected":false},"author":518,"featured_media":332711,"comment_status":"open","ping_status":"open","sticky":false,"template":"","format":"standard","meta":{"_acf_changed":false,"footnotes":""},"categories":[493],"tags":[189,222,259],"class_list":["post-363082","post","type-post","status-publish","format-standard","has-post-thumbnail","hentry","category-cultura","tag-moda","tag-mostre","tag-prato"],"acf":[],"yoast_head":"<!-- This site is optimized with the Yoast SEO Premium plugin v24.2 (Yoast SEO v25.6) - https:\/\/yoast.com\/wordpress\/plugins\/seo\/ -->\n<title>Al Lanificio Balli di Prato &quot;Omaggio a Walter Albini&quot; il padre del pr\u00eat-\u00e0-porter italiano - intoscana<\/title>\n<meta name=\"description\" content=\"Il Lanificio Balli, utilizzando i tessuti della sua ultima collezione, ha confezionato cinque capi ispirati ai disegni dello stilista Abini\" \/>\n<meta name=\"robots\" content=\"index, follow, max-snippet:-1, max-image-preview:large, max-video-preview:-1\" \/>\n<link rel=\"canonical\" href=\"https:\/\/www.intoscana.it\/it\/al-lanificio-balli-di-prato-omaggio-a-walter-albini-il-padre-del-pret-a-porter-italiano\/\" \/>\n<meta property=\"og:locale\" content=\"it_IT\" \/>\n<meta property=\"og:type\" content=\"article\" \/>\n<meta property=\"og:title\" content=\"Al Lanificio Balli di Prato &quot;Omaggio a Walter Albini&quot; il padre del pr\u00eat-\u00e0-porter italiano\" \/>\n<meta property=\"og:description\" content=\"Il Lanificio Balli, utilizzando i tessuti della sua ultima collezione, ha confezionato cinque capi ispirati ai disegni dello stilista Abini\" \/>\n<meta property=\"og:url\" content=\"https:\/\/www.intoscana.it\/it\/al-lanificio-balli-di-prato-omaggio-a-walter-albini-il-padre-del-pret-a-porter-italiano\/\" \/>\n<meta property=\"og:site_name\" content=\"intoscana\" \/>\n<meta property=\"article:publisher\" content=\"https:\/\/www.facebook.com\/intoscana.it\" \/>\n<meta property=\"article:published_time\" content=\"2024-11-06T14:20:16+00:00\" \/>\n<meta property=\"article:modified_time\" content=\"2024-11-06T14:25:41+00:00\" \/>\n<meta property=\"og:image\" content=\"https:\/\/www.intoscana.it\/wp-content\/uploads\/1-70-scaled-e1730902988726.jpg\" \/>\n\t<meta property=\"og:image:width\" content=\"2029\" \/>\n\t<meta property=\"og:image:height\" content=\"1150\" \/>\n\t<meta property=\"og:image:type\" content=\"image\/jpeg\" \/>\n<meta name=\"author\" content=\"Costanza Baldini\" \/>\n<meta name=\"twitter:card\" content=\"summary_large_image\" \/>\n<meta name=\"twitter:creator\" content=\"@intoscana\" \/>\n<meta name=\"twitter:site\" content=\"@intoscana\" \/>\n<meta name=\"twitter:label1\" content=\"Written by\" \/>\n\t<meta name=\"twitter:data1\" content=\"Costanza Baldini\" \/>\n\t<meta name=\"twitter:label2\" content=\"Est. reading time\" \/>\n\t<meta name=\"twitter:data2\" content=\"5 minuti\" \/>\n<script type=\"application\/ld+json\" class=\"yoast-schema-graph\">{\"@context\":\"https:\/\/schema.org\",\"@graph\":[{\"@type\":\"WebPage\",\"@id\":\"https:\/\/www.intoscana.it\/it\/al-lanificio-balli-di-prato-omaggio-a-walter-albini-il-padre-del-pret-a-porter-italiano\/\",\"url\":\"https:\/\/www.intoscana.it\/it\/al-lanificio-balli-di-prato-omaggio-a-walter-albini-il-padre-del-pret-a-porter-italiano\/\",\"name\":\"Al Lanificio Balli di Prato \\\"Omaggio a Walter Albini\\\" il padre del pr\u00eat-\u00e0-porter italiano - intoscana\",\"isPartOf\":{\"@id\":\"https:\/\/www.intoscana.it\/it\/#website\"},\"primaryImageOfPage\":{\"@id\":\"https:\/\/www.intoscana.it\/it\/al-lanificio-balli-di-prato-omaggio-a-walter-albini-il-padre-del-pret-a-porter-italiano\/#primaryimage\"},\"image\":{\"@id\":\"https:\/\/www.intoscana.it\/it\/al-lanificio-balli-di-prato-omaggio-a-walter-albini-il-padre-del-pret-a-porter-italiano\/#primaryimage\"},\"thumbnailUrl\":\"https:\/\/www.intoscana.it\/wp-content\/uploads\/1-70-scaled-e1730902988726.jpg\",\"datePublished\":\"2024-11-06T14:20:16+00:00\",\"dateModified\":\"2024-11-06T14:25:41+00:00\",\"author\":{\"@id\":\"https:\/\/www.intoscana.it\/it\/#\/schema\/person\/d469f35f09739bdf00bf5dd3f0647a82\"},\"description\":\"Il Lanificio Balli, utilizzando i tessuti della sua ultima collezione, ha confezionato cinque capi ispirati ai disegni dello stilista Abini\",\"breadcrumb\":{\"@id\":\"https:\/\/www.intoscana.it\/it\/al-lanificio-balli-di-prato-omaggio-a-walter-albini-il-padre-del-pret-a-porter-italiano\/#breadcrumb\"},\"inLanguage\":\"it-IT\",\"potentialAction\":[{\"@type\":\"ReadAction\",\"target\":[\"https:\/\/www.intoscana.it\/it\/al-lanificio-balli-di-prato-omaggio-a-walter-albini-il-padre-del-pret-a-porter-italiano\/\"]}]},{\"@type\":\"ImageObject\",\"inLanguage\":\"it-IT\",\"@id\":\"https:\/\/www.intoscana.it\/it\/al-lanificio-balli-di-prato-omaggio-a-walter-albini-il-padre-del-pret-a-porter-italiano\/#primaryimage\",\"url\":\"https:\/\/www.intoscana.it\/wp-content\/uploads\/1-70-scaled-e1730902988726.jpg\",\"contentUrl\":\"https:\/\/www.intoscana.it\/wp-content\/uploads\/1-70-scaled-e1730902988726.jpg\",\"width\":2029,\"height\":1150,\"caption\":\"Ritratto di Walter Albini, 1973 - Foto: Archivio Alfa Castaldi\"},{\"@type\":\"BreadcrumbList\",\"@id\":\"https:\/\/www.intoscana.it\/it\/al-lanificio-balli-di-prato-omaggio-a-walter-albini-il-padre-del-pret-a-porter-italiano\/#breadcrumb\",\"itemListElement\":[{\"@type\":\"ListItem\",\"position\":1,\"name\":\"Home\",\"item\":\"https:\/\/www.intoscana.it\/it\/\"},{\"@type\":\"ListItem\",\"position\":2,\"name\":\"Al Lanificio Balli di Prato &#8220;Omaggio a Walter Albini&#8221; il padre del pr\u00eat-\u00e0-porter italiano\"}]},{\"@type\":\"WebSite\",\"@id\":\"https:\/\/www.intoscana.it\/it\/#website\",\"url\":\"https:\/\/www.intoscana.it\/it\/\",\"name\":\"intoscana\",\"description\":\"\",\"potentialAction\":[{\"@type\":\"SearchAction\",\"target\":{\"@type\":\"EntryPoint\",\"urlTemplate\":\"https:\/\/www.intoscana.it\/it\/?s={search_term_string}\"},\"query-input\":{\"@type\":\"PropertyValueSpecification\",\"valueRequired\":true,\"valueName\":\"search_term_string\"}}],\"inLanguage\":\"it-IT\"},{\"@type\":\"Person\",\"@id\":\"https:\/\/www.intoscana.it\/it\/#\/schema\/person\/d469f35f09739bdf00bf5dd3f0647a82\",\"name\":\"Costanza Baldini\",\"url\":\"https:\/\/www.intoscana.it\/it\/author\/costanza-baldini\/\"}]}<\/script>\n<!-- \/ Yoast SEO Premium plugin. -->","yoast_head_json":{"title":"Al Lanificio Balli di Prato \"Omaggio a Walter Albini\" il padre del pr\u00eat-\u00e0-porter italiano - intoscana","description":"Il Lanificio Balli, utilizzando i tessuti della sua ultima collezione, ha confezionato cinque capi ispirati ai disegni dello stilista Abini","robots":{"index":"index","follow":"follow","max-snippet":"max-snippet:-1","max-image-preview":"max-image-preview:large","max-video-preview":"max-video-preview:-1"},"canonical":"https:\/\/www.intoscana.it\/it\/al-lanificio-balli-di-prato-omaggio-a-walter-albini-il-padre-del-pret-a-porter-italiano\/","og_locale":"it_IT","og_type":"article","og_title":"Al Lanificio Balli di Prato \"Omaggio a Walter Albini\" il padre del pr\u00eat-\u00e0-porter italiano","og_description":"Il Lanificio Balli, utilizzando i tessuti della sua ultima collezione, ha confezionato cinque capi ispirati ai disegni dello stilista Abini","og_url":"https:\/\/www.intoscana.it\/it\/al-lanificio-balli-di-prato-omaggio-a-walter-albini-il-padre-del-pret-a-porter-italiano\/","og_site_name":"intoscana","article_publisher":"https:\/\/www.facebook.com\/intoscana.it","article_published_time":"2024-11-06T14:20:16+00:00","article_modified_time":"2024-11-06T14:25:41+00:00","og_image":[{"width":2029,"height":1150,"url":"https:\/\/www.intoscana.it\/wp-content\/uploads\/1-70-scaled-e1730902988726.jpg","type":"image\/jpeg"}],"author":"Costanza Baldini","twitter_card":"summary_large_image","twitter_creator":"@intoscana","twitter_site":"@intoscana","twitter_misc":{"Written by":"Costanza Baldini","Est. reading time":"5 minuti"},"schema":{"@context":"https:\/\/schema.org","@graph":[{"@type":"WebPage","@id":"https:\/\/www.intoscana.it\/it\/al-lanificio-balli-di-prato-omaggio-a-walter-albini-il-padre-del-pret-a-porter-italiano\/","url":"https:\/\/www.intoscana.it\/it\/al-lanificio-balli-di-prato-omaggio-a-walter-albini-il-padre-del-pret-a-porter-italiano\/","name":"Al Lanificio Balli di Prato \"Omaggio a Walter Albini\" il padre del pr\u00eat-\u00e0-porter italiano - intoscana","isPartOf":{"@id":"https:\/\/www.intoscana.it\/it\/#website"},"primaryImageOfPage":{"@id":"https:\/\/www.intoscana.it\/it\/al-lanificio-balli-di-prato-omaggio-a-walter-albini-il-padre-del-pret-a-porter-italiano\/#primaryimage"},"image":{"@id":"https:\/\/www.intoscana.it\/it\/al-lanificio-balli-di-prato-omaggio-a-walter-albini-il-padre-del-pret-a-porter-italiano\/#primaryimage"},"thumbnailUrl":"https:\/\/www.intoscana.it\/wp-content\/uploads\/1-70-scaled-e1730902988726.jpg","datePublished":"2024-11-06T14:20:16+00:00","dateModified":"2024-11-06T14:25:41+00:00","author":{"@id":"https:\/\/www.intoscana.it\/it\/#\/schema\/person\/d469f35f09739bdf00bf5dd3f0647a82"},"description":"Il Lanificio Balli, utilizzando i tessuti della sua ultima collezione, ha confezionato cinque capi ispirati ai disegni dello stilista Abini","breadcrumb":{"@id":"https:\/\/www.intoscana.it\/it\/al-lanificio-balli-di-prato-omaggio-a-walter-albini-il-padre-del-pret-a-porter-italiano\/#breadcrumb"},"inLanguage":"it-IT","potentialAction":[{"@type":"ReadAction","target":["https:\/\/www.intoscana.it\/it\/al-lanificio-balli-di-prato-omaggio-a-walter-albini-il-padre-del-pret-a-porter-italiano\/"]}]},{"@type":"ImageObject","inLanguage":"it-IT","@id":"https:\/\/www.intoscana.it\/it\/al-lanificio-balli-di-prato-omaggio-a-walter-albini-il-padre-del-pret-a-porter-italiano\/#primaryimage","url":"https:\/\/www.intoscana.it\/wp-content\/uploads\/1-70-scaled-e1730902988726.jpg","contentUrl":"https:\/\/www.intoscana.it\/wp-content\/uploads\/1-70-scaled-e1730902988726.jpg","width":2029,"height":1150,"caption":"Ritratto di Walter Albini, 1973 - Foto: Archivio Alfa Castaldi"},{"@type":"BreadcrumbList","@id":"https:\/\/www.intoscana.it\/it\/al-lanificio-balli-di-prato-omaggio-a-walter-albini-il-padre-del-pret-a-porter-italiano\/#breadcrumb","itemListElement":[{"@type":"ListItem","position":1,"name":"Home","item":"https:\/\/www.intoscana.it\/it\/"},{"@type":"ListItem","position":2,"name":"Al Lanificio Balli di Prato &#8220;Omaggio a Walter Albini&#8221; il padre del pr\u00eat-\u00e0-porter italiano"}]},{"@type":"WebSite","@id":"https:\/\/www.intoscana.it\/it\/#website","url":"https:\/\/www.intoscana.it\/it\/","name":"intoscana","description":"","potentialAction":[{"@type":"SearchAction","target":{"@type":"EntryPoint","urlTemplate":"https:\/\/www.intoscana.it\/it\/?s={search_term_string}"},"query-input":{"@type":"PropertyValueSpecification","valueRequired":true,"valueName":"search_term_string"}}],"inLanguage":"it-IT"},{"@type":"Person","@id":"https:\/\/www.intoscana.it\/it\/#\/schema\/person\/d469f35f09739bdf00bf5dd3f0647a82","name":"Costanza Baldini","url":"https:\/\/www.intoscana.it\/it\/author\/costanza-baldini\/"}]}},"_links":{"self":[{"href":"https:\/\/www.intoscana.it\/it\/wp-json\/wp\/v2\/posts\/363082","targetHints":{"allow":["GET"]}}],"collection":[{"href":"https:\/\/www.intoscana.it\/it\/wp-json\/wp\/v2\/posts"}],"about":[{"href":"https:\/\/www.intoscana.it\/it\/wp-json\/wp\/v2\/types\/post"}],"author":[{"embeddable":true,"href":"https:\/\/www.intoscana.it\/it\/wp-json\/wp\/v2\/users\/518"}],"replies":[{"embeddable":true,"href":"https:\/\/www.intoscana.it\/it\/wp-json\/wp\/v2\/comments?post=363082"}],"version-history":[{"count":11,"href":"https:\/\/www.intoscana.it\/it\/wp-json\/wp\/v2\/posts\/363082\/revisions"}],"predecessor-version":[{"id":363153,"href":"https:\/\/www.intoscana.it\/it\/wp-json\/wp\/v2\/posts\/363082\/revisions\/363153"}],"wp:featuredmedia":[{"embeddable":true,"href":"https:\/\/www.intoscana.it\/it\/wp-json\/wp\/v2\/media\/332711"}],"wp:attachment":[{"href":"https:\/\/www.intoscana.it\/it\/wp-json\/wp\/v2\/media?parent=363082"}],"wp:term":[{"taxonomy":"category","embeddable":true,"href":"https:\/\/www.intoscana.it\/it\/wp-json\/wp\/v2\/categories?post=363082"},{"taxonomy":"post_tag","embeddable":true,"href":"https:\/\/www.intoscana.it\/it\/wp-json\/wp\/v2\/tags?post=363082"}],"curies":[{"name":"wp","href":"https:\/\/api.w.org\/{rel}","templated":true}]}}