{"id":363404,"date":"2024-11-08T16:19:16","date_gmt":"2024-11-08T15:19:16","guid":{"rendered":"https:\/\/www.intoscana.it\/it\/?p=363404"},"modified":"2024-11-08T16:25:53","modified_gmt":"2024-11-08T15:25:53","slug":"nuovospaziotempo-e-il-nuovo-album-di-emma-nolde-pronta-per-il-tour-con-tre-date-in-toscana","status":"publish","type":"post","link":"https:\/\/www.intoscana.it\/it\/nuovospaziotempo-e-il-nuovo-album-di-emma-nolde-pronta-per-il-tour-con-tre-date-in-toscana\/","title":{"rendered":"&#8220;Nuovospaziotempo&#8221;\u00a0\u00e8 il nuovo album di Emma Nolde, pronta per il tour con tre date in Toscana\u00a0"},"content":{"rendered":"<p>La cantautrice toscana <strong>Emma Nolde<\/strong> ha pubblicato il suo nuovo attesissimo album dal titolo &#8220;interstellare&#8221; <strong><em>\u201cNuovospaziotempo\u201d<\/em><\/strong>, il primo per <strong>Carosello Records<\/strong>, disponibile da venerd\u00ec 8 novembre in vinile e in digitale su tutte le <strong>piattaforme di streaming.\u00a0<\/strong><\/p>\n<p>L\u2019annuncio arriva a breve distanza dall\u2019annuncio del tour che porter\u00e0 <strong>Emma a esibirsi nei club di tutta Italia<\/strong> a partire da<strong> venerd\u00ec 29 novembre al The Cage di Livorno,<\/strong> proseguendo poi a<strong> Pistoia,<\/strong> Milano, Bologna, Terlizzi, Taranto, Caserta, Roncade, Roma, Torino e <strong>Firenze.<\/strong><\/p>\n<p><strong>Emma Nolde<\/strong> viene riconosciuta da molti come uno dei talenti pi\u00f9 cristallini e intriganti del nuovo panorama musicale italiano, con <strong><em>&#8220;Nuovospaziotempo&#8221;<\/em><\/strong> \u00e8 al terzo lavoro discografico dopo<strong><em> &#8220;Toccaterra&#8221;<\/em> <\/strong>e <strong><em>&#8220;Dormi&#8221;<\/em><\/strong>.<\/p>\n<p>In questo ultimo disco si \u00e8 avvalsa del produttore livornese<strong> Andrea Pachetti<\/strong> e ha collaborato con <strong>Niccol\u00f2 Fabi, Mecna e Nayt, <\/strong>veri e propri &#8220;fratelli&#8221; di palco.<\/p>\n<h3>Ecco la nostra intervista a Emma Nolde<\/h3>\n<p><strong>Ciao Emma, ho ascoltato il tuo nuovo album in loop e non riesco a staccarmi! Mi sembra che <em>&#8220;Nuovospaziotempo&#8221;<\/em>\u00a0sia un disco che parla della necessit\u00e0 di ritrovare il proprio spazio e il proprio tempo in una societ\u00e0 che invece ci spinge ad andare sempre pi\u00f9 veloci, ad essere sempre pi\u00f9 performanti<\/strong><\/p>\n<p>Esatto, ha proprio colto il punto, si tratta di <strong>trovare un proprio modo per stare nel <em>&#8220;Nuovospaziotempo&#8221;<\/em> che \u00e8 nuovo un po&#8217; per tutti<\/strong>, perch\u00e9 non passa un solo giorno senza che passiamo la maggior parte del tempo davanti a un computer o a un telefono, e questa cosa per quanto sia poco poetica fa s\u00ec che la nostra visione del mondo sia diversa. Ne voglio parlare nelle mie canzoni perch\u00e9 ne soffro,<strong> \u00e8 un tentativo di trovare un altro modo, forse anche pi\u00f9 umano, di vivere questi tempi<\/strong>.<p><span class=\"citazione\">io prendo sempre in considerazione la fine, il fatto che da un momento all&#8217;altro protrebbe cambiare tutto. Forse lo faccio per proteggermi<\/span><\/p><\/p>\n<p><strong>Il tuo disco dopo l&#8217;introduzione si apre con<em> &#8220;Sconosciuti&#8221;<\/em> che \u00e8 una non-canzone d&#8217;amore, racconta cio\u00e8 cosa succede quando due persone che sono state molto vicine si separano, i rapporti cambiano. Bello iniziare il disco cos\u00ec<\/strong><\/p>\n<p>Io la sento comunque <strong>una canzone d&#8217;amore<\/strong> per come lo intendo io, \u00e8 nato tutto dalla mia<strong> tendenza ad aver paura che le cose finiscano presto anche quando esistono ancora.<\/strong> In quel momento andava tutto bene, ma io<strong> prendo sempre in considerazione la fine, il fatto che da un momento all&#8217;altro protrebbe cambiare tutto<\/strong>. Forse lo faccio per proteggermi. Mi tiro un po&#8217; la zappa sui piedi da sola perch\u00e9 non riesco a godermi quello che accade.<\/p>\n<p><strong>Nella canzone <em>&#8220;Pianopiano!&#8221;<\/em> canti <em>&#8220;C&#8217;\u00e8 chi vuole salire, arrivare alle stelle, c&#8217;\u00e8 chi come noi preferisce guardarle<\/em>&#8221; ci ho colto una riferimento a un certo modo di vedere la musica, la corsa al successo, \u00e8 cos\u00ec?<\/strong><\/p>\n<p>Un po&#8217; quello, un po&#8217; mi riferivo al fatto proprio di salire al nord, dove le stelle si vedono poco o male.<strong> Tante persone che fanno quello che faccio io si trasferiscono a Milano per trovare se stessi o trovare fortuna.<\/strong> Io semplicemente, come le persone con cui lavoro e con cui suono, ho fatto una scelta diversa. Non c&#8217;\u00e8 nessun giudizio da parte mia, non c&#8217;\u00e8 nessuna scelta giusta o sbagliata, ma<strong> la mia \u00e8 di restare dove le stelle si vedono davvero&#8230;in Toscana.\u00a0<\/strong><\/p>\n<p><iframe loading=\"lazy\" title=\"YouTube video player\" src=\"https:\/\/www.youtube.com\/embed\/DKEuIFIxUxY?si=fBM_QpkkSROgMj-R\" width=\"800\" height=\"450\" frameborder=\"0\" allowfullscreen=\"allowfullscreen\"><\/iframe><\/p>\n<p><strong>La canzone che mi ha in assoluto emozionata di pi\u00f9 \u00e8 &#8220;<em>Universo parallelo&#8221;<\/em>, in cui ti immagini di incontrare tuo padre da giovane, alla tua stessa et\u00e0 e di fargli &#8220;da amica&#8221;. Addirittura lo ringrazi per tutti gli sbagli che ha fatto e che lo hanno portato a te, \u00e8 una cosa davvero grande non so come ti sia potuta venire in mente<\/strong><\/p>\n<p><strong>C&#8217;\u00e8 stato un periodo in cui mi mancava una persona o un amico<\/strong> da poter chiamare e con cui andare a fare una gita a Roma, cos\u00ec perch\u00e9 ci va, oppure altro. Purtroppo o per fortuna ho amici lontani da casa, abitiamo tutti in citt\u00e0 diverse, quindi <strong>ho immaginato che se fossimo stati coetanei io e mio padre saremmo stati grandi amici,<\/strong> saremmo andati molto d&#8217;accordo. Quindi questa canzone \u00e8 nata cos\u00ec, poi<strong> lui mi ha sempre detto che avrei dovuto fare quello che volevo<\/strong>, mi ha sempre sostenuta, <strong>non \u00e8 scontato che i genitori ti appoggino. <\/strong>Ormai nel mondo reale non ci sono pi\u00f9 sicurezze, sia che tu faccia musica o che tu scelga di studiare ingegneria, <strong>non ci sono pi\u00f9 certezze n\u00e9 da una parte n\u00e9 dall&#8217;altra. <\/strong>Mio padre nella vita ha fatto scelte diverse dalle mie, forse non ha avuto nessuno che gli dicesse:<strong> fai quello che ti piace davvero. <\/strong>Io avrei voluto dirglielo.<\/p>\n<p><strong>Non \u00e8 la prima volta che scrivi una canzone dedicata a uno dei tuoi familiari, se non mi sbaglio hai dedicato una canzone a tua sorella, la famiglia \u00e8 una cosa molto importante per te\u00a0<\/strong><\/p>\n<p>\u00c8 la cosa di cui mi emoziona di pi\u00f9 parlare e continuer\u00f2 a farlo sempre, perch\u00e9 <strong>mi mette davanti a dover dire per forza la verit\u00e0, perch\u00e9 non puoi scappare quando parli di una persona che conosci cos\u00ec bene.\u00a0<\/strong><\/p>\n<p><strong>Nella canzone <em>&#8220;Punto di vista&#8221;<\/em> hai collaborato con uno dei tuoi idoli: Niccol\u00f2 Fabi, come vi siete conosciuti?<\/strong><\/p>\n<p><strong>Tutto \u00e8 nato quando lui \u00e8 venuto a sentire un mio concerto a Roma,<\/strong> abbiamo parlato tanto dopo e lui mi ha detto che sarebbe stato bello lavorare insieme. Io ero incredula perch\u00e9 non mi sarei mai immaginata di poter collaborare con lui. Mi sembrava molto trano e anche molto coraggioso da parte sua. Poi dopo qualche tempo gli ho mandato una prima versione di <strong><em>Punto di vista<\/em> <\/strong>e l&#8217;abbiamo finita insieme, \u00e8 stata lunga, ci siamo confrontati molto. <strong>Niccol\u00f2 mi piace perch\u00e9 \u00e8 molto intenso,<\/strong> scrive sempre cose in cui si sente che si \u00e8 messo molto alla prova. Quando canta mi da la sensazione che<strong> lui riesca sempre a trovare la parte che hai lasciato scoperta. Per quanto tu ti possa proteggere e mettere armature lui riesce sempre a trovare un punto da cui entrare.\u00a0<\/strong><\/p>\n<p><strong>Sei arrivata al terzo disco, possiamo ormai dire che sei una donna importante nella musica italiana\u00a0<\/strong><\/p>\n<p>Non me lo dire! (ride) Non lo so, <strong>la mia percezione \u00e8 che io mi sento sempre all&#8217;inizio, non mi sento assolutamente arrivata, ho fatto solo tre dischi!<\/strong><\/p>\n<h3>Emma Nolde in tour: tre date in Toscana<\/h3>\n<p><strong>29 novembre &#8211; Livorno &#8211; The Cage<\/strong><br \/>\n<strong>7 dicembre &#8211; Pistoia &#8211; H2NO<\/strong><br \/>\n<strong>8 marzo &#8211; Firenze &#8211; Glue<\/strong><\/p>\n<figure id=\"post-363386 media-363386\" class=\"align-none\"><img decoding=\"async\" src=\"https:\/\/www.intoscana.it\/wp-content\/uploads\/EMMA-NOLDE-NUOVOSPAZIOTEMPO-OFFICIAL-ALBUM-COVER-LR-scaled.jpeg\" alt=\"\" \/><\/figure>\n<div class=\"titleimg\"><strong>EMMA NOLDE \u2013 NUOVOSPAZIOTEMPO\u00a0<\/strong><\/div>\n","protected":false},"excerpt":{"rendered":"<p>La cantautrice di San Miniato aprir\u00e0 il tour il 29 novembre al The Cage di Livorno, sar\u00e0 poi in concerto all&#8217;H2NO di Pistoia il 7 dicembre e al Glue di Firenze l&#8217;8 marzo 2025<\/p>\n","protected":false},"author":518,"featured_media":363387,"comment_status":"open","ping_status":"open","sticky":false,"template":"","format":"standard","meta":{"_acf_changed":false,"footnotes":""},"categories":[14],"tags":[216,3138],"class_list":["post-363404","post","type-post","status-publish","format-standard","has-post-thumbnail","hentry","category-musica","tag-concerti","tag-interviste-agli-artisti"],"acf":[],"yoast_head":"<!-- This site is optimized with the Yoast SEO Premium plugin v24.2 (Yoast SEO v25.6) - https:\/\/yoast.com\/wordpress\/plugins\/seo\/ -->\n<title>&quot;Nuovospaziotempo&quot;\u00a0\u00e8 il nuovo album di Emma Nolde, pronta per il tour con tre date in Toscana\u00a0 - intoscana<\/title>\n<meta name=\"description\" content=\"La cantautrice aprir\u00e0 il tour il 29 novembre al The Cage di Livorno e sar\u00e0 in concerto all&#039;H2NO di Pistoia e il 7 dicembre al Glue\" \/>\n<meta name=\"robots\" content=\"index, follow, max-snippet:-1, max-image-preview:large, max-video-preview:-1\" \/>\n<link rel=\"canonical\" href=\"https:\/\/www.intoscana.it\/it\/nuovospaziotempo-e-il-nuovo-album-di-emma-nolde-pronta-per-il-tour-con-tre-date-in-toscana\/\" \/>\n<meta property=\"og:locale\" content=\"it_IT\" \/>\n<meta property=\"og:type\" content=\"article\" \/>\n<meta property=\"og:title\" content=\"&quot;Nuovospaziotempo&quot;\u00a0\u00e8 il nuovo album di Emma Nolde, pronta per il tour con tre date in Toscana\u00a0\" \/>\n<meta property=\"og:description\" content=\"La cantautrice aprir\u00e0 il tour il 29 novembre al The Cage di Livorno e sar\u00e0 in concerto all&#039;H2NO di Pistoia e il 7 dicembre al Glue\" \/>\n<meta property=\"og:url\" content=\"https:\/\/www.intoscana.it\/it\/nuovospaziotempo-e-il-nuovo-album-di-emma-nolde-pronta-per-il-tour-con-tre-date-in-toscana\/\" \/>\n<meta property=\"og:site_name\" content=\"intoscana\" \/>\n<meta property=\"article:publisher\" content=\"https:\/\/www.facebook.com\/intoscana.it\" \/>\n<meta property=\"article:published_time\" content=\"2024-11-08T15:19:16+00:00\" \/>\n<meta property=\"article:modified_time\" content=\"2024-11-08T15:25:53+00:00\" \/>\n<meta property=\"og:image\" content=\"https:\/\/www.intoscana.it\/wp-content\/uploads\/EmmaNolde_fotodi_Lorenzo-Stefanini_2-2-scaled.jpeg\" \/>\n\t<meta property=\"og:image:width\" content=\"2048\" \/>\n\t<meta property=\"og:image:height\" content=\"1243\" \/>\n\t<meta property=\"og:image:type\" content=\"image\/jpeg\" \/>\n<meta name=\"author\" content=\"Costanza Baldini\" \/>\n<meta name=\"twitter:card\" content=\"summary_large_image\" \/>\n<meta name=\"twitter:creator\" content=\"@intoscana\" \/>\n<meta name=\"twitter:site\" content=\"@intoscana\" \/>\n<meta name=\"twitter:label1\" content=\"Written by\" \/>\n\t<meta name=\"twitter:data1\" content=\"Costanza Baldini\" \/>\n\t<meta name=\"twitter:label2\" content=\"Est. reading time\" \/>\n\t<meta name=\"twitter:data2\" content=\"7 minuti\" \/>\n<script type=\"application\/ld+json\" class=\"yoast-schema-graph\">{\"@context\":\"https:\/\/schema.org\",\"@graph\":[{\"@type\":\"WebPage\",\"@id\":\"https:\/\/www.intoscana.it\/it\/nuovospaziotempo-e-il-nuovo-album-di-emma-nolde-pronta-per-il-tour-con-tre-date-in-toscana\/\",\"url\":\"https:\/\/www.intoscana.it\/it\/nuovospaziotempo-e-il-nuovo-album-di-emma-nolde-pronta-per-il-tour-con-tre-date-in-toscana\/\",\"name\":\"\\\"Nuovospaziotempo\\\"\u00a0\u00e8 il nuovo album di Emma Nolde, pronta per il tour con tre date in Toscana\u00a0 - intoscana\",\"isPartOf\":{\"@id\":\"https:\/\/www.intoscana.it\/it\/#website\"},\"primaryImageOfPage\":{\"@id\":\"https:\/\/www.intoscana.it\/it\/nuovospaziotempo-e-il-nuovo-album-di-emma-nolde-pronta-per-il-tour-con-tre-date-in-toscana\/#primaryimage\"},\"image\":{\"@id\":\"https:\/\/www.intoscana.it\/it\/nuovospaziotempo-e-il-nuovo-album-di-emma-nolde-pronta-per-il-tour-con-tre-date-in-toscana\/#primaryimage\"},\"thumbnailUrl\":\"https:\/\/www.intoscana.it\/wp-content\/uploads\/EmmaNolde_fotodi_Lorenzo-Stefanini_2-2-scaled.jpeg\",\"datePublished\":\"2024-11-08T15:19:16+00:00\",\"dateModified\":\"2024-11-08T15:25:53+00:00\",\"author\":{\"@id\":\"https:\/\/www.intoscana.it\/it\/#\/schema\/person\/d469f35f09739bdf00bf5dd3f0647a82\"},\"description\":\"La cantautrice aprir\u00e0 il tour il 29 novembre al The Cage di Livorno e sar\u00e0 in concerto all'H2NO di Pistoia e il 7 dicembre al Glue\",\"breadcrumb\":{\"@id\":\"https:\/\/www.intoscana.it\/it\/nuovospaziotempo-e-il-nuovo-album-di-emma-nolde-pronta-per-il-tour-con-tre-date-in-toscana\/#breadcrumb\"},\"inLanguage\":\"it-IT\",\"potentialAction\":[{\"@type\":\"ReadAction\",\"target\":[\"https:\/\/www.intoscana.it\/it\/nuovospaziotempo-e-il-nuovo-album-di-emma-nolde-pronta-per-il-tour-con-tre-date-in-toscana\/\"]}]},{\"@type\":\"ImageObject\",\"inLanguage\":\"it-IT\",\"@id\":\"https:\/\/www.intoscana.it\/it\/nuovospaziotempo-e-il-nuovo-album-di-emma-nolde-pronta-per-il-tour-con-tre-date-in-toscana\/#primaryimage\",\"url\":\"https:\/\/www.intoscana.it\/wp-content\/uploads\/EmmaNolde_fotodi_Lorenzo-Stefanini_2-2-scaled.jpeg\",\"contentUrl\":\"https:\/\/www.intoscana.it\/wp-content\/uploads\/EmmaNolde_fotodi_Lorenzo-Stefanini_2-2-scaled.jpeg\",\"width\":2048,\"height\":1243},{\"@type\":\"BreadcrumbList\",\"@id\":\"https:\/\/www.intoscana.it\/it\/nuovospaziotempo-e-il-nuovo-album-di-emma-nolde-pronta-per-il-tour-con-tre-date-in-toscana\/#breadcrumb\",\"itemListElement\":[{\"@type\":\"ListItem\",\"position\":1,\"name\":\"Home\",\"item\":\"https:\/\/www.intoscana.it\/it\/\"},{\"@type\":\"ListItem\",\"position\":2,\"name\":\"&#8220;Nuovospaziotempo&#8221;\u00a0\u00e8 il nuovo album di Emma Nolde, pronta per il tour con tre date in Toscana\u00a0\"}]},{\"@type\":\"WebSite\",\"@id\":\"https:\/\/www.intoscana.it\/it\/#website\",\"url\":\"https:\/\/www.intoscana.it\/it\/\",\"name\":\"intoscana\",\"description\":\"\",\"potentialAction\":[{\"@type\":\"SearchAction\",\"target\":{\"@type\":\"EntryPoint\",\"urlTemplate\":\"https:\/\/www.intoscana.it\/it\/?s={search_term_string}\"},\"query-input\":{\"@type\":\"PropertyValueSpecification\",\"valueRequired\":true,\"valueName\":\"search_term_string\"}}],\"inLanguage\":\"it-IT\"},{\"@type\":\"Person\",\"@id\":\"https:\/\/www.intoscana.it\/it\/#\/schema\/person\/d469f35f09739bdf00bf5dd3f0647a82\",\"name\":\"Costanza Baldini\",\"url\":\"https:\/\/www.intoscana.it\/it\/author\/costanza-baldini\/\"}]}<\/script>\n<!-- \/ Yoast SEO Premium plugin. -->","yoast_head_json":{"title":"\"Nuovospaziotempo\"\u00a0\u00e8 il nuovo album di Emma Nolde, pronta per il tour con tre date in Toscana\u00a0 - intoscana","description":"La cantautrice aprir\u00e0 il tour il 29 novembre al The Cage di Livorno e sar\u00e0 in concerto all'H2NO di Pistoia e il 7 dicembre al Glue","robots":{"index":"index","follow":"follow","max-snippet":"max-snippet:-1","max-image-preview":"max-image-preview:large","max-video-preview":"max-video-preview:-1"},"canonical":"https:\/\/www.intoscana.it\/it\/nuovospaziotempo-e-il-nuovo-album-di-emma-nolde-pronta-per-il-tour-con-tre-date-in-toscana\/","og_locale":"it_IT","og_type":"article","og_title":"\"Nuovospaziotempo\"\u00a0\u00e8 il nuovo album di Emma Nolde, pronta per il tour con tre date in Toscana\u00a0","og_description":"La cantautrice aprir\u00e0 il tour il 29 novembre al The Cage di Livorno e sar\u00e0 in concerto all'H2NO di Pistoia e il 7 dicembre al Glue","og_url":"https:\/\/www.intoscana.it\/it\/nuovospaziotempo-e-il-nuovo-album-di-emma-nolde-pronta-per-il-tour-con-tre-date-in-toscana\/","og_site_name":"intoscana","article_publisher":"https:\/\/www.facebook.com\/intoscana.it","article_published_time":"2024-11-08T15:19:16+00:00","article_modified_time":"2024-11-08T15:25:53+00:00","og_image":[{"width":2048,"height":1243,"url":"https:\/\/www.intoscana.it\/wp-content\/uploads\/EmmaNolde_fotodi_Lorenzo-Stefanini_2-2-scaled.jpeg","type":"image\/jpeg"}],"author":"Costanza Baldini","twitter_card":"summary_large_image","twitter_creator":"@intoscana","twitter_site":"@intoscana","twitter_misc":{"Written by":"Costanza Baldini","Est. reading time":"7 minuti"},"schema":{"@context":"https:\/\/schema.org","@graph":[{"@type":"WebPage","@id":"https:\/\/www.intoscana.it\/it\/nuovospaziotempo-e-il-nuovo-album-di-emma-nolde-pronta-per-il-tour-con-tre-date-in-toscana\/","url":"https:\/\/www.intoscana.it\/it\/nuovospaziotempo-e-il-nuovo-album-di-emma-nolde-pronta-per-il-tour-con-tre-date-in-toscana\/","name":"\"Nuovospaziotempo\"\u00a0\u00e8 il nuovo album di Emma Nolde, pronta per il tour con tre date in Toscana\u00a0 - intoscana","isPartOf":{"@id":"https:\/\/www.intoscana.it\/it\/#website"},"primaryImageOfPage":{"@id":"https:\/\/www.intoscana.it\/it\/nuovospaziotempo-e-il-nuovo-album-di-emma-nolde-pronta-per-il-tour-con-tre-date-in-toscana\/#primaryimage"},"image":{"@id":"https:\/\/www.intoscana.it\/it\/nuovospaziotempo-e-il-nuovo-album-di-emma-nolde-pronta-per-il-tour-con-tre-date-in-toscana\/#primaryimage"},"thumbnailUrl":"https:\/\/www.intoscana.it\/wp-content\/uploads\/EmmaNolde_fotodi_Lorenzo-Stefanini_2-2-scaled.jpeg","datePublished":"2024-11-08T15:19:16+00:00","dateModified":"2024-11-08T15:25:53+00:00","author":{"@id":"https:\/\/www.intoscana.it\/it\/#\/schema\/person\/d469f35f09739bdf00bf5dd3f0647a82"},"description":"La cantautrice aprir\u00e0 il tour il 29 novembre al The Cage di Livorno e sar\u00e0 in concerto all'H2NO di Pistoia e il 7 dicembre al Glue","breadcrumb":{"@id":"https:\/\/www.intoscana.it\/it\/nuovospaziotempo-e-il-nuovo-album-di-emma-nolde-pronta-per-il-tour-con-tre-date-in-toscana\/#breadcrumb"},"inLanguage":"it-IT","potentialAction":[{"@type":"ReadAction","target":["https:\/\/www.intoscana.it\/it\/nuovospaziotempo-e-il-nuovo-album-di-emma-nolde-pronta-per-il-tour-con-tre-date-in-toscana\/"]}]},{"@type":"ImageObject","inLanguage":"it-IT","@id":"https:\/\/www.intoscana.it\/it\/nuovospaziotempo-e-il-nuovo-album-di-emma-nolde-pronta-per-il-tour-con-tre-date-in-toscana\/#primaryimage","url":"https:\/\/www.intoscana.it\/wp-content\/uploads\/EmmaNolde_fotodi_Lorenzo-Stefanini_2-2-scaled.jpeg","contentUrl":"https:\/\/www.intoscana.it\/wp-content\/uploads\/EmmaNolde_fotodi_Lorenzo-Stefanini_2-2-scaled.jpeg","width":2048,"height":1243},{"@type":"BreadcrumbList","@id":"https:\/\/www.intoscana.it\/it\/nuovospaziotempo-e-il-nuovo-album-di-emma-nolde-pronta-per-il-tour-con-tre-date-in-toscana\/#breadcrumb","itemListElement":[{"@type":"ListItem","position":1,"name":"Home","item":"https:\/\/www.intoscana.it\/it\/"},{"@type":"ListItem","position":2,"name":"&#8220;Nuovospaziotempo&#8221;\u00a0\u00e8 il nuovo album di Emma Nolde, pronta per il tour con tre date in Toscana\u00a0"}]},{"@type":"WebSite","@id":"https:\/\/www.intoscana.it\/it\/#website","url":"https:\/\/www.intoscana.it\/it\/","name":"intoscana","description":"","potentialAction":[{"@type":"SearchAction","target":{"@type":"EntryPoint","urlTemplate":"https:\/\/www.intoscana.it\/it\/?s={search_term_string}"},"query-input":{"@type":"PropertyValueSpecification","valueRequired":true,"valueName":"search_term_string"}}],"inLanguage":"it-IT"},{"@type":"Person","@id":"https:\/\/www.intoscana.it\/it\/#\/schema\/person\/d469f35f09739bdf00bf5dd3f0647a82","name":"Costanza Baldini","url":"https:\/\/www.intoscana.it\/it\/author\/costanza-baldini\/"}]}},"_links":{"self":[{"href":"https:\/\/www.intoscana.it\/it\/wp-json\/wp\/v2\/posts\/363404","targetHints":{"allow":["GET"]}}],"collection":[{"href":"https:\/\/www.intoscana.it\/it\/wp-json\/wp\/v2\/posts"}],"about":[{"href":"https:\/\/www.intoscana.it\/it\/wp-json\/wp\/v2\/types\/post"}],"author":[{"embeddable":true,"href":"https:\/\/www.intoscana.it\/it\/wp-json\/wp\/v2\/users\/518"}],"replies":[{"embeddable":true,"href":"https:\/\/www.intoscana.it\/it\/wp-json\/wp\/v2\/comments?post=363404"}],"version-history":[{"count":27,"href":"https:\/\/www.intoscana.it\/it\/wp-json\/wp\/v2\/posts\/363404\/revisions"}],"predecessor-version":[{"id":363454,"href":"https:\/\/www.intoscana.it\/it\/wp-json\/wp\/v2\/posts\/363404\/revisions\/363454"}],"wp:featuredmedia":[{"embeddable":true,"href":"https:\/\/www.intoscana.it\/it\/wp-json\/wp\/v2\/media\/363387"}],"wp:attachment":[{"href":"https:\/\/www.intoscana.it\/it\/wp-json\/wp\/v2\/media?parent=363404"}],"wp:term":[{"taxonomy":"category","embeddable":true,"href":"https:\/\/www.intoscana.it\/it\/wp-json\/wp\/v2\/categories?post=363404"},{"taxonomy":"post_tag","embeddable":true,"href":"https:\/\/www.intoscana.it\/it\/wp-json\/wp\/v2\/tags?post=363404"}],"curies":[{"name":"wp","href":"https:\/\/api.w.org\/{rel}","templated":true}]}}