{"id":363494,"date":"2024-11-11T09:48:17","date_gmt":"2024-11-11T08:48:17","guid":{"rendered":"https:\/\/www.intoscana.it\/it\/?p=363494"},"modified":"2024-11-11T10:05:04","modified_gmt":"2024-11-11T09:05:04","slug":"cigno-in-concerto-a-firenze-anarchia-musicale-per-sopravvivere-al-capitalismo","status":"publish","type":"post","link":"https:\/\/www.intoscana.it\/it\/cigno-in-concerto-a-firenze-anarchia-musicale-per-sopravvivere-al-capitalismo\/","title":{"rendered":"Cigno in concerto a Firenze: anarchia musicale per sopravvivere al Capitalismo"},"content":{"rendered":"<p><strong>Il vecchio mondo sta morendo. Quello nuovo tarda a comparire e in questo chiaroscuro nascono i mostri&#8230; <\/strong>a\u00a0volte anche musica, ottima musica.<\/p>\n<p>\u00c8 questo il caso di <strong>Diego Cignitti in arte CIGNO<\/strong> cantautore romano che sar\u00e0 in concerto <strong>sabato 16 novembre all&#8217;<a href=\"https:\/\/www.facebook.com\/exfila\" target=\"_blank\" rel=\"noopener\">ExFila di Firenze<\/a><\/strong> per presentare il suo ultimo disco <strong><em>&#8220;Buonanotte Berlinguer&#8221;<\/em><\/strong> che chiude la cos\u00ec detta<em><strong> &#8220;Trilogia sul Nulla&#8221;.<\/strong><\/em><\/p>\n<p>Il suo \u00e8 un amalgama sonoro composto da<strong> musica liturgica ed elettronica<\/strong>, tra <strong>new wave e post-punk,<\/strong> un ectoplasma da cui emergono i <strong>fantasmi politici<\/strong> di un passato impossibile da dimenticare, evocati per <strong>esorcizzare un presente che ci atterrisce.<\/strong><\/p>\n<p><strong>Ciao Diego! Avevi pensato fin dall&#8217;inizio a una trilogia?<\/strong><\/p>\n<p>Assolutamente no, all&#8217;inizio lo avevo visto come un unicum. Poi ho sentito la necessit\u00e0 di concludere un discorso che era iniziato con<strong><em> &#8220;Morte e pianto rituale&#8221;<\/em><\/strong> e proseguito con <strong><em>&#8220;Nada! Nada! Nada!&#8221;<\/em><\/strong>. <strong><em>Buonanotte Berlinguer<\/em> <\/strong>\u00e8 stato il momento in cui ho capito che il cerchio si era chiuso. Un discorso aveva trovato il compimento, ero arrivato alla fine.<\/p>\n<p><strong>Possiamo tranquillamente dire che sei un anarchico e quindi contro ogni tipo di istituzione: lo Stato, il lavoro, il Capitalismo, le religioni, eppure la tua musica \u00e8 intrisa di religiosit\u00e0, sembra quasi di assistere a un rito<\/strong><\/p>\n<p>Certo perch\u00e9 <strong>bisogna distinguere\u00a0la religione dalla spiritualit\u00e0 o dal senso del sacro<\/strong>. La religione \u00e8 controllo sociale, controllo delle menti degli esseri umani. Il sacro, il misticismo,\u00a0la spiritualit\u00e0 sono cose diverse, sono insite nelle persone.\u00a0Nei miei dischi ho trovato molta vicinanza alla sacralit\u00e0 e alla cultura antiumanistica della <strong>Lucania,<\/strong> agli <strong>studi sulla magia di Ernesto De Martino.<\/strong><p><span class=\"citazione\">Dobbiamo farci un autoprocesso volontario, \u00e8 inutile che conitnuiamo ad indignarci alle elezioni. L&#8217;indignazione \u00e8 uno scudo in cui nascondiamo il nulla degli argomenti<\/span><\/p><\/p>\n<p><strong>Il tuo disco si intitola\u00a0<em>Buonanotte Berlinguer<\/em> che \u00e8 anche il titolo di una canzone in cui tu racconti una sorta di sogno in cui Berlinguer risorge e poi viene immediatamente ucciso di nuovo. Qual \u00e8 stata per te l&#8217;importanza di quest&#8217;uomo?<\/strong><\/p>\n<p>Volevo andare a toccare una questione, <strong>la necessit\u00e0 di riesumare politici antichi, di altre epoche,<\/strong> quasi a dire che adesso avremmo bisogno di un Berlinguer, di un leader. Mi piaceva toccare questo nervo perch\u00e9 se ipotizzassimo per assurdo che tornasse Berlinguer, si troverebbe nella situazione in cui i neofascisti sono tornati, quindi immaginavo questa conclusione. La cosa che mi faceva triggerare \u00e8 che<strong> se tornasse secondo me verrebbe subito rimandato da dove viene<\/strong>, perch\u00e9 <strong>si troverebbe in una societ\u00e0 completamente consumistica<\/strong>, le elezioni di Trump sono il termometro di come va il mondo adesso.<\/p>\n<p><strong>Ti faccio una domanda un po&#8217; difficile, come abbiamo visto nelle ultime elezioni americane, ma anche come vediamo in Italia e in Europa il proletariato vota a destra, si \u00e8 cio\u00e8 allontanato dalla sinistra, che storicamente \u00e8 sempre stata dalla parte dei lavoratori. Come te lo spieghi?<\/strong><\/p>\n<p>Tu hai parlato sia di America che di Italia. La sinistra italiana ha distrutto i vecchi valori del Partito Comunista perch\u00e9 <strong>ha cominciato a parlare alla borghesia, quindi si \u00e8 perso il contatto con il popolo, con i lavoratori<\/strong> e anche con il <strong>sotto proletariato.<\/strong> I partiti politici invece di presentare i programmi andavano a soddisfare le esigenze di <strong>un ipotetico elettorato che man mano \u00e8 andato ad evaporare.<\/strong> La sinistra non ha pi\u00f9 un contatto con la gente comune ed \u00e8 normale che poi possano attecchire Trump, e chi pi\u00f9 ne ha pi\u00f9 ne metta. <strong>Va fatto un auto-processo volontario<\/strong>, questo \u00e8 anche il sottotitolo che ho dato alle cassette di <strong><em>Buonanotte Berlinguer.<\/em><\/strong> Quello che facevano le <strong>Brigate Rosse ad Aldo Moro<\/strong> dobbiamo farlo a noi stessi, metaforicamente ovviamente. \u00c8 inutile che continuiamo ad indignarci alle elezioni.<strong> L&#8217;indignazione \u00e8 uno scudo in cui nascondiamo il nulla degli argomenti.<\/strong><\/p>\n<p><iframe loading=\"lazy\" title=\"YouTube video player\" src=\"https:\/\/www.youtube.com\/embed\/gDEf96BON6U?si=c38zg9s9aMSURxPi\" width=\"800\" height=\"450\" frameborder=\"0\" allowfullscreen=\"allowfullscreen\"><span data-mce-type=\"bookmark\" style=\"display: inline-block; width: 0px; overflow: hidden; line-height: 0;\" class=\"mce_SELRES_start\">\ufeff<\/span><\/iframe><\/p>\n<p><strong>In una tua canzone ha scelto di fare un omaggio a un anarchico italiano Errico Malatesta che tu definisci un uomo libero<\/strong><\/p>\n<p>Da qualche tempo frequento un circolo anarchico presso la <a href=\"http:\/\/www.libreriaanomalia.org\" target=\"_blank\" rel=\"noopener\"><strong>Libreria Anomalia di Roma,<\/strong><\/a> \u00e8 uno degli ultimi baluardi, centro studi della storia dell&#8217;anarchia in Italia. Il personaggio di Errico Malatesta \u00e8 uno dei pi\u00f9 conosciuti e carismatici, quello che mi piaceva di lui \u00e8 questa sorta di diserzione da lui attuata. Se ne and\u00f2 all&#8217;estero in esilio, con l&#8217;idea di tornare in futuro a sovvertire l&#8217;ordine. \u00c8 interessante il fatto che lui sia morto durante l&#8217;ascesa del Fascismo, chiss\u00e0 cosa gli \u00e8 passato per la mente. <strong>La storia ha fatto tanti giri e adesso ci troviamo a vivere in un mondo che va verso quella direzione<\/strong>, con il fascismo dei consumi. <strong>Dalla battaglia di Seattle in poi ci troviamo ad essere sempre sconfitti<\/strong> e questa \u00e8 una riflessione che porto nel disco.<p><span class=\"citazione\">\u00e8 il momento di ripensarsi e ricontestualizzarsi per creare una nuova controcultura, di quello manchiamo, di una voce diversa rispetto alla voce imperante del consumismo americano<\/span><\/p><\/p>\n<p><strong>Questo pezzo mi ha fatto tornare in mente le parole di <a href=\"https:\/\/it.wikipedia.org\/wiki\/Bobby_Sands\" target=\"_blank\" rel=\"noopener\">Bobby Sands,<\/a> che quando era in carcere in Irlanda diceva che non lo avrebbero mai potuto stroncare, perch\u00e9 lui la libert\u00e0 ce l&#8217;aveva nel cuore. Che cos&#8217;\u00e8 per te la libert\u00e0? Ti senti libero?<\/strong><\/p>\n<p><strong>Non mi sento per niente libero<\/strong>. Quello che va contro la libert\u00e0 \u00e8 l&#8217;oppressione e l&#8217;oscurantismo e io credo che i primi oscurantisti siamo noi stessi. A volte oscuriamo delle nostre idee, dei nostri pensieri. Anchio mi sono chiesto <em>&#8220;Faccio il brano su Malatesta? Forse sarebbe pi\u00f9 prudente non farlo&#8221;<\/em>. Proprio questo <strong>dobbiamo combattere l&#8217;autocensura del pensiero perch\u00e9 siamo i primi che ci auto-censuriamo<\/strong> per paura di avere ripercussioni al lavoro o tra la gente. Poi <strong>c&#8217;\u00e8 l&#8217;oppressione dello Stato della societ\u00e0 dei consumi in cui viviamo, e questa \u00e8 una cosa ben pi\u00f9 difficile da combattere<\/strong>. C&#8217;\u00e8 chi diceva che <strong>\u00e8 pi\u00f9 facile che finisca l&#8217;uomo, piuttosto che finisca il Capitalismo.<\/strong><\/p>\n<p><strong>Secondo te \u00e8 realisticamente possibile pensare di potersi opporre al Capitalismo? In questo momento stiamo entrambi usando un cellulare, vuol dire che siamo immersi fino alla testa\u00a0nel Capitalismo, non possiamo uscirne anche se volessimo, a meno di non fare gli eremiti<\/strong><\/p>\n<p>Allora ti dico due cose, una citando<a href=\"https:\/\/www.youtube.com\/watch?v=yH40bi9pWmY\" target=\"_blank\" rel=\"noopener\"><strong> Slavoj \u017di\u017eek<\/strong> <\/a>\u00e8 il fatto di lavorare sul micro, <strong>sicuramente non possiamo attecchire sul macro,<\/strong> ma per esempio<strong> sabato 16 novembre<\/strong> suoneremo in uno spazio affine a tutte queste idee, <strong>staremo insieme, ci sar\u00e0 condivisione, si parler\u00e0, \u00e8 importante lasciare queste fiamme accese affinch\u00e8 ne nascano altre<\/strong>. Un&#8217;altra cosa che mi viene da dire \u00e8<strong> la differenza tra lo strumento e l&#8217;etica.<\/strong> Il cellulare \u00e8 uno strumento, non \u00e8 che abbia in s\u00e8 il Capitalismo e il Consumismo, se sto sei ore su Amazon, Facebook o Instagram forse lo sto usando male. Se con il cellulare organizzo un&#8217;attivit\u00e0 forse lo sto usando nel modo giusto. Allo stesso modo<strong> le canzoni che parlano di amore e di coppia sono totalmente innocue<\/strong>, forse se cominciassimo a parlare un po&#8217; di pi\u00f9 di queste cose le canzoni potrebbero avere la potenza esplosiva che avevano un tempo, <strong>cambiare le idee delle persone, cambiare il mondo.<\/strong><\/p>\n<p><strong>Mi colpisce questa tua ultima frase perch\u00e9 proprio in questi ultimi giorni si \u00e8 sviluppato un dibattito sulle ultime elezioni americane, in cui si sottolinea come tutti gli endorsement\u00a0fatti da musicisti da Bruce Springsteen a Taylor Swift a Kamala Harris non abbiano minimamente spostato il voto<\/strong><\/p>\n<p>Se parliamo di <strong>Taylor Swift non mi sembra un&#8217;attivista nelle sue canzoni, anzi\u00a0\u00e8 tutta estetica spicciola,<\/strong> non mi sembra l&#8217;artista adatta a cambiare le cose. Se parliamo di <strong>Bruce Springsteen forse ha fatto il suo tempo, \u00e8 come riesumare un dinosauro,<\/strong> non mi sembra che parli a questa epoca. Forse \u00e8 proprio il Partito Democratico americano che \u00e8 arrivato al capolinea e deve ripensarsi. Bernie Sanders \u00e8 stato fatto fuori, forse era uno dei pochi che aveva qualche idea innovativa. Mancano le nuove idee, non \u00e8 in atto un ripensamento della politica e <strong>non sono i musicisti o le canzoni che possono cambiare le cose.<\/strong> Proprio ieri ragionavo sui <strong>Soundgarden, sui Pearl Jam, sui Nirvana,<\/strong> beh c&#8217;era un collegamento tra quello che succedeva nel mondo e quello che succedeva nella musica.<\/p>\n<p><strong>Tu parli del Grunge, era un tipo di musica che aveva dentro contenuti di un certo tipo, forse oggi la musica stessa \u00e8 molto cambiata, sta andando in un&#8217;altra direzione<\/strong><\/p>\n<p>\u00c8 cos\u00ec,<strong> per sapere come sta una nazione bisogna ascoltare la sua musica.<\/strong> Purtroppo questo abbassamento culturale dei contenuti lo trovi nella musica come nella politica, nel cinema, \u00e8 tutto collegato. <strong>La musica \u00e8 il primo termometro per capire come stanno andando le cose,<\/strong> se il Partito Democratico deve chiamare <strong>Taylor Swift<\/strong> per fare un endorsement siamo messi male e infatti poi abbiamo visto quali sono stati i risultati.<\/p>\n<p><strong>Ti faccio un&#8217;ultima domanda, il tuo disco si chiude con un minuto di silenzio alla &#8220;John Cage&#8221; a chi \u00e8 dedicato?<\/strong><\/p>\n<p>Perch\u00e9 \u00e8 finito tutto, <strong>la seconda morte di Berlinguer \u00e8 la morte anche dei nostri valori sociali, politici<\/strong>, della nostra velleit\u00e0 a riesumare le sue idee. Quando ho scritto il disco non sapevo che ricorreva il quarantennale dalla morte, quindi mi sono ritrovato nel calderone della &#8220;<strong>Berlinguer mania&#8221;,<\/strong> in mezzo a tanti eventi, film, mostre. Voglio dire, <strong>io sapevo che quando qualcosa andava in un museo era morta.<\/strong> Quindi <strong>Buonanotte forse per sempre<\/strong>, \u00e8 arrivato il momento di <strong>ripensarsi e ricontestualizzarsi per creare una nuova controcultura<\/strong>, di quello manchiamo, di una voce diversa rispetto alla voce imperante del consumismo americano.<\/p>\n<figure id=\"post-363580 media-363580\" class=\"align-none\"><img decoding=\"async\" src=\"https:\/\/www.intoscana.it\/wp-content\/uploads\/11-OR-B_N-foto-di-matteo-consolazione-DSC_9237--scaled.jpeg\" alt=\"\" \/><\/figure>\n<div class=\"titleimg\"><em>CIGNO foto di Matteo Consolazione<\/em><\/div>\n","protected":false},"excerpt":{"rendered":"<p>Sabato 16 novembre all&#8217;ExFila di Firenze arriva il cantautore romano che presenta il disco &#8220;Buonanotte Berlinguer&#8221;, conclusione della &#8216;Trilogia sul nulla&#8217;<\/p>\n","protected":false},"author":518,"featured_media":363571,"comment_status":"open","ping_status":"open","sticky":false,"template":"","format":"standard","meta":{"_acf_changed":false,"footnotes":""},"categories":[14],"tags":[216,202,3138],"class_list":["post-363494","post","type-post","status-publish","format-standard","has-post-thumbnail","hentry","category-musica","tag-concerti","tag-firenze","tag-interviste-agli-artisti"],"acf":[],"yoast_head":"<!-- This site is optimized with the Yoast SEO Premium plugin v24.2 (Yoast SEO v25.6) - https:\/\/yoast.com\/wordpress\/plugins\/seo\/ -->\n<title>Cigno in concerto a Firenze: anarchia musicale per sopravvivere al Capitalismo - intoscana<\/title>\n<meta name=\"description\" content=\"Sabato 16 novembre all&#039;Ex-Fila di Firenze arriva il cantautore romano che presenta la conclusione della sua &quot;Trilogia sul Nulla&quot;\" \/>\n<meta name=\"robots\" content=\"index, follow, max-snippet:-1, max-image-preview:large, max-video-preview:-1\" \/>\n<link rel=\"canonical\" href=\"https:\/\/www.intoscana.it\/it\/cigno-in-concerto-a-firenze-anarchia-musicale-per-sopravvivere-al-capitalismo\/\" \/>\n<meta property=\"og:locale\" content=\"it_IT\" \/>\n<meta property=\"og:type\" content=\"article\" \/>\n<meta property=\"og:title\" content=\"Cigno in concerto a Firenze: anarchia musicale per sopravvivere al Capitalismo\" \/>\n<meta property=\"og:description\" content=\"Sabato 16 novembre all&#039;Ex-Fila di Firenze arriva il cantautore romano che presenta la conclusione della sua &quot;Trilogia sul Nulla&quot;\" \/>\n<meta property=\"og:url\" content=\"https:\/\/www.intoscana.it\/it\/cigno-in-concerto-a-firenze-anarchia-musicale-per-sopravvivere-al-capitalismo\/\" \/>\n<meta property=\"og:site_name\" content=\"intoscana\" \/>\n<meta property=\"article:publisher\" content=\"https:\/\/www.facebook.com\/intoscana.it\" \/>\n<meta property=\"article:published_time\" content=\"2024-11-11T08:48:17+00:00\" \/>\n<meta property=\"article:modified_time\" content=\"2024-11-11T09:05:04+00:00\" \/>\n<meta property=\"og:image\" content=\"https:\/\/www.intoscana.it\/wp-content\/uploads\/2-VE-B_N-foto-di-matteo-consolazione-DSC_9232-copia-scaled.jpg\" \/>\n\t<meta property=\"og:image:width\" content=\"2048\" \/>\n\t<meta property=\"og:image:height\" content=\"1654\" \/>\n\t<meta property=\"og:image:type\" content=\"image\/jpeg\" \/>\n<meta name=\"author\" content=\"Costanza Baldini\" \/>\n<meta name=\"twitter:card\" content=\"summary_large_image\" \/>\n<meta name=\"twitter:creator\" content=\"@intoscana\" \/>\n<meta name=\"twitter:site\" content=\"@intoscana\" \/>\n<meta name=\"twitter:label1\" content=\"Written by\" \/>\n\t<meta name=\"twitter:data1\" content=\"Costanza Baldini\" \/>\n\t<meta name=\"twitter:label2\" content=\"Est. reading time\" \/>\n\t<meta name=\"twitter:data2\" content=\"9 minuti\" \/>\n<script type=\"application\/ld+json\" class=\"yoast-schema-graph\">{\"@context\":\"https:\/\/schema.org\",\"@graph\":[{\"@type\":\"WebPage\",\"@id\":\"https:\/\/www.intoscana.it\/it\/cigno-in-concerto-a-firenze-anarchia-musicale-per-sopravvivere-al-capitalismo\/\",\"url\":\"https:\/\/www.intoscana.it\/it\/cigno-in-concerto-a-firenze-anarchia-musicale-per-sopravvivere-al-capitalismo\/\",\"name\":\"Cigno in concerto a Firenze: anarchia musicale per sopravvivere al Capitalismo - intoscana\",\"isPartOf\":{\"@id\":\"https:\/\/www.intoscana.it\/it\/#website\"},\"primaryImageOfPage\":{\"@id\":\"https:\/\/www.intoscana.it\/it\/cigno-in-concerto-a-firenze-anarchia-musicale-per-sopravvivere-al-capitalismo\/#primaryimage\"},\"image\":{\"@id\":\"https:\/\/www.intoscana.it\/it\/cigno-in-concerto-a-firenze-anarchia-musicale-per-sopravvivere-al-capitalismo\/#primaryimage\"},\"thumbnailUrl\":\"https:\/\/www.intoscana.it\/wp-content\/uploads\/2-VE-B_N-foto-di-matteo-consolazione-DSC_9232-copia-scaled.jpg\",\"datePublished\":\"2024-11-11T08:48:17+00:00\",\"dateModified\":\"2024-11-11T09:05:04+00:00\",\"author\":{\"@id\":\"https:\/\/www.intoscana.it\/it\/#\/schema\/person\/d469f35f09739bdf00bf5dd3f0647a82\"},\"description\":\"Sabato 16 novembre all'Ex-Fila di Firenze arriva il cantautore romano che presenta la conclusione della sua \\\"Trilogia sul Nulla\\\"\",\"breadcrumb\":{\"@id\":\"https:\/\/www.intoscana.it\/it\/cigno-in-concerto-a-firenze-anarchia-musicale-per-sopravvivere-al-capitalismo\/#breadcrumb\"},\"inLanguage\":\"it-IT\",\"potentialAction\":[{\"@type\":\"ReadAction\",\"target\":[\"https:\/\/www.intoscana.it\/it\/cigno-in-concerto-a-firenze-anarchia-musicale-per-sopravvivere-al-capitalismo\/\"]}]},{\"@type\":\"ImageObject\",\"inLanguage\":\"it-IT\",\"@id\":\"https:\/\/www.intoscana.it\/it\/cigno-in-concerto-a-firenze-anarchia-musicale-per-sopravvivere-al-capitalismo\/#primaryimage\",\"url\":\"https:\/\/www.intoscana.it\/wp-content\/uploads\/2-VE-B_N-foto-di-matteo-consolazione-DSC_9232-copia-scaled.jpg\",\"contentUrl\":\"https:\/\/www.intoscana.it\/wp-content\/uploads\/2-VE-B_N-foto-di-matteo-consolazione-DSC_9232-copia-scaled.jpg\",\"width\":2048,\"height\":1654},{\"@type\":\"BreadcrumbList\",\"@id\":\"https:\/\/www.intoscana.it\/it\/cigno-in-concerto-a-firenze-anarchia-musicale-per-sopravvivere-al-capitalismo\/#breadcrumb\",\"itemListElement\":[{\"@type\":\"ListItem\",\"position\":1,\"name\":\"Home\",\"item\":\"https:\/\/www.intoscana.it\/it\/\"},{\"@type\":\"ListItem\",\"position\":2,\"name\":\"Cigno in concerto a Firenze: anarchia musicale per sopravvivere al Capitalismo\"}]},{\"@type\":\"WebSite\",\"@id\":\"https:\/\/www.intoscana.it\/it\/#website\",\"url\":\"https:\/\/www.intoscana.it\/it\/\",\"name\":\"intoscana\",\"description\":\"\",\"potentialAction\":[{\"@type\":\"SearchAction\",\"target\":{\"@type\":\"EntryPoint\",\"urlTemplate\":\"https:\/\/www.intoscana.it\/it\/?s={search_term_string}\"},\"query-input\":{\"@type\":\"PropertyValueSpecification\",\"valueRequired\":true,\"valueName\":\"search_term_string\"}}],\"inLanguage\":\"it-IT\"},{\"@type\":\"Person\",\"@id\":\"https:\/\/www.intoscana.it\/it\/#\/schema\/person\/d469f35f09739bdf00bf5dd3f0647a82\",\"name\":\"Costanza Baldini\",\"url\":\"https:\/\/www.intoscana.it\/it\/author\/costanza-baldini\/\"}]}<\/script>\n<!-- \/ Yoast SEO Premium plugin. -->","yoast_head_json":{"title":"Cigno in concerto a Firenze: anarchia musicale per sopravvivere al Capitalismo - intoscana","description":"Sabato 16 novembre all'Ex-Fila di Firenze arriva il cantautore romano che presenta la conclusione della sua \"Trilogia sul Nulla\"","robots":{"index":"index","follow":"follow","max-snippet":"max-snippet:-1","max-image-preview":"max-image-preview:large","max-video-preview":"max-video-preview:-1"},"canonical":"https:\/\/www.intoscana.it\/it\/cigno-in-concerto-a-firenze-anarchia-musicale-per-sopravvivere-al-capitalismo\/","og_locale":"it_IT","og_type":"article","og_title":"Cigno in concerto a Firenze: anarchia musicale per sopravvivere al Capitalismo","og_description":"Sabato 16 novembre all'Ex-Fila di Firenze arriva il cantautore romano che presenta la conclusione della sua \"Trilogia sul Nulla\"","og_url":"https:\/\/www.intoscana.it\/it\/cigno-in-concerto-a-firenze-anarchia-musicale-per-sopravvivere-al-capitalismo\/","og_site_name":"intoscana","article_publisher":"https:\/\/www.facebook.com\/intoscana.it","article_published_time":"2024-11-11T08:48:17+00:00","article_modified_time":"2024-11-11T09:05:04+00:00","og_image":[{"width":2048,"height":1654,"url":"https:\/\/www.intoscana.it\/wp-content\/uploads\/2-VE-B_N-foto-di-matteo-consolazione-DSC_9232-copia-scaled.jpg","type":"image\/jpeg"}],"author":"Costanza Baldini","twitter_card":"summary_large_image","twitter_creator":"@intoscana","twitter_site":"@intoscana","twitter_misc":{"Written by":"Costanza Baldini","Est. reading time":"9 minuti"},"schema":{"@context":"https:\/\/schema.org","@graph":[{"@type":"WebPage","@id":"https:\/\/www.intoscana.it\/it\/cigno-in-concerto-a-firenze-anarchia-musicale-per-sopravvivere-al-capitalismo\/","url":"https:\/\/www.intoscana.it\/it\/cigno-in-concerto-a-firenze-anarchia-musicale-per-sopravvivere-al-capitalismo\/","name":"Cigno in concerto a Firenze: anarchia musicale per sopravvivere al Capitalismo - intoscana","isPartOf":{"@id":"https:\/\/www.intoscana.it\/it\/#website"},"primaryImageOfPage":{"@id":"https:\/\/www.intoscana.it\/it\/cigno-in-concerto-a-firenze-anarchia-musicale-per-sopravvivere-al-capitalismo\/#primaryimage"},"image":{"@id":"https:\/\/www.intoscana.it\/it\/cigno-in-concerto-a-firenze-anarchia-musicale-per-sopravvivere-al-capitalismo\/#primaryimage"},"thumbnailUrl":"https:\/\/www.intoscana.it\/wp-content\/uploads\/2-VE-B_N-foto-di-matteo-consolazione-DSC_9232-copia-scaled.jpg","datePublished":"2024-11-11T08:48:17+00:00","dateModified":"2024-11-11T09:05:04+00:00","author":{"@id":"https:\/\/www.intoscana.it\/it\/#\/schema\/person\/d469f35f09739bdf00bf5dd3f0647a82"},"description":"Sabato 16 novembre all'Ex-Fila di Firenze arriva il cantautore romano che presenta la conclusione della sua \"Trilogia sul Nulla\"","breadcrumb":{"@id":"https:\/\/www.intoscana.it\/it\/cigno-in-concerto-a-firenze-anarchia-musicale-per-sopravvivere-al-capitalismo\/#breadcrumb"},"inLanguage":"it-IT","potentialAction":[{"@type":"ReadAction","target":["https:\/\/www.intoscana.it\/it\/cigno-in-concerto-a-firenze-anarchia-musicale-per-sopravvivere-al-capitalismo\/"]}]},{"@type":"ImageObject","inLanguage":"it-IT","@id":"https:\/\/www.intoscana.it\/it\/cigno-in-concerto-a-firenze-anarchia-musicale-per-sopravvivere-al-capitalismo\/#primaryimage","url":"https:\/\/www.intoscana.it\/wp-content\/uploads\/2-VE-B_N-foto-di-matteo-consolazione-DSC_9232-copia-scaled.jpg","contentUrl":"https:\/\/www.intoscana.it\/wp-content\/uploads\/2-VE-B_N-foto-di-matteo-consolazione-DSC_9232-copia-scaled.jpg","width":2048,"height":1654},{"@type":"BreadcrumbList","@id":"https:\/\/www.intoscana.it\/it\/cigno-in-concerto-a-firenze-anarchia-musicale-per-sopravvivere-al-capitalismo\/#breadcrumb","itemListElement":[{"@type":"ListItem","position":1,"name":"Home","item":"https:\/\/www.intoscana.it\/it\/"},{"@type":"ListItem","position":2,"name":"Cigno in concerto a Firenze: anarchia musicale per sopravvivere al Capitalismo"}]},{"@type":"WebSite","@id":"https:\/\/www.intoscana.it\/it\/#website","url":"https:\/\/www.intoscana.it\/it\/","name":"intoscana","description":"","potentialAction":[{"@type":"SearchAction","target":{"@type":"EntryPoint","urlTemplate":"https:\/\/www.intoscana.it\/it\/?s={search_term_string}"},"query-input":{"@type":"PropertyValueSpecification","valueRequired":true,"valueName":"search_term_string"}}],"inLanguage":"it-IT"},{"@type":"Person","@id":"https:\/\/www.intoscana.it\/it\/#\/schema\/person\/d469f35f09739bdf00bf5dd3f0647a82","name":"Costanza Baldini","url":"https:\/\/www.intoscana.it\/it\/author\/costanza-baldini\/"}]}},"_links":{"self":[{"href":"https:\/\/www.intoscana.it\/it\/wp-json\/wp\/v2\/posts\/363494","targetHints":{"allow":["GET"]}}],"collection":[{"href":"https:\/\/www.intoscana.it\/it\/wp-json\/wp\/v2\/posts"}],"about":[{"href":"https:\/\/www.intoscana.it\/it\/wp-json\/wp\/v2\/types\/post"}],"author":[{"embeddable":true,"href":"https:\/\/www.intoscana.it\/it\/wp-json\/wp\/v2\/users\/518"}],"replies":[{"embeddable":true,"href":"https:\/\/www.intoscana.it\/it\/wp-json\/wp\/v2\/comments?post=363494"}],"version-history":[{"count":33,"href":"https:\/\/www.intoscana.it\/it\/wp-json\/wp\/v2\/posts\/363494\/revisions"}],"predecessor-version":[{"id":363611,"href":"https:\/\/www.intoscana.it\/it\/wp-json\/wp\/v2\/posts\/363494\/revisions\/363611"}],"wp:featuredmedia":[{"embeddable":true,"href":"https:\/\/www.intoscana.it\/it\/wp-json\/wp\/v2\/media\/363571"}],"wp:attachment":[{"href":"https:\/\/www.intoscana.it\/it\/wp-json\/wp\/v2\/media?parent=363494"}],"wp:term":[{"taxonomy":"category","embeddable":true,"href":"https:\/\/www.intoscana.it\/it\/wp-json\/wp\/v2\/categories?post=363494"},{"taxonomy":"post_tag","embeddable":true,"href":"https:\/\/www.intoscana.it\/it\/wp-json\/wp\/v2\/tags?post=363494"}],"curies":[{"name":"wp","href":"https:\/\/api.w.org\/{rel}","templated":true}]}}