{"id":363700,"date":"2024-11-11T17:01:12","date_gmt":"2024-11-11T16:01:12","guid":{"rendered":"https:\/\/www.intoscana.it\/it\/?p=363700"},"modified":"2024-11-11T17:43:49","modified_gmt":"2024-11-11T16:43:49","slug":"lucca-ok-dalla-giunta-regionale-agli-assi-viari-giani-una-svolta-dopo-30-anni","status":"publish","type":"post","link":"https:\/\/www.intoscana.it\/it\/lucca-ok-dalla-giunta-regionale-agli-assi-viari-giani-una-svolta-dopo-30-anni\/","title":{"rendered":"Lucca, ok dalla giunta regionale agli assi viari. Giani: &#8220;Una svolta dopo 30 anni&#8221;"},"content":{"rendered":"<p>Con il via libera della giunta regionale, \u00e8 al punto di svolta il sistema tangenziale di Lucca-viabilit\u00e0 Est, con i collegamenti fra Ponte a Moriano e i caselli dell\u2019autostrada A11 del Frizzone e di Lucca est, il primo lotto dei cosiddetti <strong>assi viari<\/strong>.<\/p>\n<p>La Regione ha espresso parere positivo al progetto definitivo proposto da Anas, raccogliendo i contributi dei vari settori regionali ed i pareri positivi espressi dal Comune di Lucca, di Capannori e dalla Provincia di Lucca (seppur con prescrizioni, osservazioni e condizioni). <mark>A fare il punto il presidente Eugenio Giani, l\u2019assessore alle infrastrutture e trasporti Stefano Baccelli accompagnati dal direttore delle infrastrutture in Regione Enrico Becattini.<\/mark><\/p>\n<p>\u201cCon questa delibera &#8211; ha detto <strong>Giani<\/strong> &#8211; diamo il via libera a un progetto fondamentale che dar\u00e0 sviluppo e innovazione a una parte importante della Toscana; dopo 30 anni siamo finalmente alla svolta, un fatto che possiamo definire storico: avere un tracciato di circa 12 chilometri che connette Capannori e Lucca, arriva\u00a0 a Ponte a Moriano\u00a0 e cos\u00ec\u00a0 collega la valle del Serchio. <mark>Un progetto concertato, per il quale sono state risolte alcune esitazioni, portando l\u2019ultimo tratto al di sotto dell\u2019autostrada, evitando quindi incroci\u00a0 e traffico nelle zone abitate, potendo comunque dare una risposta\u00a0 in merito a una viabilit\u00e0 che \u00e8 sempre pi\u00f9 necessario tenere collegata ed efficiente;<\/mark> penso alla Mediavalle, alla Garfagnana, ma anche alla zona industriale della Piana di Lucca che ha bisogno di infrastrutture per poter crescere. Finalmente oggi troviamo la\u00a0 quadra e auspichiamo che anche gli ultimi passaggi col commissario proseguano efficacemente\u201d.<\/p>\n<p>Per <strong>Baccelli<\/strong> gli assi viari \u201crappresentano 18 anni di lavoro amministrativo &#8211; ha spiegato l\u2019assessore -, un lavoro importante che abbiamo condiviso con gli enti locali e quindi migliorato\u00a0 con la grande disponibilit\u00e0 del commissario Mucilli, integrandolo meglio con le esigenze del territorio. Ero e sono consapevole della necessit\u00e0 di trovare un equilibrio tra l\u2019ineludibile importanza strategica di questa infrastruttura e la sua miglior relazione con il territorio e la mitigazione d\u2019impatto ambientale&#8221;. Per questo <mark>&#8220;abbiamo prima sottoscritto un protocollo d\u2019intesa e poi costituito un gruppo tecnico coordinato dal Commissario e partecipato dai tecnici dei Comuni di Lucca e Capannori, della Provincia di Lucca, oltre che della Regione Toscana, il cui lavoro, particolarmente approfondito, \u00e8 durato un anno e mezzo<\/mark> ed ha permesso di recepire molte delle richieste di miglioramento proposte dagli enti locali. Prima fra tutte l\u2019eliminazione dell\u2019adeguamento e del passaggio da via Domenico Chelini sostituita dal sovrappasso dell\u2019A11 e dall\u2019anticipazione del collegamento a sud dell\u2019autostrada e dal miglioramento della viabilit\u00e0 esistente sino a raggiungere il casello del Frizzone&#8221;.<\/p>\n<p>Il progetto \u00e8 gi\u00e0 finanziato dal Cipe con <strong>172 milioni di euro<\/strong>, a cui contribuisce con 17 milioni la Regione Toscana.\u00a0Quanto alle tempistiche previste occorreranno, salvo imprevisti, almeno 6 mesi per la progettazione esecutiva ed altrettanti per la relativa gara.<\/p>\n","protected":false},"excerpt":{"rendered":"<p>L&#8217;assessore Baccelli: &#8220;Un lavoro importante che abbiamo condiviso con gli enti locali, integrandolo meglio con le esigenze del territorio&#8221;<\/p>\n","protected":false},"author":525,"featured_media":363702,"comment_status":"open","ping_status":"open","sticky":false,"template":"","format":"standard","meta":{"_acf_changed":false,"footnotes":""},"categories":[494],"tags":[158,170,1577,4818],"class_list":["post-363700","post","type-post","status-publish","format-standard","has-post-thumbnail","hentry","category-attualita","tag-eugenio-giani","tag-lucca","tag-muoversi-in-toscana","tag-stefano-baccelli"],"acf":[],"yoast_head":"<!-- This site is optimized with the Yoast SEO Premium plugin v24.2 (Yoast SEO v25.6) - https:\/\/yoast.com\/wordpress\/plugins\/seo\/ -->\n<title>Lucca, ok dalla giunta regionale agli assi viari. Giani: &quot;Una svolta dopo 30 anni&quot; - intoscana<\/title>\n<meta name=\"description\" content=\"L&#039;assessore Baccelli: &quot;Un lavoro importante che abbiamo condiviso con gli enti locali, integrandolo meglio con le esigenze del territorio&quot;\" \/>\n<meta name=\"robots\" content=\"index, follow, max-snippet:-1, max-image-preview:large, max-video-preview:-1\" \/>\n<link rel=\"canonical\" href=\"https:\/\/www.intoscana.it\/it\/lucca-ok-dalla-giunta-regionale-agli-assi-viari-giani-una-svolta-dopo-30-anni\/\" \/>\n<meta property=\"og:locale\" content=\"it_IT\" \/>\n<meta property=\"og:type\" content=\"article\" \/>\n<meta property=\"og:title\" content=\"Lucca, ok dalla giunta regionale agli assi viari. Giani: &quot;Una svolta dopo 30 anni&quot;\" \/>\n<meta property=\"og:description\" content=\"L&#039;assessore Baccelli: &quot;Un lavoro importante che abbiamo condiviso con gli enti locali, integrandolo meglio con le esigenze del territorio&quot;\" \/>\n<meta property=\"og:url\" content=\"https:\/\/www.intoscana.it\/it\/lucca-ok-dalla-giunta-regionale-agli-assi-viari-giani-una-svolta-dopo-30-anni\/\" \/>\n<meta property=\"og:site_name\" content=\"intoscana\" \/>\n<meta property=\"article:publisher\" content=\"https:\/\/www.facebook.com\/intoscana.it\" \/>\n<meta property=\"article:published_time\" content=\"2024-11-11T16:01:12+00:00\" \/>\n<meta property=\"article:modified_time\" content=\"2024-11-11T16:43:49+00:00\" \/>\n<meta property=\"og:image\" content=\"https:\/\/www.intoscana.it\/wp-content\/uploads\/assi.jpg\" \/>\n\t<meta property=\"og:image:width\" content=\"1600\" \/>\n\t<meta property=\"og:image:height\" content=\"1200\" \/>\n\t<meta property=\"og:image:type\" content=\"image\/jpeg\" \/>\n<meta name=\"author\" content=\"Redazione\" \/>\n<meta name=\"twitter:card\" content=\"summary_large_image\" \/>\n<meta name=\"twitter:creator\" content=\"@intoscana\" \/>\n<meta name=\"twitter:site\" content=\"@intoscana\" \/>\n<meta name=\"twitter:label1\" content=\"Written by\" \/>\n\t<meta name=\"twitter:data1\" content=\"Redazione\" \/>\n\t<meta name=\"twitter:label2\" content=\"Est. reading time\" \/>\n\t<meta name=\"twitter:data2\" content=\"3 minuti\" \/>\n<script type=\"application\/ld+json\" class=\"yoast-schema-graph\">{\"@context\":\"https:\/\/schema.org\",\"@graph\":[{\"@type\":\"WebPage\",\"@id\":\"https:\/\/www.intoscana.it\/it\/lucca-ok-dalla-giunta-regionale-agli-assi-viari-giani-una-svolta-dopo-30-anni\/\",\"url\":\"https:\/\/www.intoscana.it\/it\/lucca-ok-dalla-giunta-regionale-agli-assi-viari-giani-una-svolta-dopo-30-anni\/\",\"name\":\"Lucca, ok dalla giunta regionale agli assi viari. Giani: \\\"Una svolta dopo 30 anni\\\" - intoscana\",\"isPartOf\":{\"@id\":\"https:\/\/www.intoscana.it\/it\/#website\"},\"primaryImageOfPage\":{\"@id\":\"https:\/\/www.intoscana.it\/it\/lucca-ok-dalla-giunta-regionale-agli-assi-viari-giani-una-svolta-dopo-30-anni\/#primaryimage\"},\"image\":{\"@id\":\"https:\/\/www.intoscana.it\/it\/lucca-ok-dalla-giunta-regionale-agli-assi-viari-giani-una-svolta-dopo-30-anni\/#primaryimage\"},\"thumbnailUrl\":\"https:\/\/www.intoscana.it\/wp-content\/uploads\/assi.jpg\",\"datePublished\":\"2024-11-11T16:01:12+00:00\",\"dateModified\":\"2024-11-11T16:43:49+00:00\",\"author\":{\"@id\":\"https:\/\/www.intoscana.it\/it\/#\/schema\/person\/9223810753230f20bd670fdd322661f8\"},\"description\":\"L'assessore Baccelli: \\\"Un lavoro importante che abbiamo condiviso con gli enti locali, integrandolo meglio con le esigenze del territorio\\\"\",\"breadcrumb\":{\"@id\":\"https:\/\/www.intoscana.it\/it\/lucca-ok-dalla-giunta-regionale-agli-assi-viari-giani-una-svolta-dopo-30-anni\/#breadcrumb\"},\"inLanguage\":\"it-IT\",\"potentialAction\":[{\"@type\":\"ReadAction\",\"target\":[\"https:\/\/www.intoscana.it\/it\/lucca-ok-dalla-giunta-regionale-agli-assi-viari-giani-una-svolta-dopo-30-anni\/\"]}]},{\"@type\":\"ImageObject\",\"inLanguage\":\"it-IT\",\"@id\":\"https:\/\/www.intoscana.it\/it\/lucca-ok-dalla-giunta-regionale-agli-assi-viari-giani-una-svolta-dopo-30-anni\/#primaryimage\",\"url\":\"https:\/\/www.intoscana.it\/wp-content\/uploads\/assi.jpg\",\"contentUrl\":\"https:\/\/www.intoscana.it\/wp-content\/uploads\/assi.jpg\",\"width\":1600,\"height\":1200},{\"@type\":\"BreadcrumbList\",\"@id\":\"https:\/\/www.intoscana.it\/it\/lucca-ok-dalla-giunta-regionale-agli-assi-viari-giani-una-svolta-dopo-30-anni\/#breadcrumb\",\"itemListElement\":[{\"@type\":\"ListItem\",\"position\":1,\"name\":\"Home\",\"item\":\"https:\/\/www.intoscana.it\/it\/\"},{\"@type\":\"ListItem\",\"position\":2,\"name\":\"Lucca, ok dalla giunta regionale agli assi viari. Giani: &#8220;Una svolta dopo 30 anni&#8221;\"}]},{\"@type\":\"WebSite\",\"@id\":\"https:\/\/www.intoscana.it\/it\/#website\",\"url\":\"https:\/\/www.intoscana.it\/it\/\",\"name\":\"intoscana\",\"description\":\"\",\"potentialAction\":[{\"@type\":\"SearchAction\",\"target\":{\"@type\":\"EntryPoint\",\"urlTemplate\":\"https:\/\/www.intoscana.it\/it\/?s={search_term_string}\"},\"query-input\":{\"@type\":\"PropertyValueSpecification\",\"valueRequired\":true,\"valueName\":\"search_term_string\"}}],\"inLanguage\":\"it-IT\"},{\"@type\":\"Person\",\"@id\":\"https:\/\/www.intoscana.it\/it\/#\/schema\/person\/9223810753230f20bd670fdd322661f8\",\"name\":\"Redazione\",\"url\":\"https:\/\/www.intoscana.it\/it\/author\/redazione\/\"}]}<\/script>\n<!-- \/ Yoast SEO Premium plugin. -->","yoast_head_json":{"title":"Lucca, ok dalla giunta regionale agli assi viari. Giani: \"Una svolta dopo 30 anni\" - intoscana","description":"L'assessore Baccelli: \"Un lavoro importante che abbiamo condiviso con gli enti locali, integrandolo meglio con le esigenze del territorio\"","robots":{"index":"index","follow":"follow","max-snippet":"max-snippet:-1","max-image-preview":"max-image-preview:large","max-video-preview":"max-video-preview:-1"},"canonical":"https:\/\/www.intoscana.it\/it\/lucca-ok-dalla-giunta-regionale-agli-assi-viari-giani-una-svolta-dopo-30-anni\/","og_locale":"it_IT","og_type":"article","og_title":"Lucca, ok dalla giunta regionale agli assi viari. Giani: \"Una svolta dopo 30 anni\"","og_description":"L'assessore Baccelli: \"Un lavoro importante che abbiamo condiviso con gli enti locali, integrandolo meglio con le esigenze del territorio\"","og_url":"https:\/\/www.intoscana.it\/it\/lucca-ok-dalla-giunta-regionale-agli-assi-viari-giani-una-svolta-dopo-30-anni\/","og_site_name":"intoscana","article_publisher":"https:\/\/www.facebook.com\/intoscana.it","article_published_time":"2024-11-11T16:01:12+00:00","article_modified_time":"2024-11-11T16:43:49+00:00","og_image":[{"width":1600,"height":1200,"url":"https:\/\/www.intoscana.it\/wp-content\/uploads\/assi.jpg","type":"image\/jpeg"}],"author":"Redazione","twitter_card":"summary_large_image","twitter_creator":"@intoscana","twitter_site":"@intoscana","twitter_misc":{"Written by":"Redazione","Est. reading time":"3 minuti"},"schema":{"@context":"https:\/\/schema.org","@graph":[{"@type":"WebPage","@id":"https:\/\/www.intoscana.it\/it\/lucca-ok-dalla-giunta-regionale-agli-assi-viari-giani-una-svolta-dopo-30-anni\/","url":"https:\/\/www.intoscana.it\/it\/lucca-ok-dalla-giunta-regionale-agli-assi-viari-giani-una-svolta-dopo-30-anni\/","name":"Lucca, ok dalla giunta regionale agli assi viari. Giani: \"Una svolta dopo 30 anni\" - intoscana","isPartOf":{"@id":"https:\/\/www.intoscana.it\/it\/#website"},"primaryImageOfPage":{"@id":"https:\/\/www.intoscana.it\/it\/lucca-ok-dalla-giunta-regionale-agli-assi-viari-giani-una-svolta-dopo-30-anni\/#primaryimage"},"image":{"@id":"https:\/\/www.intoscana.it\/it\/lucca-ok-dalla-giunta-regionale-agli-assi-viari-giani-una-svolta-dopo-30-anni\/#primaryimage"},"thumbnailUrl":"https:\/\/www.intoscana.it\/wp-content\/uploads\/assi.jpg","datePublished":"2024-11-11T16:01:12+00:00","dateModified":"2024-11-11T16:43:49+00:00","author":{"@id":"https:\/\/www.intoscana.it\/it\/#\/schema\/person\/9223810753230f20bd670fdd322661f8"},"description":"L'assessore Baccelli: \"Un lavoro importante che abbiamo condiviso con gli enti locali, integrandolo meglio con le esigenze del territorio\"","breadcrumb":{"@id":"https:\/\/www.intoscana.it\/it\/lucca-ok-dalla-giunta-regionale-agli-assi-viari-giani-una-svolta-dopo-30-anni\/#breadcrumb"},"inLanguage":"it-IT","potentialAction":[{"@type":"ReadAction","target":["https:\/\/www.intoscana.it\/it\/lucca-ok-dalla-giunta-regionale-agli-assi-viari-giani-una-svolta-dopo-30-anni\/"]}]},{"@type":"ImageObject","inLanguage":"it-IT","@id":"https:\/\/www.intoscana.it\/it\/lucca-ok-dalla-giunta-regionale-agli-assi-viari-giani-una-svolta-dopo-30-anni\/#primaryimage","url":"https:\/\/www.intoscana.it\/wp-content\/uploads\/assi.jpg","contentUrl":"https:\/\/www.intoscana.it\/wp-content\/uploads\/assi.jpg","width":1600,"height":1200},{"@type":"BreadcrumbList","@id":"https:\/\/www.intoscana.it\/it\/lucca-ok-dalla-giunta-regionale-agli-assi-viari-giani-una-svolta-dopo-30-anni\/#breadcrumb","itemListElement":[{"@type":"ListItem","position":1,"name":"Home","item":"https:\/\/www.intoscana.it\/it\/"},{"@type":"ListItem","position":2,"name":"Lucca, ok dalla giunta regionale agli assi viari. Giani: &#8220;Una svolta dopo 30 anni&#8221;"}]},{"@type":"WebSite","@id":"https:\/\/www.intoscana.it\/it\/#website","url":"https:\/\/www.intoscana.it\/it\/","name":"intoscana","description":"","potentialAction":[{"@type":"SearchAction","target":{"@type":"EntryPoint","urlTemplate":"https:\/\/www.intoscana.it\/it\/?s={search_term_string}"},"query-input":{"@type":"PropertyValueSpecification","valueRequired":true,"valueName":"search_term_string"}}],"inLanguage":"it-IT"},{"@type":"Person","@id":"https:\/\/www.intoscana.it\/it\/#\/schema\/person\/9223810753230f20bd670fdd322661f8","name":"Redazione","url":"https:\/\/www.intoscana.it\/it\/author\/redazione\/"}]}},"_links":{"self":[{"href":"https:\/\/www.intoscana.it\/it\/wp-json\/wp\/v2\/posts\/363700","targetHints":{"allow":["GET"]}}],"collection":[{"href":"https:\/\/www.intoscana.it\/it\/wp-json\/wp\/v2\/posts"}],"about":[{"href":"https:\/\/www.intoscana.it\/it\/wp-json\/wp\/v2\/types\/post"}],"author":[{"embeddable":true,"href":"https:\/\/www.intoscana.it\/it\/wp-json\/wp\/v2\/users\/525"}],"replies":[{"embeddable":true,"href":"https:\/\/www.intoscana.it\/it\/wp-json\/wp\/v2\/comments?post=363700"}],"version-history":[{"count":3,"href":"https:\/\/www.intoscana.it\/it\/wp-json\/wp\/v2\/posts\/363700\/revisions"}],"predecessor-version":[{"id":363706,"href":"https:\/\/www.intoscana.it\/it\/wp-json\/wp\/v2\/posts\/363700\/revisions\/363706"}],"wp:featuredmedia":[{"embeddable":true,"href":"https:\/\/www.intoscana.it\/it\/wp-json\/wp\/v2\/media\/363702"}],"wp:attachment":[{"href":"https:\/\/www.intoscana.it\/it\/wp-json\/wp\/v2\/media?parent=363700"}],"wp:term":[{"taxonomy":"category","embeddable":true,"href":"https:\/\/www.intoscana.it\/it\/wp-json\/wp\/v2\/categories?post=363700"},{"taxonomy":"post_tag","embeddable":true,"href":"https:\/\/www.intoscana.it\/it\/wp-json\/wp\/v2\/tags?post=363700"}],"curies":[{"name":"wp","href":"https:\/\/api.w.org\/{rel}","templated":true}]}}