{"id":363797,"date":"2024-11-12T12:43:46","date_gmt":"2024-11-12T11:43:46","guid":{"rendered":"https:\/\/www.intoscana.it\/it\/?p=363797"},"modified":"2024-11-12T12:43:46","modified_gmt":"2024-11-12T11:43:46","slug":"il-festival-presente-italiano-omaggia-lattore-gian-maria-volonte-a-30-anni-dalla-morte","status":"publish","type":"post","link":"https:\/\/www.intoscana.it\/it\/il-festival-presente-italiano-omaggia-lattore-gian-maria-volonte-a-30-anni-dalla-morte\/","title":{"rendered":"Il festival &#8220;Presente Italiano&#8221; omaggia l&#8217;attore Gian Maria Volont\u00e9 a 30 anni dalla morte"},"content":{"rendered":"<p>Si alzer\u00e0 <strong>venerd\u00ec 15 novembre<\/strong> il sipario sulla decima edizione di <a href=\"https:\/\/www.presenteitaliano.it\" target=\"_blank\" rel=\"noopener\"><strong>Presente Italiano<\/strong><\/a>, il festival ideato e diretto da <strong>Michele Galardini,<\/strong> che celebra il nostro cinema, in programma<strong> a Pistoia fino al 21 novembre<\/strong> al <strong>cinema Roma e alla Libreria Lo Spazio.<\/strong><\/p>\n<p>Un viaggio tra i grandi autori del passato, con un omaggio all&#8217;attore <strong>Gian Maria Volont\u00e9 a 30 anni dalla scomparsa<\/strong> &#8211; e le nuove voci del presente con gli<strong> autori contemporanei in concorso.<\/strong><\/p>\n<p><em>&#8220;Dieci anni <\/em><strong>&#8211; afferma ilm direttore del festival Michele Galardini <\/strong><em>&#8211; non sono pochi per un festival che vuole raccontare il presente del cinema italiano, soprattutto in una fase di fulminei e inaspettati cambiamenti. Prendere una posizione, in questo flusso, diventa necessario e allora noi scegliamo come immagine Gian Maria Volont\u00e9 in &#8216;La classe operaia va in paradiso&#8217; e vi presenteremo un programma che parla di donne, lavoratori, amori tossici ma anche nuovi orizzonti affettivi, della natura e di un passato da ricordare, sempre&#8221;.<\/em><\/p>\n<p><iframe loading=\"lazy\" title=\"YouTube video player\" src=\"https:\/\/www.youtube.com\/embed\/2h061y4h--E?si=9-4NywH4a2wBdxpR\" width=\"800\" height=\"450\" frameborder=\"0\" allowfullscreen=\"allowfullscreen\"><span data-mce-type=\"bookmark\" style=\"display: inline-block; width: 0px; overflow: hidden; line-height: 0;\" class=\"mce_SELRES_start\">\ufeff<\/span><\/iframe><\/p>\n<p>Ad aprire la manifestazione <strong>venerd\u00ec 15 novembre<\/strong>, la proiezione di <strong><em>&#8216;Bestiari, erbari, lapidari&#8217;<\/em><\/strong> di <strong>Massimo D&#8217;Anolfi e Martina Parenti,<\/strong> un documentario diviso in tre atti, ognuno dei quali tratta un singolo soggetto: gli animali, le piante, le pietre, omaggiando quei mondi poco conosciuti e per certi versi alieni, fatti di animali, vegetali e minerali. La proiezione \u00e8 introdotta dal <strong>direttore di FilmTV Giulio Sangiorgio<\/strong> (ore 20, cinema Roma).<\/p>\n<p>A chiudere il festival gioved\u00ec 21,<strong><em> &#8216;Volont\u00e9 &#8211; L&#8217;uomo dai mille volti&#8217;<\/em><\/strong> di <strong>Francesco Zippel<\/strong>, alla presenza del regista e del direttore della fotografia Marco (Toma) Tomaselli.<\/p>\n<p>Nel trentennale della morte di Gian Maria Volont\u00e9, questo film ne ricorda il percorso personale e artistico sottolineando quanto <strong>Volont\u00e9 sia ancora oggi un riferimento assoluto per i pi\u00f9 importanti interpreti contemporanei<\/strong> (ore 21.00 Cinema Roma).<\/p>\n<p>Sono sei, infine, i titoli rintracciati nella piccola e media distribuzione, selezionati dai critici <strong>Marzia Gandolfi, Francesco Grieco e Matteo Marelli<\/strong> che si contenderanno il premio per il miglior film.<\/p>\n<figure id=\"post-363803 media-363803\" class=\"align-none\"><img decoding=\"async\" src=\"https:\/\/www.intoscana.it\/wp-content\/uploads\/pi24.jpeg\" alt=\"\" \/><\/figure>\n<div class=\"titleimg\">Presente Italiano 2024<\/div>\n","protected":false},"excerpt":{"rendered":"<p>Dal 15 al 21 novembre al cinema Roma e alla libreria Lo Spazio di Pistoia un viaggio tra i grandi autori del passato, con un omaggio all&#8217;attore Gian Maria Volont\u00e9 a 30 anni dalla scomparsa e le nuove voci del presente con gli autori contemporanei in concorso<\/p>\n","protected":false},"author":525,"featured_media":363799,"comment_status":"open","ping_status":"open","sticky":false,"template":"","format":"standard","meta":{"_acf_changed":false,"footnotes":""},"categories":[493],"tags":[188,228,215],"class_list":["post-363797","post","type-post","status-publish","format-standard","has-post-thumbnail","hentry","category-cultura","tag-cinema","tag-festival","tag-pistoia"],"acf":[],"yoast_head":"<!-- This site is optimized with the Yoast SEO Premium plugin v24.2 (Yoast SEO v25.6) - https:\/\/yoast.com\/wordpress\/plugins\/seo\/ -->\n<title>Il festival &quot;Presente Italiano&quot; omaggia l&#039;attore Gian Maria Volont\u00e9 a 30 anni dalla morte - intoscana<\/title>\n<meta name=\"description\" content=\"Dal 15 al 21 novembre al cinema Roma e alla libreria Lo Spazio viaggio tra i grandi autori del passato, con un omaggio a Gian Maria Volont\u00e9\" \/>\n<meta name=\"robots\" content=\"index, follow, max-snippet:-1, max-image-preview:large, max-video-preview:-1\" \/>\n<link rel=\"canonical\" href=\"https:\/\/www.intoscana.it\/it\/il-festival-presente-italiano-omaggia-lattore-gian-maria-volonte-a-30-anni-dalla-morte\/\" \/>\n<meta property=\"og:locale\" content=\"it_IT\" \/>\n<meta property=\"og:type\" content=\"article\" \/>\n<meta property=\"og:title\" content=\"Il festival &quot;Presente Italiano&quot; omaggia l&#039;attore Gian Maria Volont\u00e9 a 30 anni dalla morte\" \/>\n<meta property=\"og:description\" content=\"Dal 15 al 21 novembre al cinema Roma e alla libreria Lo Spazio viaggio tra i grandi autori del passato, con un omaggio a Gian Maria Volont\u00e9\" \/>\n<meta property=\"og:url\" content=\"https:\/\/www.intoscana.it\/it\/il-festival-presente-italiano-omaggia-lattore-gian-maria-volonte-a-30-anni-dalla-morte\/\" \/>\n<meta property=\"og:site_name\" content=\"intoscana\" \/>\n<meta property=\"article:publisher\" content=\"https:\/\/www.facebook.com\/intoscana.it\" \/>\n<meta property=\"article:published_time\" content=\"2024-11-12T11:43:46+00:00\" \/>\n<meta property=\"og:image\" content=\"https:\/\/www.intoscana.it\/wp-content\/uploads\/Gian-Maria-Volonte.jpeg\" \/>\n\t<meta property=\"og:image:width\" content=\"1777\" \/>\n\t<meta property=\"og:image:height\" content=\"949\" \/>\n\t<meta property=\"og:image:type\" content=\"image\/jpeg\" \/>\n<meta name=\"author\" content=\"Redazione\" \/>\n<meta name=\"twitter:card\" content=\"summary_large_image\" \/>\n<meta name=\"twitter:creator\" content=\"@intoscana\" \/>\n<meta name=\"twitter:site\" content=\"@intoscana\" \/>\n<meta name=\"twitter:label1\" content=\"Written by\" \/>\n\t<meta name=\"twitter:data1\" content=\"Redazione\" \/>\n\t<meta name=\"twitter:label2\" content=\"Est. reading time\" \/>\n\t<meta name=\"twitter:data2\" content=\"3 minuti\" \/>\n<script type=\"application\/ld+json\" class=\"yoast-schema-graph\">{\"@context\":\"https:\/\/schema.org\",\"@graph\":[{\"@type\":\"WebPage\",\"@id\":\"https:\/\/www.intoscana.it\/it\/il-festival-presente-italiano-omaggia-lattore-gian-maria-volonte-a-30-anni-dalla-morte\/\",\"url\":\"https:\/\/www.intoscana.it\/it\/il-festival-presente-italiano-omaggia-lattore-gian-maria-volonte-a-30-anni-dalla-morte\/\",\"name\":\"Il festival \\\"Presente Italiano\\\" omaggia l'attore Gian Maria Volont\u00e9 a 30 anni dalla morte - intoscana\",\"isPartOf\":{\"@id\":\"https:\/\/www.intoscana.it\/it\/#website\"},\"primaryImageOfPage\":{\"@id\":\"https:\/\/www.intoscana.it\/it\/il-festival-presente-italiano-omaggia-lattore-gian-maria-volonte-a-30-anni-dalla-morte\/#primaryimage\"},\"image\":{\"@id\":\"https:\/\/www.intoscana.it\/it\/il-festival-presente-italiano-omaggia-lattore-gian-maria-volonte-a-30-anni-dalla-morte\/#primaryimage\"},\"thumbnailUrl\":\"https:\/\/www.intoscana.it\/wp-content\/uploads\/Gian-Maria-Volonte.jpeg\",\"datePublished\":\"2024-11-12T11:43:46+00:00\",\"author\":{\"@id\":\"https:\/\/www.intoscana.it\/it\/#\/schema\/person\/9223810753230f20bd670fdd322661f8\"},\"description\":\"Dal 15 al 21 novembre al cinema Roma e alla libreria Lo Spazio viaggio tra i grandi autori del passato, con un omaggio a Gian Maria Volont\u00e9\",\"breadcrumb\":{\"@id\":\"https:\/\/www.intoscana.it\/it\/il-festival-presente-italiano-omaggia-lattore-gian-maria-volonte-a-30-anni-dalla-morte\/#breadcrumb\"},\"inLanguage\":\"it-IT\",\"potentialAction\":[{\"@type\":\"ReadAction\",\"target\":[\"https:\/\/www.intoscana.it\/it\/il-festival-presente-italiano-omaggia-lattore-gian-maria-volonte-a-30-anni-dalla-morte\/\"]}]},{\"@type\":\"ImageObject\",\"inLanguage\":\"it-IT\",\"@id\":\"https:\/\/www.intoscana.it\/it\/il-festival-presente-italiano-omaggia-lattore-gian-maria-volonte-a-30-anni-dalla-morte\/#primaryimage\",\"url\":\"https:\/\/www.intoscana.it\/wp-content\/uploads\/Gian-Maria-Volonte.jpeg\",\"contentUrl\":\"https:\/\/www.intoscana.it\/wp-content\/uploads\/Gian-Maria-Volonte.jpeg\",\"width\":1777,\"height\":949},{\"@type\":\"BreadcrumbList\",\"@id\":\"https:\/\/www.intoscana.it\/it\/il-festival-presente-italiano-omaggia-lattore-gian-maria-volonte-a-30-anni-dalla-morte\/#breadcrumb\",\"itemListElement\":[{\"@type\":\"ListItem\",\"position\":1,\"name\":\"Home\",\"item\":\"https:\/\/www.intoscana.it\/it\/\"},{\"@type\":\"ListItem\",\"position\":2,\"name\":\"Il festival &#8220;Presente Italiano&#8221; omaggia l&#8217;attore Gian Maria Volont\u00e9 a 30 anni dalla morte\"}]},{\"@type\":\"WebSite\",\"@id\":\"https:\/\/www.intoscana.it\/it\/#website\",\"url\":\"https:\/\/www.intoscana.it\/it\/\",\"name\":\"intoscana\",\"description\":\"\",\"potentialAction\":[{\"@type\":\"SearchAction\",\"target\":{\"@type\":\"EntryPoint\",\"urlTemplate\":\"https:\/\/www.intoscana.it\/it\/?s={search_term_string}\"},\"query-input\":{\"@type\":\"PropertyValueSpecification\",\"valueRequired\":true,\"valueName\":\"search_term_string\"}}],\"inLanguage\":\"it-IT\"},{\"@type\":\"Person\",\"@id\":\"https:\/\/www.intoscana.it\/it\/#\/schema\/person\/9223810753230f20bd670fdd322661f8\",\"name\":\"Redazione\",\"url\":\"https:\/\/www.intoscana.it\/it\/author\/redazione\/\"}]}<\/script>\n<!-- \/ Yoast SEO Premium plugin. -->","yoast_head_json":{"title":"Il festival \"Presente Italiano\" omaggia l'attore Gian Maria Volont\u00e9 a 30 anni dalla morte - intoscana","description":"Dal 15 al 21 novembre al cinema Roma e alla libreria Lo Spazio viaggio tra i grandi autori del passato, con un omaggio a Gian Maria Volont\u00e9","robots":{"index":"index","follow":"follow","max-snippet":"max-snippet:-1","max-image-preview":"max-image-preview:large","max-video-preview":"max-video-preview:-1"},"canonical":"https:\/\/www.intoscana.it\/it\/il-festival-presente-italiano-omaggia-lattore-gian-maria-volonte-a-30-anni-dalla-morte\/","og_locale":"it_IT","og_type":"article","og_title":"Il festival \"Presente Italiano\" omaggia l'attore Gian Maria Volont\u00e9 a 30 anni dalla morte","og_description":"Dal 15 al 21 novembre al cinema Roma e alla libreria Lo Spazio viaggio tra i grandi autori del passato, con un omaggio a Gian Maria Volont\u00e9","og_url":"https:\/\/www.intoscana.it\/it\/il-festival-presente-italiano-omaggia-lattore-gian-maria-volonte-a-30-anni-dalla-morte\/","og_site_name":"intoscana","article_publisher":"https:\/\/www.facebook.com\/intoscana.it","article_published_time":"2024-11-12T11:43:46+00:00","og_image":[{"width":1777,"height":949,"url":"https:\/\/www.intoscana.it\/wp-content\/uploads\/Gian-Maria-Volonte.jpeg","type":"image\/jpeg"}],"author":"Redazione","twitter_card":"summary_large_image","twitter_creator":"@intoscana","twitter_site":"@intoscana","twitter_misc":{"Written by":"Redazione","Est. reading time":"3 minuti"},"schema":{"@context":"https:\/\/schema.org","@graph":[{"@type":"WebPage","@id":"https:\/\/www.intoscana.it\/it\/il-festival-presente-italiano-omaggia-lattore-gian-maria-volonte-a-30-anni-dalla-morte\/","url":"https:\/\/www.intoscana.it\/it\/il-festival-presente-italiano-omaggia-lattore-gian-maria-volonte-a-30-anni-dalla-morte\/","name":"Il festival \"Presente Italiano\" omaggia l'attore Gian Maria Volont\u00e9 a 30 anni dalla morte - intoscana","isPartOf":{"@id":"https:\/\/www.intoscana.it\/it\/#website"},"primaryImageOfPage":{"@id":"https:\/\/www.intoscana.it\/it\/il-festival-presente-italiano-omaggia-lattore-gian-maria-volonte-a-30-anni-dalla-morte\/#primaryimage"},"image":{"@id":"https:\/\/www.intoscana.it\/it\/il-festival-presente-italiano-omaggia-lattore-gian-maria-volonte-a-30-anni-dalla-morte\/#primaryimage"},"thumbnailUrl":"https:\/\/www.intoscana.it\/wp-content\/uploads\/Gian-Maria-Volonte.jpeg","datePublished":"2024-11-12T11:43:46+00:00","author":{"@id":"https:\/\/www.intoscana.it\/it\/#\/schema\/person\/9223810753230f20bd670fdd322661f8"},"description":"Dal 15 al 21 novembre al cinema Roma e alla libreria Lo Spazio viaggio tra i grandi autori del passato, con un omaggio a Gian Maria Volont\u00e9","breadcrumb":{"@id":"https:\/\/www.intoscana.it\/it\/il-festival-presente-italiano-omaggia-lattore-gian-maria-volonte-a-30-anni-dalla-morte\/#breadcrumb"},"inLanguage":"it-IT","potentialAction":[{"@type":"ReadAction","target":["https:\/\/www.intoscana.it\/it\/il-festival-presente-italiano-omaggia-lattore-gian-maria-volonte-a-30-anni-dalla-morte\/"]}]},{"@type":"ImageObject","inLanguage":"it-IT","@id":"https:\/\/www.intoscana.it\/it\/il-festival-presente-italiano-omaggia-lattore-gian-maria-volonte-a-30-anni-dalla-morte\/#primaryimage","url":"https:\/\/www.intoscana.it\/wp-content\/uploads\/Gian-Maria-Volonte.jpeg","contentUrl":"https:\/\/www.intoscana.it\/wp-content\/uploads\/Gian-Maria-Volonte.jpeg","width":1777,"height":949},{"@type":"BreadcrumbList","@id":"https:\/\/www.intoscana.it\/it\/il-festival-presente-italiano-omaggia-lattore-gian-maria-volonte-a-30-anni-dalla-morte\/#breadcrumb","itemListElement":[{"@type":"ListItem","position":1,"name":"Home","item":"https:\/\/www.intoscana.it\/it\/"},{"@type":"ListItem","position":2,"name":"Il festival &#8220;Presente Italiano&#8221; omaggia l&#8217;attore Gian Maria Volont\u00e9 a 30 anni dalla morte"}]},{"@type":"WebSite","@id":"https:\/\/www.intoscana.it\/it\/#website","url":"https:\/\/www.intoscana.it\/it\/","name":"intoscana","description":"","potentialAction":[{"@type":"SearchAction","target":{"@type":"EntryPoint","urlTemplate":"https:\/\/www.intoscana.it\/it\/?s={search_term_string}"},"query-input":{"@type":"PropertyValueSpecification","valueRequired":true,"valueName":"search_term_string"}}],"inLanguage":"it-IT"},{"@type":"Person","@id":"https:\/\/www.intoscana.it\/it\/#\/schema\/person\/9223810753230f20bd670fdd322661f8","name":"Redazione","url":"https:\/\/www.intoscana.it\/it\/author\/redazione\/"}]}},"_links":{"self":[{"href":"https:\/\/www.intoscana.it\/it\/wp-json\/wp\/v2\/posts\/363797","targetHints":{"allow":["GET"]}}],"collection":[{"href":"https:\/\/www.intoscana.it\/it\/wp-json\/wp\/v2\/posts"}],"about":[{"href":"https:\/\/www.intoscana.it\/it\/wp-json\/wp\/v2\/types\/post"}],"author":[{"embeddable":true,"href":"https:\/\/www.intoscana.it\/it\/wp-json\/wp\/v2\/users\/525"}],"replies":[{"embeddable":true,"href":"https:\/\/www.intoscana.it\/it\/wp-json\/wp\/v2\/comments?post=363797"}],"version-history":[{"count":4,"href":"https:\/\/www.intoscana.it\/it\/wp-json\/wp\/v2\/posts\/363797\/revisions"}],"predecessor-version":[{"id":363806,"href":"https:\/\/www.intoscana.it\/it\/wp-json\/wp\/v2\/posts\/363797\/revisions\/363806"}],"wp:featuredmedia":[{"embeddable":true,"href":"https:\/\/www.intoscana.it\/it\/wp-json\/wp\/v2\/media\/363799"}],"wp:attachment":[{"href":"https:\/\/www.intoscana.it\/it\/wp-json\/wp\/v2\/media?parent=363797"}],"wp:term":[{"taxonomy":"category","embeddable":true,"href":"https:\/\/www.intoscana.it\/it\/wp-json\/wp\/v2\/categories?post=363797"},{"taxonomy":"post_tag","embeddable":true,"href":"https:\/\/www.intoscana.it\/it\/wp-json\/wp\/v2\/tags?post=363797"}],"curies":[{"name":"wp","href":"https:\/\/api.w.org\/{rel}","templated":true}]}}