{"id":364249,"date":"2024-11-15T12:08:59","date_gmt":"2024-11-15T11:08:59","guid":{"rendered":"https:\/\/www.intoscana.it\/it\/?p=364249"},"modified":"2024-11-15T12:08:59","modified_gmt":"2024-11-15T11:08:59","slug":"nuove-produzioni-e-artisti-da-tutta-europa-per-la-stagione-danza-del-teatro-cantiere-florida","status":"publish","type":"post","link":"https:\/\/www.intoscana.it\/it\/nuove-produzioni-e-artisti-da-tutta-europa-per-la-stagione-danza-del-teatro-cantiere-florida\/","title":{"rendered":"Nuove produzioni e artisti da tutta Europa per la stagione danza del Teatro Cantiere Florida"},"content":{"rendered":"<p><strong>Dal 16 novembre 2024 al 28 febbraio 2025<\/strong> il <strong>Teatro Cartiere Florida di Firenze<\/strong> torna ad ospitare la stagione danza 2024\/2025 a cura di <strong>Versiliadanza, <\/strong>realt\u00e0 guidata da <strong>Angela Torriani Evangelisti. <\/strong>In tutto <strong>dieci titoli<\/strong> per un cartellone tra <strong>prime italiane, produzioni internazionali e progetti speciali<\/strong>.<\/p>\n<p><strong>Tante le prime italiane<\/strong> in cartellone tra cui: <strong><em>\u201cMa l&#8217;amor mio non muore \/ Epilogue\u201d<\/em> <\/strong>della formazione belga Wooshing Machine che torna al Florida dopo il successo di \u201cClosing Party\u201d;<strong><em> \u201cIn-Natura-Le\u201d<\/em><\/strong>, indagine della relazione tra uomo e ambiente firmata da Teatro come Differenza e ispirata alle opere di Anselm Kiefer; <em><strong>\u201cRed Carpet\u201d<\/strong><\/em> esorcismo del trauma collettivo dato da secoli di repressione femminile, di Valentina Sechi;<strong><em> \u201cLa sognatrice\u201d<\/em><\/strong>, la magia della solitudine danzata da Paola Corsi. Per la prima volta in Toscana <strong><em>\u201cTirana my Rhythm\u201d<\/em><\/strong>, con i giovanissimi artisti dell\u2019Albanian Dance Theatre in una reinterpretazione rituale della danza tradizionale albanese.<\/p>\n<p>E poi <strong><em>\u201cSearching for Europa\u201d,<\/em> <\/strong>progetto interdisciplinare di Giulio De Leo, gi\u00e0 coordinatore della Biennale College Danza;<strong> <em>\u201cGea Culpa\u201d<\/em>,<\/strong> sogno da svegli di Aura Calarco\/Compagnia Opus Ballet;<strong><em> \u201cElaysia\u201d,<\/em> <\/strong>esplorazione di nuovi pianeti reali e interiori della coreografa francese Aurelie Mounier; <strong><em>\u201cTime to Rock\u201d,<\/em> <\/strong>ode alla giovinezza e alla rivoluzione ancora di <strong>Versiliadanza.<\/strong><\/p>\n<p>Si conferma anche quest&#8217;anno l\u2019attenzione ai <strong>giovani spettatori e spettatrici<\/strong> con le due sezioni dedicate: il <strong><em>\u201cIl Florida dei piccoli\u201d,<\/em><\/strong> rassegna per la domenica pomeriggio, e le matin\u00e9e per le scuole <strong><em>\u201cLe Chiavi della citt\u00e0\u201d.<\/em><\/strong><\/p>\n<p><em>\u201cSi presenta come una vera e propria stagione con ben 10 eventi al teatro Cantiere Florida in scena grazie a Versiliadanza\u201d <\/em><strong>ha detto l\u2019assessore alla cultura Giovanni Bettarini. <\/strong><em>\u201cSono produzioni, progetti e prime che vanno a indagare i tanti orizzonti della danza, dal rapporto con la natura a quello con la giovent\u00f9, con compagnie anche straniere che arricchiscono il panorama. Poi sono belle anche le mattine dedicate ai piccoli con le Chiavi della Citt\u00e0 fatte con le scuole. La danza viene interpretata come strumento anche di attenzione, di critica sociale e di avvicinamento a temi importanti\u201d.<\/em><\/p>\n<p><em>\u201cUna stagione che segna un punto sulle tante collaborazioni e traguardi che Versiliadanza ha raggiunto in questi anni \u2013 <\/em><strong>spiega Angela Torriani Evangelisti \u2013<\/strong><em> sviluppando temi e sinergie tra loro molto diversi, frutto di una visione a 360\u00b0. Vedremo in scena molti titoli a firma Versiliadanza anche nei termini del sostegno a giovani autrici; collaborazioni produttive con compagnie di pregio della regione e del territorio in un\u2019ottica di un continuo e mai scontato confronto tra i linguaggi della danza e del teatro; ospitalit\u00e0 di progetti che lavorano con la disabilit\u00e0 con attenzione al tema dell\u2019accessibilit\u00e0 grazie alla proposta di un titolo in audiodescrizione poetica per non vedenti curata da Giuseppe Comuniello e Camilla Guarino. Anche la proposta per le scuole e i pi\u00f9 piccoli \u00e8 ben nutrita scegliendo temi d\u2019attualit\u00e0 in una forma interattiva e interdisciplinare. Infine un dovuto omaggio negli spazi del teatro all\u2019attore Franco Di Francescantonio a vent\u2019anni dalla sua scomparsa\u201d.<\/em><\/p>\n<figure id=\"post-364253 media-364253\" class=\"align-none\"><img decoding=\"async\" src=\"https:\/\/www.intoscana.it\/wp-content\/uploads\/Gea-Culpa.jpg\" alt=\"\" \/><\/figure>\n<div class=\"titleimg\"><em>Gea Culpa<\/em><\/div>\n<h3>Il programma della stagione danza<\/h3>\n<p>La stagione danza del <strong>Teatro Cantiere Florida<\/strong> parte col debutto di <strong><em>\u201cProcesso ad Abramo\u201d<\/em><\/strong>, che vede autori e interpreti <strong>Piero Cherici, Andrea Dionisi, Riccardo Massai e Angela Torriani Evangelisti<\/strong> per una coproduzione Arch\u00e8tipo, Diesis Teatrango e Versiliadanza. L\u2019interesse per la <strong>narrazione biblica sulla figura di Isacco<\/strong>, sull\u2019episodio del sacrificio ordinato da Dio e poi fermato dalla mano di un angelo, nascono da una ricerca che da anni viene portata avanti dalle tre compagnie riunite in questo nuovo progetto. Gli innumerevoli significati delle simbologie che contengono le grandi narrazioni bibliche, le ricche interpretazioni linguistiche che nascono dall\u2019attenzione alle parole stesse del testo li hanno portati a chiedersi: \u201cchi sono e cosa ci raccontano oggi Abramo, Sara e Isacco?\u201d Nasce da qui la necessit\u00e0 di una narrazione danzata a pi\u00f9 voci che interroga la dimensione umana del comando terribile a cui Abramo obbedisce e per il quale si mette in cammino.<\/p>\n<p>Si prosegue con un\u2019altra prima in occasione della<strong> Giornata mondiale contro la violenza sulle donne<\/strong> e nell\u2019ambito della rassegna <strong>\u201cEffetto donna \u2013 Dialoghi taciuti\u201d<\/strong>: <strong><em>\u201cRed Carpet\u201d<\/em><\/strong>, lavoro di e con <strong>Felicita Brusoni e Valentina Sechi<\/strong> prodotto da Versiliadanza. Come in un antico rituale viene celebrata la<strong> dimensione dell&#8217;identit\u00e0 del femminile, personale e collettiva,<\/strong> attraverso un percorso tra movimento, parola, canto. (23\/11 ore 21.00).<\/p>\n<p>Avanti con una serata di respiro internazionale con <strong>Compagnia Menhir,<\/strong> progetto di danza contemporanea fondato da<strong> Giulio De Leo,<\/strong> gi\u00e0 coordinatore de La Biennale di Venezia College Danza. Due le opere in scena. Si parte con la prima toscana di <strong><em>\u201cTirana my Rhythm\u201d,<\/em><\/strong> nata dall&#8217;invito di Gjergj Prevazi, direttore del <strong>Teatrit Kombetar Eksperimental di Tirana,<\/strong> a sviluppare una creazione con i giovanissimi interpreti dell\u2019Albanian Dance Theatre. Un lavoro che unisce i linguaggi della danza, della fotografia e del video a elementi dal popolare albanese riletti in chiave contemporanea e declinati in modo ciclico e rituale, a costruire un viaggio poetico in cui il corpo diventa paesaggio e luogo di incontro tra culture.<\/p>\n<p>A seguire <strong><em>\u201cSearching for Europa\u201d<\/em><\/strong>: opera che riflette sul tema sempre pi\u00f9 attuale della guerra evocando, attraverso musica e immagini, il paesaggio spettrale di <strong>Famagusta,<\/strong> negli anni \u201970 meta turistica del jet set internazionale a Cipro, poi conquistata durante l\u2019invasione dell\u2019esercito turco nel 1974. Soltanto nel 2024 le autorit\u00e0 turche hanno riaperto al pubblico alcune aree per esporre il proprio bottino di guerra al mondo intero e celebrare la propria gloria. Macerie rimaste intatte fino ad oggi e fra cui idealmente danza la straordinaria <strong>Erika Guastamacchia<\/strong> (24\/11 ore 19.00).<\/p>\n<p>Ancora una prima nazionale con <strong><em>\u201cLa Sognatrice\u201d.<\/em><\/strong> La danza di <strong>Paola Corsi<\/strong> incontra la collaborazione registica di <strong>Leonardo Capuano<\/strong> in questa drammaturgia originale che sorge dalle atmosfere di <strong>Agotha Kristof ne \u201cL\u2019ora grigia\u201d<\/strong> e dalle parole di <strong>Aldo Nove e Chandra Livia Candiani.<\/strong> La solitudine \u00e8 un momento magico, pieno di incanto e di spavento. Si \u00e8 bambini, soli, a interpretare il mondo senza coordinate o punti di riferimento. Il pensiero crea mondi che diventano reali. Ci sono cose che possono accadere solo quando si \u00e8 soli. Il desiderio, apparentemente impossibile, della figura femminile protagonista \u00e8 di voler star sola ma con qualcuno; di poter dividere con chi ama il momento pi\u00f9 intimo di s\u00e9, la propria solitudine. (14\/12 ore 21.00).<\/p>\n<figure id=\"post-364257 media-364257\" class=\"align-none\"><img decoding=\"async\" src=\"https:\/\/www.intoscana.it\/wp-content\/uploads\/Ma-lamore-mio-non-muore-scaled.jpg\" alt=\"\" \/><\/figure>\n<div class=\"titleimg\"><em>Ma l\u2019amore mio non muore<\/em><\/div>\n<p>Sceglie il <strong>Cantiere Florida<\/strong> per debuttare in Italia col nuovo spettacolo<strong><em> \u201cMa l&#8217;amor mio non muore \/ Epilogue\u201d<\/em> <\/strong>la compagnia belga <strong>Wooshing Machine.<\/strong> Un lavoro raro e prezioso che, nello stile che contraddistingue la formazione, fa convivere gravit\u00e0 e allegria, disinvoltura e disarticolazione, gigioneria e autoironia. La storia \u00e8 costruita come un mosaico: lo guardiamo e ne sentiamo l&#8217;effetto sia da vicino, nell&#8217;immediatezza di ogni episodio, sia da lontano, in un insieme che rivela la sua forza attraverso la giustapposizione e il dialogo. Il pubblico sente scricchiolare le articolazioni degli artisti \u2013<strong> Carlotta Sagna, Alessandro Bernardeschi e Mauro Paccagnella \u2013<\/strong>, davanti a loro si spezzano. Quando un corpo minaccia di cadere \u00e8 il compagno che si regge, si sostiene, prima di barcollare all&#8217;indietro. \u00a0(11\/01 2025 ore 21.00).<\/p>\n<p>E poi <strong><em>\u201cIn-Natura-Le\u201d:<\/em><\/strong> il <strong>Teatro come Differenza,<\/strong> coordinamento di compagnie e registi che lavorano all\u2019interno dei <strong>centri di salute mentale di Firenze<\/strong>, porta per la prima volta sul palcoscenico la sua riflessione sul tema della relazione tra uomo e natura. Un lavoro ispirato alle opere di due figure cardine dell\u2019arte contemporanea: <strong>Joseph Boeuys e Anselm Kiefer<\/strong>. \u00a0(26\/01 2025 ore 19.00).<\/p>\n<p>Si procede con <strong>un dittico<\/strong> che vede la collaborazione tra due realt\u00e0 storiche sul territorio: <strong>Versiliadanza e COB Compagnia Opus Ballet<\/strong>. <strong><em>\u201cElaysia\u201d,<\/em> <\/strong>spettacolo coreografato dall\u2019artista francese <strong>Aurelie Mounier<\/strong> che trasporta la danzatrice <strong>Cristina Roggerini<\/strong> su un pianeta distante e sconosciuto agli umani \u2013 \u201cElaysia\u201d appunto \u2013, che lei esplora sfidando un ambiente arido e desolato.<\/p>\n<p>A seguire<strong><em> \u201cGea Culpa\u201d, c<\/em><\/strong>reazione di <strong>Aura Calarco, vincitrice del Premio Theodor Rawyler 2024<\/strong>, che ne \u00e8 anche interprete insieme a <strong>Gaia Mondini e Stefania Menestrina.<\/strong> \u201cGea Culpa\u201d \u00e8 un mondo di figure e suoni appartenenti pi\u00f9 alla psiche che alla realt\u00e0, un sogno da svegli. La storia di Gea \u00e8 un racconto interrotto, le sliding doors che portano a confrontarsi con un altro essere: una figura non troppo definita, un ipotetico s\u00e9. Da qui si apre un limbo fatto di tempo e scelta, gabbia e libert\u00e0, limite e superamento. \u00a0(15\/02 2025 ore 21.00).<\/p>\n<p>Evento conclusivo sar\u00e0 \u201c<em><strong>Time to Rock\u201d:<\/strong><\/em> da un\u2019idea di <strong>Claudia Nuzzaci e Angela Torriani Evangelisti<\/strong> una celebrazione della giovinezza e rivoluzione, con un tocco di nostalgia per rendere omaggio alla storia della musica. Uno spettacolo con interventi di artisti e danzatori di o vicini a Versiliadanza come<strong> Sabina Cesaroni, Riccardo Massai, Andrea Dionisi, Luca Tomao, Valentina Sechi, Tamara Rinaldi oltre a Nuzzaci e Torriani Evangelisti,<\/strong> accompagnati da giochi di luce, colori potenti, immagini e filmati che richiamano momenti iconici delle leggende del rock. (28\/02\/ 2025 ore 21.00).<\/p>\n<h3>Il Florida dei piccoli<\/h3>\n<p>L\u2019avventura della crescita, la ricerca dell\u2019identit\u00e0, il rispetto per l\u2019ambiente, le questioni di genere e i valori dell\u2019ecologia sono solo alcuni dei nuclei tematici che saranno proposti a spettatori e spettatrici in erba da <strong>compagnie specializzate nel teatro per ragazzi.<\/strong><\/p>\n<p>Da segnalare <strong><em>\u201cRed Carpet\u201d,<\/em> <\/strong>presente anche in stagione, che verr\u00e0 presentato a ragazzi dai 18 anni in su sempre in occasione della Giornata mondiale contro la violenza sulle donne (22\/11 ore 9.30 e 11.30 Le chiavi della citt\u00e0); <strong><em>\u201cNeverland\u201d<\/em><\/strong>, lavoro di Leonardo Diana che immagina i protagonisti di <strong>Peter Pan \u2013 Peter e Wendy<\/strong>, ormai adulti \u2013 compiere attraverso la danza un viaggio a ritroso nei ricordi tra le avventure e i personaggi di una delle \u201cstorie per bimbi e ragazzi\u201d pi\u00f9 note al mondo (15\/12 ore 17.30 Il Florida dei piccoli); <strong><em>\u201cL\u2019orso felice\u201d<\/em><\/strong>, spettacolo vincitore del Premio Inbox Verde 2023, dedicato al teatro emergente per le nuove generazioni, di e con Elisa Canessa e Federico Dimitri tratto da \u201cL\u2019orso che non c\u2019era\u201d di Oren Lavie che indaga il tema dell&#8217;identit\u00e0 in modo poetico e leggero (17\/12 ore 9.00 e ore 11.00 Le chiavi della citt\u00e0).<\/p>\n<p><strong><em>\u201cEco-Quiz-Show\u201d,<\/em> <\/strong>progetto di teatro danza che affronta il tema dell\u2019ecologia in maniera giocosa e poetica, portato in scena da Simona Bucci (13\/01 ore 10.00 e 14\/01 ore 10.00 Le chiavi della citt\u00e0); \u201c<strong><em>Il gatto con gli stivali\u201d<\/em><\/strong>, la celebre fiaba sull\u2019apparente sfortuna di un giovane che, attraverso l\u2019aiuto di un amico assai particolare, raggiunger\u00e0 fortuna e appagamento, reinterpretata da Simona Buracci (16\/02 ore 17.30 Il Florida dei piccoli; 17\/02 ore 10.00 e 18\/02 ore 10.00 Le chiavi della citt\u00e0); <strong><em>\u201cA sbagliare le storie\u201d,<\/em> <\/strong>spettacolo evocativo, leggero, dove la danza si mescola alle interazioni video, e che tocca il tema dell\u2019alfabetizzazione emotiva ispirato all\u2019opera di Gianni Rodari, a cura di Ersiliadanza (5\/04 ore 11.30 Le chiavi della citt\u00e0).<\/p>\n<figure id=\"post-364255 media-364255\" class=\"align-none\"><img decoding=\"async\" src=\"https:\/\/www.intoscana.it\/wp-content\/uploads\/Lorso-felice.jpeg\" alt=\"\" \/><\/figure>\n<div class=\"titleimg\">L\u2019orso felice<\/div>\n","protected":false},"excerpt":{"rendered":"<p>Dal 16 novembre al 28 febbraio dieci spettacoli in programma nel cartellone firmato da Versiliadanza la compagnia residente al Florida dal 2012, guidata da Angela Torriani Evangelisti<\/p>\n","protected":false},"author":525,"featured_media":364254,"comment_status":"open","ping_status":"open","sticky":false,"template":"","format":"standard","meta":{"_acf_changed":false,"footnotes":""},"categories":[493],"tags":[5564,4474,202,236],"class_list":["post-364249","post","type-post","status-publish","format-standard","has-post-thumbnail","hentry","category-cultura","tag-danza","tag-eventi","tag-firenze","tag-teatro"],"acf":[],"yoast_head":"<!-- This site is optimized with the Yoast SEO Premium plugin v24.2 (Yoast SEO v25.6) - https:\/\/yoast.com\/wordpress\/plugins\/seo\/ -->\n<title>Nuove produzioni e artisti da tutta Europa per la stagione danza del Teatro Cantiere Florida - intoscana<\/title>\n<meta name=\"description\" content=\"Dal 16 novembre al 28 febbraio dieci spettacoli in programma nel cartellone firmato da Versiliadanza la compagnia residente al Florida\" \/>\n<meta name=\"robots\" content=\"index, follow, max-snippet:-1, max-image-preview:large, max-video-preview:-1\" \/>\n<link rel=\"canonical\" href=\"https:\/\/www.intoscana.it\/it\/nuove-produzioni-e-artisti-da-tutta-europa-per-la-stagione-danza-del-teatro-cantiere-florida\/\" \/>\n<meta property=\"og:locale\" content=\"it_IT\" \/>\n<meta property=\"og:type\" content=\"article\" \/>\n<meta property=\"og:title\" content=\"Nuove produzioni e artisti da tutta Europa per la stagione danza del Teatro Cantiere Florida\" \/>\n<meta property=\"og:description\" content=\"Dal 16 novembre al 28 febbraio dieci spettacoli in programma nel cartellone firmato da Versiliadanza la compagnia residente al Florida\" \/>\n<meta property=\"og:url\" content=\"https:\/\/www.intoscana.it\/it\/nuove-produzioni-e-artisti-da-tutta-europa-per-la-stagione-danza-del-teatro-cantiere-florida\/\" \/>\n<meta property=\"og:site_name\" content=\"intoscana\" \/>\n<meta property=\"article:publisher\" content=\"https:\/\/www.facebook.com\/intoscana.it\" \/>\n<meta property=\"article:published_time\" content=\"2024-11-15T11:08:59+00:00\" \/>\n<meta property=\"og:image\" content=\"https:\/\/www.intoscana.it\/wp-content\/uploads\/Il-gatto-con-gli-stivali-scaled.jpg\" \/>\n\t<meta property=\"og:image:width\" content=\"2048\" \/>\n\t<meta property=\"og:image:height\" content=\"1364\" \/>\n\t<meta property=\"og:image:type\" content=\"image\/jpeg\" \/>\n<meta name=\"author\" content=\"Redazione\" \/>\n<meta name=\"twitter:card\" content=\"summary_large_image\" \/>\n<meta name=\"twitter:creator\" content=\"@intoscana\" \/>\n<meta name=\"twitter:site\" content=\"@intoscana\" \/>\n<meta name=\"twitter:label1\" content=\"Written by\" \/>\n\t<meta name=\"twitter:data1\" content=\"Redazione\" \/>\n\t<meta name=\"twitter:label2\" content=\"Est. reading time\" \/>\n\t<meta name=\"twitter:data2\" content=\"11 minuti\" \/>\n<script type=\"application\/ld+json\" class=\"yoast-schema-graph\">{\"@context\":\"https:\/\/schema.org\",\"@graph\":[{\"@type\":\"WebPage\",\"@id\":\"https:\/\/www.intoscana.it\/it\/nuove-produzioni-e-artisti-da-tutta-europa-per-la-stagione-danza-del-teatro-cantiere-florida\/\",\"url\":\"https:\/\/www.intoscana.it\/it\/nuove-produzioni-e-artisti-da-tutta-europa-per-la-stagione-danza-del-teatro-cantiere-florida\/\",\"name\":\"Nuove produzioni e artisti da tutta Europa per la stagione danza del Teatro Cantiere Florida - intoscana\",\"isPartOf\":{\"@id\":\"https:\/\/www.intoscana.it\/it\/#website\"},\"primaryImageOfPage\":{\"@id\":\"https:\/\/www.intoscana.it\/it\/nuove-produzioni-e-artisti-da-tutta-europa-per-la-stagione-danza-del-teatro-cantiere-florida\/#primaryimage\"},\"image\":{\"@id\":\"https:\/\/www.intoscana.it\/it\/nuove-produzioni-e-artisti-da-tutta-europa-per-la-stagione-danza-del-teatro-cantiere-florida\/#primaryimage\"},\"thumbnailUrl\":\"https:\/\/www.intoscana.it\/wp-content\/uploads\/Il-gatto-con-gli-stivali-scaled.jpg\",\"datePublished\":\"2024-11-15T11:08:59+00:00\",\"author\":{\"@id\":\"https:\/\/www.intoscana.it\/it\/#\/schema\/person\/9223810753230f20bd670fdd322661f8\"},\"description\":\"Dal 16 novembre al 28 febbraio dieci spettacoli in programma nel cartellone firmato da Versiliadanza la compagnia residente al Florida\",\"breadcrumb\":{\"@id\":\"https:\/\/www.intoscana.it\/it\/nuove-produzioni-e-artisti-da-tutta-europa-per-la-stagione-danza-del-teatro-cantiere-florida\/#breadcrumb\"},\"inLanguage\":\"it-IT\",\"potentialAction\":[{\"@type\":\"ReadAction\",\"target\":[\"https:\/\/www.intoscana.it\/it\/nuove-produzioni-e-artisti-da-tutta-europa-per-la-stagione-danza-del-teatro-cantiere-florida\/\"]}]},{\"@type\":\"ImageObject\",\"inLanguage\":\"it-IT\",\"@id\":\"https:\/\/www.intoscana.it\/it\/nuove-produzioni-e-artisti-da-tutta-europa-per-la-stagione-danza-del-teatro-cantiere-florida\/#primaryimage\",\"url\":\"https:\/\/www.intoscana.it\/wp-content\/uploads\/Il-gatto-con-gli-stivali-scaled.jpg\",\"contentUrl\":\"https:\/\/www.intoscana.it\/wp-content\/uploads\/Il-gatto-con-gli-stivali-scaled.jpg\",\"width\":2048,\"height\":1364},{\"@type\":\"BreadcrumbList\",\"@id\":\"https:\/\/www.intoscana.it\/it\/nuove-produzioni-e-artisti-da-tutta-europa-per-la-stagione-danza-del-teatro-cantiere-florida\/#breadcrumb\",\"itemListElement\":[{\"@type\":\"ListItem\",\"position\":1,\"name\":\"Home\",\"item\":\"https:\/\/www.intoscana.it\/it\/\"},{\"@type\":\"ListItem\",\"position\":2,\"name\":\"Nuove produzioni e artisti da tutta Europa per la stagione danza del Teatro Cantiere Florida\"}]},{\"@type\":\"WebSite\",\"@id\":\"https:\/\/www.intoscana.it\/it\/#website\",\"url\":\"https:\/\/www.intoscana.it\/it\/\",\"name\":\"intoscana\",\"description\":\"\",\"potentialAction\":[{\"@type\":\"SearchAction\",\"target\":{\"@type\":\"EntryPoint\",\"urlTemplate\":\"https:\/\/www.intoscana.it\/it\/?s={search_term_string}\"},\"query-input\":{\"@type\":\"PropertyValueSpecification\",\"valueRequired\":true,\"valueName\":\"search_term_string\"}}],\"inLanguage\":\"it-IT\"},{\"@type\":\"Person\",\"@id\":\"https:\/\/www.intoscana.it\/it\/#\/schema\/person\/9223810753230f20bd670fdd322661f8\",\"name\":\"Redazione\",\"url\":\"https:\/\/www.intoscana.it\/it\/author\/redazione\/\"}]}<\/script>\n<!-- \/ Yoast SEO Premium plugin. -->","yoast_head_json":{"title":"Nuove produzioni e artisti da tutta Europa per la stagione danza del Teatro Cantiere Florida - intoscana","description":"Dal 16 novembre al 28 febbraio dieci spettacoli in programma nel cartellone firmato da Versiliadanza la compagnia residente al Florida","robots":{"index":"index","follow":"follow","max-snippet":"max-snippet:-1","max-image-preview":"max-image-preview:large","max-video-preview":"max-video-preview:-1"},"canonical":"https:\/\/www.intoscana.it\/it\/nuove-produzioni-e-artisti-da-tutta-europa-per-la-stagione-danza-del-teatro-cantiere-florida\/","og_locale":"it_IT","og_type":"article","og_title":"Nuove produzioni e artisti da tutta Europa per la stagione danza del Teatro Cantiere Florida","og_description":"Dal 16 novembre al 28 febbraio dieci spettacoli in programma nel cartellone firmato da Versiliadanza la compagnia residente al Florida","og_url":"https:\/\/www.intoscana.it\/it\/nuove-produzioni-e-artisti-da-tutta-europa-per-la-stagione-danza-del-teatro-cantiere-florida\/","og_site_name":"intoscana","article_publisher":"https:\/\/www.facebook.com\/intoscana.it","article_published_time":"2024-11-15T11:08:59+00:00","og_image":[{"width":2048,"height":1364,"url":"https:\/\/www.intoscana.it\/wp-content\/uploads\/Il-gatto-con-gli-stivali-scaled.jpg","type":"image\/jpeg"}],"author":"Redazione","twitter_card":"summary_large_image","twitter_creator":"@intoscana","twitter_site":"@intoscana","twitter_misc":{"Written by":"Redazione","Est. reading time":"11 minuti"},"schema":{"@context":"https:\/\/schema.org","@graph":[{"@type":"WebPage","@id":"https:\/\/www.intoscana.it\/it\/nuove-produzioni-e-artisti-da-tutta-europa-per-la-stagione-danza-del-teatro-cantiere-florida\/","url":"https:\/\/www.intoscana.it\/it\/nuove-produzioni-e-artisti-da-tutta-europa-per-la-stagione-danza-del-teatro-cantiere-florida\/","name":"Nuove produzioni e artisti da tutta Europa per la stagione danza del Teatro Cantiere Florida - intoscana","isPartOf":{"@id":"https:\/\/www.intoscana.it\/it\/#website"},"primaryImageOfPage":{"@id":"https:\/\/www.intoscana.it\/it\/nuove-produzioni-e-artisti-da-tutta-europa-per-la-stagione-danza-del-teatro-cantiere-florida\/#primaryimage"},"image":{"@id":"https:\/\/www.intoscana.it\/it\/nuove-produzioni-e-artisti-da-tutta-europa-per-la-stagione-danza-del-teatro-cantiere-florida\/#primaryimage"},"thumbnailUrl":"https:\/\/www.intoscana.it\/wp-content\/uploads\/Il-gatto-con-gli-stivali-scaled.jpg","datePublished":"2024-11-15T11:08:59+00:00","author":{"@id":"https:\/\/www.intoscana.it\/it\/#\/schema\/person\/9223810753230f20bd670fdd322661f8"},"description":"Dal 16 novembre al 28 febbraio dieci spettacoli in programma nel cartellone firmato da Versiliadanza la compagnia residente al Florida","breadcrumb":{"@id":"https:\/\/www.intoscana.it\/it\/nuove-produzioni-e-artisti-da-tutta-europa-per-la-stagione-danza-del-teatro-cantiere-florida\/#breadcrumb"},"inLanguage":"it-IT","potentialAction":[{"@type":"ReadAction","target":["https:\/\/www.intoscana.it\/it\/nuove-produzioni-e-artisti-da-tutta-europa-per-la-stagione-danza-del-teatro-cantiere-florida\/"]}]},{"@type":"ImageObject","inLanguage":"it-IT","@id":"https:\/\/www.intoscana.it\/it\/nuove-produzioni-e-artisti-da-tutta-europa-per-la-stagione-danza-del-teatro-cantiere-florida\/#primaryimage","url":"https:\/\/www.intoscana.it\/wp-content\/uploads\/Il-gatto-con-gli-stivali-scaled.jpg","contentUrl":"https:\/\/www.intoscana.it\/wp-content\/uploads\/Il-gatto-con-gli-stivali-scaled.jpg","width":2048,"height":1364},{"@type":"BreadcrumbList","@id":"https:\/\/www.intoscana.it\/it\/nuove-produzioni-e-artisti-da-tutta-europa-per-la-stagione-danza-del-teatro-cantiere-florida\/#breadcrumb","itemListElement":[{"@type":"ListItem","position":1,"name":"Home","item":"https:\/\/www.intoscana.it\/it\/"},{"@type":"ListItem","position":2,"name":"Nuove produzioni e artisti da tutta Europa per la stagione danza del Teatro Cantiere Florida"}]},{"@type":"WebSite","@id":"https:\/\/www.intoscana.it\/it\/#website","url":"https:\/\/www.intoscana.it\/it\/","name":"intoscana","description":"","potentialAction":[{"@type":"SearchAction","target":{"@type":"EntryPoint","urlTemplate":"https:\/\/www.intoscana.it\/it\/?s={search_term_string}"},"query-input":{"@type":"PropertyValueSpecification","valueRequired":true,"valueName":"search_term_string"}}],"inLanguage":"it-IT"},{"@type":"Person","@id":"https:\/\/www.intoscana.it\/it\/#\/schema\/person\/9223810753230f20bd670fdd322661f8","name":"Redazione","url":"https:\/\/www.intoscana.it\/it\/author\/redazione\/"}]}},"_links":{"self":[{"href":"https:\/\/www.intoscana.it\/it\/wp-json\/wp\/v2\/posts\/364249","targetHints":{"allow":["GET"]}}],"collection":[{"href":"https:\/\/www.intoscana.it\/it\/wp-json\/wp\/v2\/posts"}],"about":[{"href":"https:\/\/www.intoscana.it\/it\/wp-json\/wp\/v2\/types\/post"}],"author":[{"embeddable":true,"href":"https:\/\/www.intoscana.it\/it\/wp-json\/wp\/v2\/users\/525"}],"replies":[{"embeddable":true,"href":"https:\/\/www.intoscana.it\/it\/wp-json\/wp\/v2\/comments?post=364249"}],"version-history":[{"count":8,"href":"https:\/\/www.intoscana.it\/it\/wp-json\/wp\/v2\/posts\/364249\/revisions"}],"predecessor-version":[{"id":364284,"href":"https:\/\/www.intoscana.it\/it\/wp-json\/wp\/v2\/posts\/364249\/revisions\/364284"}],"wp:featuredmedia":[{"embeddable":true,"href":"https:\/\/www.intoscana.it\/it\/wp-json\/wp\/v2\/media\/364254"}],"wp:attachment":[{"href":"https:\/\/www.intoscana.it\/it\/wp-json\/wp\/v2\/media?parent=364249"}],"wp:term":[{"taxonomy":"category","embeddable":true,"href":"https:\/\/www.intoscana.it\/it\/wp-json\/wp\/v2\/categories?post=364249"},{"taxonomy":"post_tag","embeddable":true,"href":"https:\/\/www.intoscana.it\/it\/wp-json\/wp\/v2\/tags?post=364249"}],"curies":[{"name":"wp","href":"https:\/\/api.w.org\/{rel}","templated":true}]}}