{"id":364322,"date":"2024-11-15T17:58:58","date_gmt":"2024-11-15T16:58:58","guid":{"rendered":"https:\/\/www.intoscana.it\/it\/?p=364322"},"modified":"2024-11-15T17:58:58","modified_gmt":"2024-11-15T16:58:58","slug":"le-conoscevo-bene-storie-di-donne-che-fanno-il-cinema-alla-toscana-delle-donne-la-presentazione-del-libro","status":"publish","type":"post","link":"https:\/\/www.intoscana.it\/it\/le-conoscevo-bene-storie-di-donne-che-fanno-il-cinema-alla-toscana-delle-donne-la-presentazione-del-libro\/","title":{"rendered":"&#8220;Le conoscevo bene. Storie di Donne che fanno il Cinema&#8221;, alla &#8220;Toscana delle Donne&#8221; la presentazione del libro"},"content":{"rendered":"<p>Il <strong>cinema<\/strong> riflette il presente, le sfumature pi\u00f9 dolci e pi\u00f9 spietate del tempo che si attraversa. Come uno specchio, restituisce un&#8217;immagine della societ\u00e0 che spesso \u00e8 pi\u00f9 nitida della quotidianet\u00e0 stessa. Questo accade anche per quel che riguarda la percezione legata alle figure femminili, che entrano nel grande e piccolo schermo, ieri come oggi: <mark>fragili interpreti o solide pratogoniste? Personaggi incisivi o strumenti malleabili nelle mani di registi uomini?<\/mark> A queste domande vuole dare risposta il libro<strong><em> Le conoscevo bene &#8211; Storie di donne che fanno il cinema<\/em><\/strong>, della giornalista <strong>Elisabetta Vagaggini<\/strong> (edizioni <a href=\"https:\/\/www.edizionilavela.it\/prodotto\/le-conoscevo-bene\/\" class=\"broken_link\">La Vela<\/a>, 2023).<\/p>\n<p>Non un manuale di storia del cinema, quindi, ma un racconto dell&#8217;autrice su come si \u00e8 evoluto, nel tempo, il ruolo femminile al cinema, davanti e dietro la macchina da presa. Una <strong>evoluzione<\/strong> che ha a che fare con i tempi che si vivono, dai fratelli Lumi\u00e8re ai giorni nostri\u00a0 e che regala uno speccato senza filtri e senza sconti.<\/p>\n<p>Le\u00a0 registe cinematografiche &#8211; come descritto nel volume &#8211; sono ancora poche, <mark>appena il 15%. Dato che crolla se si pensa alle registe di lungometraggi, il 9%, e che risale se si parla di documentari, il 21%: in altre parole, pi\u00f9 il budget si alza, pi\u00f9 il cinema diventa &#8220;cosa&#8221; da uomini.<\/mark> Spesso relegata a ruolo bell&#8217;orpello, in film con trame tutte al maschile, la donna ha sempre dovuto combattere per conquistare credibilit\u00e0 e autorevolezza oltre stereotipi e pregiudizi, oltre il corpo sessualizzato all&#8217;estremo e la sua mercificazione. Come nella vita reale.<\/p>\n<div class=\"titleimg\">\n<figure id=\"post-364382 media-364382\" class=\"align-none\"><img decoding=\"async\" src=\"https:\/\/www.intoscana.it\/wp-content\/uploads\/COVER-LE-CONOSCEVO-BENE.jpg\" alt=\"\" \/><\/figure>\n<div class=\"titleimg\"><\/div>\n<\/div>\n<p>Nell&#8217;ottica della valorizzazione del ruolo femminile e di una narrazione che vada al di l\u00e0 di stereotipi sbagliati e della marginalizzazione del contributo delle donne, nel cinema e nella societ\u00e0, <mark>il libro propone alcuni ritratti di protagoniste cinematografiche.<\/mark> L&#8217;autrice si pone al lettore non solo da esperta, ma anche da spettatrice e giornalista, proponendo un ritratto accurato di otto attrici toscane, diverse per et\u00e0 e genere, che ben rispecchiano i mutamenti sociali, culturali e politici del paese. Tutte artiste premiate con David di Donatello o Nastri di Argento, raccontate in maniera diretta e inedita, grazie a interviste e dichiarazioni raccolte in occasione di premiazioni, anteprime o conferenze stampa. Le attrici narrate dal libro sono <strong>Stefania Sandrelli, Lucia Poli, Barbara Enrichi, Athina Cenci, Laura Morante, Alba Rohrwacher, Elena Sofia Ricci<\/strong> e la (quasi) toscana, <strong>Sandra Milo<\/strong>.<\/p>\n<p>Ecco, quindi, sveltato il titolo \u201cLe conoscevo bene\u201d.\u00a0 Si tratta infatti di &#8220;<em>Una narrazione da parte di una spettatrice, di una giornalista, che ha ammirato le grandi attrici nelle loro pi\u00f9 belle interpretazioni, ci \u00e8 cresciuta insieme, seguendole con lo sguardo e con il cuore, rimanendo <mark>incantata dal loro modo di essere donne e artiste, provando gratitudine per la possibilit\u00e0 che hanno regalato, al pubblico e al mondo, di immaginare una societ\u00e0 libera dai pregiudizi<\/em>&#8220;.<\/mark><\/p>\n<p>Il libro di <strong>Elisabetta Vagaggini<\/strong> diventa cos\u00ec un prezioso strumento con cui va riletta storia del cinema al femminile: &#8220;<em>Ripartiamo dunque dalla narrazione &#8211; dice l&#8217;autrice &#8211;\u00a0 dalla forza del racconto, dalla visibilit\u00e0 da continuare a dare alle protagoniste, alle Donne che fanno il cinema<\/em>\u201d.<\/p>\n<p>Il libro &#8211; con la prefazione del presidente della Regione Toscana, Eugenio Giani e i testi introduttivi di Stefano Socci, Maresa D\u2019Arcangelo e di Valentina Torrini &#8211; verr\u00e0 presentato <strong>venerd\u00ec 23 novembre, all&#8217;interno del festival della Regione &#8220;La Toscana delle donne&#8221;<\/strong>. L&#8217;appuntamento \u00e8 a Firenze, nella sala Esposizioni di <strong>Palazzo Strozzi Sacrati in piazza Duomo, alle 17:30<\/strong>. Saranno presenti, insieme all&#8217;autrice, l&#8217;attrice Premio David di Donatello, <strong>Barbara Enrichi<\/strong>, la regista e attrice<strong> Emanuela Mascherini<\/strong> e l&#8217;antropologa <strong>Emerita Cretella.<\/strong> Modera l&#8217;incontro il giornalista di TVR TeleItalia, <strong>Federico Berti<\/strong>.<\/p>\n<p>&nbsp;<\/p>\n","protected":false},"excerpt":{"rendered":"<p>Il lavoro della giornalista Elisabetta Vagaggini approfondisce la figura femminile sul grande schermo. L&#8217;incontro, aperto al pubblico, sabato 23 novembre, alle 17:30 a Palazzo Strozzi Sacrati in piazza Duomo 10<\/p>\n","protected":false},"author":545,"featured_media":85274,"comment_status":"open","ping_status":"open","sticky":false,"template":"","format":"standard","meta":{"_acf_changed":false,"footnotes":""},"categories":[493],"tags":[188,411,6557,210],"class_list":["post-364322","post","type-post","status-publish","format-standard","has-post-thumbnail","hentry","category-cultura","tag-cinema","tag-donne","tag-la-toscana-delle-donne","tag-libri"],"acf":[],"yoast_head":"<!-- This site is optimized with the Yoast SEO Premium plugin v24.2 (Yoast SEO v25.6) - https:\/\/yoast.com\/wordpress\/plugins\/seo\/ -->\n<title>&quot;Le conoscevo bene. Storie di Donne che fanno il Cinema&quot;, alla &quot;Toscana delle Donne&quot; la presentazione del libro - intoscana<\/title>\n<meta name=\"description\" content=\"Il lavoro di Elisabetta Vagaggini approfondisce la figura femminile sul grande schermo. L&#039;incontro, aperto al pubblico, sabato 23 novembre, alle 17:30 a Palazzo Strozzi Sacrati in piazza Duomo 10\" \/>\n<meta name=\"robots\" content=\"index, follow, max-snippet:-1, max-image-preview:large, max-video-preview:-1\" \/>\n<link rel=\"canonical\" href=\"https:\/\/www.intoscana.it\/it\/le-conoscevo-bene-storie-di-donne-che-fanno-il-cinema-alla-toscana-delle-donne-la-presentazione-del-libro\/\" \/>\n<meta property=\"og:locale\" content=\"it_IT\" \/>\n<meta property=\"og:type\" content=\"article\" \/>\n<meta property=\"og:title\" content=\"&quot;Le conoscevo bene. Storie di Donne che fanno il Cinema&quot;, alla &quot;Toscana delle Donne&quot; la presentazione del libro\" \/>\n<meta property=\"og:description\" content=\"Il lavoro di Elisabetta Vagaggini approfondisce la figura femminile sul grande schermo. L&#039;incontro, aperto al pubblico, sabato 23 novembre, alle 17:30 a Palazzo Strozzi Sacrati in piazza Duomo 10\" \/>\n<meta property=\"og:url\" content=\"https:\/\/www.intoscana.it\/it\/le-conoscevo-bene-storie-di-donne-che-fanno-il-cinema-alla-toscana-delle-donne-la-presentazione-del-libro\/\" \/>\n<meta property=\"og:site_name\" content=\"intoscana\" \/>\n<meta property=\"article:publisher\" content=\"https:\/\/www.facebook.com\/intoscana.it\" \/>\n<meta property=\"article:published_time\" content=\"2024-11-15T16:58:58+00:00\" \/>\n<meta property=\"og:image\" content=\"https:\/\/www.intoscana.it\/wp-content\/uploads\/barbara-enrichi-workshop.jpg\" \/>\n\t<meta property=\"og:image:width\" content=\"2000\" \/>\n\t<meta property=\"og:image:height\" content=\"1500\" \/>\n\t<meta property=\"og:image:type\" content=\"image\/jpeg\" \/>\n<meta name=\"author\" content=\"Clara D&#039;Acunto\" \/>\n<meta name=\"twitter:card\" content=\"summary_large_image\" \/>\n<meta name=\"twitter:creator\" content=\"@intoscana\" \/>\n<meta name=\"twitter:site\" content=\"@intoscana\" \/>\n<meta name=\"twitter:label1\" content=\"Written by\" \/>\n\t<meta name=\"twitter:data1\" content=\"Clara D&#039;Acunto\" \/>\n\t<meta name=\"twitter:label2\" content=\"Est. reading time\" \/>\n\t<meta name=\"twitter:data2\" content=\"4 minuti\" \/>\n<script type=\"application\/ld+json\" class=\"yoast-schema-graph\">{\"@context\":\"https:\/\/schema.org\",\"@graph\":[{\"@type\":\"WebPage\",\"@id\":\"https:\/\/www.intoscana.it\/it\/le-conoscevo-bene-storie-di-donne-che-fanno-il-cinema-alla-toscana-delle-donne-la-presentazione-del-libro\/\",\"url\":\"https:\/\/www.intoscana.it\/it\/le-conoscevo-bene-storie-di-donne-che-fanno-il-cinema-alla-toscana-delle-donne-la-presentazione-del-libro\/\",\"name\":\"\\\"Le conoscevo bene. Storie di Donne che fanno il Cinema\\\", alla \\\"Toscana delle Donne\\\" la presentazione del libro - intoscana\",\"isPartOf\":{\"@id\":\"https:\/\/www.intoscana.it\/it\/#website\"},\"primaryImageOfPage\":{\"@id\":\"https:\/\/www.intoscana.it\/it\/le-conoscevo-bene-storie-di-donne-che-fanno-il-cinema-alla-toscana-delle-donne-la-presentazione-del-libro\/#primaryimage\"},\"image\":{\"@id\":\"https:\/\/www.intoscana.it\/it\/le-conoscevo-bene-storie-di-donne-che-fanno-il-cinema-alla-toscana-delle-donne-la-presentazione-del-libro\/#primaryimage\"},\"thumbnailUrl\":\"https:\/\/www.intoscana.it\/wp-content\/uploads\/barbara-enrichi-workshop.jpg\",\"datePublished\":\"2024-11-15T16:58:58+00:00\",\"author\":{\"@id\":\"https:\/\/www.intoscana.it\/it\/#\/schema\/person\/137419af9ef5d385bde52864a841e6ce\"},\"description\":\"Il lavoro di Elisabetta Vagaggini approfondisce la figura femminile sul grande schermo. L'incontro, aperto al pubblico, sabato 23 novembre, alle 17:30 a Palazzo Strozzi Sacrati in piazza Duomo 10\",\"breadcrumb\":{\"@id\":\"https:\/\/www.intoscana.it\/it\/le-conoscevo-bene-storie-di-donne-che-fanno-il-cinema-alla-toscana-delle-donne-la-presentazione-del-libro\/#breadcrumb\"},\"inLanguage\":\"it-IT\",\"potentialAction\":[{\"@type\":\"ReadAction\",\"target\":[\"https:\/\/www.intoscana.it\/it\/le-conoscevo-bene-storie-di-donne-che-fanno-il-cinema-alla-toscana-delle-donne-la-presentazione-del-libro\/\"]}]},{\"@type\":\"ImageObject\",\"inLanguage\":\"it-IT\",\"@id\":\"https:\/\/www.intoscana.it\/it\/le-conoscevo-bene-storie-di-donne-che-fanno-il-cinema-alla-toscana-delle-donne-la-presentazione-del-libro\/#primaryimage\",\"url\":\"https:\/\/www.intoscana.it\/wp-content\/uploads\/barbara-enrichi-workshop.jpg\",\"contentUrl\":\"https:\/\/www.intoscana.it\/wp-content\/uploads\/barbara-enrichi-workshop.jpg\",\"width\":2000,\"height\":1500},{\"@type\":\"BreadcrumbList\",\"@id\":\"https:\/\/www.intoscana.it\/it\/le-conoscevo-bene-storie-di-donne-che-fanno-il-cinema-alla-toscana-delle-donne-la-presentazione-del-libro\/#breadcrumb\",\"itemListElement\":[{\"@type\":\"ListItem\",\"position\":1,\"name\":\"Home\",\"item\":\"https:\/\/www.intoscana.it\/it\/\"},{\"@type\":\"ListItem\",\"position\":2,\"name\":\"&#8220;Le conoscevo bene. Storie di Donne che fanno il Cinema&#8221;, alla &#8220;Toscana delle Donne&#8221; la presentazione del libro\"}]},{\"@type\":\"WebSite\",\"@id\":\"https:\/\/www.intoscana.it\/it\/#website\",\"url\":\"https:\/\/www.intoscana.it\/it\/\",\"name\":\"intoscana\",\"description\":\"\",\"potentialAction\":[{\"@type\":\"SearchAction\",\"target\":{\"@type\":\"EntryPoint\",\"urlTemplate\":\"https:\/\/www.intoscana.it\/it\/?s={search_term_string}\"},\"query-input\":{\"@type\":\"PropertyValueSpecification\",\"valueRequired\":true,\"valueName\":\"search_term_string\"}}],\"inLanguage\":\"it-IT\"},{\"@type\":\"Person\",\"@id\":\"https:\/\/www.intoscana.it\/it\/#\/schema\/person\/137419af9ef5d385bde52864a841e6ce\",\"name\":\"Clara D'Acunto\",\"url\":\"https:\/\/www.intoscana.it\/it\/author\/clara-d_acunto\/\"}]}<\/script>\n<!-- \/ Yoast SEO Premium plugin. -->","yoast_head_json":{"title":"\"Le conoscevo bene. Storie di Donne che fanno il Cinema\", alla \"Toscana delle Donne\" la presentazione del libro - intoscana","description":"Il lavoro di Elisabetta Vagaggini approfondisce la figura femminile sul grande schermo. L'incontro, aperto al pubblico, sabato 23 novembre, alle 17:30 a Palazzo Strozzi Sacrati in piazza Duomo 10","robots":{"index":"index","follow":"follow","max-snippet":"max-snippet:-1","max-image-preview":"max-image-preview:large","max-video-preview":"max-video-preview:-1"},"canonical":"https:\/\/www.intoscana.it\/it\/le-conoscevo-bene-storie-di-donne-che-fanno-il-cinema-alla-toscana-delle-donne-la-presentazione-del-libro\/","og_locale":"it_IT","og_type":"article","og_title":"\"Le conoscevo bene. Storie di Donne che fanno il Cinema\", alla \"Toscana delle Donne\" la presentazione del libro","og_description":"Il lavoro di Elisabetta Vagaggini approfondisce la figura femminile sul grande schermo. L'incontro, aperto al pubblico, sabato 23 novembre, alle 17:30 a Palazzo Strozzi Sacrati in piazza Duomo 10","og_url":"https:\/\/www.intoscana.it\/it\/le-conoscevo-bene-storie-di-donne-che-fanno-il-cinema-alla-toscana-delle-donne-la-presentazione-del-libro\/","og_site_name":"intoscana","article_publisher":"https:\/\/www.facebook.com\/intoscana.it","article_published_time":"2024-11-15T16:58:58+00:00","og_image":[{"width":2000,"height":1500,"url":"https:\/\/www.intoscana.it\/wp-content\/uploads\/barbara-enrichi-workshop.jpg","type":"image\/jpeg"}],"author":"Clara D'Acunto","twitter_card":"summary_large_image","twitter_creator":"@intoscana","twitter_site":"@intoscana","twitter_misc":{"Written by":"Clara D'Acunto","Est. reading time":"4 minuti"},"schema":{"@context":"https:\/\/schema.org","@graph":[{"@type":"WebPage","@id":"https:\/\/www.intoscana.it\/it\/le-conoscevo-bene-storie-di-donne-che-fanno-il-cinema-alla-toscana-delle-donne-la-presentazione-del-libro\/","url":"https:\/\/www.intoscana.it\/it\/le-conoscevo-bene-storie-di-donne-che-fanno-il-cinema-alla-toscana-delle-donne-la-presentazione-del-libro\/","name":"\"Le conoscevo bene. Storie di Donne che fanno il Cinema\", alla \"Toscana delle Donne\" la presentazione del libro - intoscana","isPartOf":{"@id":"https:\/\/www.intoscana.it\/it\/#website"},"primaryImageOfPage":{"@id":"https:\/\/www.intoscana.it\/it\/le-conoscevo-bene-storie-di-donne-che-fanno-il-cinema-alla-toscana-delle-donne-la-presentazione-del-libro\/#primaryimage"},"image":{"@id":"https:\/\/www.intoscana.it\/it\/le-conoscevo-bene-storie-di-donne-che-fanno-il-cinema-alla-toscana-delle-donne-la-presentazione-del-libro\/#primaryimage"},"thumbnailUrl":"https:\/\/www.intoscana.it\/wp-content\/uploads\/barbara-enrichi-workshop.jpg","datePublished":"2024-11-15T16:58:58+00:00","author":{"@id":"https:\/\/www.intoscana.it\/it\/#\/schema\/person\/137419af9ef5d385bde52864a841e6ce"},"description":"Il lavoro di Elisabetta Vagaggini approfondisce la figura femminile sul grande schermo. L'incontro, aperto al pubblico, sabato 23 novembre, alle 17:30 a Palazzo Strozzi Sacrati in piazza Duomo 10","breadcrumb":{"@id":"https:\/\/www.intoscana.it\/it\/le-conoscevo-bene-storie-di-donne-che-fanno-il-cinema-alla-toscana-delle-donne-la-presentazione-del-libro\/#breadcrumb"},"inLanguage":"it-IT","potentialAction":[{"@type":"ReadAction","target":["https:\/\/www.intoscana.it\/it\/le-conoscevo-bene-storie-di-donne-che-fanno-il-cinema-alla-toscana-delle-donne-la-presentazione-del-libro\/"]}]},{"@type":"ImageObject","inLanguage":"it-IT","@id":"https:\/\/www.intoscana.it\/it\/le-conoscevo-bene-storie-di-donne-che-fanno-il-cinema-alla-toscana-delle-donne-la-presentazione-del-libro\/#primaryimage","url":"https:\/\/www.intoscana.it\/wp-content\/uploads\/barbara-enrichi-workshop.jpg","contentUrl":"https:\/\/www.intoscana.it\/wp-content\/uploads\/barbara-enrichi-workshop.jpg","width":2000,"height":1500},{"@type":"BreadcrumbList","@id":"https:\/\/www.intoscana.it\/it\/le-conoscevo-bene-storie-di-donne-che-fanno-il-cinema-alla-toscana-delle-donne-la-presentazione-del-libro\/#breadcrumb","itemListElement":[{"@type":"ListItem","position":1,"name":"Home","item":"https:\/\/www.intoscana.it\/it\/"},{"@type":"ListItem","position":2,"name":"&#8220;Le conoscevo bene. Storie di Donne che fanno il Cinema&#8221;, alla &#8220;Toscana delle Donne&#8221; la presentazione del libro"}]},{"@type":"WebSite","@id":"https:\/\/www.intoscana.it\/it\/#website","url":"https:\/\/www.intoscana.it\/it\/","name":"intoscana","description":"","potentialAction":[{"@type":"SearchAction","target":{"@type":"EntryPoint","urlTemplate":"https:\/\/www.intoscana.it\/it\/?s={search_term_string}"},"query-input":{"@type":"PropertyValueSpecification","valueRequired":true,"valueName":"search_term_string"}}],"inLanguage":"it-IT"},{"@type":"Person","@id":"https:\/\/www.intoscana.it\/it\/#\/schema\/person\/137419af9ef5d385bde52864a841e6ce","name":"Clara D'Acunto","url":"https:\/\/www.intoscana.it\/it\/author\/clara-d_acunto\/"}]}},"_links":{"self":[{"href":"https:\/\/www.intoscana.it\/it\/wp-json\/wp\/v2\/posts\/364322","targetHints":{"allow":["GET"]}}],"collection":[{"href":"https:\/\/www.intoscana.it\/it\/wp-json\/wp\/v2\/posts"}],"about":[{"href":"https:\/\/www.intoscana.it\/it\/wp-json\/wp\/v2\/types\/post"}],"author":[{"embeddable":true,"href":"https:\/\/www.intoscana.it\/it\/wp-json\/wp\/v2\/users\/545"}],"replies":[{"embeddable":true,"href":"https:\/\/www.intoscana.it\/it\/wp-json\/wp\/v2\/comments?post=364322"}],"version-history":[{"count":8,"href":"https:\/\/www.intoscana.it\/it\/wp-json\/wp\/v2\/posts\/364322\/revisions"}],"predecessor-version":[{"id":364384,"href":"https:\/\/www.intoscana.it\/it\/wp-json\/wp\/v2\/posts\/364322\/revisions\/364384"}],"wp:featuredmedia":[{"embeddable":true,"href":"https:\/\/www.intoscana.it\/it\/wp-json\/wp\/v2\/media\/85274"}],"wp:attachment":[{"href":"https:\/\/www.intoscana.it\/it\/wp-json\/wp\/v2\/media?parent=364322"}],"wp:term":[{"taxonomy":"category","embeddable":true,"href":"https:\/\/www.intoscana.it\/it\/wp-json\/wp\/v2\/categories?post=364322"},{"taxonomy":"post_tag","embeddable":true,"href":"https:\/\/www.intoscana.it\/it\/wp-json\/wp\/v2\/tags?post=364322"}],"curies":[{"name":"wp","href":"https:\/\/api.w.org\/{rel}","templated":true}]}}