{"id":364497,"date":"2024-11-18T10:04:39","date_gmt":"2024-11-18T09:04:39","guid":{"rendered":"https:\/\/www.intoscana.it\/it\/?p=364497"},"modified":"2024-11-19T14:59:46","modified_gmt":"2024-11-19T13:59:46","slug":"cesare-basile-saracena-concerto-firenze","status":"publish","type":"post","link":"https:\/\/www.intoscana.it\/it\/cesare-basile-saracena-concerto-firenze\/","title":{"rendered":"Il cantautore siciliano Cesare Basile in concerto a Firenze: &#8220;Un&#8217;arte neutra non esiste&#8221;"},"content":{"rendered":"<p><strong>&#8220;Saracena&#8221;<\/strong> \u00e8 il titolo del nuovo disco di <strong>Cesare Basile<\/strong> uno dei pi\u00f9 importanti cantautori e musicisti italiani, che da anni porta avanti una ricerca unica e personalissima che unisce <strong>punk, blues-folk e musica popolare siciliana.<\/strong><\/p>\n<p>A un trentennio di distanza dal suo esordio da solista, il suo <strong>nuovo e dodicesimo album di studio<\/strong> \u00e8 un lavoro di ricerca musicale dedicato alla<strong> Palestina<\/strong> un territorio che sta attraversando un momento difficilissimo della sua storia.<\/p>\n<p>Dopo gli album <strong><em>Cesare Basile<\/em><\/strong> e <strong><em>Tu prenditi l\u2019amore che vuoi e non chiederlo pi\u00f9<\/em><\/strong> (entrambi vincitori della<strong> Targa Tenco<\/strong> come migliore album in dialetto),<strong><em> U fujutu su nesci chi fa?<\/em><\/strong> e <strong><em>Cummeddia,<\/em><\/strong> pubblicati tra 2013 e 2019, il linguaggio adottato in<strong> Saracena<\/strong> non poteva che essere ancora una volta quello del <strong>dialetto siciliano.<\/strong><\/p>\n<p><strong>Cesare Basile<\/strong> sar\u00e0 in concerto<strong> venerd\u00ec 22 novembre al Circolo Arci Il Progresso di Firenze.\u00a0<\/strong><\/p>\n<p><iframe loading=\"lazy\" title=\"Il cantautore Cesare Basile canta la \" src=\"https:\/\/omny.fm\/shows\/intoscana\/il-cantautore-cesare-basile-canta-la-spartenza-nel\/embed?style=cover&amp;image=1&amp;description=1&amp;download=1&amp;playlistImages=1&amp;playlistShare=1&amp;share=1&amp;subscribe=1&amp;background=f5f5f5&amp;foreground=6d4d8f&amp;highlight=6313bc\" width=\"100%\" height=\"180\" frameborder=\"0\"><\/iframe><\/p>\n<h3>Ecco la nostra intervista a Cesare Basile<\/h3>\n<p><strong>Ciao Cesare! Il tuo disco \u00e8 nato in poco pi\u00f9 di due settimane come risposta alla necessit\u00e0 di dare un senso a quello che stava accadendo in Palestina<\/strong><\/p>\n<p>Dare un senso a quella cosa l\u00ec \u00e8\u00a0pressoch\u00e8 impossibile, l&#8217;unica analisi che possiamo fare \u00e8 schiettamente e fortemente politica, per cui <strong>vedere cosa c&#8217;\u00e8 dietro realmente a quello che sta succedendo in Palestina, un discorso che parte dal 1948<\/strong>. Le cause storiche sono molto importanti, sono cause di ordine mondiale. C&#8217;\u00e8 uno stato sostenuto dal capitalismo internazionale che attua delle<strong> politiche di genocidio,<\/strong> da tempo ormai, nei confronti di un altro popolo. Questa \u00e8 l&#8217;analisi politica. <strong>Io ho cercato di fare un disco in cui le esigenze poetiche venissero non prima di quelle politiche,<\/strong> ma venissero &#8216;servite prima&#8217;. Non perch\u00e9 non volessi trattare l&#8217;argomento in maniera politica, perch\u00e9 alla fine l&#8217;ho fatto, ma<strong> ho usato uno strumento che mi era pi\u00f9 conoscono e mi sono confrontato poeticamente<\/strong> con il dramma dell&#8217;esilio declinando con la<strong> &#8220;spartenza&#8221;<\/strong> tipica di tanti popoli del Mediterraneo tra cui la Sicilia che \u00e8 la terra dove sono nato e cresciuto e che ha vissuto la Spartenza lungo tutto l&#8217;arco della sua storia. Ancora prima dei siciliani <strong>la spartenza l&#8217;hanno vissuta gli arabi in Sicilia.<\/strong> Ho cercato di costruire <strong>una sorta di ponte tra le storie di oggi e le storie di ieri,<\/strong> per capire cosa produce la separazione forzata dal luogo in cui si nasce.<\/p>\n<p><strong>Qual \u00e8 per te il ruolo del musicista oggi?<\/strong><\/p>\n<p><strong>Il ruolo del musicista \u00e8 quello che il musicista si sceglie.<\/strong> Pu\u00f2 scegliere di fare parte del gioco e non disturbarlo, fare cio\u00e8\u00a0<strong>da arredamento.<\/strong> Oppure pu\u00f2 provare a prendere delle posizioni o quanto meno a sollevare dei dubbi.<strong> Un&#8217;arte neutra non esiste<\/strong>,<strong> l&#8217;arte in qualche modo \u00e8 sempre o accondiscendente nei confronti dello status quo, o critica<\/strong>. Io sto dalla parte critica.<p><span class=\"citazione\">Il musicista pu\u00f2 scegliere di fare parte del gioco e non disturbarlo, fare cio\u00e8 da arredamento. Oppure pu\u00f2 provare a prendere delle posizioni o quanto meno a sollevare dei dubbi. Un&#8217;arte neutra non esiste, l&#8217;arte in qualche modo \u00e8 sempre o accondiscendente nei confronti dello status quo, o critica<\/span><\/p><\/p>\n<p><strong>Il tuo disco si ispira ai versi di un poeta: Mahmoud Darwish, come hai conosciuto questo autore palestinese?<\/strong><\/p>\n<p>Sono entrato in contatto come spesso avviene con la letteratura casualmente, mentre <strong>cercavo di farmi un&#8217;idea di quello che succedeva in Palestina.<\/strong>\u00a0Siccome per mia formazione preferisco sempre capire dai poeti quello che avviene nei loro luoghi. Forse perch\u00e9<strong> i poeti hanno un modo di guardare alla realt\u00e0 che non \u00e8 mai scevra di analisi politica. <\/strong>Per\u00f2 in qualche maniera attraverso lo specchio della poesia si possono toccare temi nascosti negli angoli della storia. E gli angoli della storia spesso mi interessano di pi\u00f9. <strong>Mahmoud Darwish \u00e8 sicuramente un poeta<\/strong> che \u00e8 riuscito a raccontare in maniera molto forte il dramma della Palestina, della <strong>Nakba\u00a0cio\u00e8 dell&#8217;esodo dei Palestinesi.<\/strong> E allo stesso tempo \u00e8 riuscito a scovare<strong> i drammi pi\u00f9 piccoli, quelli nascosti,<\/strong> i drammi esistenziali di ogni singolo uomo e di ogni singola donna in Palestina.<\/p>\n<p><strong>Sulla copertina del disco hai messo un ulivo siciliano, anche quello vuole essere un riferimento agli ulivi della Palestina?<\/strong><\/p>\n<p>Quello \u00e8 un ulivo saraceno, gli ulivi saraceni si sono diffusi maggiormente in Sicilia, ma <strong>l&#8217;ulivo \u00e8 una pianta del Mediterraneo.<\/strong> E questo \u00e8 <strong>un disco che affonda le sue radici e le sue intuizioni nel Mediterraneo che va dalla Sicilia alla Palestina,<\/strong> ma passa anche per il deserto. <strong>L&#8217;ulivo \u00e8 una pianta tipica di questo enorme bacino di popoli e culture,<\/strong> ma soprattutto <strong>\u00e8 una pianta in qualche\u00a0maniera indomita, resiste alle intemperie<\/strong>, tende per sua natura a diventare secolare, a prescindere da ci\u00f2 che le succede. Quindi mi sembra il simbolo pi\u00f9 indicato per rappresentare questa storia.<\/p>\n<p><iframe loading=\"lazy\" title=\"YouTube video player\" src=\"https:\/\/www.youtube.com\/embed\/nOdpk9A-6dk?si=B1CKbyTPrWXCSBR3\" width=\"800\" height=\"450\" frameborder=\"0\" allowfullscreen=\"allowfullscreen\"><\/iframe><\/p>\n<p><strong>Passando a parlare del suono di questo album, mi colpisce come abbia una pasta musicale unica, nessuno ha questi suoni in Italia. Mi chiedo come sei riuscito a ottenerli, ho letto che hai fatto tutto da solo unendo strumenti artigianali e elettronica, come ci sei riuscito?<\/strong><\/p>\n<p>Come hai detto tu: <strong>il mio lavoro \u00e8 basato sull&#8217;improvvisazione,<\/strong> nella misura in cui <strong>l&#8217;improvvisazione \u00e8 una caratteristica dell&#8217;artigiano che \u00e8 colui che lavora con ci\u00f2 che ha<\/strong>, se lo costruisce e se lo inventa. <strong>Volevo fare questo disco da solo,<\/strong> ho sempre lavorato con altri musicisti, sono sempre stato convinto che <strong>fare un disco \u00e8 come partecipare a una festa<\/strong>. Per\u00f2 per le caratteristiche interiori delle cose che volevo raccontare <strong>avevo bisogno di farlo da solo e ho messo in campo un po&#8217; tutto quello che avevo<\/strong>. Da tempo mi diletto nella costruzione\u00a0di strumenti musicali anche abbastanza atipici.<strong> Io non sono un liutaio, costruisco oggetti sonori e ho piegato questi oggetti a volte alla narrazione, altre volte ho piegato la narrazione a quello che era il suono<\/strong>. Ho mischiato tutto con strumenti pi\u00f9 tradizionali come la chitarra e tantissime macchinette\u00a0legate al mondo dell&#8217;elettronica. Non mi interessava avere uno schema chiaro, riconoscibile dal punto di vista sonoro, mi interessava di pi\u00f9 che le persone sentissero un suono senza capire cos&#8217;\u00e8, senza trovare un riferimento, forse perch\u00e9\u00a0<strong>il suono in questo caso ha come riferimento solo se stesso<\/strong>.<p><span class=\"citazione\">Dobbiamo fare in modo che le persone ricominciano a parlare tra di loro, senza aspettare che gli venga raccontata l&#8217;ennesima storiellina dall&#8217;alto<\/span><\/p><\/p>\n<p><strong>Tutti questi suoni come saranno realizzati\u00a0in tour? Chi ti accompagner\u00e0?<\/strong><\/p>\n<p>Saremo in tre sul palco: <strong>Massimo Ferrarotto<\/strong> alle percussioni e all&#8217;elettronica, <strong>Marco Giambrone<\/strong> chitarra elettrica ed elettronica e io voce ed elettronica. Alcune cose sono state campionate, altre le riproduciamo dal vivo, magari il suono non sar\u00e0 identico, ma sicuramente avr\u00e0 quel tipo di spessore e di intuizione.<\/p>\n<p><strong>La canzone che chiude il disco &#8220;Cappeddu a mari&#8221; racconta una storia particolare, forse c&#8217;\u00e8 anche un&#8217;idea di speranza<\/strong><\/p>\n<p>In effetti \u00e8 l&#8217;unica canzone che non \u00e8 stata scritta per questo disco,\u00a0ma si \u00e8 trova a chiuderlo degnamente. L&#8217;ho scritta un bel po&#8217; di mesi prima, <strong>\u00e8 la canzone di un ricongiungimento tra il cappello di un uomo e l&#8217;isola che quest&#8217;uomo amava.<\/strong> Un cappello strappato dal vento e ributtato in mare. Volevo trovare non dico un lieto fine, perch\u00e9 non c&#8217;\u00e8 almeno al momento, per\u00f2 pensare che le folate di vento a volte cambiano tutto. Stavo cercando della luce in quel finale ma mi rendo conto adesso che <strong>forse \u00e8 la cosa pi\u00f9 drammatica del disco.<\/strong><\/p>\n<p><strong>Gli avvenimenti degli ultimi giorni gettano molti di noi nello sconforto profondo. Forse ora pi\u00f9 che mai dobbiamo rispondere con la musica, la cultura e l&#8217;amore a quello che accade nel mondo<\/strong><\/p>\n<p>Io credo che dobbiamo innanzi tutto rispondere all&#8217;<strong>assenza di una politica per le strade e nelle strade<\/strong>. Credo che non possiamo pi\u00f9 permettere che il battito politico di una nazione passi per l&#8217;una o l&#8217;altra parte, che sono due facce della stessa medaglia, <strong>sono i servitori dell&#8217;unico padrone che per me resta il capitale.<\/strong> Hanno solo due maniere diverse di servire il capitale e due spocchie diverse. <strong>Credo sia molto pi\u00f9 importante ricostruire una politica dal basso, tornare per le strade<\/strong>. Nonostante la mia giovane et\u00e0, ho 60 anni, penso che dobbiamo ridefinire questi anni che ci mettono e ci hanno messo drammaticamente di fronte alla <strong>fine di un&#8217;epoca che \u00e8 forse la fine delle democrazie come le abbiamo vissute<\/strong>. Non \u00e8 che queste democrazie sono state perfette, anzi non lo sono state per niente, spesso sono state al servizio di poteri forti. Noi <strong>possiamo ridefinire la democrazia alla luce di quello che \u00e8 successo<\/strong> e che sta succedendo, si pu\u00f2 ridefinirla solo in senso anarchico, ma questa \u00e8 una mia posizione. Parliamo di partecipazione, c&#8217;\u00e8 bisogno rifondare una partecipazione alla vita sociale, bisogna ripartire dalle scuole, dalle strade, dalle fabbriche, dalle universit\u00e0, dal sottoproletariato. <strong>Dobbiamo fare in modo che le persone ricominciano a parlare tra di loro, senza aspettare che gli venga raccontata l&#8217;ennesima storiellina dall&#8217;alto.<\/strong><\/p>\n<div class=\"titleimg\">\n<figure id=\"post-364499 media-364499\" class=\"align-none\"><img decoding=\"async\" src=\"https:\/\/www.intoscana.it\/wp-content\/uploads\/461174827_10230014375216291_1884560843241476519_n.jpg\" alt=\"\" \/><\/figure>\n<div class=\"titleimg\">Cesare Basile, Saracena<\/div>\n<\/div>\n","protected":false},"excerpt":{"rendered":"<p>Venerd\u00ec 22 novembre al Circolo Arci Il Progresso di Firenze uno dei cantautori pi\u00f9 innovativi e spregiudicati del panorama musicale italiano presenta il suo ultimo disco dedicato alla Palestina: &#8220;Saracena&#8221;<\/p>\n","protected":false},"author":518,"featured_media":364500,"comment_status":"open","ping_status":"open","sticky":false,"template":"","format":"standard","meta":{"_acf_changed":false,"footnotes":""},"categories":[14],"tags":[216,3138],"class_list":["post-364497","post","type-post","status-publish","format-standard","has-post-thumbnail","hentry","category-musica","tag-concerti","tag-interviste-agli-artisti"],"acf":[],"yoast_head":"<!-- This site is optimized with the Yoast SEO Premium plugin v24.2 (Yoast SEO v25.6) - https:\/\/yoast.com\/wordpress\/plugins\/seo\/ -->\n<title>Il cantautore siciliano Cesare Basile in concerto a Firenze: &quot;Un&#039;arte neutra non esiste&quot; - intoscana<\/title>\n<meta name=\"description\" content=\"Venerd\u00ec 22 novembre al Circolo Arci Il Progresso di Firenze uno dei cantautori pi\u00f9 innovativi e spregiudicati del panorama italiano\" \/>\n<meta name=\"robots\" content=\"index, follow, max-snippet:-1, max-image-preview:large, max-video-preview:-1\" \/>\n<link rel=\"canonical\" href=\"https:\/\/www.intoscana.it\/it\/cesare-basile-saracena-concerto-firenze\/\" \/>\n<meta property=\"og:locale\" content=\"it_IT\" \/>\n<meta property=\"og:type\" content=\"article\" \/>\n<meta property=\"og:title\" content=\"Il cantautore siciliano Cesare Basile in concerto a Firenze: &quot;Un&#039;arte neutra non esiste&quot;\" \/>\n<meta property=\"og:description\" content=\"Venerd\u00ec 22 novembre al Circolo Arci Il Progresso di Firenze uno dei cantautori pi\u00f9 innovativi e spregiudicati del panorama italiano\" \/>\n<meta property=\"og:url\" content=\"https:\/\/www.intoscana.it\/it\/cesare-basile-saracena-concerto-firenze\/\" \/>\n<meta property=\"og:site_name\" content=\"intoscana\" \/>\n<meta property=\"article:publisher\" content=\"https:\/\/www.facebook.com\/intoscana.it\" \/>\n<meta property=\"article:published_time\" content=\"2024-11-18T09:04:39+00:00\" \/>\n<meta property=\"article:modified_time\" content=\"2024-11-19T13:59:46+00:00\" \/>\n<meta property=\"og:image\" content=\"https:\/\/www.intoscana.it\/wp-content\/uploads\/Basile-orizz-3-800x600-1.jpg\" \/>\n\t<meta property=\"og:image:width\" content=\"800\" \/>\n\t<meta property=\"og:image:height\" content=\"600\" \/>\n\t<meta property=\"og:image:type\" content=\"image\/jpeg\" \/>\n<meta name=\"author\" content=\"Costanza Baldini\" \/>\n<meta name=\"twitter:card\" content=\"summary_large_image\" \/>\n<meta name=\"twitter:creator\" content=\"@intoscana\" \/>\n<meta name=\"twitter:site\" content=\"@intoscana\" \/>\n<meta name=\"twitter:label1\" content=\"Written by\" \/>\n\t<meta name=\"twitter:data1\" content=\"Costanza Baldini\" \/>\n\t<meta name=\"twitter:label2\" content=\"Est. reading time\" \/>\n\t<meta name=\"twitter:data2\" content=\"9 minuti\" \/>\n<script type=\"application\/ld+json\" class=\"yoast-schema-graph\">{\"@context\":\"https:\/\/schema.org\",\"@graph\":[{\"@type\":\"WebPage\",\"@id\":\"https:\/\/www.intoscana.it\/it\/cesare-basile-saracena-concerto-firenze\/\",\"url\":\"https:\/\/www.intoscana.it\/it\/cesare-basile-saracena-concerto-firenze\/\",\"name\":\"Il cantautore siciliano Cesare Basile in concerto a Firenze: \\\"Un'arte neutra non esiste\\\" - intoscana\",\"isPartOf\":{\"@id\":\"https:\/\/www.intoscana.it\/it\/#website\"},\"primaryImageOfPage\":{\"@id\":\"https:\/\/www.intoscana.it\/it\/cesare-basile-saracena-concerto-firenze\/#primaryimage\"},\"image\":{\"@id\":\"https:\/\/www.intoscana.it\/it\/cesare-basile-saracena-concerto-firenze\/#primaryimage\"},\"thumbnailUrl\":\"https:\/\/www.intoscana.it\/wp-content\/uploads\/Basile-orizz-3-800x600-1.jpg\",\"datePublished\":\"2024-11-18T09:04:39+00:00\",\"dateModified\":\"2024-11-19T13:59:46+00:00\",\"author\":{\"@id\":\"https:\/\/www.intoscana.it\/it\/#\/schema\/person\/d469f35f09739bdf00bf5dd3f0647a82\"},\"description\":\"Venerd\u00ec 22 novembre al Circolo Arci Il Progresso di Firenze uno dei cantautori pi\u00f9 innovativi e spregiudicati del panorama italiano\",\"breadcrumb\":{\"@id\":\"https:\/\/www.intoscana.it\/it\/cesare-basile-saracena-concerto-firenze\/#breadcrumb\"},\"inLanguage\":\"it-IT\",\"potentialAction\":[{\"@type\":\"ReadAction\",\"target\":[\"https:\/\/www.intoscana.it\/it\/cesare-basile-saracena-concerto-firenze\/\"]}]},{\"@type\":\"ImageObject\",\"inLanguage\":\"it-IT\",\"@id\":\"https:\/\/www.intoscana.it\/it\/cesare-basile-saracena-concerto-firenze\/#primaryimage\",\"url\":\"https:\/\/www.intoscana.it\/wp-content\/uploads\/Basile-orizz-3-800x600-1.jpg\",\"contentUrl\":\"https:\/\/www.intoscana.it\/wp-content\/uploads\/Basile-orizz-3-800x600-1.jpg\",\"width\":800,\"height\":600},{\"@type\":\"BreadcrumbList\",\"@id\":\"https:\/\/www.intoscana.it\/it\/cesare-basile-saracena-concerto-firenze\/#breadcrumb\",\"itemListElement\":[{\"@type\":\"ListItem\",\"position\":1,\"name\":\"Home\",\"item\":\"https:\/\/www.intoscana.it\/it\/\"},{\"@type\":\"ListItem\",\"position\":2,\"name\":\"Il cantautore siciliano Cesare Basile in concerto a Firenze: &#8220;Un&#8217;arte neutra non esiste&#8221;\"}]},{\"@type\":\"WebSite\",\"@id\":\"https:\/\/www.intoscana.it\/it\/#website\",\"url\":\"https:\/\/www.intoscana.it\/it\/\",\"name\":\"intoscana\",\"description\":\"\",\"potentialAction\":[{\"@type\":\"SearchAction\",\"target\":{\"@type\":\"EntryPoint\",\"urlTemplate\":\"https:\/\/www.intoscana.it\/it\/?s={search_term_string}\"},\"query-input\":{\"@type\":\"PropertyValueSpecification\",\"valueRequired\":true,\"valueName\":\"search_term_string\"}}],\"inLanguage\":\"it-IT\"},{\"@type\":\"Person\",\"@id\":\"https:\/\/www.intoscana.it\/it\/#\/schema\/person\/d469f35f09739bdf00bf5dd3f0647a82\",\"name\":\"Costanza Baldini\",\"url\":\"https:\/\/www.intoscana.it\/it\/author\/costanza-baldini\/\"}]}<\/script>\n<!-- \/ Yoast SEO Premium plugin. -->","yoast_head_json":{"title":"Il cantautore siciliano Cesare Basile in concerto a Firenze: \"Un'arte neutra non esiste\" - intoscana","description":"Venerd\u00ec 22 novembre al Circolo Arci Il Progresso di Firenze uno dei cantautori pi\u00f9 innovativi e spregiudicati del panorama italiano","robots":{"index":"index","follow":"follow","max-snippet":"max-snippet:-1","max-image-preview":"max-image-preview:large","max-video-preview":"max-video-preview:-1"},"canonical":"https:\/\/www.intoscana.it\/it\/cesare-basile-saracena-concerto-firenze\/","og_locale":"it_IT","og_type":"article","og_title":"Il cantautore siciliano Cesare Basile in concerto a Firenze: \"Un'arte neutra non esiste\"","og_description":"Venerd\u00ec 22 novembre al Circolo Arci Il Progresso di Firenze uno dei cantautori pi\u00f9 innovativi e spregiudicati del panorama italiano","og_url":"https:\/\/www.intoscana.it\/it\/cesare-basile-saracena-concerto-firenze\/","og_site_name":"intoscana","article_publisher":"https:\/\/www.facebook.com\/intoscana.it","article_published_time":"2024-11-18T09:04:39+00:00","article_modified_time":"2024-11-19T13:59:46+00:00","og_image":[{"width":800,"height":600,"url":"https:\/\/www.intoscana.it\/wp-content\/uploads\/Basile-orizz-3-800x600-1.jpg","type":"image\/jpeg"}],"author":"Costanza Baldini","twitter_card":"summary_large_image","twitter_creator":"@intoscana","twitter_site":"@intoscana","twitter_misc":{"Written by":"Costanza Baldini","Est. reading time":"9 minuti"},"schema":{"@context":"https:\/\/schema.org","@graph":[{"@type":"WebPage","@id":"https:\/\/www.intoscana.it\/it\/cesare-basile-saracena-concerto-firenze\/","url":"https:\/\/www.intoscana.it\/it\/cesare-basile-saracena-concerto-firenze\/","name":"Il cantautore siciliano Cesare Basile in concerto a Firenze: \"Un'arte neutra non esiste\" - intoscana","isPartOf":{"@id":"https:\/\/www.intoscana.it\/it\/#website"},"primaryImageOfPage":{"@id":"https:\/\/www.intoscana.it\/it\/cesare-basile-saracena-concerto-firenze\/#primaryimage"},"image":{"@id":"https:\/\/www.intoscana.it\/it\/cesare-basile-saracena-concerto-firenze\/#primaryimage"},"thumbnailUrl":"https:\/\/www.intoscana.it\/wp-content\/uploads\/Basile-orizz-3-800x600-1.jpg","datePublished":"2024-11-18T09:04:39+00:00","dateModified":"2024-11-19T13:59:46+00:00","author":{"@id":"https:\/\/www.intoscana.it\/it\/#\/schema\/person\/d469f35f09739bdf00bf5dd3f0647a82"},"description":"Venerd\u00ec 22 novembre al Circolo Arci Il Progresso di Firenze uno dei cantautori pi\u00f9 innovativi e spregiudicati del panorama italiano","breadcrumb":{"@id":"https:\/\/www.intoscana.it\/it\/cesare-basile-saracena-concerto-firenze\/#breadcrumb"},"inLanguage":"it-IT","potentialAction":[{"@type":"ReadAction","target":["https:\/\/www.intoscana.it\/it\/cesare-basile-saracena-concerto-firenze\/"]}]},{"@type":"ImageObject","inLanguage":"it-IT","@id":"https:\/\/www.intoscana.it\/it\/cesare-basile-saracena-concerto-firenze\/#primaryimage","url":"https:\/\/www.intoscana.it\/wp-content\/uploads\/Basile-orizz-3-800x600-1.jpg","contentUrl":"https:\/\/www.intoscana.it\/wp-content\/uploads\/Basile-orizz-3-800x600-1.jpg","width":800,"height":600},{"@type":"BreadcrumbList","@id":"https:\/\/www.intoscana.it\/it\/cesare-basile-saracena-concerto-firenze\/#breadcrumb","itemListElement":[{"@type":"ListItem","position":1,"name":"Home","item":"https:\/\/www.intoscana.it\/it\/"},{"@type":"ListItem","position":2,"name":"Il cantautore siciliano Cesare Basile in concerto a Firenze: &#8220;Un&#8217;arte neutra non esiste&#8221;"}]},{"@type":"WebSite","@id":"https:\/\/www.intoscana.it\/it\/#website","url":"https:\/\/www.intoscana.it\/it\/","name":"intoscana","description":"","potentialAction":[{"@type":"SearchAction","target":{"@type":"EntryPoint","urlTemplate":"https:\/\/www.intoscana.it\/it\/?s={search_term_string}"},"query-input":{"@type":"PropertyValueSpecification","valueRequired":true,"valueName":"search_term_string"}}],"inLanguage":"it-IT"},{"@type":"Person","@id":"https:\/\/www.intoscana.it\/it\/#\/schema\/person\/d469f35f09739bdf00bf5dd3f0647a82","name":"Costanza Baldini","url":"https:\/\/www.intoscana.it\/it\/author\/costanza-baldini\/"}]}},"_links":{"self":[{"href":"https:\/\/www.intoscana.it\/it\/wp-json\/wp\/v2\/posts\/364497","targetHints":{"allow":["GET"]}}],"collection":[{"href":"https:\/\/www.intoscana.it\/it\/wp-json\/wp\/v2\/posts"}],"about":[{"href":"https:\/\/www.intoscana.it\/it\/wp-json\/wp\/v2\/types\/post"}],"author":[{"embeddable":true,"href":"https:\/\/www.intoscana.it\/it\/wp-json\/wp\/v2\/users\/518"}],"replies":[{"embeddable":true,"href":"https:\/\/www.intoscana.it\/it\/wp-json\/wp\/v2\/comments?post=364497"}],"version-history":[{"count":12,"href":"https:\/\/www.intoscana.it\/it\/wp-json\/wp\/v2\/posts\/364497\/revisions"}],"predecessor-version":[{"id":364734,"href":"https:\/\/www.intoscana.it\/it\/wp-json\/wp\/v2\/posts\/364497\/revisions\/364734"}],"wp:featuredmedia":[{"embeddable":true,"href":"https:\/\/www.intoscana.it\/it\/wp-json\/wp\/v2\/media\/364500"}],"wp:attachment":[{"href":"https:\/\/www.intoscana.it\/it\/wp-json\/wp\/v2\/media?parent=364497"}],"wp:term":[{"taxonomy":"category","embeddable":true,"href":"https:\/\/www.intoscana.it\/it\/wp-json\/wp\/v2\/categories?post=364497"},{"taxonomy":"post_tag","embeddable":true,"href":"https:\/\/www.intoscana.it\/it\/wp-json\/wp\/v2\/tags?post=364497"}],"curies":[{"name":"wp","href":"https:\/\/api.w.org\/{rel}","templated":true}]}}