{"id":364550,"date":"2024-11-18T15:00:19","date_gmt":"2024-11-18T14:00:19","guid":{"rendered":"https:\/\/www.intoscana.it\/it\/?p=364550"},"modified":"2024-11-19T15:00:51","modified_gmt":"2024-11-19T14:00:51","slug":"cristiano-godano-in-concerto-a-firenze-per-musica-da-abitare-per-me-e-impensabile-non-poter-salire-su-un-palco","status":"publish","type":"post","link":"https:\/\/www.intoscana.it\/it\/cristiano-godano-in-concerto-a-firenze-per-musica-da-abitare-per-me-e-impensabile-non-poter-salire-su-un-palco\/","title":{"rendered":"Cristiano Godano in concerto a Firenze per &#8220;Musica da abitare&#8221;: &#8220;Per me \u00e8 impensabile non poter salire su un palco&#8221;"},"content":{"rendered":"<p>All&#8217;interno della rassegna<a href=\"https:\/\/www.intoscana.it\/it\/musica-da-abitare-in-concerto-nei-circoli-arci-di-firenze-godano-casale-voltarelli-eric-andersen-scott-mccloud-e-aaron-parks\/\" target=\"_blank\" rel=\"noopener\"><strong><em> &#8220;Musica da Abitare&#8221;<\/em> <\/strong><\/a>a cura di <strong><a href=\"https:\/\/www.eventimusicpool.it\" target=\"_blank\" rel=\"noopener\">Music Pool<\/a>,<\/strong> arriva in concerto al <strong>Brillante Nuovo Teatro Lippi gioved\u00ec 21 novembre<\/strong>.<\/p>\n<p><strong>Cristiano Godano<\/strong> ha certo bisogno di presentazioni, il frontman dei <strong>Marlene Kuntz<\/strong> \u00e8 un artista poliedrico che in oltre trent&#8217;anni di attivit\u00e0 ha lasciato il segno nella storia della canzone italiana, con la sua band fondata nel 1989, ha prodotto <strong>oltre 130 canzoni.<\/strong><\/p>\n<p>Nel 2008 ha esordito come scrittore con<strong><em> &#8220;I Vivi&#8221;<\/em><\/strong>, un&#8217;opera narrativa di sei racconti. Nel 2019 ha pubblicato <strong><em>&#8220;Nuotando nell&#8217;aria&#8221;<\/em><\/strong> ripercorrendo canzone per canzone i primi tre dischi della band e illustrandone i retroscena del processo creativo,<\/p>\n<p>Il suo ultimo libro<strong><em> \u201cIl suono della rabbia\u201d<\/em><\/strong>, che raccoglie gli articoli scritti per <strong>Rolling Stone<\/strong>, racconta<strong> l\u2019arte come impegno, personale e politico:<\/strong> un modo di abitare il mondo senza restare in silenzio, cantandolo con tutta la passione possibile.<\/p>\n<p><iframe loading=\"lazy\" title=\"Cristiano Godano dei Marlene Kuntz, una vita tra musica e scrittura\" src=\"https:\/\/omny.fm\/shows\/intoscana\/cristiano-godano-dei-marlene-kuntz-una-vita-tra-mu\/embed?style=cover&amp;image=1&amp;description=1&amp;download=1&amp;playlistImages=1&amp;playlistShare=1&amp;share=1&amp;subscribe=1&amp;background=f5f5f5&amp;foreground=6d4d8f&amp;highlight=6313bc\" width=\"100%\" height=\"180\" frameborder=\"0\"><\/iframe><\/p>\n<h3>Ecco la nostra intervista a Cristiano Godano<\/h3>\n<p><strong>Ciao Cristiano, negli ultimi anni parallelamente alla musica hai iniziato un&#8217;avventura nella scrittura, pubblicando ben tre libri. \u00c8 molto diverso scrivere una canzone rispetto a un libro, in cosa si differenziano questi due processi creativi?<\/strong><\/p>\n<p>Sono due scritture che hanno due esigenze differenti, scrivere il testo di una canzone deve soddisfare due necessit\u00e0: far suonare bene le parole e anche riuscire a renderle evocative, in grado di suggerire immagini, sensazioni, emozioni.<strong> Molto difficilmente la parola poetica e di una canzone pu\u00f2 spiegare qualcosa, pu\u00f2 solo evocare.<\/strong> Scrivendo articoli si ribalta tutto e <strong>cerco di essere il pi\u00f9 esaustivo possibile.<\/strong> Quando per esempio scrivo di articoli per <strong>Rolling Stone,<\/strong> che sono finiti nel mio ultimo libro, mi allungo tantissimo, mi prendo tutto il tempo che serve.<p><span class=\"citazione\">l&#8217;umanit\u00e0 \u00e8 al bivio credo. C&#8217;\u00e8 un problema pressante che tra poco pagheremo, si chiama riscaldamento climatico. Inoltre c&#8217;\u00e8 un lento progressivo spostamento in territori lontani dalla Democrazia<\/span><\/p><\/p>\n<p><strong>Il tuo ultimo libro <em>&#8220;Il suono della rabbia&#8221;<\/em> \u00e8 stato da pochissimo premiato anche al Premio Fiesole, come mai hai scelto questo titolo, cosa ti fa arrabbiare?<\/strong><\/p>\n<p>Il mondo in cui siamo, l&#8217;umanit\u00e0 che \u00e8 al bivio credo. <strong>C&#8217;\u00e8 un problema pressante che tra poco pagheremo, si chiama riscaldamento climatico.<\/strong> Inoltre <strong>c&#8217;\u00e8 un lento, progressivo spostamento in territori lontani dalla Democrazia<\/strong> e temo che<strong> stiamo entrando in un periodo complicato, per non dire brutto<\/strong>, cerchiamo di mantenere un po&#8217; di ottimismo.<\/p>\n<p><iframe loading=\"lazy\" title=\"YouTube video player\" src=\"https:\/\/www.youtube.com\/embed\/DMrYez93pEQ?si=WH7UaLBBMohslGPi\" width=\"800\" height=\"450\" frameborder=\"0\" allowfullscreen=\"allowfullscreen\"><span data-mce-type=\"bookmark\" style=\"display: inline-block; width: 0px; overflow: hidden; line-height: 0;\" class=\"mce_SELRES_start\">\ufeff<\/span><\/iframe><\/p>\n<p><strong>Mi hai citato il cambiamento climatico, l&#8217;ultimo disco dei Marlene Kuntz del 2022 &#8220;Karma Clima&#8221; era dedicato proprio a questo argomento, c&#8217;\u00e8 qualcosa di nuovo che bolle in pentola per la band?<\/strong><\/p>\n<p>Non ancora, quest&#8217;anno lo abbiamo dedicato alla dimensione performativa, <strong>abbiamo girato l&#8217;Italia in lungo e in largo per festeggiare il trentennale di Catartica.<\/strong> Abbiamo fatto una vera e propria festa e le energie da impiegare erano tantissime, quindi abbiamo tralasciato la dimensione creativa.<p><span class=\"citazione\">per me \u00e8 impensabile non poter salire su un palco, credo sia la pi\u00f9 grave condanna che si potrebbe infliggere a un musicista<\/span><\/p><\/p>\n<p><strong>In effetti siete sempre in tour, non vi fermate mai, mi sembra una dimensione che amate particolarmente, forse perch\u00e9 riuscite ad essere voi stessi al 100%<\/strong><\/p>\n<p>Per quel che mi riguarda s\u00ec, sicuramente, la<strong> stragrande maggioranza dei musicisti ha un bisogno radicale del palco.<\/strong> Sul palco andiamo a raccogliere l&#8217;affetto della gente, l&#8217;energia, possiamo esplodere con la nostra performance. <strong>Per me \u00e8 impensabile non poter salire su un palco, credo sia la pi\u00f9 grave condanna che si potrebbe infliggere a un musicista.<\/strong> Infatti sono sempre abbastanza infastidito quando certa gente incattivita dice con insolenza a una band che dovrebbe smettere. <strong>Che deve fare un musicista se non suonare su un palco?<\/strong> Se c&#8217;\u00e8 la gente che va vederlo fine, il discorso non sussiste.<\/p>\n<p><strong>Beh mi auguro che voi non smettiate mai di suonare! Prima mi parlavi di Catartica, io quando riascolto quelle canzoni sento un&#8217;energia, un&#8217;urgenza che faccio fatica a ritrovare nella band di oggi in Italia, anche se c&#8217;\u00e8 tantissima bella musica in giro. A te piace qualcuno del panorama contemporaneo?<\/strong><\/p>\n<p>Io credo che di musica buona e artisti creativi ce ne siano tantissimi in giro. La maggior parte delle persone e a volte anche me stesso che sono un addetto ai lavori,<strong> non sono in grado di intercettarla perch\u00e9 purtroppo in Internet gli algoritmi decidono per noi,<\/strong> questo \u00e8 triste per\u00f2 \u00e8 un fatto. C&#8217;\u00e8 anche da dire che mi sembra che ci sia un&#8217;intensit\u00e0 diversa nella musica che si fa adesso, sono quindi abbastanza d&#8217;accordo con te. Questo accade per milioni di motivi, penso che uno di questi motivi sia connesso al fatto che<strong> internet ha modificato tantissime cose, ad esempio ha tolto la remunerazione della musica al 90% dei musicisti del pianeta.<\/strong> <strong>Si fa musica motivati da altre cose, sapendo che \u00e8 gratis.<\/strong> Questo dovrebbe generare rabbia, ma \u00e8 cambiato il contesto sociale, non sono un sociologo ma prendo atto che manca qualcosa a livello di intensit\u00e0 con cui la musica viene fatta, <strong>c&#8217;\u00e8 meno visceralit\u00e0, meno potenza.<\/strong><\/p>\n<p><strong>Oggi sono tanti i problemi per chi fa musica, tra cui la difficolt\u00e0 di trovare banalmente spazi in cui suonare. Cosa si potrebbe fare per cambiare tutto questo? Le istituzioni potrebbero avere un ruolo?<\/strong><\/p>\n<p><strong>L&#8217;assenza di locali purtroppo \u00e8 connessa con milioni di problemi,<\/strong> intanto molti sono spariti a causa della pandemia di Covid, non sono riusciti a contenere i costi di gestione. La musica suonata dal vivo ormai in questo momento \u00e8 divisa in due ambiti: <strong>ci sono i grandissimi concerti che costano un sacco di soldi sia per chi li porta in giro, sia per il pubblico<\/strong>. Poi ci sono tutti i musicisti non mainstream che sono il 90% dei musicisti del pianeta, che hanno a che fare col fatto che la gente dedica tutti i soldi che ha per due-tre concerti l&#8217;anno e non per <strong>concerti che magari costano 15 o 20 euro.<\/strong> Ma i problemi sono tanti forse connessi anche con la musica che si ascolta oggi, <strong>non c&#8217;\u00e8 pi\u00f9 la fascinazione per il rock che \u00e8 la musica per definizione &#8216;live&#8217;.<\/strong> Quindi <strong>non sono sicuro che le amministrazioni possano fare pi\u00f9 di tanto se poi il pubblico non c&#8217;\u00e8.<\/strong><\/p>\n<p><strong>Cosa ci farai sentire il 21 novembre a Firenze?<\/strong><\/p>\n<p>In genere ho una trentina di pezzi tra cui scelgo li per l\u00ec, in base al feeling che sento con il pubblico che ho davanti. <strong>Scelgo tra il repertorio Marlene Kuntz, il mio disco solista, cover.<\/strong> Quello che alla fine emerge \u00e8 l&#8217;intensit\u00e0 di cui parlavamo prima. <strong>Per me intensit\u00e0 non vuol dire essere necesariamente rabbiosi e suonare con il volume,<\/strong> per me ha a che fare con la qualit\u00e0 della performance, l&#8217;anima con la quale stai facendo le cose, il pathos. <strong>Io credo che pathos e anima nella mia musica non siano mai mancati, nelle mie performance solitarie per certi versi questa cosa \u00e8 al cubo, perch\u00e9 essendo io solo con me stesso,<\/strong> \u00e8 tutto giocato su questo equilibrio molto delicato che se ce la fa a resistere diventa dirompente.<\/p>\n<div class=\"titleimg\">\n<figure id=\"post-222905 media-222905\" class=\"align-none\"><img decoding=\"async\" src=\"https:\/\/www.intoscana.it\/wp-content\/uploads\/Cristiano-Godano.jpeg\" alt=\"\" \/><\/figure>\n<div class=\"titleimg\">Cristiano Godano<\/div>\n<\/div>\n","protected":false},"excerpt":{"rendered":"<p>Gioved\u00ec 21 novembre al Brillante Nuovo Teatro Lippi in concerto Cristiano Godano leader dei Marlene Kuntz in solo per una serata che si preannuncia indimenticabile<\/p>\n","protected":false},"author":518,"featured_media":364551,"comment_status":"open","ping_status":"open","sticky":false,"template":"","format":"standard","meta":{"_acf_changed":false,"footnotes":""},"categories":[14],"tags":[216,3138],"class_list":["post-364550","post","type-post","status-publish","format-standard","has-post-thumbnail","hentry","category-musica","tag-concerti","tag-interviste-agli-artisti"],"acf":[],"yoast_head":"<!-- This site is optimized with the Yoast SEO Premium plugin v24.2 (Yoast SEO v25.6) - https:\/\/yoast.com\/wordpress\/plugins\/seo\/ -->\n<title>Cristiano Godano in concerto a Firenze per &quot;Musica da abitare&quot;: &quot;Per me \u00e8 impensabile non poter salire su un palco&quot; - intoscana<\/title>\n<meta name=\"description\" content=\"Gioved\u00ec 21 novembre al Brillante Nuovo Teatro Lippi in concerto Cristiano Godano leader dei Marlene Kuntz in solo per una serata\" \/>\n<meta name=\"robots\" content=\"index, follow, max-snippet:-1, max-image-preview:large, max-video-preview:-1\" \/>\n<link rel=\"canonical\" href=\"https:\/\/www.intoscana.it\/it\/cristiano-godano-in-concerto-a-firenze-per-musica-da-abitare-per-me-e-impensabile-non-poter-salire-su-un-palco\/\" \/>\n<meta property=\"og:locale\" content=\"it_IT\" \/>\n<meta property=\"og:type\" content=\"article\" \/>\n<meta property=\"og:title\" content=\"Cristiano Godano in concerto a Firenze per &quot;Musica da abitare&quot;: &quot;Per me \u00e8 impensabile non poter salire su un palco&quot;\" \/>\n<meta property=\"og:description\" content=\"Gioved\u00ec 21 novembre al Brillante Nuovo Teatro Lippi in concerto Cristiano Godano leader dei Marlene Kuntz in solo per una serata\" \/>\n<meta property=\"og:url\" content=\"https:\/\/www.intoscana.it\/it\/cristiano-godano-in-concerto-a-firenze-per-musica-da-abitare-per-me-e-impensabile-non-poter-salire-su-un-palco\/\" \/>\n<meta property=\"og:site_name\" content=\"intoscana\" \/>\n<meta property=\"article:publisher\" content=\"https:\/\/www.facebook.com\/intoscana.it\" \/>\n<meta property=\"article:published_time\" content=\"2024-11-18T14:00:19+00:00\" \/>\n<meta property=\"article:modified_time\" content=\"2024-11-19T14:00:51+00:00\" \/>\n<meta property=\"og:image\" content=\"https:\/\/www.intoscana.it\/wp-content\/uploads\/Screenshot-2024-11-18-alle-12.17.10.jpeg\" \/>\n\t<meta property=\"og:image:width\" content=\"782\" \/>\n\t<meta property=\"og:image:height\" content=\"538\" \/>\n\t<meta property=\"og:image:type\" content=\"image\/jpeg\" \/>\n<meta name=\"author\" content=\"Costanza Baldini\" \/>\n<meta name=\"twitter:card\" content=\"summary_large_image\" \/>\n<meta name=\"twitter:creator\" content=\"@intoscana\" \/>\n<meta name=\"twitter:site\" content=\"@intoscana\" \/>\n<meta name=\"twitter:label1\" content=\"Written by\" \/>\n\t<meta name=\"twitter:data1\" content=\"Costanza Baldini\" \/>\n\t<meta name=\"twitter:label2\" content=\"Est. reading time\" \/>\n\t<meta name=\"twitter:data2\" content=\"7 minuti\" \/>\n<script type=\"application\/ld+json\" class=\"yoast-schema-graph\">{\"@context\":\"https:\/\/schema.org\",\"@graph\":[{\"@type\":\"WebPage\",\"@id\":\"https:\/\/www.intoscana.it\/it\/cristiano-godano-in-concerto-a-firenze-per-musica-da-abitare-per-me-e-impensabile-non-poter-salire-su-un-palco\/\",\"url\":\"https:\/\/www.intoscana.it\/it\/cristiano-godano-in-concerto-a-firenze-per-musica-da-abitare-per-me-e-impensabile-non-poter-salire-su-un-palco\/\",\"name\":\"Cristiano Godano in concerto a Firenze per \\\"Musica da abitare\\\": \\\"Per me \u00e8 impensabile non poter salire su un palco\\\" - intoscana\",\"isPartOf\":{\"@id\":\"https:\/\/www.intoscana.it\/it\/#website\"},\"primaryImageOfPage\":{\"@id\":\"https:\/\/www.intoscana.it\/it\/cristiano-godano-in-concerto-a-firenze-per-musica-da-abitare-per-me-e-impensabile-non-poter-salire-su-un-palco\/#primaryimage\"},\"image\":{\"@id\":\"https:\/\/www.intoscana.it\/it\/cristiano-godano-in-concerto-a-firenze-per-musica-da-abitare-per-me-e-impensabile-non-poter-salire-su-un-palco\/#primaryimage\"},\"thumbnailUrl\":\"https:\/\/www.intoscana.it\/wp-content\/uploads\/Screenshot-2024-11-18-alle-12.17.10.jpeg\",\"datePublished\":\"2024-11-18T14:00:19+00:00\",\"dateModified\":\"2024-11-19T14:00:51+00:00\",\"author\":{\"@id\":\"https:\/\/www.intoscana.it\/it\/#\/schema\/person\/d469f35f09739bdf00bf5dd3f0647a82\"},\"description\":\"Gioved\u00ec 21 novembre al Brillante Nuovo Teatro Lippi in concerto Cristiano Godano leader dei Marlene Kuntz in solo per una serata\",\"breadcrumb\":{\"@id\":\"https:\/\/www.intoscana.it\/it\/cristiano-godano-in-concerto-a-firenze-per-musica-da-abitare-per-me-e-impensabile-non-poter-salire-su-un-palco\/#breadcrumb\"},\"inLanguage\":\"it-IT\",\"potentialAction\":[{\"@type\":\"ReadAction\",\"target\":[\"https:\/\/www.intoscana.it\/it\/cristiano-godano-in-concerto-a-firenze-per-musica-da-abitare-per-me-e-impensabile-non-poter-salire-su-un-palco\/\"]}]},{\"@type\":\"ImageObject\",\"inLanguage\":\"it-IT\",\"@id\":\"https:\/\/www.intoscana.it\/it\/cristiano-godano-in-concerto-a-firenze-per-musica-da-abitare-per-me-e-impensabile-non-poter-salire-su-un-palco\/#primaryimage\",\"url\":\"https:\/\/www.intoscana.it\/wp-content\/uploads\/Screenshot-2024-11-18-alle-12.17.10.jpeg\",\"contentUrl\":\"https:\/\/www.intoscana.it\/wp-content\/uploads\/Screenshot-2024-11-18-alle-12.17.10.jpeg\",\"width\":782,\"height\":538},{\"@type\":\"BreadcrumbList\",\"@id\":\"https:\/\/www.intoscana.it\/it\/cristiano-godano-in-concerto-a-firenze-per-musica-da-abitare-per-me-e-impensabile-non-poter-salire-su-un-palco\/#breadcrumb\",\"itemListElement\":[{\"@type\":\"ListItem\",\"position\":1,\"name\":\"Home\",\"item\":\"https:\/\/www.intoscana.it\/it\/\"},{\"@type\":\"ListItem\",\"position\":2,\"name\":\"Cristiano Godano in concerto a Firenze per &#8220;Musica da abitare&#8221;: &#8220;Per me \u00e8 impensabile non poter salire su un palco&#8221;\"}]},{\"@type\":\"WebSite\",\"@id\":\"https:\/\/www.intoscana.it\/it\/#website\",\"url\":\"https:\/\/www.intoscana.it\/it\/\",\"name\":\"intoscana\",\"description\":\"\",\"potentialAction\":[{\"@type\":\"SearchAction\",\"target\":{\"@type\":\"EntryPoint\",\"urlTemplate\":\"https:\/\/www.intoscana.it\/it\/?s={search_term_string}\"},\"query-input\":{\"@type\":\"PropertyValueSpecification\",\"valueRequired\":true,\"valueName\":\"search_term_string\"}}],\"inLanguage\":\"it-IT\"},{\"@type\":\"Person\",\"@id\":\"https:\/\/www.intoscana.it\/it\/#\/schema\/person\/d469f35f09739bdf00bf5dd3f0647a82\",\"name\":\"Costanza Baldini\",\"url\":\"https:\/\/www.intoscana.it\/it\/author\/costanza-baldini\/\"}]}<\/script>\n<!-- \/ Yoast SEO Premium plugin. -->","yoast_head_json":{"title":"Cristiano Godano in concerto a Firenze per \"Musica da abitare\": \"Per me \u00e8 impensabile non poter salire su un palco\" - intoscana","description":"Gioved\u00ec 21 novembre al Brillante Nuovo Teatro Lippi in concerto Cristiano Godano leader dei Marlene Kuntz in solo per una serata","robots":{"index":"index","follow":"follow","max-snippet":"max-snippet:-1","max-image-preview":"max-image-preview:large","max-video-preview":"max-video-preview:-1"},"canonical":"https:\/\/www.intoscana.it\/it\/cristiano-godano-in-concerto-a-firenze-per-musica-da-abitare-per-me-e-impensabile-non-poter-salire-su-un-palco\/","og_locale":"it_IT","og_type":"article","og_title":"Cristiano Godano in concerto a Firenze per \"Musica da abitare\": \"Per me \u00e8 impensabile non poter salire su un palco\"","og_description":"Gioved\u00ec 21 novembre al Brillante Nuovo Teatro Lippi in concerto Cristiano Godano leader dei Marlene Kuntz in solo per una serata","og_url":"https:\/\/www.intoscana.it\/it\/cristiano-godano-in-concerto-a-firenze-per-musica-da-abitare-per-me-e-impensabile-non-poter-salire-su-un-palco\/","og_site_name":"intoscana","article_publisher":"https:\/\/www.facebook.com\/intoscana.it","article_published_time":"2024-11-18T14:00:19+00:00","article_modified_time":"2024-11-19T14:00:51+00:00","og_image":[{"width":782,"height":538,"url":"https:\/\/www.intoscana.it\/wp-content\/uploads\/Screenshot-2024-11-18-alle-12.17.10.jpeg","type":"image\/jpeg"}],"author":"Costanza Baldini","twitter_card":"summary_large_image","twitter_creator":"@intoscana","twitter_site":"@intoscana","twitter_misc":{"Written by":"Costanza Baldini","Est. reading time":"7 minuti"},"schema":{"@context":"https:\/\/schema.org","@graph":[{"@type":"WebPage","@id":"https:\/\/www.intoscana.it\/it\/cristiano-godano-in-concerto-a-firenze-per-musica-da-abitare-per-me-e-impensabile-non-poter-salire-su-un-palco\/","url":"https:\/\/www.intoscana.it\/it\/cristiano-godano-in-concerto-a-firenze-per-musica-da-abitare-per-me-e-impensabile-non-poter-salire-su-un-palco\/","name":"Cristiano Godano in concerto a Firenze per \"Musica da abitare\": \"Per me \u00e8 impensabile non poter salire su un palco\" - intoscana","isPartOf":{"@id":"https:\/\/www.intoscana.it\/it\/#website"},"primaryImageOfPage":{"@id":"https:\/\/www.intoscana.it\/it\/cristiano-godano-in-concerto-a-firenze-per-musica-da-abitare-per-me-e-impensabile-non-poter-salire-su-un-palco\/#primaryimage"},"image":{"@id":"https:\/\/www.intoscana.it\/it\/cristiano-godano-in-concerto-a-firenze-per-musica-da-abitare-per-me-e-impensabile-non-poter-salire-su-un-palco\/#primaryimage"},"thumbnailUrl":"https:\/\/www.intoscana.it\/wp-content\/uploads\/Screenshot-2024-11-18-alle-12.17.10.jpeg","datePublished":"2024-11-18T14:00:19+00:00","dateModified":"2024-11-19T14:00:51+00:00","author":{"@id":"https:\/\/www.intoscana.it\/it\/#\/schema\/person\/d469f35f09739bdf00bf5dd3f0647a82"},"description":"Gioved\u00ec 21 novembre al Brillante Nuovo Teatro Lippi in concerto Cristiano Godano leader dei Marlene Kuntz in solo per una serata","breadcrumb":{"@id":"https:\/\/www.intoscana.it\/it\/cristiano-godano-in-concerto-a-firenze-per-musica-da-abitare-per-me-e-impensabile-non-poter-salire-su-un-palco\/#breadcrumb"},"inLanguage":"it-IT","potentialAction":[{"@type":"ReadAction","target":["https:\/\/www.intoscana.it\/it\/cristiano-godano-in-concerto-a-firenze-per-musica-da-abitare-per-me-e-impensabile-non-poter-salire-su-un-palco\/"]}]},{"@type":"ImageObject","inLanguage":"it-IT","@id":"https:\/\/www.intoscana.it\/it\/cristiano-godano-in-concerto-a-firenze-per-musica-da-abitare-per-me-e-impensabile-non-poter-salire-su-un-palco\/#primaryimage","url":"https:\/\/www.intoscana.it\/wp-content\/uploads\/Screenshot-2024-11-18-alle-12.17.10.jpeg","contentUrl":"https:\/\/www.intoscana.it\/wp-content\/uploads\/Screenshot-2024-11-18-alle-12.17.10.jpeg","width":782,"height":538},{"@type":"BreadcrumbList","@id":"https:\/\/www.intoscana.it\/it\/cristiano-godano-in-concerto-a-firenze-per-musica-da-abitare-per-me-e-impensabile-non-poter-salire-su-un-palco\/#breadcrumb","itemListElement":[{"@type":"ListItem","position":1,"name":"Home","item":"https:\/\/www.intoscana.it\/it\/"},{"@type":"ListItem","position":2,"name":"Cristiano Godano in concerto a Firenze per &#8220;Musica da abitare&#8221;: &#8220;Per me \u00e8 impensabile non poter salire su un palco&#8221;"}]},{"@type":"WebSite","@id":"https:\/\/www.intoscana.it\/it\/#website","url":"https:\/\/www.intoscana.it\/it\/","name":"intoscana","description":"","potentialAction":[{"@type":"SearchAction","target":{"@type":"EntryPoint","urlTemplate":"https:\/\/www.intoscana.it\/it\/?s={search_term_string}"},"query-input":{"@type":"PropertyValueSpecification","valueRequired":true,"valueName":"search_term_string"}}],"inLanguage":"it-IT"},{"@type":"Person","@id":"https:\/\/www.intoscana.it\/it\/#\/schema\/person\/d469f35f09739bdf00bf5dd3f0647a82","name":"Costanza Baldini","url":"https:\/\/www.intoscana.it\/it\/author\/costanza-baldini\/"}]}},"_links":{"self":[{"href":"https:\/\/www.intoscana.it\/it\/wp-json\/wp\/v2\/posts\/364550","targetHints":{"allow":["GET"]}}],"collection":[{"href":"https:\/\/www.intoscana.it\/it\/wp-json\/wp\/v2\/posts"}],"about":[{"href":"https:\/\/www.intoscana.it\/it\/wp-json\/wp\/v2\/types\/post"}],"author":[{"embeddable":true,"href":"https:\/\/www.intoscana.it\/it\/wp-json\/wp\/v2\/users\/518"}],"replies":[{"embeddable":true,"href":"https:\/\/www.intoscana.it\/it\/wp-json\/wp\/v2\/comments?post=364550"}],"version-history":[{"count":19,"href":"https:\/\/www.intoscana.it\/it\/wp-json\/wp\/v2\/posts\/364550\/revisions"}],"predecessor-version":[{"id":364737,"href":"https:\/\/www.intoscana.it\/it\/wp-json\/wp\/v2\/posts\/364550\/revisions\/364737"}],"wp:featuredmedia":[{"embeddable":true,"href":"https:\/\/www.intoscana.it\/it\/wp-json\/wp\/v2\/media\/364551"}],"wp:attachment":[{"href":"https:\/\/www.intoscana.it\/it\/wp-json\/wp\/v2\/media?parent=364550"}],"wp:term":[{"taxonomy":"category","embeddable":true,"href":"https:\/\/www.intoscana.it\/it\/wp-json\/wp\/v2\/categories?post=364550"},{"taxonomy":"post_tag","embeddable":true,"href":"https:\/\/www.intoscana.it\/it\/wp-json\/wp\/v2\/tags?post=364550"}],"curies":[{"name":"wp","href":"https:\/\/api.w.org\/{rel}","templated":true}]}}