{"id":364627,"date":"2024-11-19T09:15:22","date_gmt":"2024-11-19T08:15:22","guid":{"rendered":"https:\/\/www.intoscana.it\/it\/?p=364627"},"modified":"2024-11-19T09:17:08","modified_gmt":"2024-11-19T08:17:08","slug":"i-non-voglio-che-clara-festeggiano-al-glue-di-firenze-15-anni-dal-disco-dei-cani","status":"publish","type":"post","link":"https:\/\/www.intoscana.it\/it\/i-non-voglio-che-clara-festeggiano-al-glue-di-firenze-15-anni-dal-disco-dei-cani\/","title":{"rendered":"I Non voglio che Clara festeggiano al Glue di Firenze 15 anni dal disco &#8220;Dei Cani&#8221;"},"content":{"rendered":"<p><strong>Sabato 23 novembre<\/strong> saranno in concerto al <strong>Glue Alternative Concept Space di Firenze<\/strong> i <strong>Non voglio che Clara.<\/strong><\/p>\n<p><strong>La band bellunese,<\/strong> nota per il suo <strong>stile raffinato e le atmosfere malinconiche<\/strong>, porta in scena i brani pi\u00f9 amati dal disco <em><strong>&#8220;Dei Cani&#8221;<\/strong><\/em> di cui si celebrano i <strong>15 anni,<\/strong> oltre a le nuove tracce dall\u2019ultimo album <strong><em>MacKaye,<\/em><\/strong> acclamato dalla critica per la profondit\u00e0 dei testi e la ricercatezza musicale.<\/p>\n<p>Una una serata<strong> tra indie, pop e cantautorato<\/strong>, per un concerto che promette di emozionare.<\/p>\n<h3>Ecco la nostra intervista al cantante Fabio De Min<\/h3>\n<p><strong>Ciao Fabio quest&#8217;anno sono 15 anni dal disco &#8220;Dei Cani&#8221; uscito nel 2010, cosa ti ricordi del periodo in cui avete realizzato questo album?<\/strong><\/p>\n<p>In realt\u00e0 \u00e8 stato un periodo abbastanza caotico perch\u00e9 <strong>durante la realizzazione di quel disco abbiamo cambiato completamente la formazione<\/strong>. Quindi<strong> non fu divertente<\/strong> registrare quel disco. Per\u00f2 diciamo che uno dei motivi per cui siamo particolarmente legati a quel disco \u00e8 il fatto che <strong>festeggiamo non solo i 15 anni del disco, ma i 15 anni della band<\/strong>. Con la formazione che nacque con quel gruppo stiamo andando avanti ancora oggi.<\/p>\n<p><strong>Quindici anni per una band sono tantissimi, qual \u00e8 il segreto per durare cos\u00ec a lungo, avete trovato una vostra armonia?<\/strong><\/p>\n<p>Viviamo in citt\u00e0 diverse, lavoriamo spesso a distanza, ci troviamo soltanto quando dobbiamo registrare o fare sessioni di prove in studio. Quindi credo che, <strong>come vale poi per le coppie, il fatto di stare distanti a volte aiuta.<\/strong> Poi dall&#8217;inizio la scrittura \u00e8 diventata molto pi\u00f9 corale, si lavora tutti insieme. \u00c8 una bella sorpresa comunque, ogni volta che ci troviamo a suonare e vediamo che ci stiamo divertendo, perch\u00e9 come dici te 15 anni con la stessa formazione <strong>non \u00e8 cos\u00ec scontato che i rapporti poi possano proseguire,<\/strong> in realt\u00e0 si sono cementificati.<\/p>\n<p><iframe loading=\"lazy\" title=\"YouTube video player\" src=\"https:\/\/www.youtube.com\/embed\/Ap-JY-_sB6w?si=S8Lm0ncnPRZDD-zc\" width=\"800\" height=\"450\" frameborder=\"0\" allowfullscreen=\"allowfullscreen\"><\/iframe><\/p>\n<p><strong>&#8220;Dei Cani&#8221; \u00e8 un disco iconico nella musica italiana, ci sono canzoni come &#8220;La mareggiata del &#8217;66&#8221; che sono dei classici. Sentite il peso del vostro ruolo oppure vi sentite liberi di fare quello che volete?<br \/>\n<\/strong><br \/>\nCi sentiamo assolutamente liberi anche perch\u00e9 l&#8217;attenzione verso quel tipo di cose sia abbastanza bassa, questo fa s\u00ec che tu non abbia proprio gli occhi puntati addosso. <strong>Facciamo musica perch\u00e9 ci divertiamo a farla, ci fa star bene farla e ci piace farla,<\/strong> senza pensare ai risvolti o ipotetiche scene o ad appartenere a qualcosa. Credo che quanto meno entro i primi tre lavori ci fosse un certo interesse che abbiamo anche contribuito a creare, fare un certo tipo di musica che riprendeva qualcosa del passato. Secondo me non siamo mai stati un gruppo cantautorale, siamo stati pi\u00f9 una band, nel concetto pi\u00f9 anglosassone del termine.<strong> Credo che a partire dal disco successivo l&#8217;attenzione si sia focalizzata in Italia proprio sui cantautori e meno sulle band.<\/strong> Ricordo che<strong><em> &#8220;L&#8217;amore finch\u00e8 dura&#8221;<\/em><\/strong> usc\u00ec in un periodo in cui c&#8217;era la riscoperta dei cantautori come Brunori, Colapesce, e lo spazio per le band iniziava a essere pi\u00f9 ristretto.<p><span class=\"citazione\">Facciamo musica perch\u00e9 ci divertiamo a farla, ci fa star bene farla e ci piace farla<\/span><\/p><\/p>\n<p><strong>Il vostro ultimo disco &#8220;MacKaye&#8221; \u00e8 del 2023, state lavorando a qualcosa di nuovo?<\/strong><\/p>\n<p>S\u00ec, <strong>ci piacerebbe uscire nel 2025 con un disco nuovo,<\/strong> al momento non sembrano esserci ostacoli. Noi siamo abbastanza lenti nel produrre le cose, ultimamente ci siamo dati parecchio da fare tra dischi, ristampe, inediti e cose di questo tipo. Speriamo a riuscire a mantenere il trend proprio perch\u00e9 \u00e8 un periodo che ci stiamo divertendo molto.<\/p>\n<p><strong>Sul palco del Glue a Firenze che scaletta proporrete?<\/strong><\/p>\n<p>L&#8217;idea \u00e8 di riproporre <strong><em>&#8220;Dei Cani&#8221;<\/em> <\/strong>nella sua interezza e poi lasciare spazio ad altre cose, probabilmente &#8220;<strong><em>MacKaye&#8221;.<\/em><\/strong><\/p>\n<p><strong>Si fa musica per tanti motivi che possono cambiare nel corso della vita. Negli ultimi 20 anni com&#8217;\u00e8 cambiato il tuo modo di fare musica o di vedere la musica?<\/strong><\/p>\n<p>Non ti nascondo che<strong> il processo compositivo diventa pi\u00f9 faticoso con l&#8217;andare degli anni.<\/strong> Una cosa a cui un autore tiene \u00e8 quella di non ripetersi, per cui diciamo che i paletti diventano sempre pi\u00f9 stretti o l&#8217;asticella sempre un po&#8217; pi\u00f9 alta. Sicuramente\u00a0cambia la visione, alcune cose adesso non le scriverei pi\u00f9.<strong> Ci sono dei pezzi su &#8220;Dei Cani&#8221; che non suonavamo da molto tempo<\/strong>, quando li riprendi in mano ti rendi conto che \u00e8 una cosa che hai scritto 15 anni fa e che adesso non scriverei pi\u00f9. Per\u00f2 l&#8217;associo a quel periodo e a quei momenti, \u00e8 quasi come se stessi facendo le cover dei tuoi brani. <strong>Sicuramente si matura e si cambia come persone quindi per forza vuoi esprimere cose diverse.<\/strong><\/p>\n<figure id=\"post-364506 media-364506\" class=\"align-none\"><img decoding=\"async\" src=\"https:\/\/www.intoscana.it\/wp-content\/uploads\/NVCC-Dei-Cani-ReTour.jpg\" alt=\"\" \/><\/figure>\n<div class=\"titleimg\">Non voglio che Clara<\/div>\n","protected":false},"excerpt":{"rendered":"<p>Sabato 23 novembre si celebra a Firenze un anniversario speciale, sono passati 15 anni da uno dei dischi &#8216;iconici&#8217; del panorama indipendente italiano: &#8220;Dei Cani&#8221; dei Non voglio che Clara<\/p>\n","protected":false},"author":518,"featured_media":364505,"comment_status":"open","ping_status":"open","sticky":false,"template":"","format":"standard","meta":{"_acf_changed":false,"footnotes":""},"categories":[14],"tags":[216,202,3138],"class_list":["post-364627","post","type-post","status-publish","format-standard","has-post-thumbnail","hentry","category-musica","tag-concerti","tag-firenze","tag-interviste-agli-artisti"],"acf":[],"yoast_head":"<!-- This site is optimized with the Yoast SEO Premium plugin v24.2 (Yoast SEO v25.6) - https:\/\/yoast.com\/wordpress\/plugins\/seo\/ -->\n<title>I Non voglio che Clara festeggiano al Glue di Firenze 15 anni dal disco &quot;Dei Cani&quot; - intoscana<\/title>\n<meta name=\"description\" content=\"Sabato 23 dicembre si celebra a Firenze un anniversario speciale, i 15 anni del disco &quot;Dei Cani&quot; dei Non voglio che Clara\u00a0\" \/>\n<meta name=\"robots\" content=\"index, follow, max-snippet:-1, max-image-preview:large, max-video-preview:-1\" \/>\n<link rel=\"canonical\" href=\"https:\/\/www.intoscana.it\/it\/i-non-voglio-che-clara-festeggiano-al-glue-di-firenze-15-anni-dal-disco-dei-cani\/\" \/>\n<meta property=\"og:locale\" content=\"it_IT\" \/>\n<meta property=\"og:type\" content=\"article\" \/>\n<meta property=\"og:title\" content=\"I Non voglio che Clara festeggiano al Glue di Firenze 15 anni dal disco &quot;Dei Cani&quot;\" \/>\n<meta property=\"og:description\" content=\"Sabato 23 dicembre si celebra a Firenze un anniversario speciale, i 15 anni del disco &quot;Dei Cani&quot; dei Non voglio che Clara\u00a0\" \/>\n<meta property=\"og:url\" content=\"https:\/\/www.intoscana.it\/it\/i-non-voglio-che-clara-festeggiano-al-glue-di-firenze-15-anni-dal-disco-dei-cani\/\" \/>\n<meta property=\"og:site_name\" content=\"intoscana\" \/>\n<meta property=\"article:publisher\" content=\"https:\/\/www.facebook.com\/intoscana.it\" \/>\n<meta property=\"article:published_time\" content=\"2024-11-19T08:15:22+00:00\" \/>\n<meta property=\"article:modified_time\" content=\"2024-11-19T08:17:08+00:00\" \/>\n<meta property=\"og:image\" content=\"https:\/\/www.intoscana.it\/wp-content\/uploads\/NVCC-2-scaled.jpeg\" \/>\n\t<meta property=\"og:image:width\" content=\"2048\" \/>\n\t<meta property=\"og:image:height\" content=\"1344\" \/>\n\t<meta property=\"og:image:type\" content=\"image\/jpeg\" \/>\n<meta name=\"author\" content=\"Costanza Baldini\" \/>\n<meta name=\"twitter:card\" content=\"summary_large_image\" \/>\n<meta name=\"twitter:creator\" content=\"@intoscana\" \/>\n<meta name=\"twitter:site\" content=\"@intoscana\" \/>\n<meta name=\"twitter:label1\" content=\"Written by\" \/>\n\t<meta name=\"twitter:data1\" content=\"Costanza Baldini\" \/>\n\t<meta name=\"twitter:label2\" content=\"Est. reading time\" \/>\n\t<meta name=\"twitter:data2\" content=\"5 minuti\" \/>\n<script type=\"application\/ld+json\" class=\"yoast-schema-graph\">{\"@context\":\"https:\/\/schema.org\",\"@graph\":[{\"@type\":\"WebPage\",\"@id\":\"https:\/\/www.intoscana.it\/it\/i-non-voglio-che-clara-festeggiano-al-glue-di-firenze-15-anni-dal-disco-dei-cani\/\",\"url\":\"https:\/\/www.intoscana.it\/it\/i-non-voglio-che-clara-festeggiano-al-glue-di-firenze-15-anni-dal-disco-dei-cani\/\",\"name\":\"I Non voglio che Clara festeggiano al Glue di Firenze 15 anni dal disco \\\"Dei Cani\\\" - intoscana\",\"isPartOf\":{\"@id\":\"https:\/\/www.intoscana.it\/it\/#website\"},\"primaryImageOfPage\":{\"@id\":\"https:\/\/www.intoscana.it\/it\/i-non-voglio-che-clara-festeggiano-al-glue-di-firenze-15-anni-dal-disco-dei-cani\/#primaryimage\"},\"image\":{\"@id\":\"https:\/\/www.intoscana.it\/it\/i-non-voglio-che-clara-festeggiano-al-glue-di-firenze-15-anni-dal-disco-dei-cani\/#primaryimage\"},\"thumbnailUrl\":\"https:\/\/www.intoscana.it\/wp-content\/uploads\/NVCC-2-scaled.jpeg\",\"datePublished\":\"2024-11-19T08:15:22+00:00\",\"dateModified\":\"2024-11-19T08:17:08+00:00\",\"author\":{\"@id\":\"https:\/\/www.intoscana.it\/it\/#\/schema\/person\/d469f35f09739bdf00bf5dd3f0647a82\"},\"description\":\"Sabato 23 dicembre si celebra a Firenze un anniversario speciale, i 15 anni del disco \\\"Dei Cani\\\" dei Non voglio che Clara\u00a0\",\"breadcrumb\":{\"@id\":\"https:\/\/www.intoscana.it\/it\/i-non-voglio-che-clara-festeggiano-al-glue-di-firenze-15-anni-dal-disco-dei-cani\/#breadcrumb\"},\"inLanguage\":\"it-IT\",\"potentialAction\":[{\"@type\":\"ReadAction\",\"target\":[\"https:\/\/www.intoscana.it\/it\/i-non-voglio-che-clara-festeggiano-al-glue-di-firenze-15-anni-dal-disco-dei-cani\/\"]}]},{\"@type\":\"ImageObject\",\"inLanguage\":\"it-IT\",\"@id\":\"https:\/\/www.intoscana.it\/it\/i-non-voglio-che-clara-festeggiano-al-glue-di-firenze-15-anni-dal-disco-dei-cani\/#primaryimage\",\"url\":\"https:\/\/www.intoscana.it\/wp-content\/uploads\/NVCC-2-scaled.jpeg\",\"contentUrl\":\"https:\/\/www.intoscana.it\/wp-content\/uploads\/NVCC-2-scaled.jpeg\",\"width\":2048,\"height\":1344},{\"@type\":\"BreadcrumbList\",\"@id\":\"https:\/\/www.intoscana.it\/it\/i-non-voglio-che-clara-festeggiano-al-glue-di-firenze-15-anni-dal-disco-dei-cani\/#breadcrumb\",\"itemListElement\":[{\"@type\":\"ListItem\",\"position\":1,\"name\":\"Home\",\"item\":\"https:\/\/www.intoscana.it\/it\/\"},{\"@type\":\"ListItem\",\"position\":2,\"name\":\"I Non voglio che Clara festeggiano al Glue di Firenze 15 anni dal disco &#8220;Dei Cani&#8221;\"}]},{\"@type\":\"WebSite\",\"@id\":\"https:\/\/www.intoscana.it\/it\/#website\",\"url\":\"https:\/\/www.intoscana.it\/it\/\",\"name\":\"intoscana\",\"description\":\"\",\"potentialAction\":[{\"@type\":\"SearchAction\",\"target\":{\"@type\":\"EntryPoint\",\"urlTemplate\":\"https:\/\/www.intoscana.it\/it\/?s={search_term_string}\"},\"query-input\":{\"@type\":\"PropertyValueSpecification\",\"valueRequired\":true,\"valueName\":\"search_term_string\"}}],\"inLanguage\":\"it-IT\"},{\"@type\":\"Person\",\"@id\":\"https:\/\/www.intoscana.it\/it\/#\/schema\/person\/d469f35f09739bdf00bf5dd3f0647a82\",\"name\":\"Costanza Baldini\",\"url\":\"https:\/\/www.intoscana.it\/it\/author\/costanza-baldini\/\"}]}<\/script>\n<!-- \/ Yoast SEO Premium plugin. -->","yoast_head_json":{"title":"I Non voglio che Clara festeggiano al Glue di Firenze 15 anni dal disco \"Dei Cani\" - intoscana","description":"Sabato 23 dicembre si celebra a Firenze un anniversario speciale, i 15 anni del disco \"Dei Cani\" dei Non voglio che Clara\u00a0","robots":{"index":"index","follow":"follow","max-snippet":"max-snippet:-1","max-image-preview":"max-image-preview:large","max-video-preview":"max-video-preview:-1"},"canonical":"https:\/\/www.intoscana.it\/it\/i-non-voglio-che-clara-festeggiano-al-glue-di-firenze-15-anni-dal-disco-dei-cani\/","og_locale":"it_IT","og_type":"article","og_title":"I Non voglio che Clara festeggiano al Glue di Firenze 15 anni dal disco \"Dei Cani\"","og_description":"Sabato 23 dicembre si celebra a Firenze un anniversario speciale, i 15 anni del disco \"Dei Cani\" dei Non voglio che Clara\u00a0","og_url":"https:\/\/www.intoscana.it\/it\/i-non-voglio-che-clara-festeggiano-al-glue-di-firenze-15-anni-dal-disco-dei-cani\/","og_site_name":"intoscana","article_publisher":"https:\/\/www.facebook.com\/intoscana.it","article_published_time":"2024-11-19T08:15:22+00:00","article_modified_time":"2024-11-19T08:17:08+00:00","og_image":[{"width":2048,"height":1344,"url":"https:\/\/www.intoscana.it\/wp-content\/uploads\/NVCC-2-scaled.jpeg","type":"image\/jpeg"}],"author":"Costanza Baldini","twitter_card":"summary_large_image","twitter_creator":"@intoscana","twitter_site":"@intoscana","twitter_misc":{"Written by":"Costanza Baldini","Est. reading time":"5 minuti"},"schema":{"@context":"https:\/\/schema.org","@graph":[{"@type":"WebPage","@id":"https:\/\/www.intoscana.it\/it\/i-non-voglio-che-clara-festeggiano-al-glue-di-firenze-15-anni-dal-disco-dei-cani\/","url":"https:\/\/www.intoscana.it\/it\/i-non-voglio-che-clara-festeggiano-al-glue-di-firenze-15-anni-dal-disco-dei-cani\/","name":"I Non voglio che Clara festeggiano al Glue di Firenze 15 anni dal disco \"Dei Cani\" - intoscana","isPartOf":{"@id":"https:\/\/www.intoscana.it\/it\/#website"},"primaryImageOfPage":{"@id":"https:\/\/www.intoscana.it\/it\/i-non-voglio-che-clara-festeggiano-al-glue-di-firenze-15-anni-dal-disco-dei-cani\/#primaryimage"},"image":{"@id":"https:\/\/www.intoscana.it\/it\/i-non-voglio-che-clara-festeggiano-al-glue-di-firenze-15-anni-dal-disco-dei-cani\/#primaryimage"},"thumbnailUrl":"https:\/\/www.intoscana.it\/wp-content\/uploads\/NVCC-2-scaled.jpeg","datePublished":"2024-11-19T08:15:22+00:00","dateModified":"2024-11-19T08:17:08+00:00","author":{"@id":"https:\/\/www.intoscana.it\/it\/#\/schema\/person\/d469f35f09739bdf00bf5dd3f0647a82"},"description":"Sabato 23 dicembre si celebra a Firenze un anniversario speciale, i 15 anni del disco \"Dei Cani\" dei Non voglio che Clara\u00a0","breadcrumb":{"@id":"https:\/\/www.intoscana.it\/it\/i-non-voglio-che-clara-festeggiano-al-glue-di-firenze-15-anni-dal-disco-dei-cani\/#breadcrumb"},"inLanguage":"it-IT","potentialAction":[{"@type":"ReadAction","target":["https:\/\/www.intoscana.it\/it\/i-non-voglio-che-clara-festeggiano-al-glue-di-firenze-15-anni-dal-disco-dei-cani\/"]}]},{"@type":"ImageObject","inLanguage":"it-IT","@id":"https:\/\/www.intoscana.it\/it\/i-non-voglio-che-clara-festeggiano-al-glue-di-firenze-15-anni-dal-disco-dei-cani\/#primaryimage","url":"https:\/\/www.intoscana.it\/wp-content\/uploads\/NVCC-2-scaled.jpeg","contentUrl":"https:\/\/www.intoscana.it\/wp-content\/uploads\/NVCC-2-scaled.jpeg","width":2048,"height":1344},{"@type":"BreadcrumbList","@id":"https:\/\/www.intoscana.it\/it\/i-non-voglio-che-clara-festeggiano-al-glue-di-firenze-15-anni-dal-disco-dei-cani\/#breadcrumb","itemListElement":[{"@type":"ListItem","position":1,"name":"Home","item":"https:\/\/www.intoscana.it\/it\/"},{"@type":"ListItem","position":2,"name":"I Non voglio che Clara festeggiano al Glue di Firenze 15 anni dal disco &#8220;Dei Cani&#8221;"}]},{"@type":"WebSite","@id":"https:\/\/www.intoscana.it\/it\/#website","url":"https:\/\/www.intoscana.it\/it\/","name":"intoscana","description":"","potentialAction":[{"@type":"SearchAction","target":{"@type":"EntryPoint","urlTemplate":"https:\/\/www.intoscana.it\/it\/?s={search_term_string}"},"query-input":{"@type":"PropertyValueSpecification","valueRequired":true,"valueName":"search_term_string"}}],"inLanguage":"it-IT"},{"@type":"Person","@id":"https:\/\/www.intoscana.it\/it\/#\/schema\/person\/d469f35f09739bdf00bf5dd3f0647a82","name":"Costanza Baldini","url":"https:\/\/www.intoscana.it\/it\/author\/costanza-baldini\/"}]}},"_links":{"self":[{"href":"https:\/\/www.intoscana.it\/it\/wp-json\/wp\/v2\/posts\/364627","targetHints":{"allow":["GET"]}}],"collection":[{"href":"https:\/\/www.intoscana.it\/it\/wp-json\/wp\/v2\/posts"}],"about":[{"href":"https:\/\/www.intoscana.it\/it\/wp-json\/wp\/v2\/types\/post"}],"author":[{"embeddable":true,"href":"https:\/\/www.intoscana.it\/it\/wp-json\/wp\/v2\/users\/518"}],"replies":[{"embeddable":true,"href":"https:\/\/www.intoscana.it\/it\/wp-json\/wp\/v2\/comments?post=364627"}],"version-history":[{"count":9,"href":"https:\/\/www.intoscana.it\/it\/wp-json\/wp\/v2\/posts\/364627\/revisions"}],"predecessor-version":[{"id":364640,"href":"https:\/\/www.intoscana.it\/it\/wp-json\/wp\/v2\/posts\/364627\/revisions\/364640"}],"wp:featuredmedia":[{"embeddable":true,"href":"https:\/\/www.intoscana.it\/it\/wp-json\/wp\/v2\/media\/364505"}],"wp:attachment":[{"href":"https:\/\/www.intoscana.it\/it\/wp-json\/wp\/v2\/media?parent=364627"}],"wp:term":[{"taxonomy":"category","embeddable":true,"href":"https:\/\/www.intoscana.it\/it\/wp-json\/wp\/v2\/categories?post=364627"},{"taxonomy":"post_tag","embeddable":true,"href":"https:\/\/www.intoscana.it\/it\/wp-json\/wp\/v2\/tags?post=364627"}],"curies":[{"name":"wp","href":"https:\/\/api.w.org\/{rel}","templated":true}]}}