{"id":364641,"date":"2024-11-19T11:15:36","date_gmt":"2024-11-19T10:15:36","guid":{"rendered":"https:\/\/www.intoscana.it\/it\/?p=364641"},"modified":"2024-11-19T11:15:36","modified_gmt":"2024-11-19T10:15:36","slug":"acli-toscana-per-la-prima-volta-presidente-e-vice-sono-donne","status":"publish","type":"post","link":"https:\/\/www.intoscana.it\/it\/acli-toscana-per-la-prima-volta-presidente-e-vice-sono-donne\/","title":{"rendered":"Acli Toscana, per la prima volta presidente e vice sono donne"},"content":{"rendered":"<p>\u00c8 la prima volta nella sua storia: <mark>la leadership di Acli Toscana \u00e8 tutta al femminile.<\/mark> La nuova presidente \u00e8 <strong>Elena Pampana<\/strong>, 44 anni, laureata in Giurisprudenza, e la vicepresidente regionale \u00e8<strong> Manuela Pisaniell<\/strong>o.<\/p>\n<p>In <strong>Toscana<\/strong>, la realt\u00e0 conta 21mila iscritti e 150 circoli. Le nuove cariche sono state conferite nel corso della prima seduta del Consiglio Regionale.<\/p>\n<p>\u201cSar\u00f2 la presidente di tutti collaborando con una squadra unita \u2013 la detto la presidente Pampana &#8211; Metteremo il nostro impegno al servizio dell\u2019associazione e della comunit\u00e0 toscana. <mark>Nelle nostre organizzazioni \u00e8 in atto un cambiamento come testimonia questa leadership tutta al femminile: grazie al contributo delle donne promuoveremo solidariet\u00e0, giustizia sociale e partecipazione\u201d.<\/mark><\/p>\n<p><strong>Elena Pampana<\/strong> dal 2008 al 2016 \u00e8 stata nella presidenza provinciale delle Acli di Pisa come responsabile sviluppo associativo, inoltre dal 2012 al 2016 \u00e8 stata vicepresidente provinciale con delega allo sviluppo associativo. Dal 2016 al 2024 \u00e8 entrata nella presidenza regionale come responsabile sviluppo associativo.<\/p>\n<p>Ecco la composizione del gruppo di lavoro per il quadriennio 2024-2028: oltre alla presidente e la sua vice, ne fanno parte <mark>Debora Baldi, Stefano Gelsumini, Marta Guerrini, Leonardo Cappellini, Elena Lo Giacco, Lorenzo Bravetti, Riccardo Sestini, Mariachiara Cantini, Luigi Fanciulli, Grazia Ambrosino, Emilio Monciatti.<\/mark><\/p>\n","protected":false},"excerpt":{"rendered":"<p>Elena Pampana: &#8220;Nelle nostre organizzazioni \u00e8 in atto un cambiamento come testimonia questa leadership tutta al femminile: promuoveremo solidariet\u00e0, giustizia sociale e partecipazione&#8221;<\/p>\n","protected":false},"author":525,"featured_media":364664,"comment_status":"open","ping_status":"open","sticky":false,"template":"","format":"standard","meta":{"_acf_changed":false,"footnotes":""},"categories":[494],"tags":[411],"class_list":["post-364641","post","type-post","status-publish","format-standard","has-post-thumbnail","hentry","category-attualita","tag-donne"],"acf":[],"yoast_head":"<!-- This site is optimized with the Yoast SEO Premium plugin v24.2 (Yoast SEO v25.6) - https:\/\/yoast.com\/wordpress\/plugins\/seo\/ -->\n<title>Acli Toscana, per la prima volta presidente e vice sono donne - intoscana<\/title>\n<meta name=\"description\" content=\"Elena Pampana: &quot;Nelle nostre organizzazioni \u00e8 in atto un cambiamento come testimonia questa leadership tutta al femminile: promuoveremo solidariet\u00e0, giustizia sociale e partecipazione&quot;\" \/>\n<meta name=\"robots\" content=\"index, follow, max-snippet:-1, max-image-preview:large, max-video-preview:-1\" \/>\n<link rel=\"canonical\" href=\"https:\/\/www.intoscana.it\/it\/acli-toscana-per-la-prima-volta-presidente-e-vice-sono-donne\/\" \/>\n<meta property=\"og:locale\" content=\"it_IT\" \/>\n<meta property=\"og:type\" content=\"article\" \/>\n<meta property=\"og:title\" content=\"Acli Toscana, per la prima volta presidente e vice sono donne\" \/>\n<meta property=\"og:description\" content=\"Elena Pampana: &quot;Nelle nostre organizzazioni \u00e8 in atto un cambiamento come testimonia questa leadership tutta al femminile: promuoveremo solidariet\u00e0, giustizia sociale e partecipazione&quot;\" \/>\n<meta property=\"og:url\" content=\"https:\/\/www.intoscana.it\/it\/acli-toscana-per-la-prima-volta-presidente-e-vice-sono-donne\/\" \/>\n<meta property=\"og:site_name\" content=\"intoscana\" \/>\n<meta property=\"article:publisher\" content=\"https:\/\/www.facebook.com\/intoscana.it\" \/>\n<meta property=\"article:published_time\" content=\"2024-11-19T10:15:36+00:00\" \/>\n<meta property=\"og:image\" content=\"https:\/\/www.intoscana.it\/wp-content\/uploads\/Pampana.jpeg\" \/>\n\t<meta property=\"og:image:width\" content=\"1600\" \/>\n\t<meta property=\"og:image:height\" content=\"900\" \/>\n\t<meta property=\"og:image:type\" content=\"image\/jpeg\" \/>\n<meta name=\"author\" content=\"Redazione\" \/>\n<meta name=\"twitter:card\" content=\"summary_large_image\" \/>\n<meta name=\"twitter:creator\" content=\"@intoscana\" \/>\n<meta name=\"twitter:site\" content=\"@intoscana\" \/>\n<meta name=\"twitter:label1\" content=\"Written by\" \/>\n\t<meta name=\"twitter:data1\" content=\"Redazione\" \/>\n\t<meta name=\"twitter:label2\" content=\"Est. reading time\" \/>\n\t<meta name=\"twitter:data2\" content=\"2 minuti\" \/>\n<script type=\"application\/ld+json\" class=\"yoast-schema-graph\">{\"@context\":\"https:\/\/schema.org\",\"@graph\":[{\"@type\":\"WebPage\",\"@id\":\"https:\/\/www.intoscana.it\/it\/acli-toscana-per-la-prima-volta-presidente-e-vice-sono-donne\/\",\"url\":\"https:\/\/www.intoscana.it\/it\/acli-toscana-per-la-prima-volta-presidente-e-vice-sono-donne\/\",\"name\":\"Acli Toscana, per la prima volta presidente e vice sono donne - intoscana\",\"isPartOf\":{\"@id\":\"https:\/\/www.intoscana.it\/it\/#website\"},\"primaryImageOfPage\":{\"@id\":\"https:\/\/www.intoscana.it\/it\/acli-toscana-per-la-prima-volta-presidente-e-vice-sono-donne\/#primaryimage\"},\"image\":{\"@id\":\"https:\/\/www.intoscana.it\/it\/acli-toscana-per-la-prima-volta-presidente-e-vice-sono-donne\/#primaryimage\"},\"thumbnailUrl\":\"https:\/\/www.intoscana.it\/wp-content\/uploads\/Pampana.jpeg\",\"datePublished\":\"2024-11-19T10:15:36+00:00\",\"author\":{\"@id\":\"https:\/\/www.intoscana.it\/it\/#\/schema\/person\/9223810753230f20bd670fdd322661f8\"},\"description\":\"Elena Pampana: \\\"Nelle nostre organizzazioni \u00e8 in atto un cambiamento come testimonia questa leadership tutta al femminile: promuoveremo solidariet\u00e0, giustizia sociale e partecipazione\\\"\",\"breadcrumb\":{\"@id\":\"https:\/\/www.intoscana.it\/it\/acli-toscana-per-la-prima-volta-presidente-e-vice-sono-donne\/#breadcrumb\"},\"inLanguage\":\"it-IT\",\"potentialAction\":[{\"@type\":\"ReadAction\",\"target\":[\"https:\/\/www.intoscana.it\/it\/acli-toscana-per-la-prima-volta-presidente-e-vice-sono-donne\/\"]}]},{\"@type\":\"ImageObject\",\"inLanguage\":\"it-IT\",\"@id\":\"https:\/\/www.intoscana.it\/it\/acli-toscana-per-la-prima-volta-presidente-e-vice-sono-donne\/#primaryimage\",\"url\":\"https:\/\/www.intoscana.it\/wp-content\/uploads\/Pampana.jpeg\",\"contentUrl\":\"https:\/\/www.intoscana.it\/wp-content\/uploads\/Pampana.jpeg\",\"width\":1600,\"height\":900},{\"@type\":\"BreadcrumbList\",\"@id\":\"https:\/\/www.intoscana.it\/it\/acli-toscana-per-la-prima-volta-presidente-e-vice-sono-donne\/#breadcrumb\",\"itemListElement\":[{\"@type\":\"ListItem\",\"position\":1,\"name\":\"Home\",\"item\":\"https:\/\/www.intoscana.it\/it\/\"},{\"@type\":\"ListItem\",\"position\":2,\"name\":\"Acli Toscana, per la prima volta presidente e vice sono donne\"}]},{\"@type\":\"WebSite\",\"@id\":\"https:\/\/www.intoscana.it\/it\/#website\",\"url\":\"https:\/\/www.intoscana.it\/it\/\",\"name\":\"intoscana\",\"description\":\"\",\"potentialAction\":[{\"@type\":\"SearchAction\",\"target\":{\"@type\":\"EntryPoint\",\"urlTemplate\":\"https:\/\/www.intoscana.it\/it\/?s={search_term_string}\"},\"query-input\":{\"@type\":\"PropertyValueSpecification\",\"valueRequired\":true,\"valueName\":\"search_term_string\"}}],\"inLanguage\":\"it-IT\"},{\"@type\":\"Person\",\"@id\":\"https:\/\/www.intoscana.it\/it\/#\/schema\/person\/9223810753230f20bd670fdd322661f8\",\"name\":\"Redazione\",\"url\":\"https:\/\/www.intoscana.it\/it\/author\/redazione\/\"}]}<\/script>\n<!-- \/ Yoast SEO Premium plugin. -->","yoast_head_json":{"title":"Acli Toscana, per la prima volta presidente e vice sono donne - intoscana","description":"Elena Pampana: \"Nelle nostre organizzazioni \u00e8 in atto un cambiamento come testimonia questa leadership tutta al femminile: promuoveremo solidariet\u00e0, giustizia sociale e partecipazione\"","robots":{"index":"index","follow":"follow","max-snippet":"max-snippet:-1","max-image-preview":"max-image-preview:large","max-video-preview":"max-video-preview:-1"},"canonical":"https:\/\/www.intoscana.it\/it\/acli-toscana-per-la-prima-volta-presidente-e-vice-sono-donne\/","og_locale":"it_IT","og_type":"article","og_title":"Acli Toscana, per la prima volta presidente e vice sono donne","og_description":"Elena Pampana: \"Nelle nostre organizzazioni \u00e8 in atto un cambiamento come testimonia questa leadership tutta al femminile: promuoveremo solidariet\u00e0, giustizia sociale e partecipazione\"","og_url":"https:\/\/www.intoscana.it\/it\/acli-toscana-per-la-prima-volta-presidente-e-vice-sono-donne\/","og_site_name":"intoscana","article_publisher":"https:\/\/www.facebook.com\/intoscana.it","article_published_time":"2024-11-19T10:15:36+00:00","og_image":[{"width":1600,"height":900,"url":"https:\/\/www.intoscana.it\/wp-content\/uploads\/Pampana.jpeg","type":"image\/jpeg"}],"author":"Redazione","twitter_card":"summary_large_image","twitter_creator":"@intoscana","twitter_site":"@intoscana","twitter_misc":{"Written by":"Redazione","Est. reading time":"2 minuti"},"schema":{"@context":"https:\/\/schema.org","@graph":[{"@type":"WebPage","@id":"https:\/\/www.intoscana.it\/it\/acli-toscana-per-la-prima-volta-presidente-e-vice-sono-donne\/","url":"https:\/\/www.intoscana.it\/it\/acli-toscana-per-la-prima-volta-presidente-e-vice-sono-donne\/","name":"Acli Toscana, per la prima volta presidente e vice sono donne - intoscana","isPartOf":{"@id":"https:\/\/www.intoscana.it\/it\/#website"},"primaryImageOfPage":{"@id":"https:\/\/www.intoscana.it\/it\/acli-toscana-per-la-prima-volta-presidente-e-vice-sono-donne\/#primaryimage"},"image":{"@id":"https:\/\/www.intoscana.it\/it\/acli-toscana-per-la-prima-volta-presidente-e-vice-sono-donne\/#primaryimage"},"thumbnailUrl":"https:\/\/www.intoscana.it\/wp-content\/uploads\/Pampana.jpeg","datePublished":"2024-11-19T10:15:36+00:00","author":{"@id":"https:\/\/www.intoscana.it\/it\/#\/schema\/person\/9223810753230f20bd670fdd322661f8"},"description":"Elena Pampana: \"Nelle nostre organizzazioni \u00e8 in atto un cambiamento come testimonia questa leadership tutta al femminile: promuoveremo solidariet\u00e0, giustizia sociale e partecipazione\"","breadcrumb":{"@id":"https:\/\/www.intoscana.it\/it\/acli-toscana-per-la-prima-volta-presidente-e-vice-sono-donne\/#breadcrumb"},"inLanguage":"it-IT","potentialAction":[{"@type":"ReadAction","target":["https:\/\/www.intoscana.it\/it\/acli-toscana-per-la-prima-volta-presidente-e-vice-sono-donne\/"]}]},{"@type":"ImageObject","inLanguage":"it-IT","@id":"https:\/\/www.intoscana.it\/it\/acli-toscana-per-la-prima-volta-presidente-e-vice-sono-donne\/#primaryimage","url":"https:\/\/www.intoscana.it\/wp-content\/uploads\/Pampana.jpeg","contentUrl":"https:\/\/www.intoscana.it\/wp-content\/uploads\/Pampana.jpeg","width":1600,"height":900},{"@type":"BreadcrumbList","@id":"https:\/\/www.intoscana.it\/it\/acli-toscana-per-la-prima-volta-presidente-e-vice-sono-donne\/#breadcrumb","itemListElement":[{"@type":"ListItem","position":1,"name":"Home","item":"https:\/\/www.intoscana.it\/it\/"},{"@type":"ListItem","position":2,"name":"Acli Toscana, per la prima volta presidente e vice sono donne"}]},{"@type":"WebSite","@id":"https:\/\/www.intoscana.it\/it\/#website","url":"https:\/\/www.intoscana.it\/it\/","name":"intoscana","description":"","potentialAction":[{"@type":"SearchAction","target":{"@type":"EntryPoint","urlTemplate":"https:\/\/www.intoscana.it\/it\/?s={search_term_string}"},"query-input":{"@type":"PropertyValueSpecification","valueRequired":true,"valueName":"search_term_string"}}],"inLanguage":"it-IT"},{"@type":"Person","@id":"https:\/\/www.intoscana.it\/it\/#\/schema\/person\/9223810753230f20bd670fdd322661f8","name":"Redazione","url":"https:\/\/www.intoscana.it\/it\/author\/redazione\/"}]}},"_links":{"self":[{"href":"https:\/\/www.intoscana.it\/it\/wp-json\/wp\/v2\/posts\/364641","targetHints":{"allow":["GET"]}}],"collection":[{"href":"https:\/\/www.intoscana.it\/it\/wp-json\/wp\/v2\/posts"}],"about":[{"href":"https:\/\/www.intoscana.it\/it\/wp-json\/wp\/v2\/types\/post"}],"author":[{"embeddable":true,"href":"https:\/\/www.intoscana.it\/it\/wp-json\/wp\/v2\/users\/525"}],"replies":[{"embeddable":true,"href":"https:\/\/www.intoscana.it\/it\/wp-json\/wp\/v2\/comments?post=364641"}],"version-history":[{"count":6,"href":"https:\/\/www.intoscana.it\/it\/wp-json\/wp\/v2\/posts\/364641\/revisions"}],"predecessor-version":[{"id":364670,"href":"https:\/\/www.intoscana.it\/it\/wp-json\/wp\/v2\/posts\/364641\/revisions\/364670"}],"wp:featuredmedia":[{"embeddable":true,"href":"https:\/\/www.intoscana.it\/it\/wp-json\/wp\/v2\/media\/364664"}],"wp:attachment":[{"href":"https:\/\/www.intoscana.it\/it\/wp-json\/wp\/v2\/media?parent=364641"}],"wp:term":[{"taxonomy":"category","embeddable":true,"href":"https:\/\/www.intoscana.it\/it\/wp-json\/wp\/v2\/categories?post=364641"},{"taxonomy":"post_tag","embeddable":true,"href":"https:\/\/www.intoscana.it\/it\/wp-json\/wp\/v2\/tags?post=364641"}],"curies":[{"name":"wp","href":"https:\/\/api.w.org\/{rel}","templated":true}]}}