{"id":364680,"date":"2024-11-19T16:09:10","date_gmt":"2024-11-19T15:09:10","guid":{"rendered":"https:\/\/www.intoscana.it\/it\/?p=364680"},"modified":"2024-11-19T16:10:44","modified_gmt":"2024-11-19T15:10:44","slug":"natale-dallambra-allarno-nei-comuni-di-signa-carmignano-e-poggio-a-caiano","status":"publish","type":"post","link":"https:\/\/www.intoscana.it\/it\/natale-dallambra-allarno-nei-comuni-di-signa-carmignano-e-poggio-a-caiano\/","title":{"rendered":"&#8220;Dall&#8217;Ambra all&#8217;Arno&#8221;: arriva il Natale nei comuni di Signa, Carmignano e Poggio a Caiano"},"content":{"rendered":"<p><strong>Le luci e i caldi colori del Natale<\/strong> stanno per accendere i <strong>comuni Signa, Carmignano e Poggio a Caiano<\/strong> che quest&#8217;anno propongono un programma condiviso di <strong>iniziative ed eventi<\/strong> destinato a tutte le fasce d&#8217;et\u00e0, che si dipaneranno<strong> dal 20 novembre 2024 al primo febbraio 2025.<\/strong><\/p>\n<p>Il cartellone dal titolo<strong> &#8220;Dall&#8217;Ambra all&#8217;Arno&#8221;<\/strong> \u00e8 stato presentato nel <strong>Media Center Sassoli del Consiglio regionale della Toscana.\u00a0<\/strong><\/p>\n<p><strong>Sar\u00e0 un&#8217;edizione speciale<\/strong> che accompagner\u00e0 idealmente i visitatori lungo tutto l&#8217;arco natalizio e oltre, con <strong>eventi, mercatini e concerti. <\/strong><\/p>\n<p>Tra gli appuntamenti pi\u00f9 importanti si segnala:<strong><em>\u00a0&#8220;Il coraggio di splendere&#8221;<\/em> <\/strong>il convegno in occasione della <strong>Giornata internazionale contro la violenza sulle donne,<\/strong> che si terr\u00e0 a Signa il <strong>25 novembr<\/strong>e; la<strong> passeggiata dei presepi ad Artimino<\/strong> dell&#8217;otto dicembre e sempre nella stessa serata, l&#8217;inaugurazione della<strong> pista da ghiaccio a Poggio a Caiano.<\/strong><\/p>\n<p>Non soltanto eventi tradizionalmente legati al Natale ma anche tanta<strong> cultura, arte, manifestazioni sul cibo e sulle produzioni locali:<\/strong> un calendario che, nelle intenzioni, vuole dar vita alla migliore vetrina dell\u2019attivit\u00e0 e della passione che animano i tre territori.<\/p>\n<p><em>&#8220;Gi\u00e0 da tempo \u2013 <\/em><strong>ha spiegato il sindaco di Signa Giampiero Fossi \u2013<\/strong><em> il Comune di Signa ha firmato un protocollo con il vicino Comune di Carmignano per sostenerci reciprocamente nella diffusione e nella valorizzazione delle iniziative periodiche e per pensare insieme progetti stimolanti e innovativi. Quest\u2019anno, in vista delle festivit\u00e0 natalizie, abbiamo ritenuto profittevole sviluppare insieme, anche con Poggio a Caiano, un programma unitario di iniziative per i tre Comuni, in riva destra dell\u2019Arno, dando vita alla Manifestazione \u201cDa Ambra ad Arno\u201d. Abbiamo cos\u00ec messo a punto un insieme di iniziative che avranno la possibilit\u00e0 di tenere alto il clima natalizio, con eventi culturali e artistici, di qualit\u00e0, finalizzati alla creazione di luoghi di incontro aperti e ospitali&#8221;.<\/em><\/p>\n<p><em>\u201cCon Carmignano quest\u2019anno abbiamo gi\u00e0 collaborato per lo spostamento della \u2018Visitazione\u2019 del Pontormo e intendiamo proseguire su questa strada di collaborazione \u2013 <\/em><strong>ha detto Piero Baroncelli, assessore al Turismo di Poggio a Caiano.<\/strong><em> \u2013 La promozione di un calendario unico di eventi anche col comune di Signa, che in questo caso \u00e8 stato l\u2019ente promotore, \u00e8 un passo nella direzione di ampliare la collaborazione tra Comuni, e lo si fa offrendo un programma che guarda ai ragazzi, alla cultura, allo stare insieme\u201d.<\/em><\/p>\n<p><em>\u201cPer noi aver lavorato su un programma comune per il Natale, che rappresenta l\u2019amicizia, \u00e8 aver stretto un patto di amicizia profonda tra amministrazioni comunali, una della provincia di Firenze e due della provincia di Prato \u2013<\/em><strong> ha commentato Dario di Giacomo, assessore al Turismo di Carmignano.<\/strong><em> \u2013 Credo che questa idea di fare sistema tra comunit\u00e0 diverse vada perseguito per il futuro, per offrire ai cittadini e ai turisti il senso della bellezza, della cultura e dello stare insieme che la Toscana sa esprimere\u201d.<\/em><\/p>\n","protected":false},"excerpt":{"rendered":"<p>Dal 20 novembre 2024 a febbraio 2025 i comuni medicei di Signa, Carmignano e Poggio a Caiano, in riva destra dell\u2019Arno, promuovono un calendario unitario di eventi e manifestazioni per animare il periodo natalizio<\/p>\n","protected":false},"author":525,"featured_media":91314,"comment_status":"open","ping_status":"open","sticky":false,"template":"","format":"standard","meta":{"_acf_changed":false,"footnotes":""},"categories":[6],"tags":[409,1583],"class_list":["post-364680","post","type-post","status-publish","format-standard","has-post-thumbnail","hentry","category-viaggi","tag-natale","tag-natale-in-toscana"],"acf":[],"yoast_head":"<!-- This site is optimized with the Yoast SEO Premium plugin v24.2 (Yoast SEO v25.6) - https:\/\/yoast.com\/wordpress\/plugins\/seo\/ -->\n<title>&quot;Dall&#039;Ambra all&#039;Arno&quot;: arriva il Natale nei comuni di Signa, Carmignano e Poggio a Caiano - intoscana<\/title>\n<meta name=\"description\" content=\"Per il Natale 2024 i comuni medicei di Signa, Carmignano e Poggio a Caiano, in riva destra dell\u2019Arno, promuovono un calendariodi eventi\" \/>\n<meta name=\"robots\" content=\"index, follow, max-snippet:-1, max-image-preview:large, max-video-preview:-1\" \/>\n<link rel=\"canonical\" href=\"https:\/\/www.intoscana.it\/it\/natale-dallambra-allarno-nei-comuni-di-signa-carmignano-e-poggio-a-caiano\/\" \/>\n<meta property=\"og:locale\" content=\"it_IT\" \/>\n<meta property=\"og:type\" content=\"article\" \/>\n<meta property=\"og:title\" content=\"&quot;Dall&#039;Ambra all&#039;Arno&quot;: arriva il Natale nei comuni di Signa, Carmignano e Poggio a Caiano\" \/>\n<meta property=\"og:description\" content=\"Per il Natale 2024 i comuni medicei di Signa, Carmignano e Poggio a Caiano, in riva destra dell\u2019Arno, promuovono un calendariodi eventi\" \/>\n<meta property=\"og:url\" content=\"https:\/\/www.intoscana.it\/it\/natale-dallambra-allarno-nei-comuni-di-signa-carmignano-e-poggio-a-caiano\/\" \/>\n<meta property=\"og:site_name\" content=\"intoscana\" \/>\n<meta property=\"article:publisher\" content=\"https:\/\/www.facebook.com\/intoscana.it\" \/>\n<meta property=\"article:published_time\" content=\"2024-11-19T15:09:10+00:00\" \/>\n<meta property=\"article:modified_time\" content=\"2024-11-19T15:10:44+00:00\" \/>\n<meta property=\"og:image\" content=\"https:\/\/www.intoscana.it\/wp-content\/uploads\/mercatini-natale.jpg\" \/>\n\t<meta property=\"og:image:width\" content=\"2000\" \/>\n\t<meta property=\"og:image:height\" content=\"1500\" \/>\n\t<meta property=\"og:image:type\" content=\"image\/jpeg\" \/>\n<meta name=\"author\" content=\"Redazione\" \/>\n<meta name=\"twitter:card\" content=\"summary_large_image\" \/>\n<meta name=\"twitter:creator\" content=\"@intoscana\" \/>\n<meta name=\"twitter:site\" content=\"@intoscana\" \/>\n<meta name=\"twitter:label1\" content=\"Written by\" \/>\n\t<meta name=\"twitter:data1\" content=\"Redazione\" \/>\n\t<meta name=\"twitter:label2\" content=\"Est. reading time\" \/>\n\t<meta name=\"twitter:data2\" content=\"3 minuti\" \/>\n<script type=\"application\/ld+json\" class=\"yoast-schema-graph\">{\"@context\":\"https:\/\/schema.org\",\"@graph\":[{\"@type\":\"WebPage\",\"@id\":\"https:\/\/www.intoscana.it\/it\/natale-dallambra-allarno-nei-comuni-di-signa-carmignano-e-poggio-a-caiano\/\",\"url\":\"https:\/\/www.intoscana.it\/it\/natale-dallambra-allarno-nei-comuni-di-signa-carmignano-e-poggio-a-caiano\/\",\"name\":\"\\\"Dall'Ambra all'Arno\\\": arriva il Natale nei comuni di Signa, Carmignano e Poggio a Caiano - intoscana\",\"isPartOf\":{\"@id\":\"https:\/\/www.intoscana.it\/it\/#website\"},\"primaryImageOfPage\":{\"@id\":\"https:\/\/www.intoscana.it\/it\/natale-dallambra-allarno-nei-comuni-di-signa-carmignano-e-poggio-a-caiano\/#primaryimage\"},\"image\":{\"@id\":\"https:\/\/www.intoscana.it\/it\/natale-dallambra-allarno-nei-comuni-di-signa-carmignano-e-poggio-a-caiano\/#primaryimage\"},\"thumbnailUrl\":\"https:\/\/www.intoscana.it\/wp-content\/uploads\/mercatini-natale.jpg\",\"datePublished\":\"2024-11-19T15:09:10+00:00\",\"dateModified\":\"2024-11-19T15:10:44+00:00\",\"author\":{\"@id\":\"https:\/\/www.intoscana.it\/it\/#\/schema\/person\/9223810753230f20bd670fdd322661f8\"},\"description\":\"Per il Natale 2024 i comuni medicei di Signa, Carmignano e Poggio a Caiano, in riva destra dell\u2019Arno, promuovono un calendariodi eventi\",\"breadcrumb\":{\"@id\":\"https:\/\/www.intoscana.it\/it\/natale-dallambra-allarno-nei-comuni-di-signa-carmignano-e-poggio-a-caiano\/#breadcrumb\"},\"inLanguage\":\"it-IT\",\"potentialAction\":[{\"@type\":\"ReadAction\",\"target\":[\"https:\/\/www.intoscana.it\/it\/natale-dallambra-allarno-nei-comuni-di-signa-carmignano-e-poggio-a-caiano\/\"]}]},{\"@type\":\"ImageObject\",\"inLanguage\":\"it-IT\",\"@id\":\"https:\/\/www.intoscana.it\/it\/natale-dallambra-allarno-nei-comuni-di-signa-carmignano-e-poggio-a-caiano\/#primaryimage\",\"url\":\"https:\/\/www.intoscana.it\/wp-content\/uploads\/mercatini-natale.jpg\",\"contentUrl\":\"https:\/\/www.intoscana.it\/wp-content\/uploads\/mercatini-natale.jpg\",\"width\":2000,\"height\":1500},{\"@type\":\"BreadcrumbList\",\"@id\":\"https:\/\/www.intoscana.it\/it\/natale-dallambra-allarno-nei-comuni-di-signa-carmignano-e-poggio-a-caiano\/#breadcrumb\",\"itemListElement\":[{\"@type\":\"ListItem\",\"position\":1,\"name\":\"Home\",\"item\":\"https:\/\/www.intoscana.it\/it\/\"},{\"@type\":\"ListItem\",\"position\":2,\"name\":\"&#8220;Dall&#8217;Ambra all&#8217;Arno&#8221;: arriva il Natale nei comuni di Signa, Carmignano e Poggio a Caiano\"}]},{\"@type\":\"WebSite\",\"@id\":\"https:\/\/www.intoscana.it\/it\/#website\",\"url\":\"https:\/\/www.intoscana.it\/it\/\",\"name\":\"intoscana\",\"description\":\"\",\"potentialAction\":[{\"@type\":\"SearchAction\",\"target\":{\"@type\":\"EntryPoint\",\"urlTemplate\":\"https:\/\/www.intoscana.it\/it\/?s={search_term_string}\"},\"query-input\":{\"@type\":\"PropertyValueSpecification\",\"valueRequired\":true,\"valueName\":\"search_term_string\"}}],\"inLanguage\":\"it-IT\"},{\"@type\":\"Person\",\"@id\":\"https:\/\/www.intoscana.it\/it\/#\/schema\/person\/9223810753230f20bd670fdd322661f8\",\"name\":\"Redazione\",\"url\":\"https:\/\/www.intoscana.it\/it\/author\/redazione\/\"}]}<\/script>\n<!-- \/ Yoast SEO Premium plugin. -->","yoast_head_json":{"title":"\"Dall'Ambra all'Arno\": arriva il Natale nei comuni di Signa, Carmignano e Poggio a Caiano - intoscana","description":"Per il Natale 2024 i comuni medicei di Signa, Carmignano e Poggio a Caiano, in riva destra dell\u2019Arno, promuovono un calendariodi eventi","robots":{"index":"index","follow":"follow","max-snippet":"max-snippet:-1","max-image-preview":"max-image-preview:large","max-video-preview":"max-video-preview:-1"},"canonical":"https:\/\/www.intoscana.it\/it\/natale-dallambra-allarno-nei-comuni-di-signa-carmignano-e-poggio-a-caiano\/","og_locale":"it_IT","og_type":"article","og_title":"\"Dall'Ambra all'Arno\": arriva il Natale nei comuni di Signa, Carmignano e Poggio a Caiano","og_description":"Per il Natale 2024 i comuni medicei di Signa, Carmignano e Poggio a Caiano, in riva destra dell\u2019Arno, promuovono un calendariodi eventi","og_url":"https:\/\/www.intoscana.it\/it\/natale-dallambra-allarno-nei-comuni-di-signa-carmignano-e-poggio-a-caiano\/","og_site_name":"intoscana","article_publisher":"https:\/\/www.facebook.com\/intoscana.it","article_published_time":"2024-11-19T15:09:10+00:00","article_modified_time":"2024-11-19T15:10:44+00:00","og_image":[{"width":2000,"height":1500,"url":"https:\/\/www.intoscana.it\/wp-content\/uploads\/mercatini-natale.jpg","type":"image\/jpeg"}],"author":"Redazione","twitter_card":"summary_large_image","twitter_creator":"@intoscana","twitter_site":"@intoscana","twitter_misc":{"Written by":"Redazione","Est. reading time":"3 minuti"},"schema":{"@context":"https:\/\/schema.org","@graph":[{"@type":"WebPage","@id":"https:\/\/www.intoscana.it\/it\/natale-dallambra-allarno-nei-comuni-di-signa-carmignano-e-poggio-a-caiano\/","url":"https:\/\/www.intoscana.it\/it\/natale-dallambra-allarno-nei-comuni-di-signa-carmignano-e-poggio-a-caiano\/","name":"\"Dall'Ambra all'Arno\": arriva il Natale nei comuni di Signa, Carmignano e Poggio a Caiano - intoscana","isPartOf":{"@id":"https:\/\/www.intoscana.it\/it\/#website"},"primaryImageOfPage":{"@id":"https:\/\/www.intoscana.it\/it\/natale-dallambra-allarno-nei-comuni-di-signa-carmignano-e-poggio-a-caiano\/#primaryimage"},"image":{"@id":"https:\/\/www.intoscana.it\/it\/natale-dallambra-allarno-nei-comuni-di-signa-carmignano-e-poggio-a-caiano\/#primaryimage"},"thumbnailUrl":"https:\/\/www.intoscana.it\/wp-content\/uploads\/mercatini-natale.jpg","datePublished":"2024-11-19T15:09:10+00:00","dateModified":"2024-11-19T15:10:44+00:00","author":{"@id":"https:\/\/www.intoscana.it\/it\/#\/schema\/person\/9223810753230f20bd670fdd322661f8"},"description":"Per il Natale 2024 i comuni medicei di Signa, Carmignano e Poggio a Caiano, in riva destra dell\u2019Arno, promuovono un calendariodi eventi","breadcrumb":{"@id":"https:\/\/www.intoscana.it\/it\/natale-dallambra-allarno-nei-comuni-di-signa-carmignano-e-poggio-a-caiano\/#breadcrumb"},"inLanguage":"it-IT","potentialAction":[{"@type":"ReadAction","target":["https:\/\/www.intoscana.it\/it\/natale-dallambra-allarno-nei-comuni-di-signa-carmignano-e-poggio-a-caiano\/"]}]},{"@type":"ImageObject","inLanguage":"it-IT","@id":"https:\/\/www.intoscana.it\/it\/natale-dallambra-allarno-nei-comuni-di-signa-carmignano-e-poggio-a-caiano\/#primaryimage","url":"https:\/\/www.intoscana.it\/wp-content\/uploads\/mercatini-natale.jpg","contentUrl":"https:\/\/www.intoscana.it\/wp-content\/uploads\/mercatini-natale.jpg","width":2000,"height":1500},{"@type":"BreadcrumbList","@id":"https:\/\/www.intoscana.it\/it\/natale-dallambra-allarno-nei-comuni-di-signa-carmignano-e-poggio-a-caiano\/#breadcrumb","itemListElement":[{"@type":"ListItem","position":1,"name":"Home","item":"https:\/\/www.intoscana.it\/it\/"},{"@type":"ListItem","position":2,"name":"&#8220;Dall&#8217;Ambra all&#8217;Arno&#8221;: arriva il Natale nei comuni di Signa, Carmignano e Poggio a Caiano"}]},{"@type":"WebSite","@id":"https:\/\/www.intoscana.it\/it\/#website","url":"https:\/\/www.intoscana.it\/it\/","name":"intoscana","description":"","potentialAction":[{"@type":"SearchAction","target":{"@type":"EntryPoint","urlTemplate":"https:\/\/www.intoscana.it\/it\/?s={search_term_string}"},"query-input":{"@type":"PropertyValueSpecification","valueRequired":true,"valueName":"search_term_string"}}],"inLanguage":"it-IT"},{"@type":"Person","@id":"https:\/\/www.intoscana.it\/it\/#\/schema\/person\/9223810753230f20bd670fdd322661f8","name":"Redazione","url":"https:\/\/www.intoscana.it\/it\/author\/redazione\/"}]}},"_links":{"self":[{"href":"https:\/\/www.intoscana.it\/it\/wp-json\/wp\/v2\/posts\/364680","targetHints":{"allow":["GET"]}}],"collection":[{"href":"https:\/\/www.intoscana.it\/it\/wp-json\/wp\/v2\/posts"}],"about":[{"href":"https:\/\/www.intoscana.it\/it\/wp-json\/wp\/v2\/types\/post"}],"author":[{"embeddable":true,"href":"https:\/\/www.intoscana.it\/it\/wp-json\/wp\/v2\/users\/525"}],"replies":[{"embeddable":true,"href":"https:\/\/www.intoscana.it\/it\/wp-json\/wp\/v2\/comments?post=364680"}],"version-history":[{"count":6,"href":"https:\/\/www.intoscana.it\/it\/wp-json\/wp\/v2\/posts\/364680\/revisions"}],"predecessor-version":[{"id":364782,"href":"https:\/\/www.intoscana.it\/it\/wp-json\/wp\/v2\/posts\/364680\/revisions\/364782"}],"wp:featuredmedia":[{"embeddable":true,"href":"https:\/\/www.intoscana.it\/it\/wp-json\/wp\/v2\/media\/91314"}],"wp:attachment":[{"href":"https:\/\/www.intoscana.it\/it\/wp-json\/wp\/v2\/media?parent=364680"}],"wp:term":[{"taxonomy":"category","embeddable":true,"href":"https:\/\/www.intoscana.it\/it\/wp-json\/wp\/v2\/categories?post=364680"},{"taxonomy":"post_tag","embeddable":true,"href":"https:\/\/www.intoscana.it\/it\/wp-json\/wp\/v2\/tags?post=364680"}],"curies":[{"name":"wp","href":"https:\/\/api.w.org\/{rel}","templated":true}]}}