{"id":364685,"date":"2024-11-19T12:49:08","date_gmt":"2024-11-19T11:49:08","guid":{"rendered":"https:\/\/www.intoscana.it\/it\/?p=364685"},"modified":"2024-11-19T12:53:05","modified_gmt":"2024-11-19T11:53:05","slug":"torna-a-firenze-leredita-delle-donne-con-unedizione-dedicata-al-futuro","status":"publish","type":"post","link":"https:\/\/www.intoscana.it\/it\/torna-a-firenze-leredita-delle-donne-con-unedizione-dedicata-al-futuro\/","title":{"rendered":"Torna a Firenze l&#8217;Eredit\u00e0 delle Donne con un&#8217;edizione dedicata al futuro"},"content":{"rendered":"<p>Ha detto<strong> Marie Curie, <\/strong>in una delle sue frasi pi\u00f9 celebri, che <strong>nella vita nulla va temuto, bens\u00ec compreso.<\/strong> E se vi \u00e8 un momento per comprendere quel momento \u00e8 ora: comprendere di pi\u00f9 per temere di meno.<\/p>\n<p>Quest&#8217;anno ricorrono i <strong>90 anni dalla scomparsa di questa straordinaria scienziata<\/strong> e anche per questo <strong>L&#8217;Eredit\u00e0 delle Donne<\/strong> ha come titolo la parole <strong><em>Future: <\/em><\/strong>un&#8217;edizione dedicata alle <strong>donne che verranno,<\/strong> perch\u00e9 il futuro \u00e8 nelle loro mani.<\/p>\n<p>Ricorda<strong> Serena Dandini, direttrice artistica del festival: <\/strong><em>\u201cOggi come non mai le donne sono capaci di idee rivoluzionarie, di prospettive creative, di punti di vista originali: senza di loro nessun cambiamento di rotta sar\u00e0 possibile. Le donne non chiedono di partecipare al mondo cos\u00ec com&#8217;\u00e8 ma aspirano a essere parte attiva nel riformarlo e nel ricondurre il tempo della collettivit\u00e0 al centro di esso\u201d.<\/em><\/p>\n<p><strong>L\u2019Eredit\u00e0 delle Donne<\/strong> \u00e8 la prima manifestazione in Italia che <strong>d\u00e0 voce a relatrici donne, a confronto con i grandi temi della contemporaneit\u00e0<\/strong>. Ogni anno <strong>scienziate, economiste, scrittrici, artiste, leader, ambientaliste, attiviste, politiche ed imprenditrici<\/strong> si incontrano e si confrontano sui temi dell\u2019<strong>empowerment e della condizione di genere in Italia e nel mondo. <\/strong><\/p>\n<p>La manifestazione, che negli anni ha portato sul palco ben<strong> 476 ospiti da tutto il mondo,<\/strong> registrando <strong>70 mila presenze fisiche e raggiungendo oltre 1 milione di utenti in streaming,<\/strong> \u00e8 un progetto di Elastica con Fondazione CR Firenze e Gucci come partner fondatori e con la co-promozione del Comune di Firenze e il patrocinio della <strong>Regione Toscana.<\/strong><\/p>\n<p><strong>Quasi cento i nomi protagonisti del festival,<\/strong> tra i pi\u00f9 prestigiosi nel panorama contemporaneo che animeranno <strong>10 panel, innumerevoli approfondimenti, presentazioni di libri, interviste e talk.<\/strong><\/p>\n<p><em>&#8220;In un momento cos\u00ec drammatico e confuso \u2013<\/em><strong> dichiara Serena Dandini<\/strong><em> &#8211; guerre, violenze, dolore, che pare riportarci indietro, la spinta al cambiamento non pu\u00f2 n\u00e9 deve mancare. Anzi, sono proprio le donne piene di energia positiva e sguardi originali ad aprire al futuro in modo nuovo, basandosi sull&#8217; eredit\u00e0 di madri e nonne. &#8220;Eredit\u00e0&#8221; \u00e8 una grande festa dedicata a un patrimonio di intelligenze femminili del passato, spesso rese invisibili dalla Storia, messe in relazione con il dinamismo delle donne d&#8217;oggi. Tutte insieme portatrici di una luce che penso si debba distribuire perch\u00e9, messa in rete, rimbalzi e cresca&#8221;.<\/em><\/p>\n<figure id=\"post-82490 media-82490\" class=\"align-none\"><img decoding=\"async\" src=\"https:\/\/www.intoscana.it\/wp-content\/uploads\/03_-l-eredita-delle-donne-le-nostre-giornate-del-patromonio-serena-dandini.jpg\" alt=\"\" \/><\/figure>\n<div class=\"titleimg\">Serena Dandini<\/div>\n<h3>Tutti gli ospiti della tre giorni fiorentina<\/h3>\n<p>Anche quest\u2019anno si preannuncia ricchissimo il parterre di nomi che animer\u00e0 il festival, proponendo un ampio ventaglio di <strong>protagoniste, protagonisti e spunti di riflessione.<\/strong><\/p>\n<p>Tra igli posti pi\u00f9 attesi: la regina del romance internazionale <strong>Felicia Kingsley<\/strong>, la giornalista e scrittrice<strong> Daria Bignardi,<\/strong> la signora del rock <strong>Paola Maugeri<\/strong> e l\u2019economista <strong>Ginevra Bersani Franceschetti.<\/strong><\/p>\n<p>E poi la scrittrice e sceneggiatrice<strong> Antonella Lattanzi,<\/strong> la filosofa <strong>Roberta De Monticelli,<\/strong> la podcaster<strong> Valeria Montebello<\/strong>, il filosofo femminista e divulgatore<strong> Lorenzo Gasparrini,<\/strong> la sessuologa <strong>Roberta Rossi<\/strong> e l\u2019astro nascente della stand-up comedy <strong>Giorgia Fumo.<\/strong><\/p>\n<p>Ma ci saranno anche: <strong>Ute Lemper, Giorgia Metsola, Ruth Patir, Paola Agosti, Monica Maggioni, Mona Sinha, Linda Laura Sabbadini, Angela Toffanin, Donata Columbro, Licia Troisi, Silvia Lippi, Natascha Lusenti, Anna Fasano, Paola e Chiara, Stefano Liberti, Nathalie Tocci, Silvia Bencivelli, Ilaria Capua, Michela Giraud.<\/strong><\/p>\n<p>Tra le autrici: <strong>Benedetta Tobagi, Tezeta Abraham, Melissa Panarello, Huda Lahoual, Antonella Boralevi, Beatrice Salvioni, Levante.<\/strong><\/p>\n<figure id=\"post-330498 media-330498\" class=\"align-none\"><img decoding=\"async\" src=\"https:\/\/www.intoscana.it\/wp-content\/uploads\/Levante_DSC1876_foto-@kimberley-ross-scaled.jpeg\" alt=\"\" \/><\/figure>\n<div class=\"titleimg\">Levante &#8211; \u00a9 Kimberley Ross<\/div>\n<h3>L&#8217;Eredit\u00e0 delle donne: gli eventi principali<\/h3>\n<p>L\u2019evento straordinario di quest\u2019anno vedr\u00e0 la cantante, attrice e autrice<strong> Ute Lemper<\/strong> in dialogo con la giornalista, saggista e critica cinematografica <strong>Piera Detassis,<\/strong> accolte da un saluto di <strong>Serena Dandini. <\/strong><\/p>\n<p>L\u2019appuntamento \u00e8 per<strong> venerd\u00ec 22 novembre alle 18.30 al Teatro Niccolini di Firenze<\/strong> e il titolo dell&#8217;incontro \u00e8<strong> &#8220;Divine nel tempo&#8221;,<\/strong> prendendo spunto dall\u2019autobiografia dell\u2019artista tedesca, <strong><em>La viaggiatrice del tempo. Tra ieri e domani<\/em> <\/strong>elle cui pagine si dipana un viaggio letterario nel tempo, il memoir di una protagonista della nostra storia contemporanea.<\/p>\n<p>Come ogni edizione sono previste due serate ideate e condotte da Serena Dandini. Il <strong>22 novembre alle 20.30 sul palco del Teatro Niccolini<\/strong> va in scena <strong><em>Mammamia!<\/em> <\/strong>con i monologhi comici di Marianna Folli, Annagaia Marchioro e Rita Pelusio, gli intermezzi musicali di <strong>Cikale Comic Vocal Trio<\/strong> (Isabella Girardini, Anna Marcato, Beatrice Niero), e soprattutto con la partecipazione di <strong>Francesca Crescentini<\/strong> (traduttrice e book blogger), Alessia Crocini (presidente dell\u2019associazione Famiglie Arcobaleno), Linda Laura Sabbadini (direttrice centrale dell\u2019ISTAT).<\/p>\n<p><strong><em>\u201cViaggio comico-scientifico alla ricerca delle mamme future e delle nuove famiglie italiane&#8221;,<\/em><\/strong> Mammamia! \u00e8 una serata che Serena Dandini dedica alle mamme italiane e non solo, ma anche alle donne che non mettono pi\u00f9 al mondo figli e alle famiglie che nel frattempo sono state messe al mondo: sempre pi\u00f9 piccole, sempre pi\u00f9 allegramente varie e sempre meno tradizionali.<\/p>\n<p><strong>Sabato 23 novembre sempre alle 20.30<\/strong> invece si va in scena nella <strong>Sala Festa di Manifattura Tabacchi<\/strong> con <strong><em>Ritorno al futuro,<\/em><\/strong> serata ideata e condotta da <strong>Serena Dandini con Caterina Caselli,<\/strong> la cantante e discografica che ha cambiato il volto della musica leggera italiana, la scienziata e ingegnera aerospaziale Amalia Ercoli Finzi e sua figlia Elvina Finzi, anche lei ingegnera, e la scrittrice <strong>Chiara Valerio.<\/strong> Partire dal passato per proiettarci nel futuro, un respiro e una riflessione condivisa su come alcune storie personali possano incidere cos\u00ec tanto nel corso degli eventi, cambiando la vita di moltissime persone.<\/p>\n<figure id=\"post-364707 media-364707\" class=\"align-none\"><img decoding=\"async\" src=\"https:\/\/www.intoscana.it\/wp-content\/uploads\/Ute-Lemper-Time-Traveler-6-by-Guido-Harari_960x640.jpg\" alt=\"\" \/><\/figure>\n<p>Ute Lemper foto di Guido Harari<\/p>\n<h3 dir=\"ltr\"><strong>Libri al festival<\/strong><\/h3>\n<p>Pi\u00f9 denso che mai torna anche quest\u2019anno la rassegna nella rassegna <strong>Libri al Festival<\/strong> animata da incontri con autori italiani e internazionali.<\/p>\n<p>Il primo di un pomeriggio ricco di titoli e di suggestioni \u00e8 sabato 23 novembre alle 15.30 in sala Opera Prima: alle 15.30 con <em>Storia dei miei soldi<\/em> (Bompiani) di <strong>Melissa Panarello<\/strong> in dialogo con <strong>Teresa Ciabatti<\/strong>: un viaggio lungo le tracce del solo alimento che \u2013 insieme alla passione \u2013 pu\u00f2 consentirci di diventare chi siamo: i soldi. Alle 16.15 sempre in sala Opera Prima <em>Nostalgia<\/em> (Harper Collins) di <strong>Tezeta Abraham<\/strong> in dialogo con <strong>Lucrezia Ercoli<\/strong> racconta un memoir profondamente intimo e il viaggio di una donna alla ricerca del proprio posto nel mondo, ma soprattutto una storia di coraggio, un grido di emancipazione.<\/p>\n<p>A seguire alle 17 nello ZOO _Hub una novit\u00e0 assoluta per la sezione libri de L\u2019Eredit\u00e0 delle Donne, <em>il podcast: Huda Nessuna e Centomila<\/em> (Chora Media) di \u00a0<strong>Huda Lahoual<\/strong> (Huda) in dialogo con <strong>Sara Poma<\/strong>: per la prima volta ai libri del festival una giovane podcaster che racconta una generazione di vite diverse, ma con la stessa voglia di cambiare qualcosa, un diario generazionale che unisce tante storie.\u00a0 Mentre allo ZOO _Hub sabato 23 novembre si conclude alle 18.30 con il libro <em>Capire il cuore altrui. Emma, Flaubert e altre ossessioni\u00a0<\/em>( Harper Collins) di <strong>Antonella Lattanzi<\/strong> in dialogo con <strong>Jonathan Bazzi<\/strong>: un viaggio nella psiche dell\u2019eroina Emma Bovary per mostrandoci come l\u2019opera e l\u2019ossessiva cura di Flaubert per la scrittura illuminino un percorso che riguarda altri libri, film, canzoni, da Anna Karenina a Sotto il vulcano, da Beppe Fenoglio a Deep Water.<\/p>\n<p>Negli spazi della sala Opera Prima si apre domenica 24 novembre alle 15.30 con <em>L\u2019amore pu\u00f2 succedere<\/em> ( Baldini &amp; Castoldi) di <strong>Antonella Boralevi<\/strong> con<strong> Titti Giuliani Foti<\/strong>: \u00a0una storia intrigante nell\u2019elegante citt\u00e0 di Parma dove la vita del cinquantenne Ascanio Adorni, noto ingegnere e professore universitario intorpidito dalla propria vita lussuosa e mondana, sposato con Melania, si lega a quella della ventiduenne Elisabeth Walker creando non pochi intrecci e colpi di scena.<\/p>\n<p>A seguire alle 16.15 sempre in sala Opera Prima arriva <em>La Malacarne<\/em> (Einaudi) di <strong>Beatrice Salvioni<\/strong> in dialogo con <strong>Nicoletta Verna<\/strong>: una storia di amicizia profonda tra due donne nella Monza degli anni 40 con l\u2019orrore della guerra a fare da sfondo. Conclude il pomeriggio in Sala Opera Prima alle 17 <em>Avere una brutta natura<\/em> ( Baldini &amp; Castoldi) di <strong>Gioia Salvatori<\/strong> in arte Cuoro in dialogo con<strong> Ilaria Gaspari<\/strong>: un libro che \u00e8 il tentativo di sclerotizzare tutti i nostri difetti, una giostra di nervosi che tentano di sopravvivere a s\u00e9 stessi a tutti i costi.<\/p>\n<p>Chiude la rassegna dei libri al festival alle 18.15 in sala Opera Prima il giornalista <strong>Davide Lerner<\/strong>, autore de <em>Il sentiero dei dieci<\/em> (Piemme) che, in dialogo con la giornalista <strong>Seyda Canepa<\/strong>, traccer\u00e0 le coordinate di un reportage immersivo che vuole raccontare ancora una volta una terra martoriata e complessa come quella di Israele.\u00a0Si rialza il sipario la domenica nello ZOO _Hub alle 15 con <em>Ingegneria della vita adulta. Manuale per farcela a farcela<\/em> ( Harper Collins ) di <strong>Giorgia Fumo<\/strong> in dialogo con <strong>Chiara Galeazzi<\/strong>: quand\u2019\u00e8 che ci si pu\u00f2 dire sinceramente, pienamente, efficacemente adulti?<\/p>\n<p>A seguire alle 17 il libro Opera quotidiana ( Rizzoli) di <strong>Levante<\/strong> in dialogo con <strong>Giulia Cavaliere<\/strong>: la cantautrice qui racconta in modo unico e prezioso i momenti che come rintocchi scandiscono la sua giornata \u2013 e in fondo quella di tutti noi. Dall\u2019alba alla notte, queste pagine sono una gioia per gli occhi e musica per il cuore, un gioco in bilico tra letteratura e arti visive.<\/p>\n<p>Chiude il pomeriggio nello ZOO _Hub l\u2019appuntamento alle 17.15 con la prima assoluta di <em>Covando un mondo nuovo<\/em> (Einaudi) di <strong>Benedetta Tobagi<\/strong>\u00a0e <strong>Paola Agosti<\/strong> che saranno in dialogo con <strong>Michela Ponzani<\/strong>: un nuovo volume di \u00abletteratura per immagini\u00bb dedicato alla storia delle donne in Italia, un viaggio per immagini attraverso il lavoro di Paola Agosti, grande artista che ha immortalato la Storia degli ultimi cinquant\u2019anni prestando particolare attenzione a volti e fatti del mondo femminile.<\/p>\n<figure id=\"post-172889 media-172889\" class=\"align-none\"><img decoding=\"async\" src=\"https:\/\/www.intoscana.it\/wp-content\/uploads\/Nicoletta-Verna_02.png\" alt=\"\" \/><\/figure>\n<div class=\"titleimg\">Nicoletta Verna<\/div>\n","protected":false},"excerpt":{"rendered":"<p>Dal 22 al 24 novembre in tre giorni pi\u00f9 di 400 eventi tra laboratori, concerti, trekking, visite guidate, mostre, reading e conferenze a sostegno dell\u2019empowerment femminile<\/p>\n","protected":false},"author":518,"featured_media":364687,"comment_status":"open","ping_status":"open","sticky":false,"template":"","format":"standard","meta":{"_acf_changed":false,"footnotes":""},"categories":[493],"tags":[411,4474,228,202,151],"class_list":["post-364685","post","type-post","status-publish","format-standard","has-post-thumbnail","hentry","category-cultura","tag-donne","tag-eventi","tag-festival","tag-firenze","tag-regione-toscana"],"acf":[],"yoast_head":"<!-- This site is optimized with the Yoast SEO Premium plugin v24.2 (Yoast SEO v25.6) - https:\/\/yoast.com\/wordpress\/plugins\/seo\/ -->\n<title>Torna a Firenze l&#039;Eredit\u00e0 delle Donne con un&#039;edizione dedicata al futuro - intoscana<\/title>\n<meta name=\"description\" content=\"Dal 22 al 24 novembre pi\u00f9 di 400 eventi tra laboratori, concerti, trekking, visite guidate, mostre, reading e conferenze\" \/>\n<meta name=\"robots\" content=\"index, follow, max-snippet:-1, max-image-preview:large, max-video-preview:-1\" \/>\n<link rel=\"canonical\" href=\"https:\/\/www.intoscana.it\/it\/torna-a-firenze-leredita-delle-donne-con-unedizione-dedicata-al-futuro\/\" \/>\n<meta property=\"og:locale\" content=\"it_IT\" \/>\n<meta property=\"og:type\" content=\"article\" \/>\n<meta property=\"og:title\" content=\"Torna a Firenze l&#039;Eredit\u00e0 delle Donne con un&#039;edizione dedicata al futuro\" \/>\n<meta property=\"og:description\" content=\"Dal 22 al 24 novembre pi\u00f9 di 400 eventi tra laboratori, concerti, trekking, visite guidate, mostre, reading e conferenze\" \/>\n<meta property=\"og:url\" content=\"https:\/\/www.intoscana.it\/it\/torna-a-firenze-leredita-delle-donne-con-unedizione-dedicata-al-futuro\/\" \/>\n<meta property=\"og:site_name\" content=\"intoscana\" \/>\n<meta property=\"article:publisher\" content=\"https:\/\/www.facebook.com\/intoscana.it\" \/>\n<meta property=\"article:published_time\" content=\"2024-11-19T11:49:08+00:00\" \/>\n<meta property=\"article:modified_time\" content=\"2024-11-19T11:53:05+00:00\" \/>\n<meta property=\"og:image\" content=\"https:\/\/www.intoscana.it\/wp-content\/uploads\/452702710_1012183514244012_3256456278529930576_n-2.jpg\" \/>\n\t<meta property=\"og:image:width\" content=\"1472\" \/>\n\t<meta property=\"og:image:height\" content=\"550\" \/>\n\t<meta property=\"og:image:type\" content=\"image\/jpeg\" \/>\n<meta name=\"author\" content=\"Costanza Baldini\" \/>\n<meta name=\"twitter:card\" content=\"summary_large_image\" \/>\n<meta name=\"twitter:creator\" content=\"@intoscana\" \/>\n<meta name=\"twitter:site\" content=\"@intoscana\" \/>\n<meta name=\"twitter:label1\" content=\"Written by\" \/>\n\t<meta name=\"twitter:data1\" content=\"Costanza Baldini\" \/>\n\t<meta name=\"twitter:label2\" content=\"Est. reading time\" \/>\n\t<meta name=\"twitter:data2\" content=\"10 minuti\" \/>\n<script type=\"application\/ld+json\" class=\"yoast-schema-graph\">{\"@context\":\"https:\/\/schema.org\",\"@graph\":[{\"@type\":\"WebPage\",\"@id\":\"https:\/\/www.intoscana.it\/it\/torna-a-firenze-leredita-delle-donne-con-unedizione-dedicata-al-futuro\/\",\"url\":\"https:\/\/www.intoscana.it\/it\/torna-a-firenze-leredita-delle-donne-con-unedizione-dedicata-al-futuro\/\",\"name\":\"Torna a Firenze l'Eredit\u00e0 delle Donne con un'edizione dedicata al futuro - intoscana\",\"isPartOf\":{\"@id\":\"https:\/\/www.intoscana.it\/it\/#website\"},\"primaryImageOfPage\":{\"@id\":\"https:\/\/www.intoscana.it\/it\/torna-a-firenze-leredita-delle-donne-con-unedizione-dedicata-al-futuro\/#primaryimage\"},\"image\":{\"@id\":\"https:\/\/www.intoscana.it\/it\/torna-a-firenze-leredita-delle-donne-con-unedizione-dedicata-al-futuro\/#primaryimage\"},\"thumbnailUrl\":\"https:\/\/www.intoscana.it\/wp-content\/uploads\/452702710_1012183514244012_3256456278529930576_n-2.jpg\",\"datePublished\":\"2024-11-19T11:49:08+00:00\",\"dateModified\":\"2024-11-19T11:53:05+00:00\",\"author\":{\"@id\":\"https:\/\/www.intoscana.it\/it\/#\/schema\/person\/d469f35f09739bdf00bf5dd3f0647a82\"},\"description\":\"Dal 22 al 24 novembre pi\u00f9 di 400 eventi tra laboratori, concerti, trekking, visite guidate, mostre, reading e conferenze\",\"breadcrumb\":{\"@id\":\"https:\/\/www.intoscana.it\/it\/torna-a-firenze-leredita-delle-donne-con-unedizione-dedicata-al-futuro\/#breadcrumb\"},\"inLanguage\":\"it-IT\",\"potentialAction\":[{\"@type\":\"ReadAction\",\"target\":[\"https:\/\/www.intoscana.it\/it\/torna-a-firenze-leredita-delle-donne-con-unedizione-dedicata-al-futuro\/\"]}]},{\"@type\":\"ImageObject\",\"inLanguage\":\"it-IT\",\"@id\":\"https:\/\/www.intoscana.it\/it\/torna-a-firenze-leredita-delle-donne-con-unedizione-dedicata-al-futuro\/#primaryimage\",\"url\":\"https:\/\/www.intoscana.it\/wp-content\/uploads\/452702710_1012183514244012_3256456278529930576_n-2.jpg\",\"contentUrl\":\"https:\/\/www.intoscana.it\/wp-content\/uploads\/452702710_1012183514244012_3256456278529930576_n-2.jpg\",\"width\":1472,\"height\":550},{\"@type\":\"BreadcrumbList\",\"@id\":\"https:\/\/www.intoscana.it\/it\/torna-a-firenze-leredita-delle-donne-con-unedizione-dedicata-al-futuro\/#breadcrumb\",\"itemListElement\":[{\"@type\":\"ListItem\",\"position\":1,\"name\":\"Home\",\"item\":\"https:\/\/www.intoscana.it\/it\/\"},{\"@type\":\"ListItem\",\"position\":2,\"name\":\"Torna a Firenze l&#8217;Eredit\u00e0 delle Donne con un&#8217;edizione dedicata al futuro\"}]},{\"@type\":\"WebSite\",\"@id\":\"https:\/\/www.intoscana.it\/it\/#website\",\"url\":\"https:\/\/www.intoscana.it\/it\/\",\"name\":\"intoscana\",\"description\":\"\",\"potentialAction\":[{\"@type\":\"SearchAction\",\"target\":{\"@type\":\"EntryPoint\",\"urlTemplate\":\"https:\/\/www.intoscana.it\/it\/?s={search_term_string}\"},\"query-input\":{\"@type\":\"PropertyValueSpecification\",\"valueRequired\":true,\"valueName\":\"search_term_string\"}}],\"inLanguage\":\"it-IT\"},{\"@type\":\"Person\",\"@id\":\"https:\/\/www.intoscana.it\/it\/#\/schema\/person\/d469f35f09739bdf00bf5dd3f0647a82\",\"name\":\"Costanza Baldini\",\"url\":\"https:\/\/www.intoscana.it\/it\/author\/costanza-baldini\/\"}]}<\/script>\n<!-- \/ Yoast SEO Premium plugin. -->","yoast_head_json":{"title":"Torna a Firenze l'Eredit\u00e0 delle Donne con un'edizione dedicata al futuro - intoscana","description":"Dal 22 al 24 novembre pi\u00f9 di 400 eventi tra laboratori, concerti, trekking, visite guidate, mostre, reading e conferenze","robots":{"index":"index","follow":"follow","max-snippet":"max-snippet:-1","max-image-preview":"max-image-preview:large","max-video-preview":"max-video-preview:-1"},"canonical":"https:\/\/www.intoscana.it\/it\/torna-a-firenze-leredita-delle-donne-con-unedizione-dedicata-al-futuro\/","og_locale":"it_IT","og_type":"article","og_title":"Torna a Firenze l'Eredit\u00e0 delle Donne con un'edizione dedicata al futuro","og_description":"Dal 22 al 24 novembre pi\u00f9 di 400 eventi tra laboratori, concerti, trekking, visite guidate, mostre, reading e conferenze","og_url":"https:\/\/www.intoscana.it\/it\/torna-a-firenze-leredita-delle-donne-con-unedizione-dedicata-al-futuro\/","og_site_name":"intoscana","article_publisher":"https:\/\/www.facebook.com\/intoscana.it","article_published_time":"2024-11-19T11:49:08+00:00","article_modified_time":"2024-11-19T11:53:05+00:00","og_image":[{"width":1472,"height":550,"url":"https:\/\/www.intoscana.it\/wp-content\/uploads\/452702710_1012183514244012_3256456278529930576_n-2.jpg","type":"image\/jpeg"}],"author":"Costanza Baldini","twitter_card":"summary_large_image","twitter_creator":"@intoscana","twitter_site":"@intoscana","twitter_misc":{"Written by":"Costanza Baldini","Est. reading time":"10 minuti"},"schema":{"@context":"https:\/\/schema.org","@graph":[{"@type":"WebPage","@id":"https:\/\/www.intoscana.it\/it\/torna-a-firenze-leredita-delle-donne-con-unedizione-dedicata-al-futuro\/","url":"https:\/\/www.intoscana.it\/it\/torna-a-firenze-leredita-delle-donne-con-unedizione-dedicata-al-futuro\/","name":"Torna a Firenze l'Eredit\u00e0 delle Donne con un'edizione dedicata al futuro - intoscana","isPartOf":{"@id":"https:\/\/www.intoscana.it\/it\/#website"},"primaryImageOfPage":{"@id":"https:\/\/www.intoscana.it\/it\/torna-a-firenze-leredita-delle-donne-con-unedizione-dedicata-al-futuro\/#primaryimage"},"image":{"@id":"https:\/\/www.intoscana.it\/it\/torna-a-firenze-leredita-delle-donne-con-unedizione-dedicata-al-futuro\/#primaryimage"},"thumbnailUrl":"https:\/\/www.intoscana.it\/wp-content\/uploads\/452702710_1012183514244012_3256456278529930576_n-2.jpg","datePublished":"2024-11-19T11:49:08+00:00","dateModified":"2024-11-19T11:53:05+00:00","author":{"@id":"https:\/\/www.intoscana.it\/it\/#\/schema\/person\/d469f35f09739bdf00bf5dd3f0647a82"},"description":"Dal 22 al 24 novembre pi\u00f9 di 400 eventi tra laboratori, concerti, trekking, visite guidate, mostre, reading e conferenze","breadcrumb":{"@id":"https:\/\/www.intoscana.it\/it\/torna-a-firenze-leredita-delle-donne-con-unedizione-dedicata-al-futuro\/#breadcrumb"},"inLanguage":"it-IT","potentialAction":[{"@type":"ReadAction","target":["https:\/\/www.intoscana.it\/it\/torna-a-firenze-leredita-delle-donne-con-unedizione-dedicata-al-futuro\/"]}]},{"@type":"ImageObject","inLanguage":"it-IT","@id":"https:\/\/www.intoscana.it\/it\/torna-a-firenze-leredita-delle-donne-con-unedizione-dedicata-al-futuro\/#primaryimage","url":"https:\/\/www.intoscana.it\/wp-content\/uploads\/452702710_1012183514244012_3256456278529930576_n-2.jpg","contentUrl":"https:\/\/www.intoscana.it\/wp-content\/uploads\/452702710_1012183514244012_3256456278529930576_n-2.jpg","width":1472,"height":550},{"@type":"BreadcrumbList","@id":"https:\/\/www.intoscana.it\/it\/torna-a-firenze-leredita-delle-donne-con-unedizione-dedicata-al-futuro\/#breadcrumb","itemListElement":[{"@type":"ListItem","position":1,"name":"Home","item":"https:\/\/www.intoscana.it\/it\/"},{"@type":"ListItem","position":2,"name":"Torna a Firenze l&#8217;Eredit\u00e0 delle Donne con un&#8217;edizione dedicata al futuro"}]},{"@type":"WebSite","@id":"https:\/\/www.intoscana.it\/it\/#website","url":"https:\/\/www.intoscana.it\/it\/","name":"intoscana","description":"","potentialAction":[{"@type":"SearchAction","target":{"@type":"EntryPoint","urlTemplate":"https:\/\/www.intoscana.it\/it\/?s={search_term_string}"},"query-input":{"@type":"PropertyValueSpecification","valueRequired":true,"valueName":"search_term_string"}}],"inLanguage":"it-IT"},{"@type":"Person","@id":"https:\/\/www.intoscana.it\/it\/#\/schema\/person\/d469f35f09739bdf00bf5dd3f0647a82","name":"Costanza Baldini","url":"https:\/\/www.intoscana.it\/it\/author\/costanza-baldini\/"}]}},"_links":{"self":[{"href":"https:\/\/www.intoscana.it\/it\/wp-json\/wp\/v2\/posts\/364685","targetHints":{"allow":["GET"]}}],"collection":[{"href":"https:\/\/www.intoscana.it\/it\/wp-json\/wp\/v2\/posts"}],"about":[{"href":"https:\/\/www.intoscana.it\/it\/wp-json\/wp\/v2\/types\/post"}],"author":[{"embeddable":true,"href":"https:\/\/www.intoscana.it\/it\/wp-json\/wp\/v2\/users\/518"}],"replies":[{"embeddable":true,"href":"https:\/\/www.intoscana.it\/it\/wp-json\/wp\/v2\/comments?post=364685"}],"version-history":[{"count":11,"href":"https:\/\/www.intoscana.it\/it\/wp-json\/wp\/v2\/posts\/364685\/revisions"}],"predecessor-version":[{"id":364714,"href":"https:\/\/www.intoscana.it\/it\/wp-json\/wp\/v2\/posts\/364685\/revisions\/364714"}],"wp:featuredmedia":[{"embeddable":true,"href":"https:\/\/www.intoscana.it\/it\/wp-json\/wp\/v2\/media\/364687"}],"wp:attachment":[{"href":"https:\/\/www.intoscana.it\/it\/wp-json\/wp\/v2\/media?parent=364685"}],"wp:term":[{"taxonomy":"category","embeddable":true,"href":"https:\/\/www.intoscana.it\/it\/wp-json\/wp\/v2\/categories?post=364685"},{"taxonomy":"post_tag","embeddable":true,"href":"https:\/\/www.intoscana.it\/it\/wp-json\/wp\/v2\/tags?post=364685"}],"curies":[{"name":"wp","href":"https:\/\/api.w.org\/{rel}","templated":true}]}}