{"id":364992,"date":"2024-11-20T15:56:41","date_gmt":"2024-11-20T14:56:41","guid":{"rendered":"https:\/\/www.intoscana.it\/it\/?p=364992"},"modified":"2024-11-20T15:56:41","modified_gmt":"2024-11-20T14:56:41","slug":"idee-in-cammino","status":"publish","type":"post","link":"https:\/\/www.intoscana.it\/it\/idee-in-cammino\/","title":{"rendered":"Idee in cammino, il progetto che mette insieme tutti coloro che si occupano d&#8217;infanzia e adolescenza"},"content":{"rendered":"<p>\u201cLa Giornata internazionale dei diritti dell\u2019infanzia e dell\u2019adolescenza, \u00e8 per noi l&#8217;occasione per promuovere opportunit\u00e0 di confronto e di crescita sulla gestione da parte di tutte le istituzioni di queste fondamentali fasi della crescita dell\u2019individuo\u201d: con queste parole l\u2019assessora regionale alle politiche sociali <strong>Serena Spinelli<\/strong>, ha aperto la conferenza stampa\u00a0 di presentazione del progetto <strong>&#8220;Idee in cammino-La Toscana plurale per bambini\/e, ragazzi\/e e famiglie&#8221;<\/strong>, un <mark>percorso partecipativo\u00a0 in quattro giornate che si terranno all\u2019Istituto degli Innocenti, volto a costruire sinergie tra tutti gli attori coinvolti e che a vario titolo si occupano di infanzia e adolescenza <\/mark>.<\/p>\n<p>L\u2019iniziativa \u00e8 stata illustrata proprio oggi, <strong>20 novembre<\/strong>, una data non scelta a casa. Il 20 novembre del 1989 l\u2019Onu adott\u00f2 la <strong>Convenzione sui diritti dell\u2019infanzia e dell\u2019adolescenza<\/strong> e, da allora, ogni anno il 20 novembre si celebra la <mark>Giornata internazionale dei diritti dell\u2019infanzia e dell\u2019adolescenza <\/mark>.<\/p>\n<h3>Il progetto &#8220;Idee in cammino&#8221;<\/h3>\n<p>&#8220;dee in cammino-la Toscana plurale per bambini\/e, ragazzi\/e e famiglie&#8221;,\u00a0 sviluppato in collaborazione con il Centro Regionale Infanzia Adolescenza, si articoler\u00e0 su 4 giornate che si terranno all\u2019Istituto degli Innocenti di Firenze ed \u00e8 aperto a tutti i principali soggetti coinvolti a vario titolo, per una complessiva presa in carico dei minorenni e delle loro famiglie.<\/p>\n<p><strong>L&#8217;obiettivo<\/strong> \u00e8 quello di arrivare alla <mark>costituzione di un tavolo regionale permanente dedicato ai minori con tutti i soggetti coinvolti, istituzioni e terzo settore <\/mark>. Il percorso infatti si propone di mettere in connessione i diversi ambiti di intervento, creando sinergie tra i vari attori che contribuiscono alla riuscita delle progettazioni: <strong>operatori\/ici<\/strong>, <strong>famiglie<\/strong>,<strong> amministratori\/ici<\/strong>, <strong>stakeholders<\/strong>.\u00a0\u201cSono due \u2013 ha spiegato Serena Spinelli \u2013 quelli che noi riteniamo i <strong>capisaldi<\/strong> per la gestione delle attivit\u00e0 legate al mondo dell\u2019infanzia e dell\u2019adolescenza: la <strong>conoscenza<\/strong> e la <strong>partecipazione<\/strong> di tutti i soggetti interessati. Per il primo aspetto centrale \u00e8 l\u2019attivit\u00e0 del Centro regionale di documentazione per l\u2019infanzia e l\u2019adolescenza, una realt\u00e0 realizzata in collaborazione con l\u2019Istituto degli Innocenti nel 2000 e quindi prossima a festeggiare i 25 anni di attivit\u00e0,\u00a0 il cui impegno \u00e8 caratterizzato da attivit\u00e0 e percorsi di formazione, di ricerca e di documentazione. L&#8217;altro \u00e8 la <strong>partecipazione<\/strong> che \u00e8 proprio la chiave del progetto \u201cIdee in cammino\u201d: \u00e8 con la partecipazione che costruiamo una rete tra saperi professionali, famiglie, istituzioni e servizi territoriali al fine di rendere sempre adeguato ai bisogni il nostro sistema a tutela dei minori&#8221;.<\/p>\n<p>Nelle quattro giornate sono previsti <mark>momenti formativi, informativi e di condivisione dei progetti gi\u00e0 realizzati. Saranno presentate metodologie, buone pratiche, criticit\u00e0, proposte migliorative dei percorsi messi in atto, per portare tutto questo all\u2019attenzione di politici e amministratori <\/mark>.<\/p>\n<h3>Il programma delle quattro giornate<\/h3>\n<p>La prima giornata, dedicata a \u201c<strong>Bambini e giovani in famiglia<\/strong>\u201d, si terr\u00e0 il <strong>22 novembre <\/strong>dalle ore 9:00 alle ore 14:00 e sar\u00e0 poi replicata in seconda edizione l\u2019<strong>11 dicembre<\/strong> dalle ore 14:00 alle ore 19:00. Avr\u00e0 come tema conduttore le famiglie e la rete dei servizi ad esse dedicata.<\/p>\n<p>La seconda giornata, riservata a \u201c<strong>Bambini e giovani fuori dalle famiglie di origine<\/strong>\u201d, si terr\u00e0 il <strong>3 dicembre <\/strong>dalle ore 9:00 alle ore 14.00 e sar\u00e0 replicata il <strong>13 dicembre<\/strong> dalle ore ore 14:00 alle ore 19:00 in seconda edizione. Il tema conduttore sar\u00e0 la condizione dei ragazzi e dei bambini fuori famiglia ed anche in\u00a0 questo caso l\u2019analisi della rete dei servizi ad essi rivolti: alla giornata saranno invitati gli attori che ruotano attorno al sistema di accoglienza toscano e saranno illustrati i progetti dedicati.<\/p>\n<p>&nbsp;<\/p>\n","protected":false},"excerpt":{"rendered":"<p>Il progetto si articola in quattro giornate che si terranno all&#8217;Istituto degli Innocenti. La presentazione in occasione della Giornata internazionale dei diritti dell\u2019infanzia e dell\u2019adolescenza. Spinelli: &#8220;Un&#8217;occasione per promuovere opportunit\u00e0 di confronto e di crescita&#8221;<\/p>\n","protected":false},"author":503,"featured_media":364994,"comment_status":"open","ping_status":"open","sticky":false,"template":"","format":"standard","meta":{"_acf_changed":false,"footnotes":""},"categories":[494],"tags":[350,4533,4964,4822],"class_list":["post-364992","post","type-post","status-publish","format-standard","has-post-thumbnail","hentry","category-attualita","tag-bambini","tag-diritti","tag-infanzia","tag-serena-spinelli"],"acf":[],"yoast_head":"<!-- This site is optimized with the Yoast SEO Premium plugin v24.2 (Yoast SEO v25.6) - https:\/\/yoast.com\/wordpress\/plugins\/seo\/ -->\n<title>Idee in cammino, il progetto che mette insieme tutti coloro che si occupano d&#039;infanzia e adolescenza - intoscana<\/title>\n<meta name=\"description\" content=\"Il progetto si articola in quattro giornate che si terranno all&#039;Istituto degli Innocenti. La presentazione in occasione della Giornata internazionale dei diritti dell\u2019infanzia e dell\u2019adolescenza\" \/>\n<meta name=\"robots\" content=\"index, follow, max-snippet:-1, max-image-preview:large, max-video-preview:-1\" \/>\n<link rel=\"canonical\" href=\"https:\/\/www.intoscana.it\/it\/idee-in-cammino\/\" \/>\n<meta property=\"og:locale\" content=\"it_IT\" \/>\n<meta property=\"og:type\" content=\"article\" \/>\n<meta property=\"og:title\" content=\"Idee in cammino, il progetto che mette insieme tutti coloro che si occupano d&#039;infanzia e adolescenza\" \/>\n<meta property=\"og:description\" content=\"Il progetto si articola in quattro giornate che si terranno all&#039;Istituto degli Innocenti. La presentazione in occasione della Giornata internazionale dei diritti dell\u2019infanzia e dell\u2019adolescenza\" \/>\n<meta property=\"og:url\" content=\"https:\/\/www.intoscana.it\/it\/idee-in-cammino\/\" \/>\n<meta property=\"og:site_name\" content=\"intoscana\" \/>\n<meta property=\"article:publisher\" content=\"https:\/\/www.facebook.com\/intoscana.it\" \/>\n<meta property=\"article:published_time\" content=\"2024-11-20T14:56:41+00:00\" \/>\n<meta property=\"og:image\" content=\"https:\/\/www.intoscana.it\/wp-content\/uploads\/Presentazione-progetto-Idee-in-cammino.jpeg\" \/>\n\t<meta property=\"og:image:width\" content=\"2048\" \/>\n\t<meta property=\"og:image:height\" content=\"1536\" \/>\n\t<meta property=\"og:image:type\" content=\"image\/jpeg\" \/>\n<meta name=\"author\" content=\"Giulia Rafanelli\" \/>\n<meta name=\"twitter:card\" content=\"summary_large_image\" \/>\n<meta name=\"twitter:creator\" content=\"@intoscana\" \/>\n<meta name=\"twitter:site\" content=\"@intoscana\" \/>\n<meta name=\"twitter:label1\" content=\"Written by\" \/>\n\t<meta name=\"twitter:data1\" content=\"Giulia Rafanelli\" \/>\n\t<meta name=\"twitter:label2\" content=\"Est. reading time\" \/>\n\t<meta name=\"twitter:data2\" content=\"4 minuti\" \/>\n<script type=\"application\/ld+json\" class=\"yoast-schema-graph\">{\"@context\":\"https:\/\/schema.org\",\"@graph\":[{\"@type\":\"WebPage\",\"@id\":\"https:\/\/www.intoscana.it\/it\/idee-in-cammino\/\",\"url\":\"https:\/\/www.intoscana.it\/it\/idee-in-cammino\/\",\"name\":\"Idee in cammino, il progetto che mette insieme tutti coloro che si occupano d'infanzia e adolescenza - intoscana\",\"isPartOf\":{\"@id\":\"https:\/\/www.intoscana.it\/it\/#website\"},\"primaryImageOfPage\":{\"@id\":\"https:\/\/www.intoscana.it\/it\/idee-in-cammino\/#primaryimage\"},\"image\":{\"@id\":\"https:\/\/www.intoscana.it\/it\/idee-in-cammino\/#primaryimage\"},\"thumbnailUrl\":\"https:\/\/www.intoscana.it\/wp-content\/uploads\/Presentazione-progetto-Idee-in-cammino.jpeg\",\"datePublished\":\"2024-11-20T14:56:41+00:00\",\"author\":{\"@id\":\"https:\/\/www.intoscana.it\/it\/#\/schema\/person\/333569b367b301e30262defcea56c939\"},\"description\":\"Il progetto si articola in quattro giornate che si terranno all'Istituto degli Innocenti. La presentazione in occasione della Giornata internazionale dei diritti dell\u2019infanzia e dell\u2019adolescenza\",\"breadcrumb\":{\"@id\":\"https:\/\/www.intoscana.it\/it\/idee-in-cammino\/#breadcrumb\"},\"inLanguage\":\"it-IT\",\"potentialAction\":[{\"@type\":\"ReadAction\",\"target\":[\"https:\/\/www.intoscana.it\/it\/idee-in-cammino\/\"]}]},{\"@type\":\"ImageObject\",\"inLanguage\":\"it-IT\",\"@id\":\"https:\/\/www.intoscana.it\/it\/idee-in-cammino\/#primaryimage\",\"url\":\"https:\/\/www.intoscana.it\/wp-content\/uploads\/Presentazione-progetto-Idee-in-cammino.jpeg\",\"contentUrl\":\"https:\/\/www.intoscana.it\/wp-content\/uploads\/Presentazione-progetto-Idee-in-cammino.jpeg\",\"width\":2048,\"height\":1536,\"caption\":\"Presentazione progetto Idee in cammino\"},{\"@type\":\"BreadcrumbList\",\"@id\":\"https:\/\/www.intoscana.it\/it\/idee-in-cammino\/#breadcrumb\",\"itemListElement\":[{\"@type\":\"ListItem\",\"position\":1,\"name\":\"Home\",\"item\":\"https:\/\/www.intoscana.it\/it\/\"},{\"@type\":\"ListItem\",\"position\":2,\"name\":\"Idee in cammino, il progetto che mette insieme tutti coloro che si occupano d&#8217;infanzia e adolescenza\"}]},{\"@type\":\"WebSite\",\"@id\":\"https:\/\/www.intoscana.it\/it\/#website\",\"url\":\"https:\/\/www.intoscana.it\/it\/\",\"name\":\"intoscana\",\"description\":\"\",\"potentialAction\":[{\"@type\":\"SearchAction\",\"target\":{\"@type\":\"EntryPoint\",\"urlTemplate\":\"https:\/\/www.intoscana.it\/it\/?s={search_term_string}\"},\"query-input\":{\"@type\":\"PropertyValueSpecification\",\"valueRequired\":true,\"valueName\":\"search_term_string\"}}],\"inLanguage\":\"it-IT\"},{\"@type\":\"Person\",\"@id\":\"https:\/\/www.intoscana.it\/it\/#\/schema\/person\/333569b367b301e30262defcea56c939\",\"name\":\"Giulia Rafanelli\",\"url\":\"https:\/\/www.intoscana.it\/it\/author\/giulia-rafanelli\/\"}]}<\/script>\n<!-- \/ Yoast SEO Premium plugin. -->","yoast_head_json":{"title":"Idee in cammino, il progetto che mette insieme tutti coloro che si occupano d'infanzia e adolescenza - intoscana","description":"Il progetto si articola in quattro giornate che si terranno all'Istituto degli Innocenti. La presentazione in occasione della Giornata internazionale dei diritti dell\u2019infanzia e dell\u2019adolescenza","robots":{"index":"index","follow":"follow","max-snippet":"max-snippet:-1","max-image-preview":"max-image-preview:large","max-video-preview":"max-video-preview:-1"},"canonical":"https:\/\/www.intoscana.it\/it\/idee-in-cammino\/","og_locale":"it_IT","og_type":"article","og_title":"Idee in cammino, il progetto che mette insieme tutti coloro che si occupano d'infanzia e adolescenza","og_description":"Il progetto si articola in quattro giornate che si terranno all'Istituto degli Innocenti. La presentazione in occasione della Giornata internazionale dei diritti dell\u2019infanzia e dell\u2019adolescenza","og_url":"https:\/\/www.intoscana.it\/it\/idee-in-cammino\/","og_site_name":"intoscana","article_publisher":"https:\/\/www.facebook.com\/intoscana.it","article_published_time":"2024-11-20T14:56:41+00:00","og_image":[{"width":2048,"height":1536,"url":"https:\/\/www.intoscana.it\/wp-content\/uploads\/Presentazione-progetto-Idee-in-cammino.jpeg","type":"image\/jpeg"}],"author":"Giulia Rafanelli","twitter_card":"summary_large_image","twitter_creator":"@intoscana","twitter_site":"@intoscana","twitter_misc":{"Written by":"Giulia Rafanelli","Est. reading time":"4 minuti"},"schema":{"@context":"https:\/\/schema.org","@graph":[{"@type":"WebPage","@id":"https:\/\/www.intoscana.it\/it\/idee-in-cammino\/","url":"https:\/\/www.intoscana.it\/it\/idee-in-cammino\/","name":"Idee in cammino, il progetto che mette insieme tutti coloro che si occupano d'infanzia e adolescenza - intoscana","isPartOf":{"@id":"https:\/\/www.intoscana.it\/it\/#website"},"primaryImageOfPage":{"@id":"https:\/\/www.intoscana.it\/it\/idee-in-cammino\/#primaryimage"},"image":{"@id":"https:\/\/www.intoscana.it\/it\/idee-in-cammino\/#primaryimage"},"thumbnailUrl":"https:\/\/www.intoscana.it\/wp-content\/uploads\/Presentazione-progetto-Idee-in-cammino.jpeg","datePublished":"2024-11-20T14:56:41+00:00","author":{"@id":"https:\/\/www.intoscana.it\/it\/#\/schema\/person\/333569b367b301e30262defcea56c939"},"description":"Il progetto si articola in quattro giornate che si terranno all'Istituto degli Innocenti. La presentazione in occasione della Giornata internazionale dei diritti dell\u2019infanzia e dell\u2019adolescenza","breadcrumb":{"@id":"https:\/\/www.intoscana.it\/it\/idee-in-cammino\/#breadcrumb"},"inLanguage":"it-IT","potentialAction":[{"@type":"ReadAction","target":["https:\/\/www.intoscana.it\/it\/idee-in-cammino\/"]}]},{"@type":"ImageObject","inLanguage":"it-IT","@id":"https:\/\/www.intoscana.it\/it\/idee-in-cammino\/#primaryimage","url":"https:\/\/www.intoscana.it\/wp-content\/uploads\/Presentazione-progetto-Idee-in-cammino.jpeg","contentUrl":"https:\/\/www.intoscana.it\/wp-content\/uploads\/Presentazione-progetto-Idee-in-cammino.jpeg","width":2048,"height":1536,"caption":"Presentazione progetto Idee in cammino"},{"@type":"BreadcrumbList","@id":"https:\/\/www.intoscana.it\/it\/idee-in-cammino\/#breadcrumb","itemListElement":[{"@type":"ListItem","position":1,"name":"Home","item":"https:\/\/www.intoscana.it\/it\/"},{"@type":"ListItem","position":2,"name":"Idee in cammino, il progetto che mette insieme tutti coloro che si occupano d&#8217;infanzia e adolescenza"}]},{"@type":"WebSite","@id":"https:\/\/www.intoscana.it\/it\/#website","url":"https:\/\/www.intoscana.it\/it\/","name":"intoscana","description":"","potentialAction":[{"@type":"SearchAction","target":{"@type":"EntryPoint","urlTemplate":"https:\/\/www.intoscana.it\/it\/?s={search_term_string}"},"query-input":{"@type":"PropertyValueSpecification","valueRequired":true,"valueName":"search_term_string"}}],"inLanguage":"it-IT"},{"@type":"Person","@id":"https:\/\/www.intoscana.it\/it\/#\/schema\/person\/333569b367b301e30262defcea56c939","name":"Giulia Rafanelli","url":"https:\/\/www.intoscana.it\/it\/author\/giulia-rafanelli\/"}]}},"_links":{"self":[{"href":"https:\/\/www.intoscana.it\/it\/wp-json\/wp\/v2\/posts\/364992","targetHints":{"allow":["GET"]}}],"collection":[{"href":"https:\/\/www.intoscana.it\/it\/wp-json\/wp\/v2\/posts"}],"about":[{"href":"https:\/\/www.intoscana.it\/it\/wp-json\/wp\/v2\/types\/post"}],"author":[{"embeddable":true,"href":"https:\/\/www.intoscana.it\/it\/wp-json\/wp\/v2\/users\/503"}],"replies":[{"embeddable":true,"href":"https:\/\/www.intoscana.it\/it\/wp-json\/wp\/v2\/comments?post=364992"}],"version-history":[{"count":2,"href":"https:\/\/www.intoscana.it\/it\/wp-json\/wp\/v2\/posts\/364992\/revisions"}],"predecessor-version":[{"id":364995,"href":"https:\/\/www.intoscana.it\/it\/wp-json\/wp\/v2\/posts\/364992\/revisions\/364995"}],"wp:featuredmedia":[{"embeddable":true,"href":"https:\/\/www.intoscana.it\/it\/wp-json\/wp\/v2\/media\/364994"}],"wp:attachment":[{"href":"https:\/\/www.intoscana.it\/it\/wp-json\/wp\/v2\/media?parent=364992"}],"wp:term":[{"taxonomy":"category","embeddable":true,"href":"https:\/\/www.intoscana.it\/it\/wp-json\/wp\/v2\/categories?post=364992"},{"taxonomy":"post_tag","embeddable":true,"href":"https:\/\/www.intoscana.it\/it\/wp-json\/wp\/v2\/tags?post=364992"}],"curies":[{"name":"wp","href":"https:\/\/api.w.org\/{rel}","templated":true}]}}