{"id":365557,"date":"2024-11-25T14:40:17","date_gmt":"2024-11-25T13:40:17","guid":{"rendered":"https:\/\/www.intoscana.it\/it\/?p=365557"},"modified":"2024-11-28T10:25:24","modified_gmt":"2024-11-28T09:25:24","slug":"tramvia-duecentomilionesimo-passeggero","status":"publish","type":"post","link":"https:\/\/www.intoscana.it\/it\/tramvia-duecentomilionesimo-passeggero\/","title":{"rendered":"Tramvia dei record: trasportato il duecentomilionesimo passeggero"},"content":{"rendered":"<p>La tramvia di Firenze ha staccato il <strong>duecentomilionesimo <\/strong>biglietto<strong>.<\/strong> Sono stati infatti duecento milioni i passeggeri che hanno utilizzato il servizio nei 15 anni di attivit\u00e0 della tramvia.<\/p>\n<p>Un successo, quello della locomotiva da superficie, che \u00e8 riuscito a superare critiche e iniziali mal di pancia e che oggi \u00e8 apprezzato in modo trasversale da grandi e piccoli, residenti e non residenti. Nel mese di ottobre, fanno sapere da <strong>Gest <\/strong>(l&#8217;azienda italiana controllata dalla francese RATP Dev che gestisce la rete tranviaria di Firenze.), si \u00e8 registrato un vero e proprio <strong>boom<\/strong> per i passeggeri delle linee <strong>T1<\/strong> e <strong>T2<\/strong> della tramvia di Firenze. Al 31 ottobre sono saliti sul tram <strong>31.765.894 <\/strong>persone di cui <strong>20.730.318<\/strong> sulla T1 Villa Costanza-Careggi e i 11.035.576 sulla linea T2 Aeroporto-piazza dell&#8217;Unit\u00e0. Nei primi dieci mesi dello scorso anno i passeggeri erano stati in totale 28.490.108 con uno scarto di oltre 3,27 milioni. E la <mark>previsione per fine anno \u00e8 quella di superare i 38 milioni di passeggeri a fronte dei 35 milioni del 2023 <\/mark>.<\/p>\n<h3>Ottobre, il mese dei record<\/h3>\n<p>Nel mese di ottobre non solo \u00e8 salito sui Sirio il duecentomilionesimo passeggero ma per la prima volta sono stati <mark>superati i 4 milioni di passeggeri mensili (per la precisione 4.118.418) di cui oltre 2,6 milioni (2.666.555) sulla linea T1 <\/mark>. In generale, statistiche alla mano, \u00a0il numero dei passeggeri quest&#8217;anno \u00e8 sempre stato superiore in entrambe le linee e con una T2 in crescita in modo percentualmente pi\u00f9 consistente.<\/p>\n<h3>La sindaca Funaro: &#8220;La tramvia restituisce tempo alle persone&#8221;<\/h3>\n<p>&#8220;Investire nella tramvia per restituire tempo alle persone e migliorare la qualit\u00e0 della vita&#8221;, ha commentato la sindaca di Firenze <strong>Sara Funaro<\/strong> in un <a href=\"https:\/\/www.facebook.com\/sarafunarofirenze\/posts\/pfbid031CpfZveyJsquNwF9gybAMXmsfLQRvfe8q6Jw5Vvqewxk2ffvRXBpcFJTMUeR9n8Ul\">post<\/a> sulla propria pagina Facebook proprio in occasione del traguardo del duecentomilionesimo passeggero. &#8220;Questi numeri &#8211; ha scritto &#8211; sono la base del cambiamento in cui dobbiamo credere: una mobilit\u00e0 sempre pi\u00f9 pubblica, pi\u00f9 pulita e meno inquinante, a vantaggio di chi vive la citt\u00e0&#8221;<\/p>\n<h3>I numeri della tramvia<\/h3>\n<p><mark>I passeggeri si attestano su una media mensile di 3.176.589 tra linea T1 e T2 cos\u00ec suddivisi: 2.073.032 per la linea T1 e 1.103.558 per la linea T2 con un incremento medio di circa 11% rispetto agli stessi mesi del 2023 e del 14% rispetto agli stessi mesi del 2019 (pre-pandemia)<\/mark>. Per l&#8217;assessore alla mobilit\u00e0 di Palazzo Vecchio <strong>Andrea Giorgio<\/strong>, &#8220;questi numeri confermano una volta di pi\u00f9 che il tram piace e che viene molto utilizzato. La tramvia \u00e8 l&#8217;opera pi\u00f9 importante per la transizione ecologica della nostra citt\u00e0 e migliorer\u00e0 la vita delle persone&#8221;.<\/p>\n<p>E ha aggiunto: &#8220;Con l&#8217;entrata in servizio della <strong>VACS<\/strong> (ovvero la Variante Alternativa Centro Storico , la linea della tramvia che collegher\u00e0 la Fortezza da Basso a piazza San Marco, via piazza della Libert\u00e0, ndr) che collegher\u00e0 l&#8217;aeroporto oltre che alla stazione anche al cuore del centro storico questi numeri sono destinati ad aumentare ancora. E quando anche le altre linee saranno completate assisteremo a una vera e propria rivoluzione del modo di spostarci a Firenze e non solo&#8221;.<\/p>\n","protected":false},"excerpt":{"rendered":"<p>Boom di passeggeri registrati nel mese di ottobre, quando sono anche stati superati i 4 milioni di viaggiatori mensili. Gest: &#8220;Risultato straordinario visto il ridotto numero di chilometri della rete tranviaria in funzione&#8221;<\/p>\n","protected":false},"author":503,"featured_media":145766,"comment_status":"open","ping_status":"open","sticky":false,"template":"","format":"standard","meta":{"_acf_changed":false,"footnotes":""},"categories":[494],"tags":[202,4418,1438,1577,271],"class_list":["post-365557","post","type-post","status-publish","format-standard","has-post-thumbnail","hentry","category-attualita","tag-firenze","tag-infrastrutture","tag-mobilita-sostenibile","tag-muoversi-in-toscana","tag-tramvia"],"acf":[],"yoast_head":"<!-- This site is optimized with the Yoast SEO Premium plugin v24.2 (Yoast SEO v25.6) - https:\/\/yoast.com\/wordpress\/plugins\/seo\/ -->\n<title>Tramvia dei record: trasportato il duecentomilionesimo passeggero - intoscana<\/title>\n<meta name=\"description\" content=\"Boom di passeggeri registrati nel mese di ottobre, quando sono anche stati superati i 4 milioni di viaggiatori mensili\" \/>\n<meta name=\"robots\" content=\"index, follow, max-snippet:-1, max-image-preview:large, max-video-preview:-1\" \/>\n<link rel=\"canonical\" href=\"https:\/\/www.intoscana.it\/it\/tramvia-duecentomilionesimo-passeggero\/\" \/>\n<meta property=\"og:locale\" content=\"it_IT\" \/>\n<meta property=\"og:type\" content=\"article\" \/>\n<meta property=\"og:title\" content=\"Tramvia dei record: trasportato il duecentomilionesimo passeggero\" \/>\n<meta property=\"og:description\" content=\"Boom di passeggeri registrati nel mese di ottobre, quando sono anche stati superati i 4 milioni di viaggiatori mensili\" \/>\n<meta property=\"og:url\" content=\"https:\/\/www.intoscana.it\/it\/tramvia-duecentomilionesimo-passeggero\/\" \/>\n<meta property=\"og:site_name\" content=\"intoscana\" \/>\n<meta property=\"article:publisher\" content=\"https:\/\/www.facebook.com\/intoscana.it\" \/>\n<meta property=\"article:published_time\" content=\"2024-11-25T13:40:17+00:00\" \/>\n<meta property=\"article:modified_time\" content=\"2024-11-28T09:25:24+00:00\" \/>\n<meta property=\"og:image\" content=\"https:\/\/www.intoscana.it\/wp-content\/uploads\/78896283_2659610530761672_2246778133627797504_o.jpg\" \/>\n\t<meta property=\"og:image:width\" content=\"1914\" \/>\n\t<meta property=\"og:image:height\" content=\"1436\" \/>\n\t<meta property=\"og:image:type\" content=\"image\/jpeg\" \/>\n<meta name=\"author\" content=\"Giulia Rafanelli\" \/>\n<meta name=\"twitter:card\" content=\"summary_large_image\" \/>\n<meta name=\"twitter:creator\" content=\"@intoscana\" \/>\n<meta name=\"twitter:site\" content=\"@intoscana\" \/>\n<meta name=\"twitter:label1\" content=\"Written by\" \/>\n\t<meta name=\"twitter:data1\" content=\"Giulia Rafanelli\" \/>\n\t<meta name=\"twitter:label2\" content=\"Est. reading time\" \/>\n\t<meta name=\"twitter:data2\" content=\"3 minuti\" \/>\n<script type=\"application\/ld+json\" class=\"yoast-schema-graph\">{\"@context\":\"https:\/\/schema.org\",\"@graph\":[{\"@type\":\"WebPage\",\"@id\":\"https:\/\/www.intoscana.it\/it\/tramvia-duecentomilionesimo-passeggero\/\",\"url\":\"https:\/\/www.intoscana.it\/it\/tramvia-duecentomilionesimo-passeggero\/\",\"name\":\"Tramvia dei record: trasportato il duecentomilionesimo passeggero - intoscana\",\"isPartOf\":{\"@id\":\"https:\/\/www.intoscana.it\/it\/#website\"},\"primaryImageOfPage\":{\"@id\":\"https:\/\/www.intoscana.it\/it\/tramvia-duecentomilionesimo-passeggero\/#primaryimage\"},\"image\":{\"@id\":\"https:\/\/www.intoscana.it\/it\/tramvia-duecentomilionesimo-passeggero\/#primaryimage\"},\"thumbnailUrl\":\"https:\/\/www.intoscana.it\/wp-content\/uploads\/78896283_2659610530761672_2246778133627797504_o.jpg\",\"datePublished\":\"2024-11-25T13:40:17+00:00\",\"dateModified\":\"2024-11-28T09:25:24+00:00\",\"author\":{\"@id\":\"https:\/\/www.intoscana.it\/it\/#\/schema\/person\/333569b367b301e30262defcea56c939\"},\"description\":\"Boom di passeggeri registrati nel mese di ottobre, quando sono anche stati superati i 4 milioni di viaggiatori mensili\",\"breadcrumb\":{\"@id\":\"https:\/\/www.intoscana.it\/it\/tramvia-duecentomilionesimo-passeggero\/#breadcrumb\"},\"inLanguage\":\"it-IT\",\"potentialAction\":[{\"@type\":\"ReadAction\",\"target\":[\"https:\/\/www.intoscana.it\/it\/tramvia-duecentomilionesimo-passeggero\/\"]}]},{\"@type\":\"ImageObject\",\"inLanguage\":\"it-IT\",\"@id\":\"https:\/\/www.intoscana.it\/it\/tramvia-duecentomilionesimo-passeggero\/#primaryimage\",\"url\":\"https:\/\/www.intoscana.it\/wp-content\/uploads\/78896283_2659610530761672_2246778133627797504_o.jpg\",\"contentUrl\":\"https:\/\/www.intoscana.it\/wp-content\/uploads\/78896283_2659610530761672_2246778133627797504_o.jpg\",\"width\":1914,\"height\":1436},{\"@type\":\"BreadcrumbList\",\"@id\":\"https:\/\/www.intoscana.it\/it\/tramvia-duecentomilionesimo-passeggero\/#breadcrumb\",\"itemListElement\":[{\"@type\":\"ListItem\",\"position\":1,\"name\":\"Home\",\"item\":\"https:\/\/www.intoscana.it\/it\/\"},{\"@type\":\"ListItem\",\"position\":2,\"name\":\"Tramvia dei record: trasportato il duecentomilionesimo passeggero\"}]},{\"@type\":\"WebSite\",\"@id\":\"https:\/\/www.intoscana.it\/it\/#website\",\"url\":\"https:\/\/www.intoscana.it\/it\/\",\"name\":\"intoscana\",\"description\":\"\",\"potentialAction\":[{\"@type\":\"SearchAction\",\"target\":{\"@type\":\"EntryPoint\",\"urlTemplate\":\"https:\/\/www.intoscana.it\/it\/?s={search_term_string}\"},\"query-input\":{\"@type\":\"PropertyValueSpecification\",\"valueRequired\":true,\"valueName\":\"search_term_string\"}}],\"inLanguage\":\"it-IT\"},{\"@type\":\"Person\",\"@id\":\"https:\/\/www.intoscana.it\/it\/#\/schema\/person\/333569b367b301e30262defcea56c939\",\"name\":\"Giulia Rafanelli\",\"url\":\"https:\/\/www.intoscana.it\/it\/author\/giulia-rafanelli\/\"}]}<\/script>\n<!-- \/ Yoast SEO Premium plugin. -->","yoast_head_json":{"title":"Tramvia dei record: trasportato il duecentomilionesimo passeggero - intoscana","description":"Boom di passeggeri registrati nel mese di ottobre, quando sono anche stati superati i 4 milioni di viaggiatori mensili","robots":{"index":"index","follow":"follow","max-snippet":"max-snippet:-1","max-image-preview":"max-image-preview:large","max-video-preview":"max-video-preview:-1"},"canonical":"https:\/\/www.intoscana.it\/it\/tramvia-duecentomilionesimo-passeggero\/","og_locale":"it_IT","og_type":"article","og_title":"Tramvia dei record: trasportato il duecentomilionesimo passeggero","og_description":"Boom di passeggeri registrati nel mese di ottobre, quando sono anche stati superati i 4 milioni di viaggiatori mensili","og_url":"https:\/\/www.intoscana.it\/it\/tramvia-duecentomilionesimo-passeggero\/","og_site_name":"intoscana","article_publisher":"https:\/\/www.facebook.com\/intoscana.it","article_published_time":"2024-11-25T13:40:17+00:00","article_modified_time":"2024-11-28T09:25:24+00:00","og_image":[{"width":1914,"height":1436,"url":"https:\/\/www.intoscana.it\/wp-content\/uploads\/78896283_2659610530761672_2246778133627797504_o.jpg","type":"image\/jpeg"}],"author":"Giulia Rafanelli","twitter_card":"summary_large_image","twitter_creator":"@intoscana","twitter_site":"@intoscana","twitter_misc":{"Written by":"Giulia Rafanelli","Est. reading time":"3 minuti"},"schema":{"@context":"https:\/\/schema.org","@graph":[{"@type":"WebPage","@id":"https:\/\/www.intoscana.it\/it\/tramvia-duecentomilionesimo-passeggero\/","url":"https:\/\/www.intoscana.it\/it\/tramvia-duecentomilionesimo-passeggero\/","name":"Tramvia dei record: trasportato il duecentomilionesimo passeggero - intoscana","isPartOf":{"@id":"https:\/\/www.intoscana.it\/it\/#website"},"primaryImageOfPage":{"@id":"https:\/\/www.intoscana.it\/it\/tramvia-duecentomilionesimo-passeggero\/#primaryimage"},"image":{"@id":"https:\/\/www.intoscana.it\/it\/tramvia-duecentomilionesimo-passeggero\/#primaryimage"},"thumbnailUrl":"https:\/\/www.intoscana.it\/wp-content\/uploads\/78896283_2659610530761672_2246778133627797504_o.jpg","datePublished":"2024-11-25T13:40:17+00:00","dateModified":"2024-11-28T09:25:24+00:00","author":{"@id":"https:\/\/www.intoscana.it\/it\/#\/schema\/person\/333569b367b301e30262defcea56c939"},"description":"Boom di passeggeri registrati nel mese di ottobre, quando sono anche stati superati i 4 milioni di viaggiatori mensili","breadcrumb":{"@id":"https:\/\/www.intoscana.it\/it\/tramvia-duecentomilionesimo-passeggero\/#breadcrumb"},"inLanguage":"it-IT","potentialAction":[{"@type":"ReadAction","target":["https:\/\/www.intoscana.it\/it\/tramvia-duecentomilionesimo-passeggero\/"]}]},{"@type":"ImageObject","inLanguage":"it-IT","@id":"https:\/\/www.intoscana.it\/it\/tramvia-duecentomilionesimo-passeggero\/#primaryimage","url":"https:\/\/www.intoscana.it\/wp-content\/uploads\/78896283_2659610530761672_2246778133627797504_o.jpg","contentUrl":"https:\/\/www.intoscana.it\/wp-content\/uploads\/78896283_2659610530761672_2246778133627797504_o.jpg","width":1914,"height":1436},{"@type":"BreadcrumbList","@id":"https:\/\/www.intoscana.it\/it\/tramvia-duecentomilionesimo-passeggero\/#breadcrumb","itemListElement":[{"@type":"ListItem","position":1,"name":"Home","item":"https:\/\/www.intoscana.it\/it\/"},{"@type":"ListItem","position":2,"name":"Tramvia dei record: trasportato il duecentomilionesimo passeggero"}]},{"@type":"WebSite","@id":"https:\/\/www.intoscana.it\/it\/#website","url":"https:\/\/www.intoscana.it\/it\/","name":"intoscana","description":"","potentialAction":[{"@type":"SearchAction","target":{"@type":"EntryPoint","urlTemplate":"https:\/\/www.intoscana.it\/it\/?s={search_term_string}"},"query-input":{"@type":"PropertyValueSpecification","valueRequired":true,"valueName":"search_term_string"}}],"inLanguage":"it-IT"},{"@type":"Person","@id":"https:\/\/www.intoscana.it\/it\/#\/schema\/person\/333569b367b301e30262defcea56c939","name":"Giulia Rafanelli","url":"https:\/\/www.intoscana.it\/it\/author\/giulia-rafanelli\/"}]}},"_links":{"self":[{"href":"https:\/\/www.intoscana.it\/it\/wp-json\/wp\/v2\/posts\/365557","targetHints":{"allow":["GET"]}}],"collection":[{"href":"https:\/\/www.intoscana.it\/it\/wp-json\/wp\/v2\/posts"}],"about":[{"href":"https:\/\/www.intoscana.it\/it\/wp-json\/wp\/v2\/types\/post"}],"author":[{"embeddable":true,"href":"https:\/\/www.intoscana.it\/it\/wp-json\/wp\/v2\/users\/503"}],"replies":[{"embeddable":true,"href":"https:\/\/www.intoscana.it\/it\/wp-json\/wp\/v2\/comments?post=365557"}],"version-history":[{"count":2,"href":"https:\/\/www.intoscana.it\/it\/wp-json\/wp\/v2\/posts\/365557\/revisions"}],"predecessor-version":[{"id":366021,"href":"https:\/\/www.intoscana.it\/it\/wp-json\/wp\/v2\/posts\/365557\/revisions\/366021"}],"wp:featuredmedia":[{"embeddable":true,"href":"https:\/\/www.intoscana.it\/it\/wp-json\/wp\/v2\/media\/145766"}],"wp:attachment":[{"href":"https:\/\/www.intoscana.it\/it\/wp-json\/wp\/v2\/media?parent=365557"}],"wp:term":[{"taxonomy":"category","embeddable":true,"href":"https:\/\/www.intoscana.it\/it\/wp-json\/wp\/v2\/categories?post=365557"},{"taxonomy":"post_tag","embeddable":true,"href":"https:\/\/www.intoscana.it\/it\/wp-json\/wp\/v2\/tags?post=365557"}],"curies":[{"name":"wp","href":"https:\/\/api.w.org\/{rel}","templated":true}]}}