{"id":365600,"date":"2024-11-25T16:44:34","date_gmt":"2024-11-25T15:44:34","guid":{"rendered":"https:\/\/www.intoscana.it\/it\/?p=365600"},"modified":"2024-11-25T16:44:34","modified_gmt":"2024-11-25T15:44:34","slug":"ascolto-e-partecipazione-la-toscana-si-mobilita-contro-la-violenza-di-genere","status":"publish","type":"post","link":"https:\/\/www.intoscana.it\/it\/ascolto-e-partecipazione-la-toscana-si-mobilita-contro-la-violenza-di-genere\/","title":{"rendered":"Ascolto e partecipazione, la Toscana si mobilita contro la violenza di genere"},"content":{"rendered":"<div class=\"clearfix text-formatted field field--name-field-testo-nodo field--type-text-long field--label-hidden field__items\">\n<p>Un punto di ascolto antiviolenza all&#8217;interno dell&#8217;Universit\u00e0 di Siena e un&#8217;indagine interna per valutare la sicurezza e il benessere degli ambienti universitari: sono solo alcune delle iniziative che hanno preso il via il 25 novembre, in occasione della Giornata contro la violenza sulle donne.<\/p>\n<h3><em>L&#8217;indagine dell&#8217;Universit\u00e0 di Firenze<\/em><\/h3>\n<p>L&#8217;indagine, presentata dalla delegata all\u2019inclusione e diversit\u00e0 dell&#8217;ateneo fiorentino <strong>Maria Paola Monaco<\/strong>, \u00e8 stata rivolta a studentesse e studenti dei corsi di laurea, master, scuole di specializzazione, corsi di perfezionamento, di aggiornamento e corsi singoli. <mark>Al questionario hanno risposto 804 iscritti, per il 71% donne e per il 53% nella classe di et\u00e0 22-25 anni.<\/mark> Le domande riguardavano il gradimento dell\u2019ambiente di studio, la percezione di sicurezza negli spazi universitari, le azioni a favore dell\u2019inclusione e per il contrasto alle discriminazioni.<\/p>\n<p>Le risposte restituiscono una percezione positiva del benessere negli ambienti dei corsi di studio: ben pi\u00f9 della met\u00e0 degli interpellati riferisce di un contesto di studio sereno, qualche difficolt\u00e0 emerge sulla sostenibilit\u00e0 dei ritmi di studio. <mark>Tra i risultati dell\u2019indagine emerge che il 77% degli studenti si sente sicuro all\u2019interno degli ambienti universitari.<\/mark><\/p>\n<p>Una minima percentuale ha riferito di <strong>vessazioni di carattere psicologico<\/strong> e legato al genere, spesso in abbinamento con altre fattispecie di discriminazione (et\u00e0, etnia, status socio-economico, politica). Tuttavia, spiegano dall&#8217;Ateneo,\u00a0 molti degli episodi non sono stati segnalati, soprattutto per timore di ritorsioni, per scarsa fiducia nelle autorit\u00e0 o per scarsa conoscenza dei meccanismi di segnalazione.<mark> Circa il 17% di chi ha compilato il questionario si \u00e8 detto a conoscenza delle attivit\u00e0 promosse dall\u2019Ateneo per contrastare discriminazioni e violenze.<\/mark><\/p>\n<p>\u201cDall\u2019indagine \u2013 ha commentato la\u00a0<strong>rettrice Alessandra Petrucci<\/strong>\u00a0\u2013 \u00e8 emersa la necessit\u00e0 di promuovere maggiormente presso le nostre studentesse e i nostri studenti le azioni\u00a0messe in campo dall\u2019Ateneo nei confronti di\u00a0discriminazioni e molestie, a testimonianza di un\u2019attenzione che non nasce da oggi e non si conclude con questa iniziativa\u201d.<\/p>\n<p>L\u2019<strong>Universit\u00e0 di Firenze<\/strong> ha approvato infatti nel 2023 un regolamento per la prevenzione e il contrasto delle discriminazioni e delle molestie nei luoghi di lavoro e di studio. Nel marzo di quest\u2019anno \u00e8 stata nominata la <a href=\"https:\/\/unifinclude.unifi.it\/vp-101-la-consigliera-di-fiducia.html\" target=\"_blank\" rel=\"noopener noreferrer\">consigliera di fiducia<\/a> dell\u2019Ateneo, con il compito di assistere chi ritiene di essere vittima di molestie garantendone l\u2019anonimato, verificare la fondatezza delle segnalazioni e decidere di intraprendere procedure formali o informali. Attivo presso l\u2019Ateneo e recentemente potenziato \u00e8 anche <mark>il Centro di Servizi di Consulenza Psicologica, Psicoterapia e Psicologia Clinica<\/mark> (<a href=\"https:\/\/www.consulenzapsicologica.unifi.it\/\" target=\"_blank\" rel=\"noopener noreferrer\">CeCoPs<\/a>), che propone interventi di consulenza e di promozione volti alla gestione di difficolt\u00e0 personali e relazionali.<\/p>\n<p>Anche l&#8217;<strong>Universit\u00e0 di Siena<\/strong>, presso \u00a0il presidio di San Francesco, si doter\u00e0 di un <mark>Punto di ascolto antiviolenza dell\u2019Universit\u00e0 di Siena, frutto di un accordo tra l&#8217;Ateneo a e il Centro anti Violenza &#8220;Donna chiama Donna&#8221;<\/mark> e sar\u00e0 a disposizione di tutta la Comunit\u00e0 universitaria.<\/p>\n<h3><em>Il camper rosa della Polizia di Stato<\/em><\/h3>\n<p>La <strong>Polizia di stato<\/strong> percorre il centro storico di Firenze con il camper rosa, dove al suo interno tutte e tutti portranno trovare opuscoli e informazioni da parte degli agenti. <mark>Nel materiale informativo sono riportati i numeri del 1522, la consulenza anti violenza e stalking, e il 112, numero di emergenza unico europeo. Sempre nell&#8217;opuscolo si trovano informazioni su reati come stalking e revenge porn.<\/mark><\/p>\n<p>&#8220;La violenza contro le donne \u00e8 un triste fenomeno &#8211; ha detto il questore di Firenze <strong>Maurizio Auriemma<\/strong> -. Il nostro messaggio \u00e8 dire che noi ci siamo. Abbiamo registrato un aumento di segnalazioni alle forze di polizia, significa che il sommerso sta uscendo fuori, significa che le persone vengono da noi e ci raccontano quello che avviene&#8221;.<\/p>\n<\/div>\n<div class=\"news__date\">\n<p style=\"font-weight: 400;\">\n<\/div>\n","protected":false},"excerpt":{"rendered":"<p>Universit\u00e0 in prima linea, con punti di ascolto e consulenze per studentesse e studenti. A Firenze, il camper rosa della Polizia con gli agenti a dare informazioni<\/p>\n","protected":false},"author":525,"featured_media":73455,"comment_status":"open","ping_status":"open","sticky":false,"template":"","format":"standard","meta":{"_acf_changed":false,"footnotes":""},"categories":[494],"tags":[411,6426],"class_list":["post-365600","post","type-post","status-publish","format-standard","has-post-thumbnail","hentry","category-attualita","tag-donne","tag-violenza"],"acf":[],"yoast_head":"<!-- This site is optimized with the Yoast SEO Premium plugin v24.2 (Yoast SEO v25.6) - https:\/\/yoast.com\/wordpress\/plugins\/seo\/ -->\n<title>Ascolto e partecipazione, la Toscana si mobilita contro la violenza di genere - intoscana<\/title>\n<meta name=\"description\" content=\"Universit\u00e0 in prima linea, con punti di ascolto e consulenze per studentesse e studenti. A Firenze, il camper rosa della Polizia con gli agenti a dare informazioni\" \/>\n<meta name=\"robots\" content=\"index, follow, max-snippet:-1, max-image-preview:large, max-video-preview:-1\" \/>\n<link rel=\"canonical\" href=\"https:\/\/www.intoscana.it\/it\/ascolto-e-partecipazione-la-toscana-si-mobilita-contro-la-violenza-di-genere\/\" \/>\n<meta property=\"og:locale\" content=\"it_IT\" \/>\n<meta property=\"og:type\" content=\"article\" \/>\n<meta property=\"og:title\" content=\"Ascolto e partecipazione, la Toscana si mobilita contro la violenza di genere\" \/>\n<meta property=\"og:description\" content=\"Universit\u00e0 in prima linea, con punti di ascolto e consulenze per studentesse e studenti. A Firenze, il camper rosa della Polizia con gli agenti a dare informazioni\" \/>\n<meta property=\"og:url\" content=\"https:\/\/www.intoscana.it\/it\/ascolto-e-partecipazione-la-toscana-si-mobilita-contro-la-violenza-di-genere\/\" \/>\n<meta property=\"og:site_name\" content=\"intoscana\" \/>\n<meta property=\"article:publisher\" content=\"https:\/\/www.facebook.com\/intoscana.it\" \/>\n<meta property=\"article:published_time\" content=\"2024-11-25T15:44:34+00:00\" \/>\n<meta property=\"og:image\" content=\"https:\/\/www.intoscana.it\/wp-content\/uploads\/rubina-1.jpg\" \/>\n\t<meta property=\"og:image:width\" content=\"893\" \/>\n\t<meta property=\"og:image:height\" content=\"594\" \/>\n\t<meta property=\"og:image:type\" content=\"image\/jpeg\" \/>\n<meta name=\"author\" content=\"Redazione\" \/>\n<meta name=\"twitter:card\" content=\"summary_large_image\" \/>\n<meta name=\"twitter:creator\" content=\"@intoscana\" \/>\n<meta name=\"twitter:site\" content=\"@intoscana\" \/>\n<meta name=\"twitter:label1\" content=\"Written by\" \/>\n\t<meta name=\"twitter:data1\" content=\"Redazione\" \/>\n\t<meta name=\"twitter:label2\" content=\"Est. reading time\" \/>\n\t<meta name=\"twitter:data2\" content=\"4 minuti\" \/>\n<script type=\"application\/ld+json\" class=\"yoast-schema-graph\">{\"@context\":\"https:\/\/schema.org\",\"@graph\":[{\"@type\":\"WebPage\",\"@id\":\"https:\/\/www.intoscana.it\/it\/ascolto-e-partecipazione-la-toscana-si-mobilita-contro-la-violenza-di-genere\/\",\"url\":\"https:\/\/www.intoscana.it\/it\/ascolto-e-partecipazione-la-toscana-si-mobilita-contro-la-violenza-di-genere\/\",\"name\":\"Ascolto e partecipazione, la Toscana si mobilita contro la violenza di genere - intoscana\",\"isPartOf\":{\"@id\":\"https:\/\/www.intoscana.it\/it\/#website\"},\"primaryImageOfPage\":{\"@id\":\"https:\/\/www.intoscana.it\/it\/ascolto-e-partecipazione-la-toscana-si-mobilita-contro-la-violenza-di-genere\/#primaryimage\"},\"image\":{\"@id\":\"https:\/\/www.intoscana.it\/it\/ascolto-e-partecipazione-la-toscana-si-mobilita-contro-la-violenza-di-genere\/#primaryimage\"},\"thumbnailUrl\":\"https:\/\/www.intoscana.it\/wp-content\/uploads\/rubina-1.jpg\",\"datePublished\":\"2024-11-25T15:44:34+00:00\",\"author\":{\"@id\":\"https:\/\/www.intoscana.it\/it\/#\/schema\/person\/9223810753230f20bd670fdd322661f8\"},\"description\":\"Universit\u00e0 in prima linea, con punti di ascolto e consulenze per studentesse e studenti. A Firenze, il camper rosa della Polizia con gli agenti a dare informazioni\",\"breadcrumb\":{\"@id\":\"https:\/\/www.intoscana.it\/it\/ascolto-e-partecipazione-la-toscana-si-mobilita-contro-la-violenza-di-genere\/#breadcrumb\"},\"inLanguage\":\"it-IT\",\"potentialAction\":[{\"@type\":\"ReadAction\",\"target\":[\"https:\/\/www.intoscana.it\/it\/ascolto-e-partecipazione-la-toscana-si-mobilita-contro-la-violenza-di-genere\/\"]}]},{\"@type\":\"ImageObject\",\"inLanguage\":\"it-IT\",\"@id\":\"https:\/\/www.intoscana.it\/it\/ascolto-e-partecipazione-la-toscana-si-mobilita-contro-la-violenza-di-genere\/#primaryimage\",\"url\":\"https:\/\/www.intoscana.it\/wp-content\/uploads\/rubina-1.jpg\",\"contentUrl\":\"https:\/\/www.intoscana.it\/wp-content\/uploads\/rubina-1.jpg\",\"width\":893,\"height\":594},{\"@type\":\"BreadcrumbList\",\"@id\":\"https:\/\/www.intoscana.it\/it\/ascolto-e-partecipazione-la-toscana-si-mobilita-contro-la-violenza-di-genere\/#breadcrumb\",\"itemListElement\":[{\"@type\":\"ListItem\",\"position\":1,\"name\":\"Home\",\"item\":\"https:\/\/www.intoscana.it\/it\/\"},{\"@type\":\"ListItem\",\"position\":2,\"name\":\"Ascolto e partecipazione, la Toscana si mobilita contro la violenza di genere\"}]},{\"@type\":\"WebSite\",\"@id\":\"https:\/\/www.intoscana.it\/it\/#website\",\"url\":\"https:\/\/www.intoscana.it\/it\/\",\"name\":\"intoscana\",\"description\":\"\",\"potentialAction\":[{\"@type\":\"SearchAction\",\"target\":{\"@type\":\"EntryPoint\",\"urlTemplate\":\"https:\/\/www.intoscana.it\/it\/?s={search_term_string}\"},\"query-input\":{\"@type\":\"PropertyValueSpecification\",\"valueRequired\":true,\"valueName\":\"search_term_string\"}}],\"inLanguage\":\"it-IT\"},{\"@type\":\"Person\",\"@id\":\"https:\/\/www.intoscana.it\/it\/#\/schema\/person\/9223810753230f20bd670fdd322661f8\",\"name\":\"Redazione\",\"url\":\"https:\/\/www.intoscana.it\/it\/author\/redazione\/\"}]}<\/script>\n<!-- \/ Yoast SEO Premium plugin. -->","yoast_head_json":{"title":"Ascolto e partecipazione, la Toscana si mobilita contro la violenza di genere - intoscana","description":"Universit\u00e0 in prima linea, con punti di ascolto e consulenze per studentesse e studenti. A Firenze, il camper rosa della Polizia con gli agenti a dare informazioni","robots":{"index":"index","follow":"follow","max-snippet":"max-snippet:-1","max-image-preview":"max-image-preview:large","max-video-preview":"max-video-preview:-1"},"canonical":"https:\/\/www.intoscana.it\/it\/ascolto-e-partecipazione-la-toscana-si-mobilita-contro-la-violenza-di-genere\/","og_locale":"it_IT","og_type":"article","og_title":"Ascolto e partecipazione, la Toscana si mobilita contro la violenza di genere","og_description":"Universit\u00e0 in prima linea, con punti di ascolto e consulenze per studentesse e studenti. A Firenze, il camper rosa della Polizia con gli agenti a dare informazioni","og_url":"https:\/\/www.intoscana.it\/it\/ascolto-e-partecipazione-la-toscana-si-mobilita-contro-la-violenza-di-genere\/","og_site_name":"intoscana","article_publisher":"https:\/\/www.facebook.com\/intoscana.it","article_published_time":"2024-11-25T15:44:34+00:00","og_image":[{"width":893,"height":594,"url":"https:\/\/www.intoscana.it\/wp-content\/uploads\/rubina-1.jpg","type":"image\/jpeg"}],"author":"Redazione","twitter_card":"summary_large_image","twitter_creator":"@intoscana","twitter_site":"@intoscana","twitter_misc":{"Written by":"Redazione","Est. reading time":"4 minuti"},"schema":{"@context":"https:\/\/schema.org","@graph":[{"@type":"WebPage","@id":"https:\/\/www.intoscana.it\/it\/ascolto-e-partecipazione-la-toscana-si-mobilita-contro-la-violenza-di-genere\/","url":"https:\/\/www.intoscana.it\/it\/ascolto-e-partecipazione-la-toscana-si-mobilita-contro-la-violenza-di-genere\/","name":"Ascolto e partecipazione, la Toscana si mobilita contro la violenza di genere - intoscana","isPartOf":{"@id":"https:\/\/www.intoscana.it\/it\/#website"},"primaryImageOfPage":{"@id":"https:\/\/www.intoscana.it\/it\/ascolto-e-partecipazione-la-toscana-si-mobilita-contro-la-violenza-di-genere\/#primaryimage"},"image":{"@id":"https:\/\/www.intoscana.it\/it\/ascolto-e-partecipazione-la-toscana-si-mobilita-contro-la-violenza-di-genere\/#primaryimage"},"thumbnailUrl":"https:\/\/www.intoscana.it\/wp-content\/uploads\/rubina-1.jpg","datePublished":"2024-11-25T15:44:34+00:00","author":{"@id":"https:\/\/www.intoscana.it\/it\/#\/schema\/person\/9223810753230f20bd670fdd322661f8"},"description":"Universit\u00e0 in prima linea, con punti di ascolto e consulenze per studentesse e studenti. A Firenze, il camper rosa della Polizia con gli agenti a dare informazioni","breadcrumb":{"@id":"https:\/\/www.intoscana.it\/it\/ascolto-e-partecipazione-la-toscana-si-mobilita-contro-la-violenza-di-genere\/#breadcrumb"},"inLanguage":"it-IT","potentialAction":[{"@type":"ReadAction","target":["https:\/\/www.intoscana.it\/it\/ascolto-e-partecipazione-la-toscana-si-mobilita-contro-la-violenza-di-genere\/"]}]},{"@type":"ImageObject","inLanguage":"it-IT","@id":"https:\/\/www.intoscana.it\/it\/ascolto-e-partecipazione-la-toscana-si-mobilita-contro-la-violenza-di-genere\/#primaryimage","url":"https:\/\/www.intoscana.it\/wp-content\/uploads\/rubina-1.jpg","contentUrl":"https:\/\/www.intoscana.it\/wp-content\/uploads\/rubina-1.jpg","width":893,"height":594},{"@type":"BreadcrumbList","@id":"https:\/\/www.intoscana.it\/it\/ascolto-e-partecipazione-la-toscana-si-mobilita-contro-la-violenza-di-genere\/#breadcrumb","itemListElement":[{"@type":"ListItem","position":1,"name":"Home","item":"https:\/\/www.intoscana.it\/it\/"},{"@type":"ListItem","position":2,"name":"Ascolto e partecipazione, la Toscana si mobilita contro la violenza di genere"}]},{"@type":"WebSite","@id":"https:\/\/www.intoscana.it\/it\/#website","url":"https:\/\/www.intoscana.it\/it\/","name":"intoscana","description":"","potentialAction":[{"@type":"SearchAction","target":{"@type":"EntryPoint","urlTemplate":"https:\/\/www.intoscana.it\/it\/?s={search_term_string}"},"query-input":{"@type":"PropertyValueSpecification","valueRequired":true,"valueName":"search_term_string"}}],"inLanguage":"it-IT"},{"@type":"Person","@id":"https:\/\/www.intoscana.it\/it\/#\/schema\/person\/9223810753230f20bd670fdd322661f8","name":"Redazione","url":"https:\/\/www.intoscana.it\/it\/author\/redazione\/"}]}},"_links":{"self":[{"href":"https:\/\/www.intoscana.it\/it\/wp-json\/wp\/v2\/posts\/365600","targetHints":{"allow":["GET"]}}],"collection":[{"href":"https:\/\/www.intoscana.it\/it\/wp-json\/wp\/v2\/posts"}],"about":[{"href":"https:\/\/www.intoscana.it\/it\/wp-json\/wp\/v2\/types\/post"}],"author":[{"embeddable":true,"href":"https:\/\/www.intoscana.it\/it\/wp-json\/wp\/v2\/users\/525"}],"replies":[{"embeddable":true,"href":"https:\/\/www.intoscana.it\/it\/wp-json\/wp\/v2\/comments?post=365600"}],"version-history":[{"count":10,"href":"https:\/\/www.intoscana.it\/it\/wp-json\/wp\/v2\/posts\/365600\/revisions"}],"predecessor-version":[{"id":365615,"href":"https:\/\/www.intoscana.it\/it\/wp-json\/wp\/v2\/posts\/365600\/revisions\/365615"}],"wp:featuredmedia":[{"embeddable":true,"href":"https:\/\/www.intoscana.it\/it\/wp-json\/wp\/v2\/media\/73455"}],"wp:attachment":[{"href":"https:\/\/www.intoscana.it\/it\/wp-json\/wp\/v2\/media?parent=365600"}],"wp:term":[{"taxonomy":"category","embeddable":true,"href":"https:\/\/www.intoscana.it\/it\/wp-json\/wp\/v2\/categories?post=365600"},{"taxonomy":"post_tag","embeddable":true,"href":"https:\/\/www.intoscana.it\/it\/wp-json\/wp\/v2\/tags?post=365600"}],"curies":[{"name":"wp","href":"https:\/\/api.w.org\/{rel}","templated":true}]}}