{"id":365811,"date":"2024-11-27T12:01:16","date_gmt":"2024-11-27T11:01:16","guid":{"rendered":"https:\/\/www.intoscana.it\/it\/?p=365811"},"modified":"2024-11-27T12:01:16","modified_gmt":"2024-11-27T11:01:16","slug":"sabato-30-novembre-lattore-james-franco-al-cinema-alfieri-di-firenze-con-hey-joe","status":"publish","type":"post","link":"https:\/\/www.intoscana.it\/it\/sabato-30-novembre-lattore-james-franco-al-cinema-alfieri-di-firenze-con-hey-joe\/","title":{"rendered":"Sabato 30 novembre l&#8217;attore James Franco al cinema Alfieri di Firenze con &#8220;Hey Joe&#8221;"},"content":{"rendered":"<p><strong>Sabato 30 novembre<\/strong> l&#8217;attore <strong>James Franco<\/strong> insieme al regista<strong> Claudio Giovannesi<\/strong> presenteranno al <strong>cinema Spazio Alfieri di Firenz<\/strong>e il film<strong><em> &#8220;Hey Joe&#8221;<\/em> <\/strong>girato in Italia.<\/p>\n<p><strong>James Franco<\/strong>, attore e regista eclettico, si \u00e8 guadagnato una stella nella <strong>Walk of Fame sull\u2019Hollywood Boulevard,<\/strong> a Los Angeles, grazie ai suoi tanti ruoli di successo in film come <strong><em>Spider Man, 127 Ore<\/em> <\/strong>(che gli \u00e8 valso una nomination agli Oscar), passando per la commedia irriverent<strong>e<\/strong><strong><em> The Interview<\/em><\/strong> e il lato trasgressivo di <strong><em>Spring Breakers. <\/em><\/strong><\/p>\n<p>Franco, <strong>una delle personalit\u00e0 pi\u00f9 poliedriche di Hollywood<\/strong> torna sul grande schermo sotto la regia di<strong> Claudio Giovannesi.<\/strong><\/p>\n<p>Presentato alla Festa del Cinema di Roma,<strong><em> Hey Joe<\/em> ci porta nella Napoli del 1971<\/strong> dove fa ritorno <strong>Dean Barry,<\/strong> un veterano americano che durante la Seconda guerra mondiale ha avuto una relazione con una ragazza napoletana.<strong> L&#8217;uomo torna in Italia alla ricerca del figlio,<\/strong> nato da quella relazione, che non ha mai conosciuto.<\/p>\n<p>Dean vorrebbe recuperare venticinque anni di assenza, ma<strong> suo figlio ormai \u00e8 un giovane uomo, cresciuto nella malavita<\/strong> sotto la protezione di un boss del contrabbando e non dimostra alcun interesse per il padre americano.<\/p>\n<p>Splendidamente interpretato da <strong>un intenso, fragile e spaesato James Franco e da Francesco Di Napoli,<\/strong> il lungometraggio segna il ritorno dietro la macchina da presa di<strong> Claudio Giovannesi<\/strong>, cinque anni dopo <strong><em>La paranza dei bambini. <\/em><\/strong><\/p>\n<p>Dopo le borgate romane di <strong>Al\u00ec ha gli occhi azzurri<\/strong> e il carcere minorile di<strong><em> Fiore,<\/em> <\/strong>il regista romano torna a Napoli, dove aveva gi\u00e0 girato due episodi di <strong><em>Gomorra e La paranza dei bambini,<\/em><\/strong> interpretato sempre da Francesco Di Napoli.<\/p>\n<p>Giunto al quinto lungometraggio in quindici anni di attivit\u00e0, Claudio Giovannesi dimostra di essere <strong>uno dei talenti pi\u00f9 puri e maturi del cinema italiano<\/strong>.<\/p>\n<p><iframe loading=\"lazy\" title=\"YouTube video player\" src=\"https:\/\/www.youtube.com\/embed\/b2CZZbGrsJQ?si=GIAVUrlIlvPldIRL\" width=\"800\" height=\"450\" frameborder=\"0\" allowfullscreen=\"allowfullscreen\"><span data-mce-type=\"bookmark\" style=\"display: inline-block; width: 0px; overflow: hidden; line-height: 0;\" class=\"mce_SELRES_start\">\ufeff<\/span><\/iframe><\/p>\n<p>&nbsp;<\/p>\n","protected":false},"excerpt":{"rendered":"<p>Sabato 30 novembre, alle ore 21.30 allo Spazio Alfieri di Firenze si terr\u00e0 la proiezione di &#8220;Hey Joe&#8221; sar\u00e0 introdotta dall&#8217;attore James Franco e dal regista Claudio Giovannesi. Il film sar\u00e0 in sala da gioved\u00ec 28 novembre, alle ore 15.30 e 19.30<\/p>\n","protected":false},"author":525,"featured_media":365815,"comment_status":"open","ping_status":"open","sticky":false,"template":"","format":"standard","meta":{"_acf_changed":false,"footnotes":""},"categories":[493],"tags":[188,202,6405],"class_list":["post-365811","post","type-post","status-publish","format-standard","has-post-thumbnail","hentry","category-cultura","tag-cinema","tag-firenze","tag-spazio-alfieri"],"acf":[],"yoast_head":"<!-- This site is optimized with the Yoast SEO Premium plugin v24.2 (Yoast SEO v25.6) - https:\/\/yoast.com\/wordpress\/plugins\/seo\/ -->\n<title>Sabato 30 novembre l&#039;attore James Franco al cinema Alfieri di Firenze con &quot;Hey Joe&quot; - intoscana<\/title>\n<meta name=\"description\" content=\"Sabato 30 novembre, ore 21.30 allo Spazio Alfieri di Firenze si terr\u00e0 la proiezione di &quot;Hey Joe&quot; sar\u00e0 introdotta dall&#039;attore James Franco\" \/>\n<meta name=\"robots\" content=\"index, follow, max-snippet:-1, max-image-preview:large, max-video-preview:-1\" \/>\n<link rel=\"canonical\" href=\"https:\/\/www.intoscana.it\/it\/sabato-30-novembre-lattore-james-franco-al-cinema-alfieri-di-firenze-con-hey-joe\/\" \/>\n<meta property=\"og:locale\" content=\"it_IT\" \/>\n<meta property=\"og:type\" content=\"article\" \/>\n<meta property=\"og:title\" content=\"Sabato 30 novembre l&#039;attore James Franco al cinema Alfieri di Firenze con &quot;Hey Joe&quot;\" \/>\n<meta property=\"og:description\" content=\"Sabato 30 novembre, ore 21.30 allo Spazio Alfieri di Firenze si terr\u00e0 la proiezione di &quot;Hey Joe&quot; sar\u00e0 introdotta dall&#039;attore James Franco\" \/>\n<meta property=\"og:url\" content=\"https:\/\/www.intoscana.it\/it\/sabato-30-novembre-lattore-james-franco-al-cinema-alfieri-di-firenze-con-hey-joe\/\" \/>\n<meta property=\"og:site_name\" content=\"intoscana\" \/>\n<meta property=\"article:publisher\" content=\"https:\/\/www.facebook.com\/intoscana.it\" \/>\n<meta property=\"article:published_time\" content=\"2024-11-27T11:01:16+00:00\" \/>\n<meta property=\"og:image\" content=\"https:\/\/www.intoscana.it\/wp-content\/uploads\/HeyJoe_2.jpg\" \/>\n\t<meta property=\"og:image:width\" content=\"1280\" \/>\n\t<meta property=\"og:image:height\" content=\"720\" \/>\n\t<meta property=\"og:image:type\" content=\"image\/jpeg\" \/>\n<meta name=\"author\" content=\"Redazione\" \/>\n<meta name=\"twitter:card\" content=\"summary_large_image\" \/>\n<meta name=\"twitter:creator\" content=\"@intoscana\" \/>\n<meta name=\"twitter:site\" content=\"@intoscana\" \/>\n<meta name=\"twitter:label1\" content=\"Written by\" \/>\n\t<meta name=\"twitter:data1\" content=\"Redazione\" \/>\n\t<meta name=\"twitter:label2\" content=\"Est. reading time\" \/>\n\t<meta name=\"twitter:data2\" content=\"2 minuti\" \/>\n<script type=\"application\/ld+json\" class=\"yoast-schema-graph\">{\"@context\":\"https:\/\/schema.org\",\"@graph\":[{\"@type\":\"WebPage\",\"@id\":\"https:\/\/www.intoscana.it\/it\/sabato-30-novembre-lattore-james-franco-al-cinema-alfieri-di-firenze-con-hey-joe\/\",\"url\":\"https:\/\/www.intoscana.it\/it\/sabato-30-novembre-lattore-james-franco-al-cinema-alfieri-di-firenze-con-hey-joe\/\",\"name\":\"Sabato 30 novembre l'attore James Franco al cinema Alfieri di Firenze con \\\"Hey Joe\\\" - intoscana\",\"isPartOf\":{\"@id\":\"https:\/\/www.intoscana.it\/it\/#website\"},\"primaryImageOfPage\":{\"@id\":\"https:\/\/www.intoscana.it\/it\/sabato-30-novembre-lattore-james-franco-al-cinema-alfieri-di-firenze-con-hey-joe\/#primaryimage\"},\"image\":{\"@id\":\"https:\/\/www.intoscana.it\/it\/sabato-30-novembre-lattore-james-franco-al-cinema-alfieri-di-firenze-con-hey-joe\/#primaryimage\"},\"thumbnailUrl\":\"https:\/\/www.intoscana.it\/wp-content\/uploads\/HeyJoe_2.jpg\",\"datePublished\":\"2024-11-27T11:01:16+00:00\",\"author\":{\"@id\":\"https:\/\/www.intoscana.it\/it\/#\/schema\/person\/9223810753230f20bd670fdd322661f8\"},\"description\":\"Sabato 30 novembre, ore 21.30 allo Spazio Alfieri di Firenze si terr\u00e0 la proiezione di \\\"Hey Joe\\\" sar\u00e0 introdotta dall'attore James Franco\",\"breadcrumb\":{\"@id\":\"https:\/\/www.intoscana.it\/it\/sabato-30-novembre-lattore-james-franco-al-cinema-alfieri-di-firenze-con-hey-joe\/#breadcrumb\"},\"inLanguage\":\"it-IT\",\"potentialAction\":[{\"@type\":\"ReadAction\",\"target\":[\"https:\/\/www.intoscana.it\/it\/sabato-30-novembre-lattore-james-franco-al-cinema-alfieri-di-firenze-con-hey-joe\/\"]}]},{\"@type\":\"ImageObject\",\"inLanguage\":\"it-IT\",\"@id\":\"https:\/\/www.intoscana.it\/it\/sabato-30-novembre-lattore-james-franco-al-cinema-alfieri-di-firenze-con-hey-joe\/#primaryimage\",\"url\":\"https:\/\/www.intoscana.it\/wp-content\/uploads\/HeyJoe_2.jpg\",\"contentUrl\":\"https:\/\/www.intoscana.it\/wp-content\/uploads\/HeyJoe_2.jpg\",\"width\":1280,\"height\":720},{\"@type\":\"BreadcrumbList\",\"@id\":\"https:\/\/www.intoscana.it\/it\/sabato-30-novembre-lattore-james-franco-al-cinema-alfieri-di-firenze-con-hey-joe\/#breadcrumb\",\"itemListElement\":[{\"@type\":\"ListItem\",\"position\":1,\"name\":\"Home\",\"item\":\"https:\/\/www.intoscana.it\/it\/\"},{\"@type\":\"ListItem\",\"position\":2,\"name\":\"Sabato 30 novembre l&#8217;attore James Franco al cinema Alfieri di Firenze con &#8220;Hey Joe&#8221;\"}]},{\"@type\":\"WebSite\",\"@id\":\"https:\/\/www.intoscana.it\/it\/#website\",\"url\":\"https:\/\/www.intoscana.it\/it\/\",\"name\":\"intoscana\",\"description\":\"\",\"potentialAction\":[{\"@type\":\"SearchAction\",\"target\":{\"@type\":\"EntryPoint\",\"urlTemplate\":\"https:\/\/www.intoscana.it\/it\/?s={search_term_string}\"},\"query-input\":{\"@type\":\"PropertyValueSpecification\",\"valueRequired\":true,\"valueName\":\"search_term_string\"}}],\"inLanguage\":\"it-IT\"},{\"@type\":\"Person\",\"@id\":\"https:\/\/www.intoscana.it\/it\/#\/schema\/person\/9223810753230f20bd670fdd322661f8\",\"name\":\"Redazione\",\"url\":\"https:\/\/www.intoscana.it\/it\/author\/redazione\/\"}]}<\/script>\n<!-- \/ Yoast SEO Premium plugin. -->","yoast_head_json":{"title":"Sabato 30 novembre l'attore James Franco al cinema Alfieri di Firenze con \"Hey Joe\" - intoscana","description":"Sabato 30 novembre, ore 21.30 allo Spazio Alfieri di Firenze si terr\u00e0 la proiezione di \"Hey Joe\" sar\u00e0 introdotta dall'attore James Franco","robots":{"index":"index","follow":"follow","max-snippet":"max-snippet:-1","max-image-preview":"max-image-preview:large","max-video-preview":"max-video-preview:-1"},"canonical":"https:\/\/www.intoscana.it\/it\/sabato-30-novembre-lattore-james-franco-al-cinema-alfieri-di-firenze-con-hey-joe\/","og_locale":"it_IT","og_type":"article","og_title":"Sabato 30 novembre l'attore James Franco al cinema Alfieri di Firenze con \"Hey Joe\"","og_description":"Sabato 30 novembre, ore 21.30 allo Spazio Alfieri di Firenze si terr\u00e0 la proiezione di \"Hey Joe\" sar\u00e0 introdotta dall'attore James Franco","og_url":"https:\/\/www.intoscana.it\/it\/sabato-30-novembre-lattore-james-franco-al-cinema-alfieri-di-firenze-con-hey-joe\/","og_site_name":"intoscana","article_publisher":"https:\/\/www.facebook.com\/intoscana.it","article_published_time":"2024-11-27T11:01:16+00:00","og_image":[{"width":1280,"height":720,"url":"https:\/\/www.intoscana.it\/wp-content\/uploads\/HeyJoe_2.jpg","type":"image\/jpeg"}],"author":"Redazione","twitter_card":"summary_large_image","twitter_creator":"@intoscana","twitter_site":"@intoscana","twitter_misc":{"Written by":"Redazione","Est. reading time":"2 minuti"},"schema":{"@context":"https:\/\/schema.org","@graph":[{"@type":"WebPage","@id":"https:\/\/www.intoscana.it\/it\/sabato-30-novembre-lattore-james-franco-al-cinema-alfieri-di-firenze-con-hey-joe\/","url":"https:\/\/www.intoscana.it\/it\/sabato-30-novembre-lattore-james-franco-al-cinema-alfieri-di-firenze-con-hey-joe\/","name":"Sabato 30 novembre l'attore James Franco al cinema Alfieri di Firenze con \"Hey Joe\" - intoscana","isPartOf":{"@id":"https:\/\/www.intoscana.it\/it\/#website"},"primaryImageOfPage":{"@id":"https:\/\/www.intoscana.it\/it\/sabato-30-novembre-lattore-james-franco-al-cinema-alfieri-di-firenze-con-hey-joe\/#primaryimage"},"image":{"@id":"https:\/\/www.intoscana.it\/it\/sabato-30-novembre-lattore-james-franco-al-cinema-alfieri-di-firenze-con-hey-joe\/#primaryimage"},"thumbnailUrl":"https:\/\/www.intoscana.it\/wp-content\/uploads\/HeyJoe_2.jpg","datePublished":"2024-11-27T11:01:16+00:00","author":{"@id":"https:\/\/www.intoscana.it\/it\/#\/schema\/person\/9223810753230f20bd670fdd322661f8"},"description":"Sabato 30 novembre, ore 21.30 allo Spazio Alfieri di Firenze si terr\u00e0 la proiezione di \"Hey Joe\" sar\u00e0 introdotta dall'attore James Franco","breadcrumb":{"@id":"https:\/\/www.intoscana.it\/it\/sabato-30-novembre-lattore-james-franco-al-cinema-alfieri-di-firenze-con-hey-joe\/#breadcrumb"},"inLanguage":"it-IT","potentialAction":[{"@type":"ReadAction","target":["https:\/\/www.intoscana.it\/it\/sabato-30-novembre-lattore-james-franco-al-cinema-alfieri-di-firenze-con-hey-joe\/"]}]},{"@type":"ImageObject","inLanguage":"it-IT","@id":"https:\/\/www.intoscana.it\/it\/sabato-30-novembre-lattore-james-franco-al-cinema-alfieri-di-firenze-con-hey-joe\/#primaryimage","url":"https:\/\/www.intoscana.it\/wp-content\/uploads\/HeyJoe_2.jpg","contentUrl":"https:\/\/www.intoscana.it\/wp-content\/uploads\/HeyJoe_2.jpg","width":1280,"height":720},{"@type":"BreadcrumbList","@id":"https:\/\/www.intoscana.it\/it\/sabato-30-novembre-lattore-james-franco-al-cinema-alfieri-di-firenze-con-hey-joe\/#breadcrumb","itemListElement":[{"@type":"ListItem","position":1,"name":"Home","item":"https:\/\/www.intoscana.it\/it\/"},{"@type":"ListItem","position":2,"name":"Sabato 30 novembre l&#8217;attore James Franco al cinema Alfieri di Firenze con &#8220;Hey Joe&#8221;"}]},{"@type":"WebSite","@id":"https:\/\/www.intoscana.it\/it\/#website","url":"https:\/\/www.intoscana.it\/it\/","name":"intoscana","description":"","potentialAction":[{"@type":"SearchAction","target":{"@type":"EntryPoint","urlTemplate":"https:\/\/www.intoscana.it\/it\/?s={search_term_string}"},"query-input":{"@type":"PropertyValueSpecification","valueRequired":true,"valueName":"search_term_string"}}],"inLanguage":"it-IT"},{"@type":"Person","@id":"https:\/\/www.intoscana.it\/it\/#\/schema\/person\/9223810753230f20bd670fdd322661f8","name":"Redazione","url":"https:\/\/www.intoscana.it\/it\/author\/redazione\/"}]}},"_links":{"self":[{"href":"https:\/\/www.intoscana.it\/it\/wp-json\/wp\/v2\/posts\/365811","targetHints":{"allow":["GET"]}}],"collection":[{"href":"https:\/\/www.intoscana.it\/it\/wp-json\/wp\/v2\/posts"}],"about":[{"href":"https:\/\/www.intoscana.it\/it\/wp-json\/wp\/v2\/types\/post"}],"author":[{"embeddable":true,"href":"https:\/\/www.intoscana.it\/it\/wp-json\/wp\/v2\/users\/525"}],"replies":[{"embeddable":true,"href":"https:\/\/www.intoscana.it\/it\/wp-json\/wp\/v2\/comments?post=365811"}],"version-history":[{"count":5,"href":"https:\/\/www.intoscana.it\/it\/wp-json\/wp\/v2\/posts\/365811\/revisions"}],"predecessor-version":[{"id":365826,"href":"https:\/\/www.intoscana.it\/it\/wp-json\/wp\/v2\/posts\/365811\/revisions\/365826"}],"wp:featuredmedia":[{"embeddable":true,"href":"https:\/\/www.intoscana.it\/it\/wp-json\/wp\/v2\/media\/365815"}],"wp:attachment":[{"href":"https:\/\/www.intoscana.it\/it\/wp-json\/wp\/v2\/media?parent=365811"}],"wp:term":[{"taxonomy":"category","embeddable":true,"href":"https:\/\/www.intoscana.it\/it\/wp-json\/wp\/v2\/categories?post=365811"},{"taxonomy":"post_tag","embeddable":true,"href":"https:\/\/www.intoscana.it\/it\/wp-json\/wp\/v2\/tags?post=365811"}],"curies":[{"name":"wp","href":"https:\/\/api.w.org\/{rel}","templated":true}]}}