{"id":366042,"date":"2024-11-28T13:14:13","date_gmt":"2024-11-28T12:14:13","guid":{"rendered":"https:\/\/www.intoscana.it\/it\/?p=366042"},"modified":"2024-11-28T13:17:30","modified_gmt":"2024-11-28T12:17:30","slug":"un-accordo-tra-la-regione-toscana-e-luniversita-roma-3-per-le-persone-con-disabilita","status":"publish","type":"post","link":"https:\/\/www.intoscana.it\/it\/un-accordo-tra-la-regione-toscana-e-luniversita-roma-3-per-le-persone-con-disabilita\/","title":{"rendered":"Un accordo tra la Regione Toscana e l&#8217;Universit\u00e0 Roma 3 per le persone con disabilit\u00e0"},"content":{"rendered":"<p><strong>L\u2019assessora alle politiche sociali Serena Spinelli,<\/strong> ha firmato per riconfermare l\u2019accordo con l\u2019<strong>Universit\u00e0 Roma 3<\/strong> per proseguire una azione di valutazione del modello regionale di <strong>presa in carico delle persone con disabilit\u00e0<\/strong> e di accompagnamento alla sua implementazione.<\/p>\n<p><strong>Spinelli ha dichiarato<\/strong>: <em>\u201cOgni persona deve avere la possibilit\u00e0 di esprimere le proprie capacit\u00e0 e realizzare il proprio progetto di vita. E\u2019 questo il grande obiettivo di fondo delle nostre politiche sociali, in particolare di quelle rivolte a persone con disabilit\u00e0. Un obiettivo per il quale il progetto \u201cA good life\u201d ha un valore strategico, perch\u00e9 permette di valutare i passi avanti che facciamo e di indicare i potenziali miglioramenti\u201d.<\/em><\/p>\n<p>La conferma dell\u2019accordo con l\u2019Universit\u00e0 \u00e8 stato parte integrante di una mattinata di lavoro e di confronto intitolata proprio <strong><em>\u201cA good life\u201d<\/em><\/strong> che si \u00e8 svolta a Firenze, presso \u201cIl Fuligno\u201d, cui hanno partecipato numerosi componenti delle <strong>UVMD (Unit\u00e0 di Valutazione Multidisciplinare per la Disabilit\u00e0) della Toscana<\/strong> e operatori e personale delle direzioni delle Societ\u00e0 della Salute\/Zone Distretto e dei Dipartimenti sociali e sanitari delle Asl.<\/p>\n<p><strong>Il progetto \u201cA good life\u201d<\/strong> \u00e8 un tassello del pi\u00f9 ampio e articolato lavoro che la <strong>Regione Toscana<\/strong> sta portando avanti da anni per definire e potenziare il modello regionale di presa in carico della persona con disabilit\u00e0.<\/p>\n<p>Un percorso che ha consentito di<strong> dotare il sistema territoriale di servizi integrati per le persone con disabilit\u00e0,<\/strong> di indirizzi, procedure e metodologie e di specifici strumenti innovativi con l\u2019obiettivo finale di favorire percorsi di presa in carico e di accompagnamento caratterizzati da un approccio omogeneo.<\/p>\n<p>Il tutto a partire da un obiettivo di fondo: <strong>il Progetto di vita lo si costruisce con la persona e con la famiglia,<\/strong> facendo emergere i bisogni e al tempo stesso <strong>desideri e obiettivi di vita,<\/strong> mettendo al centro la persona nel suo complesso e creando un vero e proprio percorso, che sia in grado di dare <strong>assistenza e opportunit\u00e0.<\/strong><\/p>\n<p><strong>\u201cA good life\u201d<\/strong> interviene in questo percorso per valutare l\u2019appropriatezza degli strumenti operativi e di presa in carico attivati e per individuare i miglioramenti attuabili. La giornata di stamani \u00e8 servita proprio a condividere i risultati del lavoro svolto nell\u2019ultimo anno e mezzo e a focalizzare i prossimi impegni comuni.<\/p>\n<p><em>\u201cLa ricerca \u2013 <\/em><strong>ha evidenziato Serena Spinelli <\/strong><em>&#8211; \u00e8 un\u2019analisi del modello regionale effettuata secondo la metodologia di ricerca partecipata con gli operatori, attraverso casi di studio nei tre territori che sono stati oggetto del percorso. Un lavoro prezioso che ha consentito anche di mettere insieme una grande quantit\u00e0 di dati e informazioni utili per migliorare e per mettere a regime il modello in maniera omogenea e diffusa sul territorio regionale.<\/em> &#8211;<strong>\u00a0ha aggiunto:<\/strong> \u201c<em>Abbiamo rinnovato un accordo importante, perch\u00e9 consente di unire la pratica del lavoro quotidiano degli operatori con la ricerca, consentendoci cos\u00ec di vedere quanto e come le disposizioni e le linee di indirizzo contenute nei nostri atti regionali si traducano in azioni in grado di incidere positivamente sulla vita delle persone. L\u2019 accordo permetter\u00e0 di proseguire il lavoro per attuare in maniera coerente il percorso previsto dalla riforma nazionale sulla valutazione della persona con disabilit\u00e0 e per la costruzione del progetto di vita. Un lavoro che vede la Toscana pronta e in posizione gi\u00e0 avanzata, visto che su questo stiamo lavorando gi\u00e0 da alcuni anni\u201d.<\/em><\/p>\n<p>Sul versante universitario, il valore della collaborazione con la Regione \u00e8 stato evidenziato da <strong>Andrea Bilotti, Docente del Dipartimento di Scienze della Formazione dell\u2019Universit\u00e0 Roma Tre<\/strong> nonch\u00e9 Responsabile Scientifico del progetto <strong>\u201cA good life\u201d.<\/strong><\/p>\n<p><em>\u201cRegione Toscana si distingue, nel panorama nazionale, per l\u2019impegno nell\u2019accompagnare i territori e i professionisti con un approccio integrato e interprofessionale, promuovendo i diritti delle persone con disabilit\u00e0. Il nostro lavoro di ricerca, sviluppato attraverso una metodologia partecipativa, ha avuto l\u2019ambizione di contribuire a tradurre i principi della Convenzione ONU sui diritti delle persone con disabilit\u00e0 e la Strategia Europea 2030, oltre alla pi\u00f9 recente riforma sulla disabilit\u00e0 del 2024 in azioni concrete, mettendo al centro la persona e valorizzando il contributo di tutti gli attori coinvolti\u201d.<\/em><\/p>\n<p><em>\u201cIl nostro obiettivo \u00e8 studiare prospettive innovative e portare ad evidenza il ruolo dei diversi attori in un percorso partecipativo e riflessivo. Grazie alla collaborazione con la Regione Toscana, stiamo sostenendo un cambiamento culturale e operativo che consolida pratiche inclusive e interprofessionali, ponendo le basi per una migliore qualit\u00e0 di vita per le persone con disabilit\u00e0 e una gestione integrata dei loro bisogni, aspettative, sogni e desideri, attraverso gli strumenti professionali sviluppati dalla Regione\u201d.<\/em><\/p>\n","protected":false},"excerpt":{"rendered":"<p>Proseguir\u00e0 il progetto \u201cA good life\u201d per valutare e accompagnare il modello regionale di presa in carico delle persone con disabilit\u00e0<\/p>\n","protected":false},"author":525,"featured_media":99995,"comment_status":"open","ping_status":"open","sticky":false,"template":"","format":"standard","meta":{"_acf_changed":false,"footnotes":""},"categories":[494],"tags":[406,151],"class_list":["post-366042","post","type-post","status-publish","format-standard","has-post-thumbnail","hentry","category-attualita","tag-disabilita","tag-regione-toscana"],"acf":[],"yoast_head":"<!-- This site is optimized with the Yoast SEO Premium plugin v24.2 (Yoast SEO v25.6) - https:\/\/yoast.com\/wordpress\/plugins\/seo\/ -->\n<title>Un accordo tra la Regione Toscana e l&#039;Universit\u00e0 Roma 3 per le persone con disabilit\u00e0 - intoscana<\/title>\n<meta name=\"description\" content=\"Proseguir\u00e0 il progetto \u201cA good life\u201d per valutare e accompagnare il modello regionale di presa in carico delle persone con disabilit\u00e0\" \/>\n<meta name=\"robots\" content=\"index, follow, max-snippet:-1, max-image-preview:large, max-video-preview:-1\" \/>\n<link rel=\"canonical\" href=\"https:\/\/www.intoscana.it\/it\/un-accordo-tra-la-regione-toscana-e-luniversita-roma-3-per-le-persone-con-disabilita\/\" \/>\n<meta property=\"og:locale\" content=\"it_IT\" \/>\n<meta property=\"og:type\" content=\"article\" \/>\n<meta property=\"og:title\" content=\"Un accordo tra la Regione Toscana e l&#039;Universit\u00e0 Roma 3 per le persone con disabilit\u00e0\" \/>\n<meta property=\"og:description\" content=\"Proseguir\u00e0 il progetto \u201cA good life\u201d per valutare e accompagnare il modello regionale di presa in carico delle persone con disabilit\u00e0\" \/>\n<meta property=\"og:url\" content=\"https:\/\/www.intoscana.it\/it\/un-accordo-tra-la-regione-toscana-e-luniversita-roma-3-per-le-persone-con-disabilita\/\" \/>\n<meta property=\"og:site_name\" content=\"intoscana\" \/>\n<meta property=\"article:publisher\" content=\"https:\/\/www.facebook.com\/intoscana.it\" \/>\n<meta property=\"article:published_time\" content=\"2024-11-28T12:14:13+00:00\" \/>\n<meta property=\"article:modified_time\" content=\"2024-11-28T12:17:30+00:00\" \/>\n<meta property=\"og:image\" content=\"https:\/\/www.intoscana.it\/wp-content\/uploads\/Mediateca-Ledha-3.jpg\" \/>\n\t<meta property=\"og:image:width\" content=\"1000\" \/>\n\t<meta property=\"og:image:height\" content=\"586\" \/>\n\t<meta property=\"og:image:type\" content=\"image\/jpeg\" \/>\n<meta name=\"author\" content=\"Redazione\" \/>\n<meta name=\"twitter:card\" content=\"summary_large_image\" \/>\n<meta name=\"twitter:creator\" content=\"@intoscana\" \/>\n<meta name=\"twitter:site\" content=\"@intoscana\" \/>\n<meta name=\"twitter:label1\" content=\"Written by\" \/>\n\t<meta name=\"twitter:data1\" content=\"Redazione\" \/>\n\t<meta name=\"twitter:label2\" content=\"Est. reading time\" \/>\n\t<meta name=\"twitter:data2\" content=\"5 minuti\" \/>\n<script type=\"application\/ld+json\" class=\"yoast-schema-graph\">{\"@context\":\"https:\/\/schema.org\",\"@graph\":[{\"@type\":\"WebPage\",\"@id\":\"https:\/\/www.intoscana.it\/it\/un-accordo-tra-la-regione-toscana-e-luniversita-roma-3-per-le-persone-con-disabilita\/\",\"url\":\"https:\/\/www.intoscana.it\/it\/un-accordo-tra-la-regione-toscana-e-luniversita-roma-3-per-le-persone-con-disabilita\/\",\"name\":\"Un accordo tra la Regione Toscana e l'Universit\u00e0 Roma 3 per le persone con disabilit\u00e0 - intoscana\",\"isPartOf\":{\"@id\":\"https:\/\/www.intoscana.it\/it\/#website\"},\"primaryImageOfPage\":{\"@id\":\"https:\/\/www.intoscana.it\/it\/un-accordo-tra-la-regione-toscana-e-luniversita-roma-3-per-le-persone-con-disabilita\/#primaryimage\"},\"image\":{\"@id\":\"https:\/\/www.intoscana.it\/it\/un-accordo-tra-la-regione-toscana-e-luniversita-roma-3-per-le-persone-con-disabilita\/#primaryimage\"},\"thumbnailUrl\":\"https:\/\/www.intoscana.it\/wp-content\/uploads\/Mediateca-Ledha-3.jpg\",\"datePublished\":\"2024-11-28T12:14:13+00:00\",\"dateModified\":\"2024-11-28T12:17:30+00:00\",\"author\":{\"@id\":\"https:\/\/www.intoscana.it\/it\/#\/schema\/person\/9223810753230f20bd670fdd322661f8\"},\"description\":\"Proseguir\u00e0 il progetto \u201cA good life\u201d per valutare e accompagnare il modello regionale di presa in carico delle persone con disabilit\u00e0\",\"breadcrumb\":{\"@id\":\"https:\/\/www.intoscana.it\/it\/un-accordo-tra-la-regione-toscana-e-luniversita-roma-3-per-le-persone-con-disabilita\/#breadcrumb\"},\"inLanguage\":\"it-IT\",\"potentialAction\":[{\"@type\":\"ReadAction\",\"target\":[\"https:\/\/www.intoscana.it\/it\/un-accordo-tra-la-regione-toscana-e-luniversita-roma-3-per-le-persone-con-disabilita\/\"]}]},{\"@type\":\"ImageObject\",\"inLanguage\":\"it-IT\",\"@id\":\"https:\/\/www.intoscana.it\/it\/un-accordo-tra-la-regione-toscana-e-luniversita-roma-3-per-le-persone-con-disabilita\/#primaryimage\",\"url\":\"https:\/\/www.intoscana.it\/wp-content\/uploads\/Mediateca-Ledha-3.jpg\",\"contentUrl\":\"https:\/\/www.intoscana.it\/wp-content\/uploads\/Mediateca-Ledha-3.jpg\",\"width\":1000,\"height\":586,\"caption\":\"Disabile\"},{\"@type\":\"BreadcrumbList\",\"@id\":\"https:\/\/www.intoscana.it\/it\/un-accordo-tra-la-regione-toscana-e-luniversita-roma-3-per-le-persone-con-disabilita\/#breadcrumb\",\"itemListElement\":[{\"@type\":\"ListItem\",\"position\":1,\"name\":\"Home\",\"item\":\"https:\/\/www.intoscana.it\/it\/\"},{\"@type\":\"ListItem\",\"position\":2,\"name\":\"Un accordo tra la Regione Toscana e l&#8217;Universit\u00e0 Roma 3 per le persone con disabilit\u00e0\"}]},{\"@type\":\"WebSite\",\"@id\":\"https:\/\/www.intoscana.it\/it\/#website\",\"url\":\"https:\/\/www.intoscana.it\/it\/\",\"name\":\"intoscana\",\"description\":\"\",\"potentialAction\":[{\"@type\":\"SearchAction\",\"target\":{\"@type\":\"EntryPoint\",\"urlTemplate\":\"https:\/\/www.intoscana.it\/it\/?s={search_term_string}\"},\"query-input\":{\"@type\":\"PropertyValueSpecification\",\"valueRequired\":true,\"valueName\":\"search_term_string\"}}],\"inLanguage\":\"it-IT\"},{\"@type\":\"Person\",\"@id\":\"https:\/\/www.intoscana.it\/it\/#\/schema\/person\/9223810753230f20bd670fdd322661f8\",\"name\":\"Redazione\",\"url\":\"https:\/\/www.intoscana.it\/it\/author\/redazione\/\"}]}<\/script>\n<!-- \/ Yoast SEO Premium plugin. -->","yoast_head_json":{"title":"Un accordo tra la Regione Toscana e l'Universit\u00e0 Roma 3 per le persone con disabilit\u00e0 - intoscana","description":"Proseguir\u00e0 il progetto \u201cA good life\u201d per valutare e accompagnare il modello regionale di presa in carico delle persone con disabilit\u00e0","robots":{"index":"index","follow":"follow","max-snippet":"max-snippet:-1","max-image-preview":"max-image-preview:large","max-video-preview":"max-video-preview:-1"},"canonical":"https:\/\/www.intoscana.it\/it\/un-accordo-tra-la-regione-toscana-e-luniversita-roma-3-per-le-persone-con-disabilita\/","og_locale":"it_IT","og_type":"article","og_title":"Un accordo tra la Regione Toscana e l'Universit\u00e0 Roma 3 per le persone con disabilit\u00e0","og_description":"Proseguir\u00e0 il progetto \u201cA good life\u201d per valutare e accompagnare il modello regionale di presa in carico delle persone con disabilit\u00e0","og_url":"https:\/\/www.intoscana.it\/it\/un-accordo-tra-la-regione-toscana-e-luniversita-roma-3-per-le-persone-con-disabilita\/","og_site_name":"intoscana","article_publisher":"https:\/\/www.facebook.com\/intoscana.it","article_published_time":"2024-11-28T12:14:13+00:00","article_modified_time":"2024-11-28T12:17:30+00:00","og_image":[{"width":1000,"height":586,"url":"https:\/\/www.intoscana.it\/wp-content\/uploads\/Mediateca-Ledha-3.jpg","type":"image\/jpeg"}],"author":"Redazione","twitter_card":"summary_large_image","twitter_creator":"@intoscana","twitter_site":"@intoscana","twitter_misc":{"Written by":"Redazione","Est. reading time":"5 minuti"},"schema":{"@context":"https:\/\/schema.org","@graph":[{"@type":"WebPage","@id":"https:\/\/www.intoscana.it\/it\/un-accordo-tra-la-regione-toscana-e-luniversita-roma-3-per-le-persone-con-disabilita\/","url":"https:\/\/www.intoscana.it\/it\/un-accordo-tra-la-regione-toscana-e-luniversita-roma-3-per-le-persone-con-disabilita\/","name":"Un accordo tra la Regione Toscana e l'Universit\u00e0 Roma 3 per le persone con disabilit\u00e0 - intoscana","isPartOf":{"@id":"https:\/\/www.intoscana.it\/it\/#website"},"primaryImageOfPage":{"@id":"https:\/\/www.intoscana.it\/it\/un-accordo-tra-la-regione-toscana-e-luniversita-roma-3-per-le-persone-con-disabilita\/#primaryimage"},"image":{"@id":"https:\/\/www.intoscana.it\/it\/un-accordo-tra-la-regione-toscana-e-luniversita-roma-3-per-le-persone-con-disabilita\/#primaryimage"},"thumbnailUrl":"https:\/\/www.intoscana.it\/wp-content\/uploads\/Mediateca-Ledha-3.jpg","datePublished":"2024-11-28T12:14:13+00:00","dateModified":"2024-11-28T12:17:30+00:00","author":{"@id":"https:\/\/www.intoscana.it\/it\/#\/schema\/person\/9223810753230f20bd670fdd322661f8"},"description":"Proseguir\u00e0 il progetto \u201cA good life\u201d per valutare e accompagnare il modello regionale di presa in carico delle persone con disabilit\u00e0","breadcrumb":{"@id":"https:\/\/www.intoscana.it\/it\/un-accordo-tra-la-regione-toscana-e-luniversita-roma-3-per-le-persone-con-disabilita\/#breadcrumb"},"inLanguage":"it-IT","potentialAction":[{"@type":"ReadAction","target":["https:\/\/www.intoscana.it\/it\/un-accordo-tra-la-regione-toscana-e-luniversita-roma-3-per-le-persone-con-disabilita\/"]}]},{"@type":"ImageObject","inLanguage":"it-IT","@id":"https:\/\/www.intoscana.it\/it\/un-accordo-tra-la-regione-toscana-e-luniversita-roma-3-per-le-persone-con-disabilita\/#primaryimage","url":"https:\/\/www.intoscana.it\/wp-content\/uploads\/Mediateca-Ledha-3.jpg","contentUrl":"https:\/\/www.intoscana.it\/wp-content\/uploads\/Mediateca-Ledha-3.jpg","width":1000,"height":586,"caption":"Disabile"},{"@type":"BreadcrumbList","@id":"https:\/\/www.intoscana.it\/it\/un-accordo-tra-la-regione-toscana-e-luniversita-roma-3-per-le-persone-con-disabilita\/#breadcrumb","itemListElement":[{"@type":"ListItem","position":1,"name":"Home","item":"https:\/\/www.intoscana.it\/it\/"},{"@type":"ListItem","position":2,"name":"Un accordo tra la Regione Toscana e l&#8217;Universit\u00e0 Roma 3 per le persone con disabilit\u00e0"}]},{"@type":"WebSite","@id":"https:\/\/www.intoscana.it\/it\/#website","url":"https:\/\/www.intoscana.it\/it\/","name":"intoscana","description":"","potentialAction":[{"@type":"SearchAction","target":{"@type":"EntryPoint","urlTemplate":"https:\/\/www.intoscana.it\/it\/?s={search_term_string}"},"query-input":{"@type":"PropertyValueSpecification","valueRequired":true,"valueName":"search_term_string"}}],"inLanguage":"it-IT"},{"@type":"Person","@id":"https:\/\/www.intoscana.it\/it\/#\/schema\/person\/9223810753230f20bd670fdd322661f8","name":"Redazione","url":"https:\/\/www.intoscana.it\/it\/author\/redazione\/"}]}},"_links":{"self":[{"href":"https:\/\/www.intoscana.it\/it\/wp-json\/wp\/v2\/posts\/366042","targetHints":{"allow":["GET"]}}],"collection":[{"href":"https:\/\/www.intoscana.it\/it\/wp-json\/wp\/v2\/posts"}],"about":[{"href":"https:\/\/www.intoscana.it\/it\/wp-json\/wp\/v2\/types\/post"}],"author":[{"embeddable":true,"href":"https:\/\/www.intoscana.it\/it\/wp-json\/wp\/v2\/users\/525"}],"replies":[{"embeddable":true,"href":"https:\/\/www.intoscana.it\/it\/wp-json\/wp\/v2\/comments?post=366042"}],"version-history":[{"count":5,"href":"https:\/\/www.intoscana.it\/it\/wp-json\/wp\/v2\/posts\/366042\/revisions"}],"predecessor-version":[{"id":366047,"href":"https:\/\/www.intoscana.it\/it\/wp-json\/wp\/v2\/posts\/366042\/revisions\/366047"}],"wp:featuredmedia":[{"embeddable":true,"href":"https:\/\/www.intoscana.it\/it\/wp-json\/wp\/v2\/media\/99995"}],"wp:attachment":[{"href":"https:\/\/www.intoscana.it\/it\/wp-json\/wp\/v2\/media?parent=366042"}],"wp:term":[{"taxonomy":"category","embeddable":true,"href":"https:\/\/www.intoscana.it\/it\/wp-json\/wp\/v2\/categories?post=366042"},{"taxonomy":"post_tag","embeddable":true,"href":"https:\/\/www.intoscana.it\/it\/wp-json\/wp\/v2\/tags?post=366042"}],"curies":[{"name":"wp","href":"https:\/\/api.w.org\/{rel}","templated":true}]}}