{"id":366453,"date":"2024-12-02T10:54:50","date_gmt":"2024-12-02T09:54:50","guid":{"rendered":"https:\/\/www.intoscana.it\/it\/?p=366453"},"modified":"2024-12-02T16:10:30","modified_gmt":"2024-12-02T15:10:30","slug":"il-presidente-eugenio-giani-ha-presentato-il-manifesto-per-linfanzia-universalismo-gratuita-qualita","status":"publish","type":"post","link":"https:\/\/www.intoscana.it\/it\/il-presidente-eugenio-giani-ha-presentato-il-manifesto-per-linfanzia-universalismo-gratuita-qualita\/","title":{"rendered":"Il presidente Eugenio Giani ha presentato il Manifesto per l\u2019infanzia: &#8220;Universalismo, gratuit\u00e0, qualit\u00e0&#8221;"},"content":{"rendered":"<p>Al Palacongressi di Firenze si \u00e8 tenuto il <strong>convegno nazionale<em> \u201cConoscere e riconoscere l\u2019infanzia\u201d,<\/em><\/strong>\u00a0 a cui hanno partecipato <strong>oltre 100 relatori del mondo accademico, delle istituzioni, del sistema educativo<\/strong>, e che ha ricevuto anche<strong> la medaglia del Presidente della Repubblica,<\/strong> premio di rappresentanza che testimonia l\u2019adesione all\u2019iniziativa del Capo dello Stato.<\/p>\n<p>A conclusione dei lavori il <strong>Presidente della regione Toscana Eugenio Giani<\/strong> ha presentato il <strong><em>&#8220;Manifesto per l&#8217;infanzia&#8221;<\/em> <\/strong>che si basa su tre pilastri:<strong> universalismo, gratuit\u00e0 e qualit\u00e0.\u00a0<\/strong><\/p>\n<p><em>\u201cAbbiamo voluto elaborare il Manifesto per sancire il diritto all\u2019educazione fin dai primi anni di vita e per dare cornice ai motivi per cui in Toscana vogliamo arrivare a fare su questo diritto una battaglia<\/em>\u201d, <strong>ha spiegato il presidente<\/strong>, ricordando la scelta di mettere in campo una misura come \u201c<strong>Nidi Gratis\u201d.<\/strong><\/p>\n<p><em>\u201cI principi che enunciamo nel documento costituiscono un nostro dovere verso le nuove generazioni\u201d, ha sottolineato il presidente che nel suo intervento a tenuto a evidenziare il valore dei questo \u201cdocumento\u201d lanciato proprio il 30 novembre, giorno in cui da 25 anni la Toscana celebra l\u2019abolizione delle pena di morte da parte del Granduca di Toscana Pietro Leopoldo. \u201cUn segno della cultura dell\u2019umanesimo nata e radicata in questa terra\u201d,<\/em><strong> ha aggiunto il presidente.<\/strong><\/p>\n<p>Il<strong> Manifesto per l\u2019infanzia<\/strong> &#8211; Come si legge nel sottotitolo, rivendica <strong>\u201cIl diritto all&#8217;educazione fin dai primi anni di vita\u201d.<br \/>\n<\/strong><br \/>\nLa Carta nasce dall\u2019elaborazione avviata in questi anni sulle <strong>politiche educative della Toscana,<\/strong> che ha consentito di rendere concreta una misura cardine della legislatura come <strong>Nidi Gratis.<\/strong><\/p>\n<p>Ora il Manifesto ha l\u2019obiettivo della sua condivisione in ampi settori della societ\u00e0 italiana per diffondere una cultura diffusa per il sostegno delle politiche per l\u2019infanzia e dei servizi educativi, fondata su un principio: <strong>\u201cLe bambine e i bambini cittadini da subito\u201d.<\/strong><\/p>\n<p><strong>L&#8217;educazione di qualit\u00e0 \u00e8 \u201cazione culturale essenziale &#8211;<\/strong> recita il Manifesto &#8211; in quanto risponde alla necessit\u00e0 di offrire alle bambine e ai bambini le esperienze che possono nutrire il loro divenire\u201d e costituisce elemento fondamentale per contrastare \u201cl\u2019impoverimento educativo\u201d delle nuove generazioni.<\/p>\n<p>Il documento si articola in quattro dichiarazioni di principio seguite da<strong> 6 azioni da condividere a livello nazionale,<\/strong> \u201cper rendere effettivo il diritto all&#8217;educazione a partire dalla nascita\u201d in tutto il Paese: dalla necessit\u00e0 di affermare l&#8217;orientamento universalistico delle politiche per l\u2019infanzia, definito \u201ccondizione necessaria per ridurre le diseguaglianze e favorire inclusione e coesione sociale\u201d, alla gratuit\u00e0 dei servizi zero sei anni in tutto il paese, fino alla necessit\u00e0 di <strong>riformare la formazione universitaria e rinnovare i contratti del personale educativo.<\/strong><\/p>\n","protected":false},"excerpt":{"rendered":"<p>Si \u00e8 chiuso a Firenze il convegno nazionale \u201cConoscere e riconoscere l\u2019infanzia\u201d, a cui hanno partecipato oltre 100 relatori del mondo accademico, delle istituzioni, del sistema educativo, e che ha ricevuto anche la medaglia del Presidente della Repubblica<\/p>\n","protected":false},"author":525,"featured_media":366449,"comment_status":"open","ping_status":"open","sticky":false,"template":"","format":"standard","meta":{"_acf_changed":false,"footnotes":""},"categories":[494],"tags":[350,158,5186,151],"class_list":["post-366453","post","type-post","status-publish","format-standard","has-post-thumbnail","hentry","category-attualita","tag-bambini","tag-eugenio-giani","tag-famiglie","tag-regione-toscana"],"acf":[],"yoast_head":"<!-- This site is optimized with the Yoast SEO Premium plugin v24.2 (Yoast SEO v25.6) - https:\/\/yoast.com\/wordpress\/plugins\/seo\/ -->\n<title>Il presidente Eugenio Giani ha presentato il Manifesto per l\u2019infanzia: &quot;Universalismo, gratuit\u00e0, qualit\u00e0&quot; - intoscana<\/title>\n<meta name=\"description\" content=\"Si \u00e8 chiuso a Firenze il convegno nazionale \u201cConoscere e riconoscere l\u2019infanzia\u201d, a cui hanno partecipato oltre 100 relatori\" \/>\n<meta name=\"robots\" content=\"index, follow, max-snippet:-1, max-image-preview:large, max-video-preview:-1\" \/>\n<link rel=\"canonical\" href=\"https:\/\/www.intoscana.it\/it\/il-presidente-eugenio-giani-ha-presentato-il-manifesto-per-linfanzia-universalismo-gratuita-qualita\/\" \/>\n<meta property=\"og:locale\" content=\"it_IT\" \/>\n<meta property=\"og:type\" content=\"article\" \/>\n<meta property=\"og:title\" content=\"Il presidente Eugenio Giani ha presentato il Manifesto per l\u2019infanzia: &quot;Universalismo, gratuit\u00e0, qualit\u00e0&quot;\" \/>\n<meta property=\"og:description\" content=\"Si \u00e8 chiuso a Firenze il convegno nazionale \u201cConoscere e riconoscere l\u2019infanzia\u201d, a cui hanno partecipato oltre 100 relatori\" \/>\n<meta property=\"og:url\" content=\"https:\/\/www.intoscana.it\/it\/il-presidente-eugenio-giani-ha-presentato-il-manifesto-per-linfanzia-universalismo-gratuita-qualita\/\" \/>\n<meta property=\"og:site_name\" content=\"intoscana\" \/>\n<meta property=\"article:publisher\" content=\"https:\/\/www.facebook.com\/intoscana.it\" \/>\n<meta property=\"article:published_time\" content=\"2024-12-02T09:54:50+00:00\" \/>\n<meta property=\"article:modified_time\" content=\"2024-12-02T15:10:30+00:00\" \/>\n<meta property=\"og:image\" content=\"https:\/\/www.intoscana.it\/wp-content\/uploads\/Giani-manifesto-infanzia-novembre-2024.jpeg\" \/>\n\t<meta property=\"og:image:width\" content=\"1600\" \/>\n\t<meta property=\"og:image:height\" content=\"1223\" \/>\n\t<meta property=\"og:image:type\" content=\"image\/jpeg\" \/>\n<meta name=\"author\" content=\"Redazione\" \/>\n<meta name=\"twitter:card\" content=\"summary_large_image\" \/>\n<meta name=\"twitter:creator\" content=\"@intoscana\" \/>\n<meta name=\"twitter:site\" content=\"@intoscana\" \/>\n<meta name=\"twitter:label1\" content=\"Written by\" \/>\n\t<meta name=\"twitter:data1\" content=\"Redazione\" \/>\n\t<meta name=\"twitter:label2\" content=\"Est. reading time\" \/>\n\t<meta name=\"twitter:data2\" content=\"3 minuti\" \/>\n<script type=\"application\/ld+json\" class=\"yoast-schema-graph\">{\"@context\":\"https:\/\/schema.org\",\"@graph\":[{\"@type\":\"WebPage\",\"@id\":\"https:\/\/www.intoscana.it\/it\/il-presidente-eugenio-giani-ha-presentato-il-manifesto-per-linfanzia-universalismo-gratuita-qualita\/\",\"url\":\"https:\/\/www.intoscana.it\/it\/il-presidente-eugenio-giani-ha-presentato-il-manifesto-per-linfanzia-universalismo-gratuita-qualita\/\",\"name\":\"Il presidente Eugenio Giani ha presentato il Manifesto per l\u2019infanzia: \\\"Universalismo, gratuit\u00e0, qualit\u00e0\\\" - intoscana\",\"isPartOf\":{\"@id\":\"https:\/\/www.intoscana.it\/it\/#website\"},\"primaryImageOfPage\":{\"@id\":\"https:\/\/www.intoscana.it\/it\/il-presidente-eugenio-giani-ha-presentato-il-manifesto-per-linfanzia-universalismo-gratuita-qualita\/#primaryimage\"},\"image\":{\"@id\":\"https:\/\/www.intoscana.it\/it\/il-presidente-eugenio-giani-ha-presentato-il-manifesto-per-linfanzia-universalismo-gratuita-qualita\/#primaryimage\"},\"thumbnailUrl\":\"https:\/\/www.intoscana.it\/wp-content\/uploads\/Giani-manifesto-infanzia-novembre-2024.jpeg\",\"datePublished\":\"2024-12-02T09:54:50+00:00\",\"dateModified\":\"2024-12-02T15:10:30+00:00\",\"author\":{\"@id\":\"https:\/\/www.intoscana.it\/it\/#\/schema\/person\/9223810753230f20bd670fdd322661f8\"},\"description\":\"Si \u00e8 chiuso a Firenze il convegno nazionale \u201cConoscere e riconoscere l\u2019infanzia\u201d, a cui hanno partecipato oltre 100 relatori\",\"breadcrumb\":{\"@id\":\"https:\/\/www.intoscana.it\/it\/il-presidente-eugenio-giani-ha-presentato-il-manifesto-per-linfanzia-universalismo-gratuita-qualita\/#breadcrumb\"},\"inLanguage\":\"it-IT\",\"potentialAction\":[{\"@type\":\"ReadAction\",\"target\":[\"https:\/\/www.intoscana.it\/it\/il-presidente-eugenio-giani-ha-presentato-il-manifesto-per-linfanzia-universalismo-gratuita-qualita\/\"]}]},{\"@type\":\"ImageObject\",\"inLanguage\":\"it-IT\",\"@id\":\"https:\/\/www.intoscana.it\/it\/il-presidente-eugenio-giani-ha-presentato-il-manifesto-per-linfanzia-universalismo-gratuita-qualita\/#primaryimage\",\"url\":\"https:\/\/www.intoscana.it\/wp-content\/uploads\/Giani-manifesto-infanzia-novembre-2024.jpeg\",\"contentUrl\":\"https:\/\/www.intoscana.it\/wp-content\/uploads\/Giani-manifesto-infanzia-novembre-2024.jpeg\",\"width\":1600,\"height\":1223},{\"@type\":\"BreadcrumbList\",\"@id\":\"https:\/\/www.intoscana.it\/it\/il-presidente-eugenio-giani-ha-presentato-il-manifesto-per-linfanzia-universalismo-gratuita-qualita\/#breadcrumb\",\"itemListElement\":[{\"@type\":\"ListItem\",\"position\":1,\"name\":\"Home\",\"item\":\"https:\/\/www.intoscana.it\/it\/\"},{\"@type\":\"ListItem\",\"position\":2,\"name\":\"Il presidente Eugenio Giani ha presentato il Manifesto per l\u2019infanzia: &#8220;Universalismo, gratuit\u00e0, qualit\u00e0&#8221;\"}]},{\"@type\":\"WebSite\",\"@id\":\"https:\/\/www.intoscana.it\/it\/#website\",\"url\":\"https:\/\/www.intoscana.it\/it\/\",\"name\":\"intoscana\",\"description\":\"\",\"potentialAction\":[{\"@type\":\"SearchAction\",\"target\":{\"@type\":\"EntryPoint\",\"urlTemplate\":\"https:\/\/www.intoscana.it\/it\/?s={search_term_string}\"},\"query-input\":{\"@type\":\"PropertyValueSpecification\",\"valueRequired\":true,\"valueName\":\"search_term_string\"}}],\"inLanguage\":\"it-IT\"},{\"@type\":\"Person\",\"@id\":\"https:\/\/www.intoscana.it\/it\/#\/schema\/person\/9223810753230f20bd670fdd322661f8\",\"name\":\"Redazione\",\"url\":\"https:\/\/www.intoscana.it\/it\/author\/redazione\/\"}]}<\/script>\n<!-- \/ Yoast SEO Premium plugin. -->","yoast_head_json":{"title":"Il presidente Eugenio Giani ha presentato il Manifesto per l\u2019infanzia: \"Universalismo, gratuit\u00e0, qualit\u00e0\" - intoscana","description":"Si \u00e8 chiuso a Firenze il convegno nazionale \u201cConoscere e riconoscere l\u2019infanzia\u201d, a cui hanno partecipato oltre 100 relatori","robots":{"index":"index","follow":"follow","max-snippet":"max-snippet:-1","max-image-preview":"max-image-preview:large","max-video-preview":"max-video-preview:-1"},"canonical":"https:\/\/www.intoscana.it\/it\/il-presidente-eugenio-giani-ha-presentato-il-manifesto-per-linfanzia-universalismo-gratuita-qualita\/","og_locale":"it_IT","og_type":"article","og_title":"Il presidente Eugenio Giani ha presentato il Manifesto per l\u2019infanzia: \"Universalismo, gratuit\u00e0, qualit\u00e0\"","og_description":"Si \u00e8 chiuso a Firenze il convegno nazionale \u201cConoscere e riconoscere l\u2019infanzia\u201d, a cui hanno partecipato oltre 100 relatori","og_url":"https:\/\/www.intoscana.it\/it\/il-presidente-eugenio-giani-ha-presentato-il-manifesto-per-linfanzia-universalismo-gratuita-qualita\/","og_site_name":"intoscana","article_publisher":"https:\/\/www.facebook.com\/intoscana.it","article_published_time":"2024-12-02T09:54:50+00:00","article_modified_time":"2024-12-02T15:10:30+00:00","og_image":[{"width":1600,"height":1223,"url":"https:\/\/www.intoscana.it\/wp-content\/uploads\/Giani-manifesto-infanzia-novembre-2024.jpeg","type":"image\/jpeg"}],"author":"Redazione","twitter_card":"summary_large_image","twitter_creator":"@intoscana","twitter_site":"@intoscana","twitter_misc":{"Written by":"Redazione","Est. reading time":"3 minuti"},"schema":{"@context":"https:\/\/schema.org","@graph":[{"@type":"WebPage","@id":"https:\/\/www.intoscana.it\/it\/il-presidente-eugenio-giani-ha-presentato-il-manifesto-per-linfanzia-universalismo-gratuita-qualita\/","url":"https:\/\/www.intoscana.it\/it\/il-presidente-eugenio-giani-ha-presentato-il-manifesto-per-linfanzia-universalismo-gratuita-qualita\/","name":"Il presidente Eugenio Giani ha presentato il Manifesto per l\u2019infanzia: \"Universalismo, gratuit\u00e0, qualit\u00e0\" - intoscana","isPartOf":{"@id":"https:\/\/www.intoscana.it\/it\/#website"},"primaryImageOfPage":{"@id":"https:\/\/www.intoscana.it\/it\/il-presidente-eugenio-giani-ha-presentato-il-manifesto-per-linfanzia-universalismo-gratuita-qualita\/#primaryimage"},"image":{"@id":"https:\/\/www.intoscana.it\/it\/il-presidente-eugenio-giani-ha-presentato-il-manifesto-per-linfanzia-universalismo-gratuita-qualita\/#primaryimage"},"thumbnailUrl":"https:\/\/www.intoscana.it\/wp-content\/uploads\/Giani-manifesto-infanzia-novembre-2024.jpeg","datePublished":"2024-12-02T09:54:50+00:00","dateModified":"2024-12-02T15:10:30+00:00","author":{"@id":"https:\/\/www.intoscana.it\/it\/#\/schema\/person\/9223810753230f20bd670fdd322661f8"},"description":"Si \u00e8 chiuso a Firenze il convegno nazionale \u201cConoscere e riconoscere l\u2019infanzia\u201d, a cui hanno partecipato oltre 100 relatori","breadcrumb":{"@id":"https:\/\/www.intoscana.it\/it\/il-presidente-eugenio-giani-ha-presentato-il-manifesto-per-linfanzia-universalismo-gratuita-qualita\/#breadcrumb"},"inLanguage":"it-IT","potentialAction":[{"@type":"ReadAction","target":["https:\/\/www.intoscana.it\/it\/il-presidente-eugenio-giani-ha-presentato-il-manifesto-per-linfanzia-universalismo-gratuita-qualita\/"]}]},{"@type":"ImageObject","inLanguage":"it-IT","@id":"https:\/\/www.intoscana.it\/it\/il-presidente-eugenio-giani-ha-presentato-il-manifesto-per-linfanzia-universalismo-gratuita-qualita\/#primaryimage","url":"https:\/\/www.intoscana.it\/wp-content\/uploads\/Giani-manifesto-infanzia-novembre-2024.jpeg","contentUrl":"https:\/\/www.intoscana.it\/wp-content\/uploads\/Giani-manifesto-infanzia-novembre-2024.jpeg","width":1600,"height":1223},{"@type":"BreadcrumbList","@id":"https:\/\/www.intoscana.it\/it\/il-presidente-eugenio-giani-ha-presentato-il-manifesto-per-linfanzia-universalismo-gratuita-qualita\/#breadcrumb","itemListElement":[{"@type":"ListItem","position":1,"name":"Home","item":"https:\/\/www.intoscana.it\/it\/"},{"@type":"ListItem","position":2,"name":"Il presidente Eugenio Giani ha presentato il Manifesto per l\u2019infanzia: &#8220;Universalismo, gratuit\u00e0, qualit\u00e0&#8221;"}]},{"@type":"WebSite","@id":"https:\/\/www.intoscana.it\/it\/#website","url":"https:\/\/www.intoscana.it\/it\/","name":"intoscana","description":"","potentialAction":[{"@type":"SearchAction","target":{"@type":"EntryPoint","urlTemplate":"https:\/\/www.intoscana.it\/it\/?s={search_term_string}"},"query-input":{"@type":"PropertyValueSpecification","valueRequired":true,"valueName":"search_term_string"}}],"inLanguage":"it-IT"},{"@type":"Person","@id":"https:\/\/www.intoscana.it\/it\/#\/schema\/person\/9223810753230f20bd670fdd322661f8","name":"Redazione","url":"https:\/\/www.intoscana.it\/it\/author\/redazione\/"}]}},"_links":{"self":[{"href":"https:\/\/www.intoscana.it\/it\/wp-json\/wp\/v2\/posts\/366453","targetHints":{"allow":["GET"]}}],"collection":[{"href":"https:\/\/www.intoscana.it\/it\/wp-json\/wp\/v2\/posts"}],"about":[{"href":"https:\/\/www.intoscana.it\/it\/wp-json\/wp\/v2\/types\/post"}],"author":[{"embeddable":true,"href":"https:\/\/www.intoscana.it\/it\/wp-json\/wp\/v2\/users\/525"}],"replies":[{"embeddable":true,"href":"https:\/\/www.intoscana.it\/it\/wp-json\/wp\/v2\/comments?post=366453"}],"version-history":[{"count":6,"href":"https:\/\/www.intoscana.it\/it\/wp-json\/wp\/v2\/posts\/366453\/revisions"}],"predecessor-version":[{"id":366602,"href":"https:\/\/www.intoscana.it\/it\/wp-json\/wp\/v2\/posts\/366453\/revisions\/366602"}],"wp:featuredmedia":[{"embeddable":true,"href":"https:\/\/www.intoscana.it\/it\/wp-json\/wp\/v2\/media\/366449"}],"wp:attachment":[{"href":"https:\/\/www.intoscana.it\/it\/wp-json\/wp\/v2\/media?parent=366453"}],"wp:term":[{"taxonomy":"category","embeddable":true,"href":"https:\/\/www.intoscana.it\/it\/wp-json\/wp\/v2\/categories?post=366453"},{"taxonomy":"post_tag","embeddable":true,"href":"https:\/\/www.intoscana.it\/it\/wp-json\/wp\/v2\/tags?post=366453"}],"curies":[{"name":"wp","href":"https:\/\/api.w.org\/{rel}","templated":true}]}}