{"id":366486,"date":"2024-12-02T12:00:44","date_gmt":"2024-12-02T11:00:44","guid":{"rendered":"https:\/\/www.intoscana.it\/it\/?p=366486"},"modified":"2024-12-02T12:08:23","modified_gmt":"2024-12-02T11:08:23","slug":"irene-grandi-festeggia-30-anni-di-carriera-in-concerto-a-firenze-la-musica-e-il-mio-fuoco-sacro","status":"publish","type":"post","link":"https:\/\/www.intoscana.it\/it\/irene-grandi-festeggia-30-anni-di-carriera-in-concerto-a-firenze-la-musica-e-il-mio-fuoco-sacro\/","title":{"rendered":"Irene Grandi festeggia 30 anni di carriera in concerto a Firenze: &#8220;La musica \u00e8 il mio fuoco sacro&#8221;"},"content":{"rendered":"<p><strong>Luned\u00ec 9 dicembre al Teatro Verdi di Firenze<\/strong> torna una delle cantautrici toscane pi\u00f9 amate: stiamo parlando di <strong>Irene Grandi.\u00a0<\/strong><\/p>\n<p>Dopo la pubblicazione del singolo<strong><em> \u201cFiera di Me\u201d,<\/em><\/strong> arricchito dalla supervisione ritmica di <strong>Stewart Copeland storico batterista dei Police<\/strong>, e del brano <strong><em>\u201cUniverso\u201d<\/em><\/strong>, scritto appositamente per lei da <strong>Francesco Bianconi<\/strong> e Kaball\u00e0, Irene Grandi ha dato il via il 1\u00b0 novembre al<strong><em> &#8220;Fiera di me Tour&#8221;.<\/em><\/strong><\/p>\n<p>Una serie di concerti dedicati ai suoi <strong>splendidi 30 anni di carriera<\/strong>, che tra novembre e dicembre toccher\u00e0 i teatri di tutta Italia. <strong>Un viaggio emozionale attraverso le sonorit\u00e0 e le storie che hanno segnato il suo percorso<\/strong>, per vivere da vicino il talento e la passione di una delle voci pi\u00f9 iconiche della musica italiana.<\/p>\n<p><strong>Ogni esibizione \u00e8 un&#8217;esplosione di energia.<\/strong> Non semplici concerti, ma <strong>esperienze che toccano il cuore degli ascoltatori<\/strong>, un incontro magico tra Irene Grandi e il suo pubblico che celebra la musica in tutte le sue sfumature.<\/p>\n<p>Al suo fianco, sul palco, <strong>Max Frignani<\/strong> alla chitarra, <strong>Piero Spitilli<\/strong> al basso, <strong>Fabrizio Morganti<\/strong> alla batteria, <strong>Marco Galeone<\/strong> alle tastiere e <strong>Titta Nesti,<\/strong> che porter\u00e0 il suo contributo come corista e polistrumentista.<\/p>\n<h3>Ascolta o leggi la nostra intervista a Irene Grandi<\/h3>\n<p><iframe loading=\"lazy\" title=\"Irene Grandi celebra 30 anni di carriera e torna a teatro con il \" src=\"https:\/\/omny.fm\/shows\/intoscana\/irene-grandi-celebra-30-anni-di-carriera-e-torna-a\/embed?style=cover&amp;image=1&amp;description=1&amp;download=1&amp;playlistImages=1&amp;playlistShare=1&amp;share=1&amp;subscribe=1&amp;background=f5f5f5&amp;foreground=6d4d8f&amp;highlight=6313bc\" width=\"100%\" height=\"180\" frameborder=\"0\"><\/iframe><\/p>\n<p><strong>Ciao Irene! Siamo stati felici di ascoltare i tuoi nuovi pezzi da &#8220;Fiera di me&#8221; fino a &#8220;Universo&#8221; bellissimo singolo che hai scritto insieme a Francesco Bianconi che \u00e8 un tuo amico di lunga data, com&#8217;\u00e8 nata questa collaborazione?<\/strong><\/p>\n<p>Quella canzone\u00a0in realt\u00e0 era l\u00ec da un po&#8217; di tempo, attendeva il momento giusto. Non sempre succede che le cose vanno cotte e mangiate, questa ha avuto bisogno di tempo. Dal mio ultimo disco di inediti \u00e8 passato un po&#8217;\u00a0di tempo, anche perch\u00e9 <strong>ero impegnata con il progetto &#8220;Io in blues&#8221;.<\/strong> Poi quest&#8217;anno <strong>mi \u00e8 tornata la voglia di fare qualcosa di nuovo, avevo il desiderio di tornare a fare canzoni<\/strong>. Nella rosa dei pezzi \u00e8 uscito fuori, come<strong> un piccolo diamante, questo brano della penna di Francesco Bianconi.<\/strong> Si sente subito che ha qualcosa di speciale, di profondo, di retr\u00f2, sta molto bene nella mia voce devo dire. Mi piace come stanno le sue parole sulle mie &#8220;corde&#8221;. Poi c&#8217;\u00e8 stato anche <strong>l&#8217;intervento del produttore artistico Pio Stefanini<\/strong> che praticamente \u00e8 stato il produttore anche di <strong><em>&#8220;Bruci la citt\u00e0&#8221; <\/em><\/strong>e<strong><em> &#8220;La cometa di Halley&#8221;.<\/em><\/strong> Lui ha avuto subito un&#8217;idea per produrre questo brano che originariamente aveva un ritmo molto pi\u00f9 lento. Quindi si \u00e8 creato\u00a0come<strong> un cortocircuito tra me e Bianconi,<\/strong> questa figura un po&#8217; scura, molto crepuscolare, con me che sono invece solare.<p><span class=\"citazione\">cercher\u00f2 di raccontare tutte le facce della mia musica: quella pi\u00f9 soul, quella pi\u00f9 rock, quella pi\u00f9 sognante, quella pi\u00f9 cantautorale, quella pi\u00f9 power<\/span><\/p><\/p>\n<p><strong>Il disco quando potremo ascoltarlo per intero?<\/strong><\/p>\n<p>Ci sono tante cose che aiutano o non aiutano a far uscire un disco. Il disco c&#8217;\u00e8 gi\u00e0 nella sua struttura\u00a0ma i singoli sono molto importanti, per cui visto che adesso non c&#8217;\u00e8 pi\u00f9 l&#8217;obbligo di far uscire un disco, allora in un certo senso stiamo valutando nel mentre.<strong> Abbiamo un tour che vogliamo far partire parallelamente ai singoli per festeggiare il trentennale<\/strong>. Il disco arriver\u00e0 ma non abbiamo ancora una data.<\/p>\n<p><iframe loading=\"lazy\" title=\"YouTube video player\" src=\"https:\/\/www.youtube.com\/embed\/Qqca5DqZCO8?si=KD7GkQZrWZ9ufW0p\" width=\"800\" height=\"450\" frameborder=\"0\" allowfullscreen=\"allowfullscreen\"><span data-mce-type=\"bookmark\" style=\"display: inline-block; width: 0px; overflow: hidden; line-height: 0;\" class=\"mce_SELRES_start\">\ufeff<\/span><\/iframe><\/p>\n<p><strong>Non hai mai lasciato il palco, noi ti abbiamo seguita anche con il progetto sul blues. ma come affronti questo nuovo tour che ti riporter\u00e0 nei teatri?<\/strong><\/p>\n<p><strong>Sono molto, molto contenta,<\/strong> esco proprio adesso da un turno di tre giorni di prove con il team di quest&#8217;anno. Avremo una produzione come avevo anche in passato, quindi uno studio nelle luci e nello spettacolo, una scaletta molto variopinta perch\u00e9 <strong>cercher\u00f2 di raccontare tutte le facce della mia musica: quella pi\u00f9 soul, quella pi\u00f9 rock, quella pi\u00f9 sognante, quella pi\u00f9 cantautorale, quella pi\u00f9 power<\/strong>. Sono molto felice di questo tour perch\u00e9 secondo me <strong>verr\u00e0 fuori un ottimo lavoro musicale che racconter\u00e0 la mia carriera in modo esaustivo.<\/strong> Sono stracontenta ed<strong> \u00e8 una cosa che mi sono conquistata anche grazie ai progetti paralleli degli ultimi anni.<\/strong> In teatro la mia musica non \u00e8 che fosse proprio nel posto pi\u00f9 adatto. Ma lavorare alle sfaccettature della mia curiosit\u00e0 musicale,<strong> da Bollani nel 2012 a Pastis nel 2016, fino all&#8217; &#8220;Io in Blues&#8221;<\/strong>, mi ha fatta conoscere da <strong>un pubblico diverso, pi\u00f9 maturo e pi\u00f9 interessato alla musica<\/strong> e per me questo \u00e8 un bellissimo obiettivo raggiunto.<\/p>\n<p><strong>Da toscani noi facciamo il tifo per te! Ti faccio un&#8217;ultima domanda: ormai viviamo in un mondo in cui anche nel campo musicale spesso conta molto l&#8217;immagine, le mode del momento. Te non hai bisogno di tutto questo, ma quant&#8217;\u00e8 difficile per te farti strada in un mondo che \u00e8 cambiato cos\u00ec\u00a0tanto<\/strong><\/p>\n<p>Certo, il mondo \u00e8 cambiato moltissimo. Ci si deve credere veramente tanto, nel senso che <strong>i risultati non sono per niente garantiti,\u00a0neanche prima ma oggi meno.<\/strong> Ci si deve ingegnare per fare cose che ti piacciono, in cui ti riconosci e che fai volentieri, proprio perch\u00e9 il lavoro c&#8217;\u00e8 sempre, il perfezionamento, il miglioramento, ma<strong> i risultati non arrivano sempre.<\/strong><\/p>\n<p><strong>Tu intendi che la qualit\u00e0 non paga sempre&#8230;<\/strong><\/p>\n<p>Io tengo molto alla qualit\u00e0, cerco di circondarmi di persone valide e competenti per\u00f2 nello stesso tempo siccome il discorso economico \u00e8 peggiorato, si fa fatica a portare\u00a0a casa il minimo per sopravvivere. <strong>Devi amare molto il tuo lavoro e farlo per il gusto di farlo<\/strong>. Io credo che se lavori con passione e determinazione, prima o poi i frutti arrivano e verrai premiato. <strong>Devi mantenere vivo il tuo fuoco sacro, poi il resto arriver\u00e0.<\/strong><\/p>\n<div class=\"titleimg\">\n<figure id=\"post-366499 media-366499\" class=\"align-none\"><img decoding=\"async\" src=\"https:\/\/www.intoscana.it\/wp-content\/uploads\/IRENE-GRANDI-UNIVERSO-ph-Luca-Brunetti-5_web-scaled.jpeg\" alt=\"\" \/><\/figure>\n<div class=\"titleimg\"><em>Irene Grandi foto di Luca Brunetti\u00a0<\/em><\/div>\n<\/div>\n<p>&nbsp;<\/p>\n","protected":false},"excerpt":{"rendered":"<p>Luned\u00ec 9 dicembre arriva al Teatro Verdi una delle cantautrici pi\u00f9 amate della Toscana che sveler\u00e0 tutte le sfaccettature della sua versatile anima musicale nel &#8220;Fiera di me Tour&#8221;<\/p>\n","protected":false},"author":518,"featured_media":359736,"comment_status":"open","ping_status":"open","sticky":false,"template":"","format":"standard","meta":{"_acf_changed":false,"footnotes":""},"categories":[14],"tags":[216,4474,202,3138,236],"class_list":["post-366486","post","type-post","status-publish","format-standard","has-post-thumbnail","hentry","category-musica","tag-concerti","tag-eventi","tag-firenze","tag-interviste-agli-artisti","tag-teatro"],"acf":[],"yoast_head":"<!-- This site is optimized with the Yoast SEO Premium plugin v24.2 (Yoast SEO v25.6) - https:\/\/yoast.com\/wordpress\/plugins\/seo\/ -->\n<title>Irene Grandi festeggia 30 anni di carriera in concerto a Firenze: &quot;La musica \u00e8 il mio fuoco sacro&quot; - intoscana<\/title>\n<meta name=\"description\" content=\"Luned\u00ec 9 dicembre arriva al Teatro Verdi una delle cantautrici pi\u00f9 amate della Toscana che sveler\u00e0 tutte le sfaccettature della sua musica\" \/>\n<meta name=\"robots\" content=\"index, follow, max-snippet:-1, max-image-preview:large, max-video-preview:-1\" \/>\n<link rel=\"canonical\" href=\"https:\/\/www.intoscana.it\/it\/irene-grandi-festeggia-30-anni-di-carriera-in-concerto-a-firenze-la-musica-e-il-mio-fuoco-sacro\/\" \/>\n<meta property=\"og:locale\" content=\"it_IT\" \/>\n<meta property=\"og:type\" content=\"article\" \/>\n<meta property=\"og:title\" content=\"Irene Grandi festeggia 30 anni di carriera in concerto a Firenze: &quot;La musica \u00e8 il mio fuoco sacro&quot;\" \/>\n<meta property=\"og:description\" content=\"Luned\u00ec 9 dicembre arriva al Teatro Verdi una delle cantautrici pi\u00f9 amate della Toscana che sveler\u00e0 tutte le sfaccettature della sua musica\" \/>\n<meta property=\"og:url\" content=\"https:\/\/www.intoscana.it\/it\/irene-grandi-festeggia-30-anni-di-carriera-in-concerto-a-firenze-la-musica-e-il-mio-fuoco-sacro\/\" \/>\n<meta property=\"og:site_name\" content=\"intoscana\" \/>\n<meta property=\"article:publisher\" content=\"https:\/\/www.facebook.com\/intoscana.it\" \/>\n<meta property=\"article:published_time\" content=\"2024-12-02T11:00:44+00:00\" \/>\n<meta property=\"article:modified_time\" content=\"2024-12-02T11:08:23+00:00\" \/>\n<meta property=\"og:image\" content=\"https:\/\/www.intoscana.it\/wp-content\/uploads\/Irene-Grandi-foto-di-Luca-Brunetti-e1728544958186.jpg\" \/>\n\t<meta property=\"og:image:width\" content=\"1280\" \/>\n\t<meta property=\"og:image:height\" content=\"960\" \/>\n\t<meta property=\"og:image:type\" content=\"image\/jpeg\" \/>\n<meta name=\"author\" content=\"Costanza Baldini\" \/>\n<meta name=\"twitter:card\" content=\"summary_large_image\" \/>\n<meta name=\"twitter:creator\" content=\"@intoscana\" \/>\n<meta name=\"twitter:site\" content=\"@intoscana\" \/>\n<meta name=\"twitter:label1\" content=\"Written by\" \/>\n\t<meta name=\"twitter:data1\" content=\"Costanza Baldini\" \/>\n\t<meta name=\"twitter:label2\" content=\"Est. reading time\" \/>\n\t<meta name=\"twitter:data2\" content=\"6 minuti\" \/>\n<script type=\"application\/ld+json\" class=\"yoast-schema-graph\">{\"@context\":\"https:\/\/schema.org\",\"@graph\":[{\"@type\":\"WebPage\",\"@id\":\"https:\/\/www.intoscana.it\/it\/irene-grandi-festeggia-30-anni-di-carriera-in-concerto-a-firenze-la-musica-e-il-mio-fuoco-sacro\/\",\"url\":\"https:\/\/www.intoscana.it\/it\/irene-grandi-festeggia-30-anni-di-carriera-in-concerto-a-firenze-la-musica-e-il-mio-fuoco-sacro\/\",\"name\":\"Irene Grandi festeggia 30 anni di carriera in concerto a Firenze: \\\"La musica \u00e8 il mio fuoco sacro\\\" - intoscana\",\"isPartOf\":{\"@id\":\"https:\/\/www.intoscana.it\/it\/#website\"},\"primaryImageOfPage\":{\"@id\":\"https:\/\/www.intoscana.it\/it\/irene-grandi-festeggia-30-anni-di-carriera-in-concerto-a-firenze-la-musica-e-il-mio-fuoco-sacro\/#primaryimage\"},\"image\":{\"@id\":\"https:\/\/www.intoscana.it\/it\/irene-grandi-festeggia-30-anni-di-carriera-in-concerto-a-firenze-la-musica-e-il-mio-fuoco-sacro\/#primaryimage\"},\"thumbnailUrl\":\"https:\/\/www.intoscana.it\/wp-content\/uploads\/Irene-Grandi-foto-di-Luca-Brunetti-e1728544958186.jpg\",\"datePublished\":\"2024-12-02T11:00:44+00:00\",\"dateModified\":\"2024-12-02T11:08:23+00:00\",\"author\":{\"@id\":\"https:\/\/www.intoscana.it\/it\/#\/schema\/person\/d469f35f09739bdf00bf5dd3f0647a82\"},\"description\":\"Luned\u00ec 9 dicembre arriva al Teatro Verdi una delle cantautrici pi\u00f9 amate della Toscana che sveler\u00e0 tutte le sfaccettature della sua musica\",\"breadcrumb\":{\"@id\":\"https:\/\/www.intoscana.it\/it\/irene-grandi-festeggia-30-anni-di-carriera-in-concerto-a-firenze-la-musica-e-il-mio-fuoco-sacro\/#breadcrumb\"},\"inLanguage\":\"it-IT\",\"potentialAction\":[{\"@type\":\"ReadAction\",\"target\":[\"https:\/\/www.intoscana.it\/it\/irene-grandi-festeggia-30-anni-di-carriera-in-concerto-a-firenze-la-musica-e-il-mio-fuoco-sacro\/\"]}]},{\"@type\":\"ImageObject\",\"inLanguage\":\"it-IT\",\"@id\":\"https:\/\/www.intoscana.it\/it\/irene-grandi-festeggia-30-anni-di-carriera-in-concerto-a-firenze-la-musica-e-il-mio-fuoco-sacro\/#primaryimage\",\"url\":\"https:\/\/www.intoscana.it\/wp-content\/uploads\/Irene-Grandi-foto-di-Luca-Brunetti-e1728544958186.jpg\",\"contentUrl\":\"https:\/\/www.intoscana.it\/wp-content\/uploads\/Irene-Grandi-foto-di-Luca-Brunetti-e1728544958186.jpg\",\"width\":1280,\"height\":960},{\"@type\":\"BreadcrumbList\",\"@id\":\"https:\/\/www.intoscana.it\/it\/irene-grandi-festeggia-30-anni-di-carriera-in-concerto-a-firenze-la-musica-e-il-mio-fuoco-sacro\/#breadcrumb\",\"itemListElement\":[{\"@type\":\"ListItem\",\"position\":1,\"name\":\"Home\",\"item\":\"https:\/\/www.intoscana.it\/it\/\"},{\"@type\":\"ListItem\",\"position\":2,\"name\":\"Irene Grandi festeggia 30 anni di carriera in concerto a Firenze: &#8220;La musica \u00e8 il mio fuoco sacro&#8221;\"}]},{\"@type\":\"WebSite\",\"@id\":\"https:\/\/www.intoscana.it\/it\/#website\",\"url\":\"https:\/\/www.intoscana.it\/it\/\",\"name\":\"intoscana\",\"description\":\"\",\"potentialAction\":[{\"@type\":\"SearchAction\",\"target\":{\"@type\":\"EntryPoint\",\"urlTemplate\":\"https:\/\/www.intoscana.it\/it\/?s={search_term_string}\"},\"query-input\":{\"@type\":\"PropertyValueSpecification\",\"valueRequired\":true,\"valueName\":\"search_term_string\"}}],\"inLanguage\":\"it-IT\"},{\"@type\":\"Person\",\"@id\":\"https:\/\/www.intoscana.it\/it\/#\/schema\/person\/d469f35f09739bdf00bf5dd3f0647a82\",\"name\":\"Costanza Baldini\",\"url\":\"https:\/\/www.intoscana.it\/it\/author\/costanza-baldini\/\"}]}<\/script>\n<!-- \/ Yoast SEO Premium plugin. -->","yoast_head_json":{"title":"Irene Grandi festeggia 30 anni di carriera in concerto a Firenze: \"La musica \u00e8 il mio fuoco sacro\" - intoscana","description":"Luned\u00ec 9 dicembre arriva al Teatro Verdi una delle cantautrici pi\u00f9 amate della Toscana che sveler\u00e0 tutte le sfaccettature della sua musica","robots":{"index":"index","follow":"follow","max-snippet":"max-snippet:-1","max-image-preview":"max-image-preview:large","max-video-preview":"max-video-preview:-1"},"canonical":"https:\/\/www.intoscana.it\/it\/irene-grandi-festeggia-30-anni-di-carriera-in-concerto-a-firenze-la-musica-e-il-mio-fuoco-sacro\/","og_locale":"it_IT","og_type":"article","og_title":"Irene Grandi festeggia 30 anni di carriera in concerto a Firenze: \"La musica \u00e8 il mio fuoco sacro\"","og_description":"Luned\u00ec 9 dicembre arriva al Teatro Verdi una delle cantautrici pi\u00f9 amate della Toscana che sveler\u00e0 tutte le sfaccettature della sua musica","og_url":"https:\/\/www.intoscana.it\/it\/irene-grandi-festeggia-30-anni-di-carriera-in-concerto-a-firenze-la-musica-e-il-mio-fuoco-sacro\/","og_site_name":"intoscana","article_publisher":"https:\/\/www.facebook.com\/intoscana.it","article_published_time":"2024-12-02T11:00:44+00:00","article_modified_time":"2024-12-02T11:08:23+00:00","og_image":[{"width":1280,"height":960,"url":"https:\/\/www.intoscana.it\/wp-content\/uploads\/Irene-Grandi-foto-di-Luca-Brunetti-e1728544958186.jpg","type":"image\/jpeg"}],"author":"Costanza Baldini","twitter_card":"summary_large_image","twitter_creator":"@intoscana","twitter_site":"@intoscana","twitter_misc":{"Written by":"Costanza Baldini","Est. reading time":"6 minuti"},"schema":{"@context":"https:\/\/schema.org","@graph":[{"@type":"WebPage","@id":"https:\/\/www.intoscana.it\/it\/irene-grandi-festeggia-30-anni-di-carriera-in-concerto-a-firenze-la-musica-e-il-mio-fuoco-sacro\/","url":"https:\/\/www.intoscana.it\/it\/irene-grandi-festeggia-30-anni-di-carriera-in-concerto-a-firenze-la-musica-e-il-mio-fuoco-sacro\/","name":"Irene Grandi festeggia 30 anni di carriera in concerto a Firenze: \"La musica \u00e8 il mio fuoco sacro\" - intoscana","isPartOf":{"@id":"https:\/\/www.intoscana.it\/it\/#website"},"primaryImageOfPage":{"@id":"https:\/\/www.intoscana.it\/it\/irene-grandi-festeggia-30-anni-di-carriera-in-concerto-a-firenze-la-musica-e-il-mio-fuoco-sacro\/#primaryimage"},"image":{"@id":"https:\/\/www.intoscana.it\/it\/irene-grandi-festeggia-30-anni-di-carriera-in-concerto-a-firenze-la-musica-e-il-mio-fuoco-sacro\/#primaryimage"},"thumbnailUrl":"https:\/\/www.intoscana.it\/wp-content\/uploads\/Irene-Grandi-foto-di-Luca-Brunetti-e1728544958186.jpg","datePublished":"2024-12-02T11:00:44+00:00","dateModified":"2024-12-02T11:08:23+00:00","author":{"@id":"https:\/\/www.intoscana.it\/it\/#\/schema\/person\/d469f35f09739bdf00bf5dd3f0647a82"},"description":"Luned\u00ec 9 dicembre arriva al Teatro Verdi una delle cantautrici pi\u00f9 amate della Toscana che sveler\u00e0 tutte le sfaccettature della sua musica","breadcrumb":{"@id":"https:\/\/www.intoscana.it\/it\/irene-grandi-festeggia-30-anni-di-carriera-in-concerto-a-firenze-la-musica-e-il-mio-fuoco-sacro\/#breadcrumb"},"inLanguage":"it-IT","potentialAction":[{"@type":"ReadAction","target":["https:\/\/www.intoscana.it\/it\/irene-grandi-festeggia-30-anni-di-carriera-in-concerto-a-firenze-la-musica-e-il-mio-fuoco-sacro\/"]}]},{"@type":"ImageObject","inLanguage":"it-IT","@id":"https:\/\/www.intoscana.it\/it\/irene-grandi-festeggia-30-anni-di-carriera-in-concerto-a-firenze-la-musica-e-il-mio-fuoco-sacro\/#primaryimage","url":"https:\/\/www.intoscana.it\/wp-content\/uploads\/Irene-Grandi-foto-di-Luca-Brunetti-e1728544958186.jpg","contentUrl":"https:\/\/www.intoscana.it\/wp-content\/uploads\/Irene-Grandi-foto-di-Luca-Brunetti-e1728544958186.jpg","width":1280,"height":960},{"@type":"BreadcrumbList","@id":"https:\/\/www.intoscana.it\/it\/irene-grandi-festeggia-30-anni-di-carriera-in-concerto-a-firenze-la-musica-e-il-mio-fuoco-sacro\/#breadcrumb","itemListElement":[{"@type":"ListItem","position":1,"name":"Home","item":"https:\/\/www.intoscana.it\/it\/"},{"@type":"ListItem","position":2,"name":"Irene Grandi festeggia 30 anni di carriera in concerto a Firenze: &#8220;La musica \u00e8 il mio fuoco sacro&#8221;"}]},{"@type":"WebSite","@id":"https:\/\/www.intoscana.it\/it\/#website","url":"https:\/\/www.intoscana.it\/it\/","name":"intoscana","description":"","potentialAction":[{"@type":"SearchAction","target":{"@type":"EntryPoint","urlTemplate":"https:\/\/www.intoscana.it\/it\/?s={search_term_string}"},"query-input":{"@type":"PropertyValueSpecification","valueRequired":true,"valueName":"search_term_string"}}],"inLanguage":"it-IT"},{"@type":"Person","@id":"https:\/\/www.intoscana.it\/it\/#\/schema\/person\/d469f35f09739bdf00bf5dd3f0647a82","name":"Costanza Baldini","url":"https:\/\/www.intoscana.it\/it\/author\/costanza-baldini\/"}]}},"_links":{"self":[{"href":"https:\/\/www.intoscana.it\/it\/wp-json\/wp\/v2\/posts\/366486","targetHints":{"allow":["GET"]}}],"collection":[{"href":"https:\/\/www.intoscana.it\/it\/wp-json\/wp\/v2\/posts"}],"about":[{"href":"https:\/\/www.intoscana.it\/it\/wp-json\/wp\/v2\/types\/post"}],"author":[{"embeddable":true,"href":"https:\/\/www.intoscana.it\/it\/wp-json\/wp\/v2\/users\/518"}],"replies":[{"embeddable":true,"href":"https:\/\/www.intoscana.it\/it\/wp-json\/wp\/v2\/comments?post=366486"}],"version-history":[{"count":10,"href":"https:\/\/www.intoscana.it\/it\/wp-json\/wp\/v2\/posts\/366486\/revisions"}],"predecessor-version":[{"id":366518,"href":"https:\/\/www.intoscana.it\/it\/wp-json\/wp\/v2\/posts\/366486\/revisions\/366518"}],"wp:featuredmedia":[{"embeddable":true,"href":"https:\/\/www.intoscana.it\/it\/wp-json\/wp\/v2\/media\/359736"}],"wp:attachment":[{"href":"https:\/\/www.intoscana.it\/it\/wp-json\/wp\/v2\/media?parent=366486"}],"wp:term":[{"taxonomy":"category","embeddable":true,"href":"https:\/\/www.intoscana.it\/it\/wp-json\/wp\/v2\/categories?post=366486"},{"taxonomy":"post_tag","embeddable":true,"href":"https:\/\/www.intoscana.it\/it\/wp-json\/wp\/v2\/tags?post=366486"}],"curies":[{"name":"wp","href":"https:\/\/api.w.org\/{rel}","templated":true}]}}