{"id":366681,"date":"2024-12-03T15:15:39","date_gmt":"2024-12-03T14:15:39","guid":{"rendered":"https:\/\/www.intoscana.it\/it\/?p=366681"},"modified":"2024-12-03T15:40:46","modified_gmt":"2024-12-03T14:40:46","slug":"disabilita-una-giornata-tra-visite-al-museo-e-iniziative-per-superare-le-barriere","status":"publish","type":"post","link":"https:\/\/www.intoscana.it\/it\/disabilita-una-giornata-tra-visite-al-museo-e-iniziative-per-superare-le-barriere\/","title":{"rendered":"Disabilit\u00e0, una giornata tra visite al museo e iniziative per superare le barriere"},"content":{"rendered":"<p><mark>Superare le barriere fisiche, cognitive e sensoriali<\/mark>: questa la finalit\u00e0 della \u201c<em>Giornata internazionale dei diritti delle persone con disabilit\u00e0<\/em>\u201d, istituita dalle <strong>Nazioni Unite<\/strong> e che si svolge ogni anno il 3 dicembre. Diverse le iniziative organizzate <strong>in Toscana<\/strong> e in particolare a <strong>Firenze<\/strong>.<\/p>\n<p>La <strong>Biblioteca nazionale centrale<\/strong> di Firenze \u00e8 da sempre impegnata nell&#8217;opera di inclusione come testimonia lo slogan \u201c<em>Un giorno all\u2019anno tutto l\u2019anno<\/em>\u201d. Per la giornata dei diritti delle persone con disabilit\u00e0 ha organizzato <b>due visite speciali<\/b> alla mostra &#8220;<em>Quando il mondo era la radio. Un secolo di storia nei libri e nelle riviste<\/em>&#8220;: l&#8217;appuntamento \u00e8 per il 3 dicembre e il 28 dicembre.<\/p>\n<figure id=\"post-84347 media-84347\" class=\"align-none\"><img decoding=\"async\" src=\"https:\/\/www.intoscana.it\/wp-content\/uploads\/biblio-2.jpg\" alt=\"\" \/><\/figure>\n<div class=\"titleimg\">La Biblioteca Nazionale di Firenze<\/div>\n<p>Nell&#8217;evento del 3 dicembre in mostra l&#8217;<strong>Orchestra Regionale Inclusiva della Toscana<\/strong>: \u00e8 questo il primo di una serie di incontri che vedranno la Biblioteca quale sede del concerto di fine anno dell&#8217;Orchestra. La<b> seconda visita del 28 dicembre<\/b>, in collaborazione con <strong>Ente Nazionale Sordi<\/strong> &#8211; Sezione Provinciale di Firenze, porter\u00e0 in mostra un gruppo accompagnato da <strong>un interprete Lis<\/strong>.<\/p>\n<p>Il <strong>Museo archeologico nazionale<\/strong> di Firenze porta avanti il progetto \u201c<em>L\u2019arte e-\u00e8 il tempo dei sensi<\/em>\u201d, una serie di appuntamenti all\u2019insegna di una <strong>valorizzazione multisensoriale<\/strong> della fruizione museale e dell\u2019archeologia. Per la giornata dei diritti delle persone con disabilit\u00e0 ha organizzato <strong>due visite guidate<\/strong>.<\/p>\n<figure id=\"post-310267 media-310267\" class=\"align-none\"><img decoding=\"async\" src=\"https:\/\/www.intoscana.it\/wp-content\/uploads\/Il-Museo-Archeologico-Nazionale-di-Firenze-\u00a9-FB-Maf.jpeg\" alt=\"\" \/><\/figure>\n<div class=\"titleimg\">Il Museo Archeologico Nazionale di Firenze \u2013 \u00a9 FB Maf<\/div>\n<p>La <strong>Galleria dell\u2019Accademia<\/strong> di Firenze ha organizzato dei <strong>percorsi speciali<\/strong> dedicati ad utenti con limitazioni alle <strong>funzionalit\u00e0 visive e uditive<\/strong>. L&#8217;iniziativa prevede due <strong>visite tattili<\/strong> per persone ipovedenti o non vedenti, e due <strong>visite tematiche<\/strong> nella lingua italiana dei segni (LIS) per persone non udenti.<\/p>\n<div>\n<p class=\"x_elementToProof\" align=\"justify\" data-olk-copy-source=\"MessageBody\">Il <strong>Museo nazionale di San Matteo<\/strong> a Pisa espone, dal 3 dicembre 2024 al 7 gennaio 2025,\u00a0 il \u201c<em>polittico<\/em>\u201d realizzato dagli utenti dei <strong>centri diurni della Salute Mentale<\/strong> della zona pisana, durante il laboratorio artistico curato dalla dottoressa Viola Fiorentino.<\/p>\n<p align=\"justify\">L\u2019opera collettiva \u00e8 una rielaborazione in chiave contemporanea dei <strong>polittici medievali<\/strong> all\u2019interno del museo. Sono rappresentati <strong>santi e martiri<\/strong> della societ\u00e0 odierna: <mark>l\u2019operaio edile, il rider, la madre tuttofare, l\u2019infermiera e il migrante in balia del mare<\/mark>.<\/p>\n<figure id=\"post-366708 media-366708\" class=\"align-none\"><img decoding=\"async\" src=\"https:\/\/www.intoscana.it\/wp-content\/uploads\/PREMIO-UNIFI-INCLUDE-2024.jpg\" alt=\"\" \/><\/figure>\n<div class=\"titleimg\">La consegna del premio Unifi include 2024<\/div>\n<h3 align=\"justify\">Il Premio Unifi Include 2024<\/h3>\n<p align=\"justify\">L&#8217;universit\u00e0 di Firenze ha invece assegnato all\u2019Associazione <strong>Progetto Villa Lorenzi<\/strong>, alla Cooperativa Sociale <strong>Made in Sipario<\/strong> e alla <strong>Scuola di Musica di Fiesole<\/strong> il\u00a0<em>Premio Unifi Include 2024 <\/em>per persone e organizzazioni impegnate nella promozione della <strong>solidariet\u00e0<\/strong> e dell\u2019<strong>inclusione sociale<\/strong>.<\/p>\n<\/div>\n<p style=\"font-weight: 400;\"><strong>Il p<\/strong><strong>rogetto Villa Lorenzi<\/strong>\u00a0\u00e8 stato premiato <em>\u201cper l\u2019impegno ultratrentennale a fianco dei giovani e delle loro famiglie, nella valorizzazione della persona e nella prevenzione e riabilitazione del disagio giovanile, attraverso interventi educativi e culturali mirati, attivit\u00e0 formative e azioni pedagogiche<\/em>\u201d.<\/p>\n<p style=\"font-weight: 400;\"><strong>Made in Sipario<\/strong>, cooperativa sociale nata nel 2011 a Firenze, ha ricevuto il premio \u201c<em>per la cura e il profondo rispetto nel valorizzare il potenziale creativo e immaginativo di giovani adulti con disabilit\u00e0 intellettive o in situazioni di fragilit\u00e0, promuovendo percorsi di inclusione che ne sviluppano competenze e professionalit\u00e0<\/em>\u201d.<\/p>\n<figure id=\"post-316545 media-316545\" class=\"align-none\"><img decoding=\"async\" src=\"https:\/\/www.intoscana.it\/wp-content\/uploads\/Made-in-Sipario.jpeg\" alt=\"\" \/><\/figure>\n<div class=\"titleimg\">Made in Sipario<\/div>\n<p style=\"font-weight: 400;\">La\u00a0<strong>Scuola di Musica di Fiesole<\/strong> si \u00e8 distinta \u201c<em>per l\u2019impegno nel promuovere percorsi di inclusione e welfare culturale, innovando le pratiche tradizionali di insegnamento della tecnica corale negli istituti di alta formazione musicale\u201d<\/em>. Il riconoscimento \u00e8 stato attribuito in particolare al progetto\u00a0<em>ManInCoro<\/em>, che combina il canto corale con il linguaggio dei segni (LIS).<\/p>\n<p style=\"font-weight: 400;\">\u201c<em>Con il\u00a0Premio Unifi Include 2024<\/em>\u00a0\u2013 ha dichiarato la rettrice\u00a0<strong>Alessandra Petrucci<\/strong>\u00a0\u2013 <em>l\u2019Ateneo fiorentino sottolinea l\u2019importanza di sostenere e valorizzare realt\u00e0 che, con il loro impegno quotidiano, contribuiscono a costruire una societ\u00e0 pi\u00f9 inclusiva, solidale e attenta ai bisogni delle persone pi\u00f9 vulnerabili\u201d.<\/em><\/p>\n<figure id=\"post-366719 media-366719\" class=\"align-none\"><img decoding=\"async\" src=\"https:\/\/www.intoscana.it\/wp-content\/uploads\/Audiocartoon-2-scaled.jpg\" alt=\"\" \/><\/figure>\n<div class=\"titleimg\">Audiocartoon 2<\/div>\n<p>A <strong>Prato<\/strong> \u00e8 stato presentato il progetto &#8220;<em>Audiocartoon, Cartoni animati senza barriere<\/em>&#8220;, audiodescrizione in italiano di serie di <strong>cartoni animati<\/strong> per non vedenti ed ipovedenti. Un\u2019<strong>app gratuita fruibile<\/strong> in maniera autonoma da tutti: \u00e8 questa la novit\u00e0 del progetto.<\/p>\n<p style=\"font-weight: 400;\">I <strong>Lions della Toscana<\/strong> promuovono lo spettacolo \u201c<em>Ho conosciuto il dolore<\/em>\u201d \u2013 in programma marted\u00ec 3 dicembre alle 20,30 al<strong> Teatro Cartiere Carrara <\/strong>di Firenze. L\u2019ensemble \u201c<em>Ologramma<\/em>\u201d si esibir\u00e0 come gesto d\u2019amore verso i bambini affetti da <strong>patologie neuro degenerative<\/strong> che fanno capo all\u2019Associazione<strong> Voa Voa Amici di Sofia Aps<\/strong>.<\/p>\n<h3>Empoli, disabilit\u00e0 e sport per tutti<\/h3>\n<p>&#8220;<em>Lo sport deve essere per tutti, ogni barriera pu\u00f2 essere superata e il mondo del calcio deve far di tutto per abbatterle. Nella Giornata internazionale dei diritti delle persone con disabilit\u00e0&#8221;, che cade il 3 dicembre, &#8220;ci tengo a sensibilizzare ancora una volta sui temi dell&#8217;inclusione e dell&#8217;abbattimento di ogni tipo di barrie<\/em>ra&#8221; ha detto la vicepresidente e ad dell&#8217;Empoli, <strong>Rebecca Corsi<\/strong>, che fa anche parte, dal 2020, del Consiglio direttivo della divisione calcio paralimpico e sperimentale.<\/p>\n<p>&#8220;<em>Con la nostra societ\u00e0 da alcuni anni stiamo portando avanti con orgoglio un camp estivo dedicato a ragazze e ragazzi diversamente abili, regalando loro una settimana di sport e divertimento nel nostro Centro Sportivo di Monteboro. Ma \u00e8 solo un piccolo passo affinch\u00e9, come ribadito anche sui campi nell&#8217;ultimo turno di Serie A, il calcio possa essere davvero di tutti e senza barriere<\/em>&#8221; ha concluso Corsi.<\/p>\n","protected":false},"excerpt":{"rendered":"<p>Il premio Unifi Include va ad Associazione Progetto Villa Lorenzi, cooperativa sociale Made in Sipario e Scuola di musica di Fiesole<\/p>\n","protected":false},"author":554,"featured_media":366697,"comment_status":"open","ping_status":"open","sticky":false,"template":"","format":"standard","meta":{"_acf_changed":false,"footnotes":""},"categories":[494],"tags":[406,226,353],"class_list":["post-366681","post","type-post","status-publish","format-standard","has-post-thumbnail","hentry","category-attualita","tag-disabilita","tag-musei","tag-universita-di-firenze"],"acf":[],"yoast_head":"<!-- This site is optimized with the Yoast SEO Premium plugin v24.2 (Yoast SEO v25.6) - https:\/\/yoast.com\/wordpress\/plugins\/seo\/ -->\n<title>Disabilit\u00e0, una giornata tra visite al museo e iniziative per superare le barriere - intoscana<\/title>\n<meta name=\"description\" content=\"Il premio Unifi Include va ad Associazione Progetto Villa Lorenzi, cooperativa sociale Made in Sipario e Scuola di musica di Fiesole\" \/>\n<meta name=\"robots\" content=\"index, follow, max-snippet:-1, max-image-preview:large, max-video-preview:-1\" \/>\n<link rel=\"canonical\" href=\"https:\/\/www.intoscana.it\/it\/disabilita-una-giornata-tra-visite-al-museo-e-iniziative-per-superare-le-barriere\/\" \/>\n<meta property=\"og:locale\" content=\"it_IT\" \/>\n<meta property=\"og:type\" content=\"article\" \/>\n<meta property=\"og:title\" content=\"Disabilit\u00e0, una giornata tra visite al museo e iniziative per superare le barriere\" \/>\n<meta property=\"og:description\" content=\"Il premio Unifi Include va ad Associazione Progetto Villa Lorenzi, cooperativa sociale Made in Sipario e Scuola di musica di Fiesole\" \/>\n<meta property=\"og:url\" content=\"https:\/\/www.intoscana.it\/it\/disabilita-una-giornata-tra-visite-al-museo-e-iniziative-per-superare-le-barriere\/\" \/>\n<meta property=\"og:site_name\" content=\"intoscana\" \/>\n<meta property=\"article:publisher\" content=\"https:\/\/www.facebook.com\/intoscana.it\" \/>\n<meta property=\"article:published_time\" content=\"2024-12-03T14:15:39+00:00\" \/>\n<meta property=\"article:modified_time\" content=\"2024-12-03T14:40:46+00:00\" \/>\n<meta property=\"og:image\" content=\"https:\/\/www.intoscana.it\/wp-content\/uploads\/Una-visita-sensoriale-al-museo-archeologico-di-Firenze.jpg\" \/>\n\t<meta property=\"og:image:width\" content=\"1024\" \/>\n\t<meta property=\"og:image:height\" content=\"763\" \/>\n\t<meta property=\"og:image:type\" content=\"image\/jpeg\" \/>\n<meta name=\"author\" content=\"Raffaella Galamini\" \/>\n<meta name=\"twitter:card\" content=\"summary_large_image\" \/>\n<meta name=\"twitter:creator\" content=\"@orio\" \/>\n<meta name=\"twitter:site\" content=\"@intoscana\" \/>\n<meta name=\"twitter:label1\" content=\"Written by\" \/>\n\t<meta name=\"twitter:data1\" content=\"Raffaella Galamini\" \/>\n\t<meta name=\"twitter:label2\" content=\"Est. reading time\" \/>\n\t<meta name=\"twitter:data2\" content=\"6 minuti\" \/>\n<script type=\"application\/ld+json\" class=\"yoast-schema-graph\">{\"@context\":\"https:\/\/schema.org\",\"@graph\":[{\"@type\":\"WebPage\",\"@id\":\"https:\/\/www.intoscana.it\/it\/disabilita-una-giornata-tra-visite-al-museo-e-iniziative-per-superare-le-barriere\/\",\"url\":\"https:\/\/www.intoscana.it\/it\/disabilita-una-giornata-tra-visite-al-museo-e-iniziative-per-superare-le-barriere\/\",\"name\":\"Disabilit\u00e0, una giornata tra visite al museo e iniziative per superare le barriere - intoscana\",\"isPartOf\":{\"@id\":\"https:\/\/www.intoscana.it\/it\/#website\"},\"primaryImageOfPage\":{\"@id\":\"https:\/\/www.intoscana.it\/it\/disabilita-una-giornata-tra-visite-al-museo-e-iniziative-per-superare-le-barriere\/#primaryimage\"},\"image\":{\"@id\":\"https:\/\/www.intoscana.it\/it\/disabilita-una-giornata-tra-visite-al-museo-e-iniziative-per-superare-le-barriere\/#primaryimage\"},\"thumbnailUrl\":\"https:\/\/www.intoscana.it\/wp-content\/uploads\/Una-visita-sensoriale-al-museo-archeologico-di-Firenze.jpg\",\"datePublished\":\"2024-12-03T14:15:39+00:00\",\"dateModified\":\"2024-12-03T14:40:46+00:00\",\"author\":{\"@id\":\"https:\/\/www.intoscana.it\/it\/#\/schema\/person\/9eb9daa846a49fe51af39a73d9d1986b\"},\"description\":\"Il premio Unifi Include va ad Associazione Progetto Villa Lorenzi, cooperativa sociale Made in Sipario e Scuola di musica di Fiesole\",\"breadcrumb\":{\"@id\":\"https:\/\/www.intoscana.it\/it\/disabilita-una-giornata-tra-visite-al-museo-e-iniziative-per-superare-le-barriere\/#breadcrumb\"},\"inLanguage\":\"it-IT\",\"potentialAction\":[{\"@type\":\"ReadAction\",\"target\":[\"https:\/\/www.intoscana.it\/it\/disabilita-una-giornata-tra-visite-al-museo-e-iniziative-per-superare-le-barriere\/\"]}]},{\"@type\":\"ImageObject\",\"inLanguage\":\"it-IT\",\"@id\":\"https:\/\/www.intoscana.it\/it\/disabilita-una-giornata-tra-visite-al-museo-e-iniziative-per-superare-le-barriere\/#primaryimage\",\"url\":\"https:\/\/www.intoscana.it\/wp-content\/uploads\/Una-visita-sensoriale-al-museo-archeologico-di-Firenze.jpg\",\"contentUrl\":\"https:\/\/www.intoscana.it\/wp-content\/uploads\/Una-visita-sensoriale-al-museo-archeologico-di-Firenze.jpg\",\"width\":1024,\"height\":763},{\"@type\":\"BreadcrumbList\",\"@id\":\"https:\/\/www.intoscana.it\/it\/disabilita-una-giornata-tra-visite-al-museo-e-iniziative-per-superare-le-barriere\/#breadcrumb\",\"itemListElement\":[{\"@type\":\"ListItem\",\"position\":1,\"name\":\"Home\",\"item\":\"https:\/\/www.intoscana.it\/it\/\"},{\"@type\":\"ListItem\",\"position\":2,\"name\":\"Disabilit\u00e0, una giornata tra visite al museo e iniziative per superare le barriere\"}]},{\"@type\":\"WebSite\",\"@id\":\"https:\/\/www.intoscana.it\/it\/#website\",\"url\":\"https:\/\/www.intoscana.it\/it\/\",\"name\":\"intoscana\",\"description\":\"\",\"potentialAction\":[{\"@type\":\"SearchAction\",\"target\":{\"@type\":\"EntryPoint\",\"urlTemplate\":\"https:\/\/www.intoscana.it\/it\/?s={search_term_string}\"},\"query-input\":{\"@type\":\"PropertyValueSpecification\",\"valueRequired\":true,\"valueName\":\"search_term_string\"}}],\"inLanguage\":\"it-IT\"},{\"@type\":\"Person\",\"@id\":\"https:\/\/www.intoscana.it\/it\/#\/schema\/person\/9eb9daa846a49fe51af39a73d9d1986b\",\"name\":\"Raffaella Galamini\",\"sameAs\":[\"https:\/\/x.com\/orio\"],\"url\":\"https:\/\/www.intoscana.it\/it\/author\/r-galamini\/\"}]}<\/script>\n<!-- \/ Yoast SEO Premium plugin. -->","yoast_head_json":{"title":"Disabilit\u00e0, una giornata tra visite al museo e iniziative per superare le barriere - intoscana","description":"Il premio Unifi Include va ad Associazione Progetto Villa Lorenzi, cooperativa sociale Made in Sipario e Scuola di musica di Fiesole","robots":{"index":"index","follow":"follow","max-snippet":"max-snippet:-1","max-image-preview":"max-image-preview:large","max-video-preview":"max-video-preview:-1"},"canonical":"https:\/\/www.intoscana.it\/it\/disabilita-una-giornata-tra-visite-al-museo-e-iniziative-per-superare-le-barriere\/","og_locale":"it_IT","og_type":"article","og_title":"Disabilit\u00e0, una giornata tra visite al museo e iniziative per superare le barriere","og_description":"Il premio Unifi Include va ad Associazione Progetto Villa Lorenzi, cooperativa sociale Made in Sipario e Scuola di musica di Fiesole","og_url":"https:\/\/www.intoscana.it\/it\/disabilita-una-giornata-tra-visite-al-museo-e-iniziative-per-superare-le-barriere\/","og_site_name":"intoscana","article_publisher":"https:\/\/www.facebook.com\/intoscana.it","article_published_time":"2024-12-03T14:15:39+00:00","article_modified_time":"2024-12-03T14:40:46+00:00","og_image":[{"width":1024,"height":763,"url":"https:\/\/www.intoscana.it\/wp-content\/uploads\/Una-visita-sensoriale-al-museo-archeologico-di-Firenze.jpg","type":"image\/jpeg"}],"author":"Raffaella Galamini","twitter_card":"summary_large_image","twitter_creator":"@orio","twitter_site":"@intoscana","twitter_misc":{"Written by":"Raffaella Galamini","Est. reading time":"6 minuti"},"schema":{"@context":"https:\/\/schema.org","@graph":[{"@type":"WebPage","@id":"https:\/\/www.intoscana.it\/it\/disabilita-una-giornata-tra-visite-al-museo-e-iniziative-per-superare-le-barriere\/","url":"https:\/\/www.intoscana.it\/it\/disabilita-una-giornata-tra-visite-al-museo-e-iniziative-per-superare-le-barriere\/","name":"Disabilit\u00e0, una giornata tra visite al museo e iniziative per superare le barriere - intoscana","isPartOf":{"@id":"https:\/\/www.intoscana.it\/it\/#website"},"primaryImageOfPage":{"@id":"https:\/\/www.intoscana.it\/it\/disabilita-una-giornata-tra-visite-al-museo-e-iniziative-per-superare-le-barriere\/#primaryimage"},"image":{"@id":"https:\/\/www.intoscana.it\/it\/disabilita-una-giornata-tra-visite-al-museo-e-iniziative-per-superare-le-barriere\/#primaryimage"},"thumbnailUrl":"https:\/\/www.intoscana.it\/wp-content\/uploads\/Una-visita-sensoriale-al-museo-archeologico-di-Firenze.jpg","datePublished":"2024-12-03T14:15:39+00:00","dateModified":"2024-12-03T14:40:46+00:00","author":{"@id":"https:\/\/www.intoscana.it\/it\/#\/schema\/person\/9eb9daa846a49fe51af39a73d9d1986b"},"description":"Il premio Unifi Include va ad Associazione Progetto Villa Lorenzi, cooperativa sociale Made in Sipario e Scuola di musica di Fiesole","breadcrumb":{"@id":"https:\/\/www.intoscana.it\/it\/disabilita-una-giornata-tra-visite-al-museo-e-iniziative-per-superare-le-barriere\/#breadcrumb"},"inLanguage":"it-IT","potentialAction":[{"@type":"ReadAction","target":["https:\/\/www.intoscana.it\/it\/disabilita-una-giornata-tra-visite-al-museo-e-iniziative-per-superare-le-barriere\/"]}]},{"@type":"ImageObject","inLanguage":"it-IT","@id":"https:\/\/www.intoscana.it\/it\/disabilita-una-giornata-tra-visite-al-museo-e-iniziative-per-superare-le-barriere\/#primaryimage","url":"https:\/\/www.intoscana.it\/wp-content\/uploads\/Una-visita-sensoriale-al-museo-archeologico-di-Firenze.jpg","contentUrl":"https:\/\/www.intoscana.it\/wp-content\/uploads\/Una-visita-sensoriale-al-museo-archeologico-di-Firenze.jpg","width":1024,"height":763},{"@type":"BreadcrumbList","@id":"https:\/\/www.intoscana.it\/it\/disabilita-una-giornata-tra-visite-al-museo-e-iniziative-per-superare-le-barriere\/#breadcrumb","itemListElement":[{"@type":"ListItem","position":1,"name":"Home","item":"https:\/\/www.intoscana.it\/it\/"},{"@type":"ListItem","position":2,"name":"Disabilit\u00e0, una giornata tra visite al museo e iniziative per superare le barriere"}]},{"@type":"WebSite","@id":"https:\/\/www.intoscana.it\/it\/#website","url":"https:\/\/www.intoscana.it\/it\/","name":"intoscana","description":"","potentialAction":[{"@type":"SearchAction","target":{"@type":"EntryPoint","urlTemplate":"https:\/\/www.intoscana.it\/it\/?s={search_term_string}"},"query-input":{"@type":"PropertyValueSpecification","valueRequired":true,"valueName":"search_term_string"}}],"inLanguage":"it-IT"},{"@type":"Person","@id":"https:\/\/www.intoscana.it\/it\/#\/schema\/person\/9eb9daa846a49fe51af39a73d9d1986b","name":"Raffaella Galamini","sameAs":["https:\/\/x.com\/orio"],"url":"https:\/\/www.intoscana.it\/it\/author\/r-galamini\/"}]}},"_links":{"self":[{"href":"https:\/\/www.intoscana.it\/it\/wp-json\/wp\/v2\/posts\/366681","targetHints":{"allow":["GET"]}}],"collection":[{"href":"https:\/\/www.intoscana.it\/it\/wp-json\/wp\/v2\/posts"}],"about":[{"href":"https:\/\/www.intoscana.it\/it\/wp-json\/wp\/v2\/types\/post"}],"author":[{"embeddable":true,"href":"https:\/\/www.intoscana.it\/it\/wp-json\/wp\/v2\/users\/554"}],"replies":[{"embeddable":true,"href":"https:\/\/www.intoscana.it\/it\/wp-json\/wp\/v2\/comments?post=366681"}],"version-history":[{"count":20,"href":"https:\/\/www.intoscana.it\/it\/wp-json\/wp\/v2\/posts\/366681\/revisions"}],"predecessor-version":[{"id":366752,"href":"https:\/\/www.intoscana.it\/it\/wp-json\/wp\/v2\/posts\/366681\/revisions\/366752"}],"wp:featuredmedia":[{"embeddable":true,"href":"https:\/\/www.intoscana.it\/it\/wp-json\/wp\/v2\/media\/366697"}],"wp:attachment":[{"href":"https:\/\/www.intoscana.it\/it\/wp-json\/wp\/v2\/media?parent=366681"}],"wp:term":[{"taxonomy":"category","embeddable":true,"href":"https:\/\/www.intoscana.it\/it\/wp-json\/wp\/v2\/categories?post=366681"},{"taxonomy":"post_tag","embeddable":true,"href":"https:\/\/www.intoscana.it\/it\/wp-json\/wp\/v2\/tags?post=366681"}],"curies":[{"name":"wp","href":"https:\/\/api.w.org\/{rel}","templated":true}]}}