{"id":366805,"date":"2024-12-04T14:06:13","date_gmt":"2024-12-04T13:06:13","guid":{"rendered":"https:\/\/www.intoscana.it\/it\/?p=366805"},"modified":"2024-12-04T14:10:38","modified_gmt":"2024-12-04T13:10:38","slug":"lucia-festival-firenze-2024","status":"publish","type":"post","link":"https:\/\/www.intoscana.it\/it\/lucia-festival-firenze-2024\/","title":{"rendered":"Il Lucia Festival torna a Firenze con quattro giorni dedicati all&#8217;arte di raccontare e al piacere di ascoltare"},"content":{"rendered":"<p>Lo scrittore francese <strong>Antoine De Saint-Exupery<\/strong> ha scritto che <strong>amare vuol dire soprattutto saper ascoltare in silenzio.<\/strong><\/p>\n<p>Per ricordarci<strong> la bellezza e l&#8217;importanza di ascoltare<\/strong> a Firenze <strong>dal 12 al 15 dicembre<\/strong> torna il <em><b>&#8220;Lucia Festival&#8221;<\/b>: <\/em><strong>quattro giorni dedicati ai podcast e alle narrazioni audio<\/strong> provenienti da tutto il mondo, con tantissimi ospiti e anteprime.<\/p>\n<p>In programma incontri con autrici e autori, <strong>sessioni di ascolto collettivo, talk, laboratori<\/strong> per esplorare le varie interazioni tra <strong>racconto, podcasting e linguaggi radiofonici.<\/strong><\/p>\n<p>Non solo storie audio, ma anche <strong>film senza immagini, visite guidate,<\/strong> un momento celebrativo per i <strong>100 anni della radiofonia in Italia,<\/strong> una sessione di <strong>\u201cginnastica per le orecchie\u201d<\/strong> e un\u2019anteprima della piattaforma di ascolto per l\u2019infanzia di <strong><em>Bambini all\u2019Ascolto.<\/em><\/strong><\/p>\n<p>Le location del <a href=\"https:\/\/www.luciafestival.org\/\" target=\"_blank\" rel=\"noopener\"><strong>Lucia Festival<\/strong> <\/a>sono tre: <strong>CANGO &#8211; Cantieri Culturali Goldonetta, il Cinema Astra e Villa Romana<\/strong>.<\/p>\n<p><strong>L\u2019ingresso a tutte le sessioni e alle attivit\u00e0 \u00e8 ad ingresso libero<\/strong> fino ad esaurimento posti, salvo dove diversamente indicato.<\/p>\n<h3>Il programma del Lucia Festival 2024<\/h3>\n<p>Il <strong>Lucia Festival<\/strong> prende il via<strong> gioved\u00ec 12 dicembre<\/strong>, a partire dalle 10 a <strong>Villa Romana,<\/strong> con <strong><em>YASS! (You Are So Sound!),<\/em> <\/strong>il programma di formazione e mentoring per producer e audio maker internazionali. Per Lucia 2024, YASS! prende la forma di YASS! Lab &#8211; la voce al microfono, un seminario intensivo di due giorni (12 e 13 dicembre) condotto dall\u2019attrice e insegnante di voce Chiara Claudi. L\u2019attivit\u00e0 formativa \u00e8 dedicata ad audio-maker e autori di podcast e si concentra sull\u2019uso della voce al microfono nella produzione audio.<\/p>\n<p>La programmazione prosegue alle ore 21 presso il<strong> cinema Astra<\/strong> con la proiezione straordinaria di<strong><em> Life Chronicles of Dorothea \u00cfesj S.P.U.<\/em><\/strong>, un film e audioracconto sci-fi, scritto e diretto da <strong>ALMARE <\/strong>e curato da Radio Papesse. Il documentario segue le avventure della ricercatrice <strong>Dorothea \u00cfesj<\/strong> e le sue peripezie nell&#8217;estrarre (e rivendere) suoni del passato, grazie a <strong>una tecnologia chiamata ECHO<\/strong> che rende possibile analizzare le onde sonore incise nei secoli su ogni superficie.<\/p>\n<p>In occasione dei <strong>100 anni della radiofonia in Italia<\/strong> si terranno due visite guidate presso la Biblioteca Nazionale Centrale di Firenze, alla mostra <strong><em>\u201cQuando il mondo era la Radio. Un secolo di storia nei libri e nelle riviste\u201d <\/em><\/strong>che presenta opere letterarie, musicali, fotografiche e di divulgazione tecnica. Appuntamento per venerd\u00ec 13 dalle ore 15:30, con replica sabato 14 dalle ore 16:00 (ingresso gratuito con prenotazione fino ad esaurimento posti).<\/p>\n<p><strong>Venerd\u00ec 13 dicembre<\/strong> il <strong>Lucia Festival<\/strong> si trasferisce al <strong>CANGO &#8211; Cantieri Goldonetta<\/strong>. La prima sessione d\u2019ascolto \u00e8 prevista alle ore 17:30 con l\u2019anteprima assoluta di <strong><em>\u201cLa Grande Famiglia\u201d<\/em><\/strong> di <strong>Cristiano Barducci<\/strong>, un progetto che racconta la storia di<strong> una radio di New York<\/strong> che negli anni &#8217;50 cre\u00f2 un programma per italoamericani per ascoltare le voci dei parenti rimasti in Italia.\u00a0Nel 2022 Barducci ha scoperto che <strong>in America esistono migliaia di dischi con le registrazioni dello show<\/strong>, mandati in ricordo dalla radio alle famiglie partecipanti.<\/p>\n<p>A seguire, alle 18:00, l\u2019ascolto di <strong><em>&#8220;Une utopie, un mensonge\u201d<\/em> <\/strong>di <strong>Pauline Augustyn.<\/strong> Il lavoro racconta la storia di Jaione, una donna basca che si \u00e8 unita al <strong>movimento separatista basco ETA<\/strong> all&#8217;et\u00e0 di 18 anni, ma che 40 anni dopo \u00e8 finita in prigione in Spagna.<\/p>\n<p>Alle 19:15, <strong><em>\u201cIl Paese dei Pazzi\u201d<\/em><\/strong> di <strong>Michela Mancini,<\/strong> podcast presentato in collaborazione con Rai Radio 1, e incentrato su <strong>Girifalco, paese di seimila anime in Calabria<\/strong>, e sul suo manicomio.<\/p>\n<p>Alle 21:15 in prima assoluta, <strong><em>\u201cReality looks back\u201d<\/em><\/strong> di <strong>Anne Jeppesen<\/strong>, un documentario onirico sul tessuto stesso della realt\u00e0 fra scienza, filosofia e il <strong>paradosso di Schr\u00f6dinger.<\/strong> Al termine dell\u2019ascolto autrice e mentor, accompagnate da <strong>Rikke Houd<\/strong>, guideranno il pubblico nel retroscena del lavoro, dal pitch iniziale sino alla realizzazione finale.<\/p>\n<p>In chiusura alle 22, <strong><em>Foreste Elettriche<\/em><\/strong> un \u00a0laboratorio di<strong> \u201cascolto elettrificato<\/strong>\u201d condotto da<strong> L\u2019Impero della Luce.<\/strong> Il duo di musica sperimentale formato da <strong>Johann Merrich &amp; eeviac<\/strong> propone <strong>un\u2019esplorazione guidata del suono elettromagnetico di Firenze<\/strong>: muniti di cuffie, a piccoli gruppi, potremo scoprire la voce segreta di cabine dell\u2019alta tensione, cavi sotterranei, lampioni, semafori, reti wifi, insegne luminose. Il laboratorio si svolger\u00e0 anche nella giornata di sabato 14 dicembre (ore 13:45 e ore 17:45), e di domenica 15 (ore 15:00 e ore 16:00).<\/p>\n<figure id=\"post-366885 media-366885\" class=\"align-none\"><img decoding=\"async\" src=\"https:\/\/www.intoscana.it\/wp-content\/uploads\/Lucia-Festival-2022-immagine-di-repertorio-foto-di-Alisa-Martynova-4.jpg\" alt=\"\" \/><\/figure>\n<div class=\"titleimg\"><em>Lucia Festival 2022, foto di Alisa Martynova\u00a0<\/em><\/div>\n<p><strong>Sabato 14 dicembre<\/strong> il programma prende il via alle 10:30 con una sessione per \u201cpreparare le orecchie\u201d agli ascolti della giornata. In collaborazione con<strong> Semi Silent,<\/strong> gruppo di ricerca e produzione sonora di base a <strong>Bucarest,<\/strong> la sound artist <strong>Ana Teodora Popa<\/strong> guider\u00e0 i partecipanti in una serie di ascolti immersivi e risonanze fisiche. Sdraiati, con gli occhi chiusi o in movimento, Ana Teodora Popa e Semi Silent useranno il suono per manipolare la percezione ed evocare emozioni.<\/p>\n<p>Alle 11.30 si terr\u00e0 il talk con il podcast designer<strong> Jonathan Zenti<em> \u201cDal Bauhaus a Spotify\u201d.<\/em><\/strong> Una riflessione sull\u2019evoluzione della produzione audio dall&#8217;artigianalit\u00e0 della <strong>\u201cradio revolution\u201d fra arte e immaginazione<\/strong> fino ad una standardizzazione derivata dalla produzione industriale di massa di contenuti da ascoltare.<\/p>\n<p>Alle ore 12:15 la prima assoluta per <strong><em>\u201cThe only animal that can speak?\u201d<\/em> <\/strong>di <strong>Katie Revell,<\/strong> documentario che esplora il lavoro del <strong>filosofo Samar Nasrullah Khan,<\/strong> \u00a0il cui lavoro si concentra sullo sviluppo di strategie per \u201cascoltare l&#8217;altro &#8211; l&#8217;umano, il non umano, la cosa\u201d.<\/p>\n<p>Alle 14:45 altra prima nazionale, con <strong><em>\u201cPotovanje na robu no\u010di &#8211; Viaggio al margine della notte<\/em><\/strong>\u201d di <strong>Mojca Dela\u010d, Luka Hvalc, Sa\u0161ka Rakef Perko e il dottor Evgen Bav\u010dar,<\/strong> quest\u2019ultimo protagonista del racconto e fautore di uno studio sul canto degli usignoli, che registra ogni notte di maggio da oltre quarant\u2019anni, che si trasforma in una riflessione sociale pi\u00f9 ampia e dettagliata.<\/p>\n<p>Alle ore 16.15, guidati da <strong>Marta Perrotta e da Rodolfo Sacchettini<\/strong> sar\u00e0 possibile ascoltare<strong> l&#8217;incredibile racconto del 1944 di Amerigo Gomez e Victor De Santis sulla battaglia per la liberazione di Firenze,<\/strong> di cui ricorrono gli 80 anni. In questa sessione il pubblico riscoprir\u00e0 anche<strong> la voce unica di Dina Luce,<\/strong> autrice e giornalista Rai che nel 1968 si imbarc\u00f2 sulla turbonave Galileo Galilei diretta in Australia per seguire un gruppo di emigranti italiani.<\/p>\n<p>Gli ascolti di questa giornata proseguono alle 18:00 con la prima assoluta di <strong><em>\u201cTheremin, una storia segreta\u201d<\/em><\/strong> di <strong>Johann Merrich<\/strong>, lavoro vincitore del Premio Lucia 2024 nella categoria \u2018progetti\u2019. Un affascinante viaggio per scoprire la storia di uno dei primi strumenti elettronici, inventato da <strong>Lev Sergeevi\u010d Termen<\/strong> che brevett\u00f2 per primo lo strumento.<\/p>\n<p>Alle 19 \u2013 in collaborazione con Rumore \u2013 \u00e8 in programma l\u2019ascolto in prima nazionale di<strong><em> \u201c9999. Una grande vita lunga\u201d<\/em><\/strong> di<strong> Giovanni Cioni,<\/strong> vincitore del premio Lucia 2024. Il racconto \u00e8 basato sulla vita e sull\u2019esperienza in carcere del <strong>bandito e poeta Giovanni Farina<\/strong>, proveniente dai monti della Calvana (ma sardo di origine) e indicato come la mente dietro al sequestro dell\u2019imprenditore Giuseppe Soffiantini, avvenuto nel giugno del 1997. Alle 21.30 la serata di ascolti si conclude con una sessione sulla comicit\u00e0 in audio guidata da <strong>Talia Augustidis di In The Dark.<\/strong><\/p>\n<p><strong>Domenica 15 dicembre<\/strong> alle 10:30 Lucia inaugura il suo ultimo giorno di programmazione con una sessione di <em><strong>\u201cGinnastica per le orecchie\u201d<\/strong><\/em> ispirata agli esercizi da camera trasmessi dall\u2019EIAR negli anni Trenta e guidata dall<strong>\u2019artista Maria Pecchioli<\/strong>.<\/p>\n<p>La giornata conclusiva ha anche in serbo un altro progetto vincitore del Premio Lucia per il biennio 2022-23, ossia <strong><em>\u201cPrima Persona Plurale\u201d<\/em><\/strong> di <strong>Perla Sardella:<\/strong> un\u2019affascinante <strong>performance di slam poetry,<\/strong> un concerto di voci, un\u2019unica registrazione ininterrotta interpretata da sei performer e sonorizzata dal vivo (ore 11:30, Cango).<\/p>\n<p>Alle 12:15 talk con<strong> Zak Rosen<\/strong>, autore di podcast e documentari per la radio. Nel suo podcast,<strong><em> The Best Advice Show<\/em><\/strong>, Rosen raccoglie spunti per affrontare, sovvertire e superare le crisi creative. In questa sessione interattiva dal titolo <strong><em>\u201cSowing seeds of Hope and Doubt\u201d<\/em><\/strong> (\u201cPiantare i semi della speranza e del dubbio\u201d), l&#8217;autore condivider\u00e0 alcuni spunti dal suo archivio e aiuter\u00e0 i partecipanti al festival a risolvere i loro attuali enigmi creativi.<\/p>\n<p>A Lucia 2024 torna <strong><em>\u201cSANTINI &#8211; Un aiuto quando serve\u201d,<\/em> <\/strong>un incontro su prenotazione dedicato a<strong> producer e professionist* del podcasting e della narrazione audio<\/strong>. Appuntamento per le 12:45, sempre a Cango, iscrizioni aperte sul sito o su richiesta, una volta giunti al festival.<\/p>\n<h3>Lucia Festival pensa anche ai bambini<\/h3>\n<p>Lucia Festival chiude la sua quinta edizione con <strong>una domenica pomeriggio interamente dedicata ai pi\u00f9 piccoli.<\/strong><\/p>\n<p><strong><em>BAA &#8211; Bambini All\u2019Ascolto<\/em><\/strong> sar\u00e0 un pomeriggio di <strong>ascolti guidati<\/strong> e attivit\u00e0 riservate ad <strong>un pubblico dai 6 ai 10 anni<\/strong>. L\u2019appuntamento si apre alle 15 (con replica alle 16) con il laboratorio Foreste Elettriche de L&#8217;impero della Luce, stavolta tutto dedicato ai pi\u00f9 piccoli (\u00e8 richiesta la presenza di una persona adulta).<\/p>\n<p>Il primo ascolto (15:30) \u00e8 l\u2019anteprima di <strong><em>\u201cTugh\u00e8der. Mondi in comune\u201d,<\/em><\/strong> un podcast scritto da <strong>Lilith Moscon<\/strong> e prodotto da Radio Papesse che parla di come si vive insieme, o di come si pu\u00f2 vivere meglio imparando dal comportamento dei nostri vicini non umani. Tugh\u00e8der \u00e8 un un viaggio tra aria, terra e mare, per comprendere meglio il mondo che co-abitiamo ascoltando:<strong> i microbi, le formiche, le oche e le balene.<\/strong> Dopo l\u2019ascolto dell\u2019episodio<strong><em> \u201cPer mille Balene\u201d<\/em><\/strong>, i bambini e le bambine saranno guidati in <strong>una serie di attivit\u00e0 didattiche e giocose.<\/strong><\/p>\n<p>Il secondo ascolto (16:30) \u00e8 <strong><em>\u201cEt si Ganda s\u2019\u00e9tait sauv\u00e9?\u201d<\/em> <\/strong>realizzato dalla creatrice sonora <strong>Chlo\u00e9 Despax<\/strong> insieme a un gruppo di bambini di Marsiglia, racconta <strong>la storia di Ganda, un rinoceronte indiano<\/strong> realmente esistito. La storia \u00e8 presentata con i sottotitoli in italiano; dopo l\u2019ascolto il pubblico sar\u00e0 coinvolto in una serie di <strong>attivit\u00e0 di suono e rumorismo.<\/strong><\/p>\n<figure id=\"post-366870 media-366870\" class=\"align-none\"><img decoding=\"async\" src=\"https:\/\/www.intoscana.it\/wp-content\/uploads\/1.-LUCIA_01_68-scaled.jpg\" alt=\"\" \/><\/figure>\n","protected":false},"excerpt":{"rendered":"<p>Dal 12 al 15 dicembre in programma incontri con autrici e autori, podcast e narrazioni audio da tutto il mondo, sessioni di ascolto collettivo, talk, ginnastica per le orecchie, laboratori per esplorare le varie interazioni tra racconto e linguaggi radiofonici, con appuntamenti dedicati anche ai bambini<\/p>\n","protected":false},"author":518,"featured_media":366873,"comment_status":"open","ping_status":"open","sticky":false,"template":"","format":"standard","meta":{"_acf_changed":false,"footnotes":""},"categories":[493],"tags":[4474,228,202,151],"class_list":["post-366805","post","type-post","status-publish","format-standard","has-post-thumbnail","hentry","category-cultura","tag-eventi","tag-festival","tag-firenze","tag-regione-toscana"],"acf":[],"yoast_head":"<!-- This site is optimized with the Yoast SEO Premium plugin v24.2 (Yoast SEO v25.6) - https:\/\/yoast.com\/wordpress\/plugins\/seo\/ -->\n<title>Il Lucia Festival torna a Firenze con quattro giorni dedicati all&#039;arte di raccontare e al piacere di ascoltare - intoscana<\/title>\n<meta name=\"description\" content=\"Dal 12 al 15 dicembre al Lucia Festival 4 giorni di podcast e narrazioni audio da tutto il mondo, sessioni di ascolto, talk, laboratori\" \/>\n<meta name=\"robots\" content=\"index, follow, max-snippet:-1, max-image-preview:large, max-video-preview:-1\" \/>\n<link rel=\"canonical\" href=\"https:\/\/www.intoscana.it\/it\/lucia-festival-firenze-2024\/\" \/>\n<meta property=\"og:locale\" content=\"it_IT\" \/>\n<meta property=\"og:type\" content=\"article\" \/>\n<meta property=\"og:title\" content=\"Il Lucia Festival torna a Firenze con quattro giorni dedicati all&#039;arte di raccontare e al piacere di ascoltare\" \/>\n<meta property=\"og:description\" content=\"Dal 12 al 15 dicembre al Lucia Festival 4 giorni di podcast e narrazioni audio da tutto il mondo, sessioni di ascolto, talk, laboratori\" \/>\n<meta property=\"og:url\" content=\"https:\/\/www.intoscana.it\/it\/lucia-festival-firenze-2024\/\" \/>\n<meta property=\"og:site_name\" content=\"intoscana\" \/>\n<meta property=\"article:publisher\" content=\"https:\/\/www.facebook.com\/intoscana.it\" \/>\n<meta property=\"article:published_time\" content=\"2024-12-04T13:06:13+00:00\" \/>\n<meta property=\"article:modified_time\" content=\"2024-12-04T13:10:38+00:00\" \/>\n<meta property=\"og:image\" content=\"https:\/\/www.intoscana.it\/wp-content\/uploads\/Carola-Haupt-Direttrice-artistica-di-Lucia-Festival-2022-immagine-di-repertorio-foto-di-Alisa-Martynova-5.jpg\" \/>\n\t<meta property=\"og:image:width\" content=\"2000\" \/>\n\t<meta property=\"og:image:height\" content=\"1333\" \/>\n\t<meta property=\"og:image:type\" content=\"image\/jpeg\" \/>\n<meta name=\"author\" content=\"Costanza Baldini\" \/>\n<meta name=\"twitter:card\" content=\"summary_large_image\" \/>\n<meta name=\"twitter:creator\" content=\"@intoscana\" \/>\n<meta name=\"twitter:site\" content=\"@intoscana\" \/>\n<meta name=\"twitter:label1\" content=\"Written by\" \/>\n\t<meta name=\"twitter:data1\" content=\"Costanza Baldini\" \/>\n\t<meta name=\"twitter:label2\" content=\"Est. reading time\" \/>\n\t<meta name=\"twitter:data2\" content=\"9 minuti\" \/>\n<script type=\"application\/ld+json\" class=\"yoast-schema-graph\">{\"@context\":\"https:\/\/schema.org\",\"@graph\":[{\"@type\":\"WebPage\",\"@id\":\"https:\/\/www.intoscana.it\/it\/lucia-festival-firenze-2024\/\",\"url\":\"https:\/\/www.intoscana.it\/it\/lucia-festival-firenze-2024\/\",\"name\":\"Il Lucia Festival torna a Firenze con quattro giorni dedicati all'arte di raccontare e al piacere di ascoltare - intoscana\",\"isPartOf\":{\"@id\":\"https:\/\/www.intoscana.it\/it\/#website\"},\"primaryImageOfPage\":{\"@id\":\"https:\/\/www.intoscana.it\/it\/lucia-festival-firenze-2024\/#primaryimage\"},\"image\":{\"@id\":\"https:\/\/www.intoscana.it\/it\/lucia-festival-firenze-2024\/#primaryimage\"},\"thumbnailUrl\":\"https:\/\/www.intoscana.it\/wp-content\/uploads\/Carola-Haupt-Direttrice-artistica-di-Lucia-Festival-2022-immagine-di-repertorio-foto-di-Alisa-Martynova-5.jpg\",\"datePublished\":\"2024-12-04T13:06:13+00:00\",\"dateModified\":\"2024-12-04T13:10:38+00:00\",\"author\":{\"@id\":\"https:\/\/www.intoscana.it\/it\/#\/schema\/person\/d469f35f09739bdf00bf5dd3f0647a82\"},\"description\":\"Dal 12 al 15 dicembre al Lucia Festival 4 giorni di podcast e narrazioni audio da tutto il mondo, sessioni di ascolto, talk, laboratori\",\"breadcrumb\":{\"@id\":\"https:\/\/www.intoscana.it\/it\/lucia-festival-firenze-2024\/#breadcrumb\"},\"inLanguage\":\"it-IT\",\"potentialAction\":[{\"@type\":\"ReadAction\",\"target\":[\"https:\/\/www.intoscana.it\/it\/lucia-festival-firenze-2024\/\"]}]},{\"@type\":\"ImageObject\",\"inLanguage\":\"it-IT\",\"@id\":\"https:\/\/www.intoscana.it\/it\/lucia-festival-firenze-2024\/#primaryimage\",\"url\":\"https:\/\/www.intoscana.it\/wp-content\/uploads\/Carola-Haupt-Direttrice-artistica-di-Lucia-Festival-2022-immagine-di-repertorio-foto-di-Alisa-Martynova-5.jpg\",\"contentUrl\":\"https:\/\/www.intoscana.it\/wp-content\/uploads\/Carola-Haupt-Direttrice-artistica-di-Lucia-Festival-2022-immagine-di-repertorio-foto-di-Alisa-Martynova-5.jpg\",\"width\":2000,\"height\":1333},{\"@type\":\"BreadcrumbList\",\"@id\":\"https:\/\/www.intoscana.it\/it\/lucia-festival-firenze-2024\/#breadcrumb\",\"itemListElement\":[{\"@type\":\"ListItem\",\"position\":1,\"name\":\"Home\",\"item\":\"https:\/\/www.intoscana.it\/it\/\"},{\"@type\":\"ListItem\",\"position\":2,\"name\":\"Il Lucia Festival torna a Firenze con quattro giorni dedicati all&#8217;arte di raccontare e al piacere di ascoltare\"}]},{\"@type\":\"WebSite\",\"@id\":\"https:\/\/www.intoscana.it\/it\/#website\",\"url\":\"https:\/\/www.intoscana.it\/it\/\",\"name\":\"intoscana\",\"description\":\"\",\"potentialAction\":[{\"@type\":\"SearchAction\",\"target\":{\"@type\":\"EntryPoint\",\"urlTemplate\":\"https:\/\/www.intoscana.it\/it\/?s={search_term_string}\"},\"query-input\":{\"@type\":\"PropertyValueSpecification\",\"valueRequired\":true,\"valueName\":\"search_term_string\"}}],\"inLanguage\":\"it-IT\"},{\"@type\":\"Person\",\"@id\":\"https:\/\/www.intoscana.it\/it\/#\/schema\/person\/d469f35f09739bdf00bf5dd3f0647a82\",\"name\":\"Costanza Baldini\",\"url\":\"https:\/\/www.intoscana.it\/it\/author\/costanza-baldini\/\"}]}<\/script>\n<!-- \/ Yoast SEO Premium plugin. -->","yoast_head_json":{"title":"Il Lucia Festival torna a Firenze con quattro giorni dedicati all'arte di raccontare e al piacere di ascoltare - intoscana","description":"Dal 12 al 15 dicembre al Lucia Festival 4 giorni di podcast e narrazioni audio da tutto il mondo, sessioni di ascolto, talk, laboratori","robots":{"index":"index","follow":"follow","max-snippet":"max-snippet:-1","max-image-preview":"max-image-preview:large","max-video-preview":"max-video-preview:-1"},"canonical":"https:\/\/www.intoscana.it\/it\/lucia-festival-firenze-2024\/","og_locale":"it_IT","og_type":"article","og_title":"Il Lucia Festival torna a Firenze con quattro giorni dedicati all'arte di raccontare e al piacere di ascoltare","og_description":"Dal 12 al 15 dicembre al Lucia Festival 4 giorni di podcast e narrazioni audio da tutto il mondo, sessioni di ascolto, talk, laboratori","og_url":"https:\/\/www.intoscana.it\/it\/lucia-festival-firenze-2024\/","og_site_name":"intoscana","article_publisher":"https:\/\/www.facebook.com\/intoscana.it","article_published_time":"2024-12-04T13:06:13+00:00","article_modified_time":"2024-12-04T13:10:38+00:00","og_image":[{"width":2000,"height":1333,"url":"https:\/\/www.intoscana.it\/wp-content\/uploads\/Carola-Haupt-Direttrice-artistica-di-Lucia-Festival-2022-immagine-di-repertorio-foto-di-Alisa-Martynova-5.jpg","type":"image\/jpeg"}],"author":"Costanza Baldini","twitter_card":"summary_large_image","twitter_creator":"@intoscana","twitter_site":"@intoscana","twitter_misc":{"Written by":"Costanza Baldini","Est. reading time":"9 minuti"},"schema":{"@context":"https:\/\/schema.org","@graph":[{"@type":"WebPage","@id":"https:\/\/www.intoscana.it\/it\/lucia-festival-firenze-2024\/","url":"https:\/\/www.intoscana.it\/it\/lucia-festival-firenze-2024\/","name":"Il Lucia Festival torna a Firenze con quattro giorni dedicati all'arte di raccontare e al piacere di ascoltare - intoscana","isPartOf":{"@id":"https:\/\/www.intoscana.it\/it\/#website"},"primaryImageOfPage":{"@id":"https:\/\/www.intoscana.it\/it\/lucia-festival-firenze-2024\/#primaryimage"},"image":{"@id":"https:\/\/www.intoscana.it\/it\/lucia-festival-firenze-2024\/#primaryimage"},"thumbnailUrl":"https:\/\/www.intoscana.it\/wp-content\/uploads\/Carola-Haupt-Direttrice-artistica-di-Lucia-Festival-2022-immagine-di-repertorio-foto-di-Alisa-Martynova-5.jpg","datePublished":"2024-12-04T13:06:13+00:00","dateModified":"2024-12-04T13:10:38+00:00","author":{"@id":"https:\/\/www.intoscana.it\/it\/#\/schema\/person\/d469f35f09739bdf00bf5dd3f0647a82"},"description":"Dal 12 al 15 dicembre al Lucia Festival 4 giorni di podcast e narrazioni audio da tutto il mondo, sessioni di ascolto, talk, laboratori","breadcrumb":{"@id":"https:\/\/www.intoscana.it\/it\/lucia-festival-firenze-2024\/#breadcrumb"},"inLanguage":"it-IT","potentialAction":[{"@type":"ReadAction","target":["https:\/\/www.intoscana.it\/it\/lucia-festival-firenze-2024\/"]}]},{"@type":"ImageObject","inLanguage":"it-IT","@id":"https:\/\/www.intoscana.it\/it\/lucia-festival-firenze-2024\/#primaryimage","url":"https:\/\/www.intoscana.it\/wp-content\/uploads\/Carola-Haupt-Direttrice-artistica-di-Lucia-Festival-2022-immagine-di-repertorio-foto-di-Alisa-Martynova-5.jpg","contentUrl":"https:\/\/www.intoscana.it\/wp-content\/uploads\/Carola-Haupt-Direttrice-artistica-di-Lucia-Festival-2022-immagine-di-repertorio-foto-di-Alisa-Martynova-5.jpg","width":2000,"height":1333},{"@type":"BreadcrumbList","@id":"https:\/\/www.intoscana.it\/it\/lucia-festival-firenze-2024\/#breadcrumb","itemListElement":[{"@type":"ListItem","position":1,"name":"Home","item":"https:\/\/www.intoscana.it\/it\/"},{"@type":"ListItem","position":2,"name":"Il Lucia Festival torna a Firenze con quattro giorni dedicati all&#8217;arte di raccontare e al piacere di ascoltare"}]},{"@type":"WebSite","@id":"https:\/\/www.intoscana.it\/it\/#website","url":"https:\/\/www.intoscana.it\/it\/","name":"intoscana","description":"","potentialAction":[{"@type":"SearchAction","target":{"@type":"EntryPoint","urlTemplate":"https:\/\/www.intoscana.it\/it\/?s={search_term_string}"},"query-input":{"@type":"PropertyValueSpecification","valueRequired":true,"valueName":"search_term_string"}}],"inLanguage":"it-IT"},{"@type":"Person","@id":"https:\/\/www.intoscana.it\/it\/#\/schema\/person\/d469f35f09739bdf00bf5dd3f0647a82","name":"Costanza Baldini","url":"https:\/\/www.intoscana.it\/it\/author\/costanza-baldini\/"}]}},"_links":{"self":[{"href":"https:\/\/www.intoscana.it\/it\/wp-json\/wp\/v2\/posts\/366805","targetHints":{"allow":["GET"]}}],"collection":[{"href":"https:\/\/www.intoscana.it\/it\/wp-json\/wp\/v2\/posts"}],"about":[{"href":"https:\/\/www.intoscana.it\/it\/wp-json\/wp\/v2\/types\/post"}],"author":[{"embeddable":true,"href":"https:\/\/www.intoscana.it\/it\/wp-json\/wp\/v2\/users\/518"}],"replies":[{"embeddable":true,"href":"https:\/\/www.intoscana.it\/it\/wp-json\/wp\/v2\/comments?post=366805"}],"version-history":[{"count":22,"href":"https:\/\/www.intoscana.it\/it\/wp-json\/wp\/v2\/posts\/366805\/revisions"}],"predecessor-version":[{"id":366927,"href":"https:\/\/www.intoscana.it\/it\/wp-json\/wp\/v2\/posts\/366805\/revisions\/366927"}],"wp:featuredmedia":[{"embeddable":true,"href":"https:\/\/www.intoscana.it\/it\/wp-json\/wp\/v2\/media\/366873"}],"wp:attachment":[{"href":"https:\/\/www.intoscana.it\/it\/wp-json\/wp\/v2\/media?parent=366805"}],"wp:term":[{"taxonomy":"category","embeddable":true,"href":"https:\/\/www.intoscana.it\/it\/wp-json\/wp\/v2\/categories?post=366805"},{"taxonomy":"post_tag","embeddable":true,"href":"https:\/\/www.intoscana.it\/it\/wp-json\/wp\/v2\/tags?post=366805"}],"curies":[{"name":"wp","href":"https:\/\/api.w.org\/{rel}","templated":true}]}}