{"id":367001,"date":"2024-12-05T09:57:39","date_gmt":"2024-12-05T08:57:39","guid":{"rendered":"https:\/\/www.intoscana.it\/it\/?p=367001"},"modified":"2024-12-05T10:19:33","modified_gmt":"2024-12-05T09:19:33","slug":"per-il-natale-di-arezzo-arrivano-i-dipinti-di-giotto-in-3d","status":"publish","type":"post","link":"https:\/\/www.intoscana.it\/it\/per-il-natale-di-arezzo-arrivano-i-dipinti-di-giotto-in-3d\/","title":{"rendered":"Per le festivit\u00e0 natalizie ad Arezzo arrivano i dipinti di Giotto in 3d"},"content":{"rendered":"<p>Nell\u2019anno in cui si celebra l\u2019ottavo centenario della <strong>morte di San Francesco<\/strong> ed i <a href=\"https:\/\/www.intoscana.it\/it\/topic\/giorgio-vasari\/\" target=\"_blank\" rel=\"noopener\"><strong>450 anni della morte di Giorgio Vasari<\/strong><\/a>, Arezzo ha deciso di accogliere opere a grandezza naturale di straordinaria bellezza e suggestione, ispirate a quelle dipinte da <strong>Giotto nella Basilica Superiore di Assisi.<\/strong><\/p>\n<p>Le meravigliose scene con <strong><em>l'&#8221;Annunciazione&#8221; e la &#8220;Nativit\u00e0&#8221;<\/em><\/strong> dipinte da <strong>Giotto<\/strong> nella chiesa inferiore della <strong>Basilica di San Francesco in Assisi<\/strong> arrivano <strong>dal 5 dicembre al 6 gennaio 2025<\/strong> ad <a href=\"https:\/\/www.arezzocittadelnatale.it\" target=\"_blank\" rel=\"noopener\"><strong>Arezzo Citt\u00e0 del Natale,<\/strong> <\/a>manifestazione che, in questa edizione, celebra il<strong> Natale delle Arti.<\/strong><\/p>\n<p>Si tratta di un progetto che mediante <strong>la riproduzione tridimensionale delle famose scene giottesche,<\/strong> celebra il<strong> genio del maestro toscano<\/strong> unendo tradizione e tecnologia avanzata e offrendo ai visitatori un&#8217;ambientazione di alto valore spirituale nella volont\u00e0 di promuovere un messaggio di pace e inclusione.<\/p>\n<p>Voluto dalla <strong>Fondazione Arezzo Intour<\/strong> e realizzato grazie alla disponibilit\u00e0 della <strong>Direzione Regionale dei Musei della Toscana e la Curia di Arezzo<\/strong>, <strong><em>&#8216;Giotto in 3D&#8217;<\/em><\/strong> \u00e8 reso possibile grazie alla collaborazione con il <strong>Comune di Assisi e il Sacro Convento di Assisi<\/strong> e va a impreziosire il percorso cittadino di<strong><em> &#8220;Arezzo Citt\u00e0 del Natale&#8221;<\/em><\/strong> invitando il pubblico a riflettere sulla capacit\u00e0 dell&#8217;arte di unire le persone superando barriere culturali e religiose, e ponendo il presepe come simbolo di pace e dialogo.<\/p>\n<p><em>&#8220;Nell&#8217;anno di Giorgio Vasari, genio aretino poliedrico, uno dei figli pi\u00f9 illustri della citt\u00e0 &#8211;<\/em><strong> commenta Simone Chierici, presidente della Fondazione Arezzo Intour &#8211;<\/strong><em> abbiamo voluto realizzare un Natale che avesse come filo conduttore la grande arte. Ecco allora che un progetto come <strong>&#8220;Giotto in 3D&#8221;<\/strong> ci \u00e8 sembrato perfetto per impreziosire la nostra rassegna. Grazie alle nuove tecnologie, le scene dipinte da uno dei massimi interpreti della pittura mondiale prendono forme tridimensionali, ci regalano un presepe particolare e ci offrono un messaggio di pace e di speranza&#8221;.<\/em><\/p>\n<p><em>&#8220;Dalla Basilica di San Francesco ad Assisi alla chiesa di San Francesco ad Arezzo &#8211; <\/em><strong>dichiara Fra&#8217; Giulio Cesareo, direttore dell&#8217;Ufficio comunicazione del Sacro Convento <\/strong><em>&#8211; Il Natale di Francesco dipinto da Giotto \u00e8 ospitato ad Arezzo, nella chiesa dove troneggia il celebre crocifisso del Maestro di San Francesco e dove si trovano i meravigliosi affreschi di Piero della Francesca. Vediamo tante connessioni tra arte, bellezza, fede, nel nome di san Francesco e del Natale, chiamata da lui &#8220;festa delle feste&#8221;. Possa essere cos\u00ec questa iniziativa un&#8217;eco al messaggio di pace, di condivisione e di fraternit\u00e0 che nasce dal presepe di Ges\u00f9 e che san Francesco ha promosso&#8221;.<\/em><\/p>\n<p><em>&#8220;Pi\u00f9 passa il tempo e pi\u00f9 ci accorgiamo che Natale ci serve &#8211; <\/em><strong>sottolinea padre Cesareo Bartolucci della Basilica di San Francesco di Arezzo &#8211;<\/strong><em> Ne abbiamo bisogno. Abbiamo bisogno di una festa che ci faccia ricordare ci\u00f2 per cui siamo fatti e ci\u00f2 per cui viviamo. In un tempo in cui scarseggiano i valori &#8216;elementari&#8217; dell&#8217;esistenza, Natale ci ricorda che questo e molto altro ancora ci \u00e8 donato. Quest&#8217;anno la nostra basilica di san Francesco, scrigno di bellezza e spiritualit\u00e0, si aprir\u00e0 nell&#8217;accogliere il Presepe di Assisi. Un segno che vuole raccontare ancora oggi una delle storie d&#8217;amore pi\u00f9 belle&#8221;.<\/em><\/p>\n<div class=\"titleimg\">\n<figure id=\"post-257929 media-257929\" class=\"align-none\"><img decoding=\"async\" src=\"https:\/\/www.intoscana.it\/wp-content\/uploads\/Arezzo-citta-del-Natale-4-scaled.jpg\" alt=\"\" \/><\/figure>\n<div class=\"titleimg\">Arezzo citt\u00e0 del Natale<\/div>\n<\/div>\n","protected":false},"excerpt":{"rendered":"<p>In occasione delle festivit\u00e0 natalizie dal 5 dicembre al 6 gennaio 2025 la Basilica di San Francesco ad Arezzo ospita la mostra &#8220;Giotto in 3D&#8221;<\/p>\n","protected":false},"author":525,"featured_media":367002,"comment_status":"open","ping_status":"open","sticky":false,"template":"","format":"standard","meta":{"_acf_changed":false,"footnotes":""},"categories":[493],"tags":[196,222,409],"class_list":["post-367001","post","type-post","status-publish","format-standard","has-post-thumbnail","hentry","category-cultura","tag-arezzo","tag-mostre","tag-natale"],"acf":[],"yoast_head":"<!-- This site is optimized with the Yoast SEO Premium plugin v24.2 (Yoast SEO v25.6) - https:\/\/yoast.com\/wordpress\/plugins\/seo\/ -->\n<title>Per le festivit\u00e0 natalizie ad Arezzo arrivano i dipinti di Giotto in 3d - intoscana<\/title>\n<meta name=\"description\" content=\"In occasione delle festivit\u00e0 natalizie dal 5 dicembre al 6 gennaio 2025 la Basilica di San Francesco ad Arezzo ospita la mostra &quot;Giotto in 3d&quot;\" \/>\n<meta name=\"robots\" content=\"index, follow, max-snippet:-1, max-image-preview:large, max-video-preview:-1\" \/>\n<link rel=\"canonical\" href=\"https:\/\/www.intoscana.it\/it\/per-il-natale-di-arezzo-arrivano-i-dipinti-di-giotto-in-3d\/\" \/>\n<meta property=\"og:locale\" content=\"it_IT\" \/>\n<meta property=\"og:type\" content=\"article\" \/>\n<meta property=\"og:title\" content=\"Per le festivit\u00e0 natalizie ad Arezzo arrivano i dipinti di Giotto in 3d\" \/>\n<meta property=\"og:description\" content=\"In occasione delle festivit\u00e0 natalizie dal 5 dicembre al 6 gennaio 2025 la Basilica di San Francesco ad Arezzo ospita la mostra &quot;Giotto in 3d&quot;\" \/>\n<meta property=\"og:url\" content=\"https:\/\/www.intoscana.it\/it\/per-il-natale-di-arezzo-arrivano-i-dipinti-di-giotto-in-3d\/\" \/>\n<meta property=\"og:site_name\" content=\"intoscana\" \/>\n<meta property=\"article:publisher\" content=\"https:\/\/www.facebook.com\/intoscana.it\" \/>\n<meta property=\"article:published_time\" content=\"2024-12-05T08:57:39+00:00\" \/>\n<meta property=\"article:modified_time\" content=\"2024-12-05T09:19:33+00:00\" \/>\n<meta property=\"og:image\" content=\"https:\/\/www.intoscana.it\/wp-content\/uploads\/Screenshot-2024-12-05-alle-08.51.12.jpeg\" \/>\n\t<meta property=\"og:image:width\" content=\"991\" \/>\n\t<meta property=\"og:image:height\" content=\"626\" \/>\n\t<meta property=\"og:image:type\" content=\"image\/jpeg\" \/>\n<meta name=\"author\" content=\"Redazione\" \/>\n<meta name=\"twitter:card\" content=\"summary_large_image\" \/>\n<meta name=\"twitter:creator\" content=\"@intoscana\" \/>\n<meta name=\"twitter:site\" content=\"@intoscana\" \/>\n<meta name=\"twitter:label1\" content=\"Written by\" \/>\n\t<meta name=\"twitter:data1\" content=\"Redazione\" \/>\n\t<meta name=\"twitter:label2\" content=\"Est. reading time\" \/>\n\t<meta name=\"twitter:data2\" content=\"4 minuti\" \/>\n<script type=\"application\/ld+json\" class=\"yoast-schema-graph\">{\"@context\":\"https:\/\/schema.org\",\"@graph\":[{\"@type\":\"WebPage\",\"@id\":\"https:\/\/www.intoscana.it\/it\/per-il-natale-di-arezzo-arrivano-i-dipinti-di-giotto-in-3d\/\",\"url\":\"https:\/\/www.intoscana.it\/it\/per-il-natale-di-arezzo-arrivano-i-dipinti-di-giotto-in-3d\/\",\"name\":\"Per le festivit\u00e0 natalizie ad Arezzo arrivano i dipinti di Giotto in 3d - intoscana\",\"isPartOf\":{\"@id\":\"https:\/\/www.intoscana.it\/it\/#website\"},\"primaryImageOfPage\":{\"@id\":\"https:\/\/www.intoscana.it\/it\/per-il-natale-di-arezzo-arrivano-i-dipinti-di-giotto-in-3d\/#primaryimage\"},\"image\":{\"@id\":\"https:\/\/www.intoscana.it\/it\/per-il-natale-di-arezzo-arrivano-i-dipinti-di-giotto-in-3d\/#primaryimage\"},\"thumbnailUrl\":\"https:\/\/www.intoscana.it\/wp-content\/uploads\/Screenshot-2024-12-05-alle-08.51.12.jpeg\",\"datePublished\":\"2024-12-05T08:57:39+00:00\",\"dateModified\":\"2024-12-05T09:19:33+00:00\",\"author\":{\"@id\":\"https:\/\/www.intoscana.it\/it\/#\/schema\/person\/9223810753230f20bd670fdd322661f8\"},\"description\":\"In occasione delle festivit\u00e0 natalizie dal 5 dicembre al 6 gennaio 2025 la Basilica di San Francesco ad Arezzo ospita la mostra \\\"Giotto in 3d\\\"\",\"breadcrumb\":{\"@id\":\"https:\/\/www.intoscana.it\/it\/per-il-natale-di-arezzo-arrivano-i-dipinti-di-giotto-in-3d\/#breadcrumb\"},\"inLanguage\":\"it-IT\",\"potentialAction\":[{\"@type\":\"ReadAction\",\"target\":[\"https:\/\/www.intoscana.it\/it\/per-il-natale-di-arezzo-arrivano-i-dipinti-di-giotto-in-3d\/\"]}]},{\"@type\":\"ImageObject\",\"inLanguage\":\"it-IT\",\"@id\":\"https:\/\/www.intoscana.it\/it\/per-il-natale-di-arezzo-arrivano-i-dipinti-di-giotto-in-3d\/#primaryimage\",\"url\":\"https:\/\/www.intoscana.it\/wp-content\/uploads\/Screenshot-2024-12-05-alle-08.51.12.jpeg\",\"contentUrl\":\"https:\/\/www.intoscana.it\/wp-content\/uploads\/Screenshot-2024-12-05-alle-08.51.12.jpeg\",\"width\":991,\"height\":626},{\"@type\":\"BreadcrumbList\",\"@id\":\"https:\/\/www.intoscana.it\/it\/per-il-natale-di-arezzo-arrivano-i-dipinti-di-giotto-in-3d\/#breadcrumb\",\"itemListElement\":[{\"@type\":\"ListItem\",\"position\":1,\"name\":\"Home\",\"item\":\"https:\/\/www.intoscana.it\/it\/\"},{\"@type\":\"ListItem\",\"position\":2,\"name\":\"Per le festivit\u00e0 natalizie ad Arezzo arrivano i dipinti di Giotto in 3d\"}]},{\"@type\":\"WebSite\",\"@id\":\"https:\/\/www.intoscana.it\/it\/#website\",\"url\":\"https:\/\/www.intoscana.it\/it\/\",\"name\":\"intoscana\",\"description\":\"\",\"potentialAction\":[{\"@type\":\"SearchAction\",\"target\":{\"@type\":\"EntryPoint\",\"urlTemplate\":\"https:\/\/www.intoscana.it\/it\/?s={search_term_string}\"},\"query-input\":{\"@type\":\"PropertyValueSpecification\",\"valueRequired\":true,\"valueName\":\"search_term_string\"}}],\"inLanguage\":\"it-IT\"},{\"@type\":\"Person\",\"@id\":\"https:\/\/www.intoscana.it\/it\/#\/schema\/person\/9223810753230f20bd670fdd322661f8\",\"name\":\"Redazione\",\"url\":\"https:\/\/www.intoscana.it\/it\/author\/redazione\/\"}]}<\/script>\n<!-- \/ Yoast SEO Premium plugin. -->","yoast_head_json":{"title":"Per le festivit\u00e0 natalizie ad Arezzo arrivano i dipinti di Giotto in 3d - intoscana","description":"In occasione delle festivit\u00e0 natalizie dal 5 dicembre al 6 gennaio 2025 la Basilica di San Francesco ad Arezzo ospita la mostra \"Giotto in 3d\"","robots":{"index":"index","follow":"follow","max-snippet":"max-snippet:-1","max-image-preview":"max-image-preview:large","max-video-preview":"max-video-preview:-1"},"canonical":"https:\/\/www.intoscana.it\/it\/per-il-natale-di-arezzo-arrivano-i-dipinti-di-giotto-in-3d\/","og_locale":"it_IT","og_type":"article","og_title":"Per le festivit\u00e0 natalizie ad Arezzo arrivano i dipinti di Giotto in 3d","og_description":"In occasione delle festivit\u00e0 natalizie dal 5 dicembre al 6 gennaio 2025 la Basilica di San Francesco ad Arezzo ospita la mostra \"Giotto in 3d\"","og_url":"https:\/\/www.intoscana.it\/it\/per-il-natale-di-arezzo-arrivano-i-dipinti-di-giotto-in-3d\/","og_site_name":"intoscana","article_publisher":"https:\/\/www.facebook.com\/intoscana.it","article_published_time":"2024-12-05T08:57:39+00:00","article_modified_time":"2024-12-05T09:19:33+00:00","og_image":[{"width":991,"height":626,"url":"https:\/\/www.intoscana.it\/wp-content\/uploads\/Screenshot-2024-12-05-alle-08.51.12.jpeg","type":"image\/jpeg"}],"author":"Redazione","twitter_card":"summary_large_image","twitter_creator":"@intoscana","twitter_site":"@intoscana","twitter_misc":{"Written by":"Redazione","Est. reading time":"4 minuti"},"schema":{"@context":"https:\/\/schema.org","@graph":[{"@type":"WebPage","@id":"https:\/\/www.intoscana.it\/it\/per-il-natale-di-arezzo-arrivano-i-dipinti-di-giotto-in-3d\/","url":"https:\/\/www.intoscana.it\/it\/per-il-natale-di-arezzo-arrivano-i-dipinti-di-giotto-in-3d\/","name":"Per le festivit\u00e0 natalizie ad Arezzo arrivano i dipinti di Giotto in 3d - intoscana","isPartOf":{"@id":"https:\/\/www.intoscana.it\/it\/#website"},"primaryImageOfPage":{"@id":"https:\/\/www.intoscana.it\/it\/per-il-natale-di-arezzo-arrivano-i-dipinti-di-giotto-in-3d\/#primaryimage"},"image":{"@id":"https:\/\/www.intoscana.it\/it\/per-il-natale-di-arezzo-arrivano-i-dipinti-di-giotto-in-3d\/#primaryimage"},"thumbnailUrl":"https:\/\/www.intoscana.it\/wp-content\/uploads\/Screenshot-2024-12-05-alle-08.51.12.jpeg","datePublished":"2024-12-05T08:57:39+00:00","dateModified":"2024-12-05T09:19:33+00:00","author":{"@id":"https:\/\/www.intoscana.it\/it\/#\/schema\/person\/9223810753230f20bd670fdd322661f8"},"description":"In occasione delle festivit\u00e0 natalizie dal 5 dicembre al 6 gennaio 2025 la Basilica di San Francesco ad Arezzo ospita la mostra \"Giotto in 3d\"","breadcrumb":{"@id":"https:\/\/www.intoscana.it\/it\/per-il-natale-di-arezzo-arrivano-i-dipinti-di-giotto-in-3d\/#breadcrumb"},"inLanguage":"it-IT","potentialAction":[{"@type":"ReadAction","target":["https:\/\/www.intoscana.it\/it\/per-il-natale-di-arezzo-arrivano-i-dipinti-di-giotto-in-3d\/"]}]},{"@type":"ImageObject","inLanguage":"it-IT","@id":"https:\/\/www.intoscana.it\/it\/per-il-natale-di-arezzo-arrivano-i-dipinti-di-giotto-in-3d\/#primaryimage","url":"https:\/\/www.intoscana.it\/wp-content\/uploads\/Screenshot-2024-12-05-alle-08.51.12.jpeg","contentUrl":"https:\/\/www.intoscana.it\/wp-content\/uploads\/Screenshot-2024-12-05-alle-08.51.12.jpeg","width":991,"height":626},{"@type":"BreadcrumbList","@id":"https:\/\/www.intoscana.it\/it\/per-il-natale-di-arezzo-arrivano-i-dipinti-di-giotto-in-3d\/#breadcrumb","itemListElement":[{"@type":"ListItem","position":1,"name":"Home","item":"https:\/\/www.intoscana.it\/it\/"},{"@type":"ListItem","position":2,"name":"Per le festivit\u00e0 natalizie ad Arezzo arrivano i dipinti di Giotto in 3d"}]},{"@type":"WebSite","@id":"https:\/\/www.intoscana.it\/it\/#website","url":"https:\/\/www.intoscana.it\/it\/","name":"intoscana","description":"","potentialAction":[{"@type":"SearchAction","target":{"@type":"EntryPoint","urlTemplate":"https:\/\/www.intoscana.it\/it\/?s={search_term_string}"},"query-input":{"@type":"PropertyValueSpecification","valueRequired":true,"valueName":"search_term_string"}}],"inLanguage":"it-IT"},{"@type":"Person","@id":"https:\/\/www.intoscana.it\/it\/#\/schema\/person\/9223810753230f20bd670fdd322661f8","name":"Redazione","url":"https:\/\/www.intoscana.it\/it\/author\/redazione\/"}]}},"_links":{"self":[{"href":"https:\/\/www.intoscana.it\/it\/wp-json\/wp\/v2\/posts\/367001","targetHints":{"allow":["GET"]}}],"collection":[{"href":"https:\/\/www.intoscana.it\/it\/wp-json\/wp\/v2\/posts"}],"about":[{"href":"https:\/\/www.intoscana.it\/it\/wp-json\/wp\/v2\/types\/post"}],"author":[{"embeddable":true,"href":"https:\/\/www.intoscana.it\/it\/wp-json\/wp\/v2\/users\/525"}],"replies":[{"embeddable":true,"href":"https:\/\/www.intoscana.it\/it\/wp-json\/wp\/v2\/comments?post=367001"}],"version-history":[{"count":8,"href":"https:\/\/www.intoscana.it\/it\/wp-json\/wp\/v2\/posts\/367001\/revisions"}],"predecessor-version":[{"id":367025,"href":"https:\/\/www.intoscana.it\/it\/wp-json\/wp\/v2\/posts\/367001\/revisions\/367025"}],"wp:featuredmedia":[{"embeddable":true,"href":"https:\/\/www.intoscana.it\/it\/wp-json\/wp\/v2\/media\/367002"}],"wp:attachment":[{"href":"https:\/\/www.intoscana.it\/it\/wp-json\/wp\/v2\/media?parent=367001"}],"wp:term":[{"taxonomy":"category","embeddable":true,"href":"https:\/\/www.intoscana.it\/it\/wp-json\/wp\/v2\/categories?post=367001"},{"taxonomy":"post_tag","embeddable":true,"href":"https:\/\/www.intoscana.it\/it\/wp-json\/wp\/v2\/tags?post=367001"}],"curies":[{"name":"wp","href":"https:\/\/api.w.org\/{rel}","templated":true}]}}