{"id":367450,"date":"2024-12-09T15:45:13","date_gmt":"2024-12-09T14:45:13","guid":{"rendered":"https:\/\/www.intoscana.it\/it\/?p=367450"},"modified":"2024-12-09T16:04:45","modified_gmt":"2024-12-09T15:04:45","slug":"big-mountain-county-exfila-firenze","status":"publish","type":"post","link":"https:\/\/www.intoscana.it\/it\/big-mountain-county-exfila-firenze\/","title":{"rendered":"I Big Mountain County in concerto all&#8217;ExFila con &#8220;Deep Drives&#8221; pronti a liberare gli istinti primordiali"},"content":{"rendered":"<p>I <strong>Big Mountain County<\/strong> nascono nel 2013 a Roma dall\u2019incontro di <strong>quattro ragazzi del sud Italia<\/strong> che trovano subito un punto d\u2019incontro nel garage punk: tra chitarre stridenti e linee melodiche, pubblicano un 7 pollici che li spinge subito in un tour in Europa tra <strong>Ungheria, Serbia, Croazia e Bosnia-Erzegovina.<\/strong><\/p>\n<p>Centro nevralgico del progetto \u00e8 sempre stata la dimensione live, una vera e propria militanza che li porta in pochi anni alla ribalta internazionale con un tour europeo e partecipazioni a Festival quali<strong> Sziget Festival, Binic Folk Blues Festival (invitati per ben due anni di fila) e Rome Psych Fest.<\/strong><\/p>\n<p>Influenzati anche dalle loro esperienze internazionali, dal secondo LP<strong><em> \u201cSomewhere Else\u201d<\/em><\/strong> (Porto Records, 2020) l\u2019identit\u00e0 psych si fa pi\u00f9 marcata e si contamina con sonorit\u00e0 e ritmiche elettroniche.<\/p>\n<p>Il 2022 si apre con la partecipazione all\u2019<strong>ESNS<\/strong> e prosegue col nuovo EP <strong><em>\u201cKlaus\u201d <\/em><\/strong>seguito da un tour europeo che li porta in UK, Francia, Svizzera e Belgio, fino in Germania al Fusion Festival 2022. Nel 2023 partecipano anche al <strong>New Colossus Festival a New York e al SXSW ad Austin in Texas,<\/strong> condividendo il palco con band del calibro degli <strong>Osees e Os Mutantes.<\/strong><\/p>\n<p>I <strong>Big Mountain County<\/strong> sono tornati con <strong><em>Deep Drives,<\/em><\/strong> il nuovo disco uscito per <a href=\"https:\/\/www.facebook.com\/Sister9Recordings\/\" target=\"_blank\" rel=\"noopener\"><strong>Sister 9 Recordings<\/strong><\/a> e saranno in concerto <strong>sabato 14 dicembre all&#8217;ExFila di Firenze. <\/strong>In apertura di serata sul palco anche i<strong> Komarov Magnificent Backflip.<\/strong><\/p>\n<figure id=\"post-367455 media-367455\" class=\"align-none\"><img decoding=\"async\" src=\"https:\/\/www.intoscana.it\/wp-content\/uploads\/468619180_1094290839366642_4325911176437526766_n.jpg\" alt=\"\" \/><\/figure>\n<div class=\"titleimg\">Big Mountain County<\/div>\n<h3>Ecco la nostra intervista a Alessandro Montemagno dei Big Mountain Country<\/h3>\n<p><strong>Ciao Alessandro! Vi siete formati nel 2013 quindi sono gi\u00e0 pi\u00f9 di dieci anni che suonate insieme, come vi siete conosciuti? <\/strong><\/p>\n<p>La storia \u00e8 lunga,<strong> come le grandi cose tutto \u00e8 nato in una cameretta a Roma<\/strong> dove io ero approdato da Catania, e mi sono trovato come coinquilino Francesco che strimpellava la chitarra. Cos\u00ec gli ho chiesto di suonare insieme e buttare gi\u00f9 un po&#8217; di idee. Da l\u00ec siamo partiti in due, e poi <strong>nel giro di qualche anno ci siamo trasformati in cinque.<\/strong><p><span class=\"citazione\">Dentro al disco c&#8217;\u00e8 quasi un anno e mezzo di vita in cui raccontiamo conflitti interiori, episodi legati ad esperienze vissute in tour<\/span><\/p><\/p>\n<p><strong>Fin dall&#8217;inizio voi siete stati una band che suona soprattutto all&#8217;estero, avete suonato in tanti festival molto importanti<\/strong><\/p>\n<p>La prima cosa che abbiamo fatto quando siamo diventati una band nel 2025, \u00e8 stato <strong>un tour tosto in Europa, all&#8217;insegna del &#8216;do it yourself&#8217;, in posti difficili.<\/strong> Volevamo vedere se in condizioni estreme potevamo resistere insieme e continuare ad andare a suonare in giro. E cos\u00ec \u00e8 stato,<strong> ci siamo fatti 15 giorni tra Serbia, Bosnia, Ungheria, Iugoslavia<\/strong>. Quando siamo tornati abbiamo realizzato un piccolo cd con il<strong> live a Sarajevo<\/strong> e da l\u00ec \u00e8 nata anche la collaborazione con <a href=\"https:\/\/www.facebook.com\/annibale.eu\" target=\"_blank\" rel=\"noopener\"><strong>Annibale.\u00a0<\/strong><\/a><\/p>\n<p><strong>In tutti questi anni di tour, di viaggi, di vita on the road chiss\u00e0 quante ve ne sono capitate, c&#8217;\u00e8 un aneddoto che ci puoi raccontare?<\/strong><\/p>\n<p><strong>Diciamo che di raccontabile c&#8217;\u00e8 poco (ride).<\/strong> Una cosa abbastanza recente \u00e8 successa<strong> quando siamo andati a suonare a Austin in Texas.<\/strong> Dopo i concerti &#8216;ufficiali&#8217; abbiamo fatto un secret concert in un locale che si chiama <a href=\"https:\/\/www.facebook.com\/theelectricchurchaustin\/\" target=\"_blank\" rel=\"noopener\"><strong>The Electric Church,<\/strong><\/a>un <strong>luogo di culto nella scena psichedelica e punk<\/strong>. Dopo una nottata abbastanza fuori di testa, (la mattina avevamo l&#8217;aereo per rientrare a Roma), a un certo punto davanti al bancone il <strong>batterista ha detto &#8220;resto qui non torno con voi&#8221;.<\/strong> Lo abbiamo lasciato in questo locale alle 4 e mezzo del mattino, abbiamo preso l&#8217;aereo in condizioni pietose.<\/p>\n<p><strong>Ma poi l&#8217;avete rivisto? Oppure no?<\/strong><\/p>\n<p>Si, si ma \u00e8 rimasto una settimana ad Austin, la<b> festa \u00e8 durata altri quattro giorni<\/b>. <strong>Da qui \u00e8 nato un brano che fa parte del nuovo disco<\/strong> che si chiama appunto<strong><em> &#8220;Electric Church&#8221;<\/em><\/strong> che racconta in maniera pedissequa quello che \u00e8 successo quella notte.<\/p>\n<figure id=\"post-367452 media-367452\" class=\"align-none\"><img decoding=\"async\" src=\"https:\/\/www.intoscana.it\/wp-content\/uploads\/462492213_1054586923337034_5293431928214048423_n.jpg\" alt=\"\" \/><\/figure>\n<div class=\"titleimg\"><em>Big Mountain County, Deep Drives<\/em><\/div>\n<p><strong>Passando a parlare del nuovo disco <em>&#8220;Deep Drives&#8221;<\/em>, ha una copertina irresistibile con un&#8217;anziana signora e un maialino. Siete un gruppo simpatico&#8230;<\/strong><\/p>\n<p>Siamo dei &#8220;cazzoni&#8221;, hai ragione. Questi <strong>saranno i nostri spiriti guida che ci accompagneranno<\/strong> in tour. Ci saranno loro a proteggerci. <strong>Dentro al disco c&#8217;\u00e8 quasi un anno e mezzo di vita<\/strong> in cui raccontiamo conflitti interiori, episodi legati ad esperienze vissute in tour. <strong><em>Black Hole<\/em><\/strong> racconta la nostra esperienza al <strong><a href=\"https:\/\/www.fusion-festival.de\/de\" target=\"_blank\" rel=\"noopener\">Fusion Festival<\/a> in Germania<\/strong>, <strong>un festival incredibile in cui non ci sono regole, \u00e8 veramente un&#8217;esperienza mistica<\/strong>. Ci sono denunce a uno standard di vita molto omologato, consumistico. Non \u00e8 un disco politico ma c&#8217;\u00e8 la nostra visione sullo stare al mondo. E&#8217; un racconto molto sincero anche con molta ironia. <strong>La vecchina della copertina rappresenta la Borghesia<\/strong> che ci guarda un po&#8217; con disgusto, mentre il maialino rappresenta<strong> le<\/strong> <strong><em>Deep Drives<\/em> cio\u00e8 tutti quegli istinti primordiali che ti spingono a fare cazzate e non dire mai &#8216;no&#8217;.<\/strong><\/p>\n<p><strong>Avete girato tutti questi festival, ce n&#8217;\u00e8 uno in particolare che vi \u00e8 rimasto nel cuore?<\/strong><\/p>\n<p>Sicuramente il <strong><em>Fusion<\/em> <\/strong>perch\u00e9 \u00e8 stato un&#8217;esperienza di vita e il <a href=\"https:\/\/www.sxsw.com\" target=\"_blank\" rel=\"noopener\"><strong>SXSW<\/strong><\/a> perch\u00e9 si sono aperte un sacco di strade, <strong>siamo stati per la prima volta negli Stati Uniti<\/strong> e ci ha dato tanto.<\/p>\n<p><strong>Tra l&#8217;estero e l&#8217;Italia voi notate una differenza nel pubblico?<\/strong><\/p>\n<p>Purtroppo devo dire di s\u00ec, <strong>\u00e8 una questione di feeling immediato, quando siamo all&#8217;estero scatta subito una scintilla in pi\u00f9<\/strong>.<\/p>\n<p><strong>Ma secondo te come mai? Ascoltano pi\u00f9 musica di noi?<\/strong><\/p>\n<p>No, non \u00e8 questo, \u00e8 che<strong> entrano in sala con pi\u00f9 pace dei sensi, si fanno meno problemi a lasciarsi andare. Sono forse pi\u00f9 rilassati.<\/strong><\/p>\n<p><strong>Allora speriamo di riuscire a lasciarci andare anche noi al vostro concerto all&#8217;ExFila!<\/strong><\/p>\n<p>Ci sono anche delle eccezioni! <strong>Ogni volta che abbiamo suonato a Firenze \u00e8 successo il manicomio.<\/strong><\/p>\n<p><strong>Alessandro cos\u00ec per\u00f2 ci crei delle aspettative&#8230;<\/strong><\/p>\n<p>Io <strong>vivo per creare aspettative,<\/strong> poi se le deludo \u00e8 un altro discorso. Sono sicuro che a Firenze sar\u00e0 molto divertente.<\/p>\n<p><iframe loading=\"lazy\" title=\"YouTube video player\" src=\"https:\/\/www.youtube.com\/embed\/ajmFlhf8p2E?si=dzE5TVL2-zAN0kfm\" width=\"800\" height=\"450\" frameborder=\"0\" allowfullscreen=\"allowfullscreen\"><span data-mce-type=\"bookmark\" style=\"display: inline-block; width: 0px; overflow: hidden; line-height: 0;\" class=\"mce_SELRES_start\">\ufeff<\/span><\/iframe><\/p>\n","protected":false},"excerpt":{"rendered":"<p>Sabato 14 dicembre arriva in concerto all&#8217;ExFila di Firenze la band che ha suonato in tutto il mondo per presentare l&#8217;ultimo disco &#8220;Deep Drives&#8221;<\/p>\n","protected":false},"author":518,"featured_media":367453,"comment_status":"open","ping_status":"open","sticky":false,"template":"","format":"standard","meta":{"_acf_changed":false,"footnotes":""},"categories":[14],"tags":[216,3138],"class_list":["post-367450","post","type-post","status-publish","format-standard","has-post-thumbnail","hentry","category-musica","tag-concerti","tag-interviste-agli-artisti"],"acf":[],"yoast_head":"<!-- This site is optimized with the Yoast SEO Premium plugin v24.2 (Yoast SEO v25.6) - https:\/\/yoast.com\/wordpress\/plugins\/seo\/ -->\n<title>I Big Mountain County in concerto all&#039;ExFila con &quot;Deep Drives&quot; pronti a liberare gli istinti primordiali - intoscana<\/title>\n<meta name=\"description\" content=\"Sabato 7 dicembre arrivano in concerto all&#039;Ex Fila di Firenze la band che ha suonato in tutto il mondo per presentare l&#039;ultimo disco\" \/>\n<meta name=\"robots\" content=\"index, follow, max-snippet:-1, max-image-preview:large, max-video-preview:-1\" \/>\n<link rel=\"canonical\" href=\"https:\/\/www.intoscana.it\/it\/big-mountain-county-exfila-firenze\/\" \/>\n<meta property=\"og:locale\" content=\"it_IT\" \/>\n<meta property=\"og:type\" content=\"article\" \/>\n<meta property=\"og:title\" content=\"I Big Mountain County in concerto all&#039;ExFila con &quot;Deep Drives&quot; pronti a liberare gli istinti primordiali\" \/>\n<meta property=\"og:description\" content=\"Sabato 7 dicembre arrivano in concerto all&#039;Ex Fila di Firenze la band che ha suonato in tutto il mondo per presentare l&#039;ultimo disco\" \/>\n<meta property=\"og:url\" content=\"https:\/\/www.intoscana.it\/it\/big-mountain-county-exfila-firenze\/\" \/>\n<meta property=\"og:site_name\" content=\"intoscana\" \/>\n<meta property=\"article:publisher\" content=\"https:\/\/www.facebook.com\/intoscana.it\" \/>\n<meta property=\"article:published_time\" content=\"2024-12-09T14:45:13+00:00\" \/>\n<meta property=\"article:modified_time\" content=\"2024-12-09T15:04:45+00:00\" \/>\n<meta property=\"og:image\" content=\"https:\/\/www.intoscana.it\/wp-content\/uploads\/466354348_1080457987416594_4461178828244721051_n-2.jpg\" \/>\n\t<meta property=\"og:image:width\" content=\"1440\" \/>\n\t<meta property=\"og:image:height\" content=\"1039\" \/>\n\t<meta property=\"og:image:type\" content=\"image\/jpeg\" \/>\n<meta name=\"author\" content=\"Costanza Baldini\" \/>\n<meta name=\"twitter:card\" content=\"summary_large_image\" \/>\n<meta name=\"twitter:creator\" content=\"@intoscana\" \/>\n<meta name=\"twitter:site\" content=\"@intoscana\" \/>\n<meta name=\"twitter:label1\" content=\"Written by\" \/>\n\t<meta name=\"twitter:data1\" content=\"Costanza Baldini\" \/>\n\t<meta name=\"twitter:label2\" content=\"Est. reading time\" \/>\n\t<meta name=\"twitter:data2\" content=\"6 minuti\" \/>\n<script type=\"application\/ld+json\" class=\"yoast-schema-graph\">{\"@context\":\"https:\/\/schema.org\",\"@graph\":[{\"@type\":\"WebPage\",\"@id\":\"https:\/\/www.intoscana.it\/it\/big-mountain-county-exfila-firenze\/\",\"url\":\"https:\/\/www.intoscana.it\/it\/big-mountain-county-exfila-firenze\/\",\"name\":\"I Big Mountain County in concerto all'ExFila con \\\"Deep Drives\\\" pronti a liberare gli istinti primordiali - intoscana\",\"isPartOf\":{\"@id\":\"https:\/\/www.intoscana.it\/it\/#website\"},\"primaryImageOfPage\":{\"@id\":\"https:\/\/www.intoscana.it\/it\/big-mountain-county-exfila-firenze\/#primaryimage\"},\"image\":{\"@id\":\"https:\/\/www.intoscana.it\/it\/big-mountain-county-exfila-firenze\/#primaryimage\"},\"thumbnailUrl\":\"https:\/\/www.intoscana.it\/wp-content\/uploads\/466354348_1080457987416594_4461178828244721051_n-2.jpg\",\"datePublished\":\"2024-12-09T14:45:13+00:00\",\"dateModified\":\"2024-12-09T15:04:45+00:00\",\"author\":{\"@id\":\"https:\/\/www.intoscana.it\/it\/#\/schema\/person\/d469f35f09739bdf00bf5dd3f0647a82\"},\"description\":\"Sabato 7 dicembre arrivano in concerto all'Ex Fila di Firenze la band che ha suonato in tutto il mondo per presentare l'ultimo disco\",\"breadcrumb\":{\"@id\":\"https:\/\/www.intoscana.it\/it\/big-mountain-county-exfila-firenze\/#breadcrumb\"},\"inLanguage\":\"it-IT\",\"potentialAction\":[{\"@type\":\"ReadAction\",\"target\":[\"https:\/\/www.intoscana.it\/it\/big-mountain-county-exfila-firenze\/\"]}]},{\"@type\":\"ImageObject\",\"inLanguage\":\"it-IT\",\"@id\":\"https:\/\/www.intoscana.it\/it\/big-mountain-county-exfila-firenze\/#primaryimage\",\"url\":\"https:\/\/www.intoscana.it\/wp-content\/uploads\/466354348_1080457987416594_4461178828244721051_n-2.jpg\",\"contentUrl\":\"https:\/\/www.intoscana.it\/wp-content\/uploads\/466354348_1080457987416594_4461178828244721051_n-2.jpg\",\"width\":1440,\"height\":1039},{\"@type\":\"BreadcrumbList\",\"@id\":\"https:\/\/www.intoscana.it\/it\/big-mountain-county-exfila-firenze\/#breadcrumb\",\"itemListElement\":[{\"@type\":\"ListItem\",\"position\":1,\"name\":\"Home\",\"item\":\"https:\/\/www.intoscana.it\/it\/\"},{\"@type\":\"ListItem\",\"position\":2,\"name\":\"I Big Mountain County in concerto all&#8217;ExFila con &#8220;Deep Drives&#8221; pronti a liberare gli istinti primordiali\"}]},{\"@type\":\"WebSite\",\"@id\":\"https:\/\/www.intoscana.it\/it\/#website\",\"url\":\"https:\/\/www.intoscana.it\/it\/\",\"name\":\"intoscana\",\"description\":\"\",\"potentialAction\":[{\"@type\":\"SearchAction\",\"target\":{\"@type\":\"EntryPoint\",\"urlTemplate\":\"https:\/\/www.intoscana.it\/it\/?s={search_term_string}\"},\"query-input\":{\"@type\":\"PropertyValueSpecification\",\"valueRequired\":true,\"valueName\":\"search_term_string\"}}],\"inLanguage\":\"it-IT\"},{\"@type\":\"Person\",\"@id\":\"https:\/\/www.intoscana.it\/it\/#\/schema\/person\/d469f35f09739bdf00bf5dd3f0647a82\",\"name\":\"Costanza Baldini\",\"url\":\"https:\/\/www.intoscana.it\/it\/author\/costanza-baldini\/\"}]}<\/script>\n<!-- \/ Yoast SEO Premium plugin. -->","yoast_head_json":{"title":"I Big Mountain County in concerto all'ExFila con \"Deep Drives\" pronti a liberare gli istinti primordiali - intoscana","description":"Sabato 7 dicembre arrivano in concerto all'Ex Fila di Firenze la band che ha suonato in tutto il mondo per presentare l'ultimo disco","robots":{"index":"index","follow":"follow","max-snippet":"max-snippet:-1","max-image-preview":"max-image-preview:large","max-video-preview":"max-video-preview:-1"},"canonical":"https:\/\/www.intoscana.it\/it\/big-mountain-county-exfila-firenze\/","og_locale":"it_IT","og_type":"article","og_title":"I Big Mountain County in concerto all'ExFila con \"Deep Drives\" pronti a liberare gli istinti primordiali","og_description":"Sabato 7 dicembre arrivano in concerto all'Ex Fila di Firenze la band che ha suonato in tutto il mondo per presentare l'ultimo disco","og_url":"https:\/\/www.intoscana.it\/it\/big-mountain-county-exfila-firenze\/","og_site_name":"intoscana","article_publisher":"https:\/\/www.facebook.com\/intoscana.it","article_published_time":"2024-12-09T14:45:13+00:00","article_modified_time":"2024-12-09T15:04:45+00:00","og_image":[{"width":1440,"height":1039,"url":"https:\/\/www.intoscana.it\/wp-content\/uploads\/466354348_1080457987416594_4461178828244721051_n-2.jpg","type":"image\/jpeg"}],"author":"Costanza Baldini","twitter_card":"summary_large_image","twitter_creator":"@intoscana","twitter_site":"@intoscana","twitter_misc":{"Written by":"Costanza Baldini","Est. reading time":"6 minuti"},"schema":{"@context":"https:\/\/schema.org","@graph":[{"@type":"WebPage","@id":"https:\/\/www.intoscana.it\/it\/big-mountain-county-exfila-firenze\/","url":"https:\/\/www.intoscana.it\/it\/big-mountain-county-exfila-firenze\/","name":"I Big Mountain County in concerto all'ExFila con \"Deep Drives\" pronti a liberare gli istinti primordiali - intoscana","isPartOf":{"@id":"https:\/\/www.intoscana.it\/it\/#website"},"primaryImageOfPage":{"@id":"https:\/\/www.intoscana.it\/it\/big-mountain-county-exfila-firenze\/#primaryimage"},"image":{"@id":"https:\/\/www.intoscana.it\/it\/big-mountain-county-exfila-firenze\/#primaryimage"},"thumbnailUrl":"https:\/\/www.intoscana.it\/wp-content\/uploads\/466354348_1080457987416594_4461178828244721051_n-2.jpg","datePublished":"2024-12-09T14:45:13+00:00","dateModified":"2024-12-09T15:04:45+00:00","author":{"@id":"https:\/\/www.intoscana.it\/it\/#\/schema\/person\/d469f35f09739bdf00bf5dd3f0647a82"},"description":"Sabato 7 dicembre arrivano in concerto all'Ex Fila di Firenze la band che ha suonato in tutto il mondo per presentare l'ultimo disco","breadcrumb":{"@id":"https:\/\/www.intoscana.it\/it\/big-mountain-county-exfila-firenze\/#breadcrumb"},"inLanguage":"it-IT","potentialAction":[{"@type":"ReadAction","target":["https:\/\/www.intoscana.it\/it\/big-mountain-county-exfila-firenze\/"]}]},{"@type":"ImageObject","inLanguage":"it-IT","@id":"https:\/\/www.intoscana.it\/it\/big-mountain-county-exfila-firenze\/#primaryimage","url":"https:\/\/www.intoscana.it\/wp-content\/uploads\/466354348_1080457987416594_4461178828244721051_n-2.jpg","contentUrl":"https:\/\/www.intoscana.it\/wp-content\/uploads\/466354348_1080457987416594_4461178828244721051_n-2.jpg","width":1440,"height":1039},{"@type":"BreadcrumbList","@id":"https:\/\/www.intoscana.it\/it\/big-mountain-county-exfila-firenze\/#breadcrumb","itemListElement":[{"@type":"ListItem","position":1,"name":"Home","item":"https:\/\/www.intoscana.it\/it\/"},{"@type":"ListItem","position":2,"name":"I Big Mountain County in concerto all&#8217;ExFila con &#8220;Deep Drives&#8221; pronti a liberare gli istinti primordiali"}]},{"@type":"WebSite","@id":"https:\/\/www.intoscana.it\/it\/#website","url":"https:\/\/www.intoscana.it\/it\/","name":"intoscana","description":"","potentialAction":[{"@type":"SearchAction","target":{"@type":"EntryPoint","urlTemplate":"https:\/\/www.intoscana.it\/it\/?s={search_term_string}"},"query-input":{"@type":"PropertyValueSpecification","valueRequired":true,"valueName":"search_term_string"}}],"inLanguage":"it-IT"},{"@type":"Person","@id":"https:\/\/www.intoscana.it\/it\/#\/schema\/person\/d469f35f09739bdf00bf5dd3f0647a82","name":"Costanza Baldini","url":"https:\/\/www.intoscana.it\/it\/author\/costanza-baldini\/"}]}},"_links":{"self":[{"href":"https:\/\/www.intoscana.it\/it\/wp-json\/wp\/v2\/posts\/367450","targetHints":{"allow":["GET"]}}],"collection":[{"href":"https:\/\/www.intoscana.it\/it\/wp-json\/wp\/v2\/posts"}],"about":[{"href":"https:\/\/www.intoscana.it\/it\/wp-json\/wp\/v2\/types\/post"}],"author":[{"embeddable":true,"href":"https:\/\/www.intoscana.it\/it\/wp-json\/wp\/v2\/users\/518"}],"replies":[{"embeddable":true,"href":"https:\/\/www.intoscana.it\/it\/wp-json\/wp\/v2\/comments?post=367450"}],"version-history":[{"count":21,"href":"https:\/\/www.intoscana.it\/it\/wp-json\/wp\/v2\/posts\/367450\/revisions"}],"predecessor-version":[{"id":367585,"href":"https:\/\/www.intoscana.it\/it\/wp-json\/wp\/v2\/posts\/367450\/revisions\/367585"}],"wp:featuredmedia":[{"embeddable":true,"href":"https:\/\/www.intoscana.it\/it\/wp-json\/wp\/v2\/media\/367453"}],"wp:attachment":[{"href":"https:\/\/www.intoscana.it\/it\/wp-json\/wp\/v2\/media?parent=367450"}],"wp:term":[{"taxonomy":"category","embeddable":true,"href":"https:\/\/www.intoscana.it\/it\/wp-json\/wp\/v2\/categories?post=367450"},{"taxonomy":"post_tag","embeddable":true,"href":"https:\/\/www.intoscana.it\/it\/wp-json\/wp\/v2\/tags?post=367450"}],"curies":[{"name":"wp","href":"https:\/\/api.w.org\/{rel}","templated":true}]}}