{"id":367586,"date":"2024-12-10T14:31:13","date_gmt":"2024-12-10T13:31:13","guid":{"rendered":"https:\/\/www.intoscana.it\/it\/?p=367586"},"modified":"2024-12-10T14:37:19","modified_gmt":"2024-12-10T13:37:19","slug":"il-cantautore-nervi-pubblica-il-suo-disco-desordio-e-poi-svegliarsi-presto-realizzato-tra-la-notte-e-la-mattina","status":"publish","type":"post","link":"https:\/\/www.intoscana.it\/it\/il-cantautore-nervi-pubblica-il-suo-disco-desordio-e-poi-svegliarsi-presto-realizzato-tra-la-notte-e-la-mattina\/","title":{"rendered":"Il cantautore Nervi pubblica il suo disco d&#8217;esordio &#8220;E poi svegliarsi presto&#8221;: &#8220;La musica mi ha aiutato a sopravvivere&#8221;"},"content":{"rendered":"<p>Si intitola<strong><em> &#8220;E poi svegliarsi presto&#8221;<\/em><\/strong>\u00a0il primo album di <strong>Elia Rinaldi in arte &#8216;Nervi&#8217;,<\/strong> uscito per <strong>Pioggia Rossa Dischi:<\/strong> una lettera aperta, diretta e riflessiva, che cattura l\u2019essenza della <strong>generazione contemporanea<\/strong>, sospesa tra nostalgia, frustrazione e ricerca di autenticit\u00e0, in un<strong> mondo complesso e contraddittorio.<\/strong><\/p>\n<p>Emerso dalla scena underground fiorentina,<strong> Nervi combina cantautorato dark pop e glam rock<\/strong> per esplorare il contrasto tra aspirazioni di grandezza e la realt\u00e0 frammentata delle citt\u00e0 moderne.<\/p>\n<p>Nel 2020 vince <strong>Primo Maggio Next, Musica da Bere e il Premio Buscaglione. <\/strong>Nel 2022 partecipa a <strong>X Factor, nel team di Ambra Angiolini<\/strong> e nel 2023 \u00e8 finalista a <strong>Musicultura.<\/strong><\/p>\n<p>Il 2024 segna un nuovo capitolo artistico, con l\u2019uscita dei singoli <strong><em>&#8220;La Noia Mortale&#8221;, &#8220;Non Ho Sete&#8221;, &#8220;Bevi troppo&#8221;<\/em><\/strong> e<strong><em> \u201cQuanto \u00c8 Difficile Amarsi In Una Grande Citt\u00e0\u201d<\/em><\/strong>, che poi confluiranno nel disco <strong><em>&#8220;E poi svegliarsi presto&#8221;.<\/em><\/strong><\/p>\n<p><strong>Sabato 14 dicembre Nervi<\/strong>\u00a0sar\u00e0 in concerto al <strong>The Cage di Livorno<\/strong> per la rassegna <strong><em>&#8220;Youth is not a crime&#8221;.<\/em><\/strong><\/p>\n<figure id=\"post-367587 media-367587\" class=\"align-none\"><img decoding=\"async\" src=\"https:\/\/www.intoscana.it\/wp-content\/uploads\/Nervi-foto-6-di-Lorenzo-Torricelli-scaled.jpg\" alt=\"\" \/><\/figure>\n<div class=\"titleimg\"><em>Nervi, foto di Lorenzo Torricelli<\/em><\/div>\n<h3>Ecco la nostra intervista a Nervi<\/h3>\n<p><strong>Ciao Elia! Hai fatto mille cose negli ultimi anni, dal palco del Primo Maggio a X-Factor, ma ancora non avevi pubblicato un disco<\/strong><\/p>\n<p>S\u00ec perch\u00e9 ti dico la verit\u00e0, <strong>ci tenevo tanto al mio primo album, non volevo che fosse una cosa dettata dalla fretta<\/strong> per tenere gli stream pi\u00f9 alti, tutte quelle cazzate delle case discografiche. Per me era una cosa importante, per quanto sia difficile fare un disco cantautoriale in questo periodo storico, volevo farlo bello, non mettermi una fretta inutile. Quindi devo dire che <strong>ho avuto tante indecisioni, tanti momenti in cui non ero convinto, ci ho messo tanto tempo a trovare una direzione.<\/strong><p><span class=\"citazione\">Ho sempre sognato di fare lo scrittore, la musica \u00e8 stato il mezzo pi\u00f9 facile che avevo per esprimermi, senza musica non saprei pi\u00f9 chi sono<\/span><\/p><\/p>\n<p><strong>In effetti il disco \u00e8 molto denso, ci sono momenti molto forti come <em>&#8220;Sto male&#8221;<\/em> una canzone che \u00e8 gi\u00e0 una hit!<\/strong><\/p>\n<p>Menomale pensavo di essere pazzo, invece vedo che <strong>la gente la canta volentieri, c&#8217;\u00e8 identificazione.<\/strong><\/p>\n<p><strong>E poi c&#8217;\u00e8 una canzone che mi ha stupito molto<em> &#8220;Lady Tristesse&#8221;<\/em> perch\u00e9 mi ha ricordato quasi un pezzo dei Queen<\/strong><\/p>\n<p>Ho cercato in questo disco di recuperare anche qualcosa del mio passato come<strong> il rock anni &#8217;70<\/strong>, un artista che mi ha sempre influenzato tanto \u00e8 <strong>David Bowie della prima fase Ziggy Stardust<\/strong>, che alla fine edulcorato a livello moderno secondo me porta ai Queen per i suoni che si rifanno all&#8217;<strong>estetica glitterata del \u00a0Glam Rock<\/strong>, come<strong> T-Rex<\/strong>. Per capirsi: quella <strong>musica con i chitarroni che fanno gli assoli col pianoforte sotto<\/strong>, \u00e8 stata sicuramente una fonte di ispirazione forte in questo disco.<\/p>\n<p><iframe loading=\"lazy\" title=\"YouTube video player\" src=\"https:\/\/www.youtube.com\/embed\/t3Xz_fs3LIU?si=66SBraKVpQaqsvxp\" width=\"800\" height=\"450\" frameborder=\"0\" allowfullscreen=\"allowfullscreen\"><span data-mce-type=\"bookmark\" style=\"display: inline-block; width: 0px; overflow: hidden; line-height: 0;\" class=\"mce_SELRES_start\">\ufeff<\/span><\/iframe><\/p>\n<p><strong>Un altro pezzo che trovo molto tenero \u00e8 <em>&#8220;Forse siamo troppo magri&#8221;,<\/em> non so a chi ti rivolgi in questa canzone ma mi hai fatta commuovere<\/strong><\/p>\n<p>Scrivo sempre in prima persona, principalmente perch\u00e9 <strong>mi sembra il modo migliore di parlare degli altri.<\/strong> Noi osserviamo il mondo non con oggettivit\u00e0, ma con i nostri occhi. Quindi volevo dare una visione personale. Molte storie possono anche non essere state vissute da me, ma mi piace usare la prima persona perch\u00e9 crea una sorta di confidenza. <strong>&#8220;<em>Forse siamo troppo magri&#8221;<\/em> \u00e8 un brano che sento molto mio e si rif\u00e0 a qualcosa che ho vissuto<\/strong>, chiaramente ha un destinatario. Per\u00f2 ho cercato di non essere troppo didascalico nei testi, per renderli accessibili a tutti, anche se parlavano della mia vita privata.<p><span class=\"citazione\">\u00c8 molto facile criticare Firenze, ci sono tutte le possibili ragioni, \u00e8 una realt\u00e0 musicalmente ancora troppo borghese sia in chi ascolta che in chi propone<\/span><\/p><\/p>\n<p><strong>In <em>&#8220;La noia mortale&#8221;<\/em> parli invece di una condizione che ormai viviamo un po&#8217; tutti, quel &#8216;dover fare&#8217;, &#8216;dover essere&#8217; qualcosa o qualcuno da cui sei sempre scappato<\/strong><\/p>\n<p>Ho provato a scappare, ti dico la verit\u00e0, <strong>non voglio sembrare un paladino di una vita che non riesco a cogliere al 100%,<\/strong> con brani come<strong><em> La noia mortale<\/em><\/strong> cerco di ammonirmi, di <strong>dirmi di non correre troppo. Questo non vuol dire che io sia sempre capace di farlo.<\/strong> Questa canzone raccoglie alcune esperienze di cose che mi accadono quando non ho fretta. Molte parti del disco sono <strong>storiel che si sviluppano in quella fase della notte che arriva fino alla mattina<\/strong>, in cui non si ha pi\u00f9 fretta, la giornata \u00e8 andata, magari si ha la tranquillit\u00e0 per concentrarsi su dettagli che normalmente si ignorano.<\/p>\n<p><strong>Hai sempre vissuto l&#8217;ambiente musicale fiorentino, come ti sembra la situazione?<\/strong><\/p>\n<p>Negli ultimi anni <strong>ho fatto un po&#8217; il &#8216;ping-pong&#8217; perch\u00e9 ho vissuto anche a Milano e Londra<\/strong>, ma sono sempre rimasto legato a Firenze, poi sono tornato definitivamente nel 2022. <strong>\u00c8 molto facile criticare Firenze, ci sono tutte le possibili ragioni,<\/strong> \u00e8 una realt\u00e0 musicalmente ancora troppo borghese sia in chi ascolta che in chi propone, dal mio punto di vista. Per\u00f2 <strong>negli ultimi anni ho ritrovato passione ad andare nelle serate anche molto piccole<\/strong>. Sento che <strong>la mia generazione dai 20 ai 30 si sta riappropriando di alcuni spazi nel centro come il Volume, il Fermino<\/strong> ma anche il <strong>Nove7<\/strong> che non fa generalmente concerti. Andiamo chitarra e voce e creiamo serate segrete all&#8217;ultimo momento, <strong>qualcosa si sta muovendo<\/strong>, abbiamo capito che possiamo avere accesso ai locali se proponiamo qualcosa che mostri non solo il proprio orticello. Sono sicuro che <strong>questa mini realt\u00e0 di concerti in acustico si potr\u00e0 sviluppare bene<\/strong> se continuiamo a crederci. Firenze rimane comunque una realt\u00e0 in cui i concerti sono ancorati troppo a un target specifico. Spesso vedo artisti che vengono da fuori, che a Bologna fanno il pienone, mentre <strong>a Firenze fanno il vuoto e questo mi dispiace molto. Non \u00e8 colpa degli artisti, ma della cultura.\u00a0<\/strong><\/p>\n<p><strong>Mi sembra che come capita a tanti musicisti, anche te non puoi fare a meno della musica, \u00e8 come una terapia<\/strong><\/p>\n<p>Secondo l&#8217;ultima psicologa che mi ha seguito<strong> la musica \u00e8 ci\u00f2 che mi stava facendo impazzire<\/strong>, era il mio problema. Ma <strong>in realt\u00e0 mi ha salvato la vita, io credo di essere un sopravvissuto,<\/strong> ma non perch\u00e9 ho vissuto storie drammatiche, perch\u00e9 sono sicuro che <strong>senza musica mi sarei creato storie molto pi\u00f9 drammatiche di quelle che ho vissuto. <\/strong>Ho sempre sognato di fare lo scrittore, la musica \u00e8 stato il mezzo pi\u00f9 facile che avevo per esprimermi,<strong> senza musica non saprei pi\u00f9 chi sono<\/strong>. La musica mi ha aiutato a sopravvivere.<\/p>\n<p>Nervi sar\u00e0 in concerto il <strong>13 dicembre al club Efesto di Bologna, il 14 dicembre al The Cage di Livorno<\/strong> (date in aggiornamento).<\/p>\n<figure id=\"post-367591 media-367591\" class=\"align-none\"><img decoding=\"async\" src=\"https:\/\/www.intoscana.it\/wp-content\/uploads\/Nervi6_ph.Lorenzo-Torricelli-scaled.jpeg\" alt=\"\" \/><\/figure>\n<div class=\"titleimg\"><em>Nervi, foto di Lorenzo Torricelli<\/em><\/div>\n","protected":false},"excerpt":{"rendered":"<p>Sabato 14 dicembre in concerto al The Cage di Livorno Elia Rinaldi in arte &#8220;Nervi&#8221; per presentare il suo primo disco solista &#8220;E poi svegliarsi presto&#8221;<\/p>\n","protected":false},"author":518,"featured_media":367589,"comment_status":"open","ping_status":"open","sticky":false,"template":"","format":"standard","meta":{"_acf_changed":false,"footnotes":""},"categories":[14],"tags":[216,3138],"class_list":["post-367586","post","type-post","status-publish","format-standard","has-post-thumbnail","hentry","category-musica","tag-concerti","tag-interviste-agli-artisti"],"acf":[],"yoast_head":"<!-- This site is optimized with the Yoast SEO Premium plugin v24.2 (Yoast SEO v25.6) - https:\/\/yoast.com\/wordpress\/plugins\/seo\/ -->\n<title>Il cantautore Nervi pubblica il suo disco d&#039;esordio &quot;E poi svegliarsi presto&quot;: &quot;La musica mi ha aiutato a sopravvivere&quot; - intoscana<\/title>\n<meta name=\"description\" content=\"Sabato 14 dicembre in concerto al The Cage di Livorno Elia Rinaldi in arte &quot;Nervi&quot; per presentare il suo primo disco solista &quot;E poi svegliarsi presto&quot;\" \/>\n<meta name=\"robots\" content=\"index, follow, max-snippet:-1, max-image-preview:large, max-video-preview:-1\" \/>\n<link rel=\"canonical\" href=\"https:\/\/www.intoscana.it\/it\/il-cantautore-nervi-pubblica-il-suo-disco-desordio-e-poi-svegliarsi-presto-realizzato-tra-la-notte-e-la-mattina\/\" \/>\n<meta property=\"og:locale\" content=\"it_IT\" \/>\n<meta property=\"og:type\" content=\"article\" \/>\n<meta property=\"og:title\" content=\"Il cantautore Nervi pubblica il suo disco d&#039;esordio &quot;E poi svegliarsi presto&quot;: &quot;La musica mi ha aiutato a sopravvivere&quot;\" \/>\n<meta property=\"og:description\" content=\"Sabato 14 dicembre in concerto al The Cage di Livorno Elia Rinaldi in arte &quot;Nervi&quot; per presentare il suo primo disco solista &quot;E poi svegliarsi presto&quot;\" \/>\n<meta property=\"og:url\" content=\"https:\/\/www.intoscana.it\/it\/il-cantautore-nervi-pubblica-il-suo-disco-desordio-e-poi-svegliarsi-presto-realizzato-tra-la-notte-e-la-mattina\/\" \/>\n<meta property=\"og:site_name\" content=\"intoscana\" \/>\n<meta property=\"article:publisher\" content=\"https:\/\/www.facebook.com\/intoscana.it\" \/>\n<meta property=\"article:published_time\" content=\"2024-12-10T13:31:13+00:00\" \/>\n<meta property=\"article:modified_time\" content=\"2024-12-10T13:37:19+00:00\" \/>\n<meta property=\"og:image\" content=\"https:\/\/www.intoscana.it\/wp-content\/uploads\/Nervi-Alex-Mourant-scaled-e1733758076108.jpeg\" \/>\n\t<meta property=\"og:image:width\" content=\"1358\" \/>\n\t<meta property=\"og:image:height\" content=\"1136\" \/>\n\t<meta property=\"og:image:type\" content=\"image\/jpeg\" \/>\n<meta name=\"author\" content=\"Costanza Baldini\" \/>\n<meta name=\"twitter:card\" content=\"summary_large_image\" \/>\n<meta name=\"twitter:creator\" content=\"@intoscana\" \/>\n<meta name=\"twitter:site\" content=\"@intoscana\" \/>\n<meta name=\"twitter:label1\" content=\"Written by\" \/>\n\t<meta name=\"twitter:data1\" content=\"Costanza Baldini\" \/>\n\t<meta name=\"twitter:label2\" content=\"Est. reading time\" \/>\n\t<meta name=\"twitter:data2\" content=\"7 minuti\" \/>\n<script type=\"application\/ld+json\" class=\"yoast-schema-graph\">{\"@context\":\"https:\/\/schema.org\",\"@graph\":[{\"@type\":\"WebPage\",\"@id\":\"https:\/\/www.intoscana.it\/it\/il-cantautore-nervi-pubblica-il-suo-disco-desordio-e-poi-svegliarsi-presto-realizzato-tra-la-notte-e-la-mattina\/\",\"url\":\"https:\/\/www.intoscana.it\/it\/il-cantautore-nervi-pubblica-il-suo-disco-desordio-e-poi-svegliarsi-presto-realizzato-tra-la-notte-e-la-mattina\/\",\"name\":\"Il cantautore Nervi pubblica il suo disco d'esordio \\\"E poi svegliarsi presto\\\": \\\"La musica mi ha aiutato a sopravvivere\\\" - intoscana\",\"isPartOf\":{\"@id\":\"https:\/\/www.intoscana.it\/it\/#website\"},\"primaryImageOfPage\":{\"@id\":\"https:\/\/www.intoscana.it\/it\/il-cantautore-nervi-pubblica-il-suo-disco-desordio-e-poi-svegliarsi-presto-realizzato-tra-la-notte-e-la-mattina\/#primaryimage\"},\"image\":{\"@id\":\"https:\/\/www.intoscana.it\/it\/il-cantautore-nervi-pubblica-il-suo-disco-desordio-e-poi-svegliarsi-presto-realizzato-tra-la-notte-e-la-mattina\/#primaryimage\"},\"thumbnailUrl\":\"https:\/\/www.intoscana.it\/wp-content\/uploads\/Nervi-Alex-Mourant-scaled-e1733758076108.jpeg\",\"datePublished\":\"2024-12-10T13:31:13+00:00\",\"dateModified\":\"2024-12-10T13:37:19+00:00\",\"author\":{\"@id\":\"https:\/\/www.intoscana.it\/it\/#\/schema\/person\/d469f35f09739bdf00bf5dd3f0647a82\"},\"description\":\"Sabato 14 dicembre in concerto al The Cage di Livorno Elia Rinaldi in arte \\\"Nervi\\\" per presentare il suo primo disco solista \\\"E poi svegliarsi presto\\\"\",\"breadcrumb\":{\"@id\":\"https:\/\/www.intoscana.it\/it\/il-cantautore-nervi-pubblica-il-suo-disco-desordio-e-poi-svegliarsi-presto-realizzato-tra-la-notte-e-la-mattina\/#breadcrumb\"},\"inLanguage\":\"it-IT\",\"potentialAction\":[{\"@type\":\"ReadAction\",\"target\":[\"https:\/\/www.intoscana.it\/it\/il-cantautore-nervi-pubblica-il-suo-disco-desordio-e-poi-svegliarsi-presto-realizzato-tra-la-notte-e-la-mattina\/\"]}]},{\"@type\":\"ImageObject\",\"inLanguage\":\"it-IT\",\"@id\":\"https:\/\/www.intoscana.it\/it\/il-cantautore-nervi-pubblica-il-suo-disco-desordio-e-poi-svegliarsi-presto-realizzato-tra-la-notte-e-la-mattina\/#primaryimage\",\"url\":\"https:\/\/www.intoscana.it\/wp-content\/uploads\/Nervi-Alex-Mourant-scaled-e1733758076108.jpeg\",\"contentUrl\":\"https:\/\/www.intoscana.it\/wp-content\/uploads\/Nervi-Alex-Mourant-scaled-e1733758076108.jpeg\",\"width\":1358,\"height\":1136},{\"@type\":\"BreadcrumbList\",\"@id\":\"https:\/\/www.intoscana.it\/it\/il-cantautore-nervi-pubblica-il-suo-disco-desordio-e-poi-svegliarsi-presto-realizzato-tra-la-notte-e-la-mattina\/#breadcrumb\",\"itemListElement\":[{\"@type\":\"ListItem\",\"position\":1,\"name\":\"Home\",\"item\":\"https:\/\/www.intoscana.it\/it\/\"},{\"@type\":\"ListItem\",\"position\":2,\"name\":\"Il cantautore Nervi pubblica il suo disco d&#8217;esordio &#8220;E poi svegliarsi presto&#8221;: &#8220;La musica mi ha aiutato a sopravvivere&#8221;\"}]},{\"@type\":\"WebSite\",\"@id\":\"https:\/\/www.intoscana.it\/it\/#website\",\"url\":\"https:\/\/www.intoscana.it\/it\/\",\"name\":\"intoscana\",\"description\":\"\",\"potentialAction\":[{\"@type\":\"SearchAction\",\"target\":{\"@type\":\"EntryPoint\",\"urlTemplate\":\"https:\/\/www.intoscana.it\/it\/?s={search_term_string}\"},\"query-input\":{\"@type\":\"PropertyValueSpecification\",\"valueRequired\":true,\"valueName\":\"search_term_string\"}}],\"inLanguage\":\"it-IT\"},{\"@type\":\"Person\",\"@id\":\"https:\/\/www.intoscana.it\/it\/#\/schema\/person\/d469f35f09739bdf00bf5dd3f0647a82\",\"name\":\"Costanza Baldini\",\"url\":\"https:\/\/www.intoscana.it\/it\/author\/costanza-baldini\/\"}]}<\/script>\n<!-- \/ Yoast SEO Premium plugin. -->","yoast_head_json":{"title":"Il cantautore Nervi pubblica il suo disco d'esordio \"E poi svegliarsi presto\": \"La musica mi ha aiutato a sopravvivere\" - intoscana","description":"Sabato 14 dicembre in concerto al The Cage di Livorno Elia Rinaldi in arte \"Nervi\" per presentare il suo primo disco solista \"E poi svegliarsi presto\"","robots":{"index":"index","follow":"follow","max-snippet":"max-snippet:-1","max-image-preview":"max-image-preview:large","max-video-preview":"max-video-preview:-1"},"canonical":"https:\/\/www.intoscana.it\/it\/il-cantautore-nervi-pubblica-il-suo-disco-desordio-e-poi-svegliarsi-presto-realizzato-tra-la-notte-e-la-mattina\/","og_locale":"it_IT","og_type":"article","og_title":"Il cantautore Nervi pubblica il suo disco d'esordio \"E poi svegliarsi presto\": \"La musica mi ha aiutato a sopravvivere\"","og_description":"Sabato 14 dicembre in concerto al The Cage di Livorno Elia Rinaldi in arte \"Nervi\" per presentare il suo primo disco solista \"E poi svegliarsi presto\"","og_url":"https:\/\/www.intoscana.it\/it\/il-cantautore-nervi-pubblica-il-suo-disco-desordio-e-poi-svegliarsi-presto-realizzato-tra-la-notte-e-la-mattina\/","og_site_name":"intoscana","article_publisher":"https:\/\/www.facebook.com\/intoscana.it","article_published_time":"2024-12-10T13:31:13+00:00","article_modified_time":"2024-12-10T13:37:19+00:00","og_image":[{"width":1358,"height":1136,"url":"https:\/\/www.intoscana.it\/wp-content\/uploads\/Nervi-Alex-Mourant-scaled-e1733758076108.jpeg","type":"image\/jpeg"}],"author":"Costanza Baldini","twitter_card":"summary_large_image","twitter_creator":"@intoscana","twitter_site":"@intoscana","twitter_misc":{"Written by":"Costanza Baldini","Est. reading time":"7 minuti"},"schema":{"@context":"https:\/\/schema.org","@graph":[{"@type":"WebPage","@id":"https:\/\/www.intoscana.it\/it\/il-cantautore-nervi-pubblica-il-suo-disco-desordio-e-poi-svegliarsi-presto-realizzato-tra-la-notte-e-la-mattina\/","url":"https:\/\/www.intoscana.it\/it\/il-cantautore-nervi-pubblica-il-suo-disco-desordio-e-poi-svegliarsi-presto-realizzato-tra-la-notte-e-la-mattina\/","name":"Il cantautore Nervi pubblica il suo disco d'esordio \"E poi svegliarsi presto\": \"La musica mi ha aiutato a sopravvivere\" - intoscana","isPartOf":{"@id":"https:\/\/www.intoscana.it\/it\/#website"},"primaryImageOfPage":{"@id":"https:\/\/www.intoscana.it\/it\/il-cantautore-nervi-pubblica-il-suo-disco-desordio-e-poi-svegliarsi-presto-realizzato-tra-la-notte-e-la-mattina\/#primaryimage"},"image":{"@id":"https:\/\/www.intoscana.it\/it\/il-cantautore-nervi-pubblica-il-suo-disco-desordio-e-poi-svegliarsi-presto-realizzato-tra-la-notte-e-la-mattina\/#primaryimage"},"thumbnailUrl":"https:\/\/www.intoscana.it\/wp-content\/uploads\/Nervi-Alex-Mourant-scaled-e1733758076108.jpeg","datePublished":"2024-12-10T13:31:13+00:00","dateModified":"2024-12-10T13:37:19+00:00","author":{"@id":"https:\/\/www.intoscana.it\/it\/#\/schema\/person\/d469f35f09739bdf00bf5dd3f0647a82"},"description":"Sabato 14 dicembre in concerto al The Cage di Livorno Elia Rinaldi in arte \"Nervi\" per presentare il suo primo disco solista \"E poi svegliarsi presto\"","breadcrumb":{"@id":"https:\/\/www.intoscana.it\/it\/il-cantautore-nervi-pubblica-il-suo-disco-desordio-e-poi-svegliarsi-presto-realizzato-tra-la-notte-e-la-mattina\/#breadcrumb"},"inLanguage":"it-IT","potentialAction":[{"@type":"ReadAction","target":["https:\/\/www.intoscana.it\/it\/il-cantautore-nervi-pubblica-il-suo-disco-desordio-e-poi-svegliarsi-presto-realizzato-tra-la-notte-e-la-mattina\/"]}]},{"@type":"ImageObject","inLanguage":"it-IT","@id":"https:\/\/www.intoscana.it\/it\/il-cantautore-nervi-pubblica-il-suo-disco-desordio-e-poi-svegliarsi-presto-realizzato-tra-la-notte-e-la-mattina\/#primaryimage","url":"https:\/\/www.intoscana.it\/wp-content\/uploads\/Nervi-Alex-Mourant-scaled-e1733758076108.jpeg","contentUrl":"https:\/\/www.intoscana.it\/wp-content\/uploads\/Nervi-Alex-Mourant-scaled-e1733758076108.jpeg","width":1358,"height":1136},{"@type":"BreadcrumbList","@id":"https:\/\/www.intoscana.it\/it\/il-cantautore-nervi-pubblica-il-suo-disco-desordio-e-poi-svegliarsi-presto-realizzato-tra-la-notte-e-la-mattina\/#breadcrumb","itemListElement":[{"@type":"ListItem","position":1,"name":"Home","item":"https:\/\/www.intoscana.it\/it\/"},{"@type":"ListItem","position":2,"name":"Il cantautore Nervi pubblica il suo disco d&#8217;esordio &#8220;E poi svegliarsi presto&#8221;: &#8220;La musica mi ha aiutato a sopravvivere&#8221;"}]},{"@type":"WebSite","@id":"https:\/\/www.intoscana.it\/it\/#website","url":"https:\/\/www.intoscana.it\/it\/","name":"intoscana","description":"","potentialAction":[{"@type":"SearchAction","target":{"@type":"EntryPoint","urlTemplate":"https:\/\/www.intoscana.it\/it\/?s={search_term_string}"},"query-input":{"@type":"PropertyValueSpecification","valueRequired":true,"valueName":"search_term_string"}}],"inLanguage":"it-IT"},{"@type":"Person","@id":"https:\/\/www.intoscana.it\/it\/#\/schema\/person\/d469f35f09739bdf00bf5dd3f0647a82","name":"Costanza Baldini","url":"https:\/\/www.intoscana.it\/it\/author\/costanza-baldini\/"}]}},"_links":{"self":[{"href":"https:\/\/www.intoscana.it\/it\/wp-json\/wp\/v2\/posts\/367586","targetHints":{"allow":["GET"]}}],"collection":[{"href":"https:\/\/www.intoscana.it\/it\/wp-json\/wp\/v2\/posts"}],"about":[{"href":"https:\/\/www.intoscana.it\/it\/wp-json\/wp\/v2\/types\/post"}],"author":[{"embeddable":true,"href":"https:\/\/www.intoscana.it\/it\/wp-json\/wp\/v2\/users\/518"}],"replies":[{"embeddable":true,"href":"https:\/\/www.intoscana.it\/it\/wp-json\/wp\/v2\/comments?post=367586"}],"version-history":[{"count":26,"href":"https:\/\/www.intoscana.it\/it\/wp-json\/wp\/v2\/posts\/367586\/revisions"}],"predecessor-version":[{"id":367773,"href":"https:\/\/www.intoscana.it\/it\/wp-json\/wp\/v2\/posts\/367586\/revisions\/367773"}],"wp:featuredmedia":[{"embeddable":true,"href":"https:\/\/www.intoscana.it\/it\/wp-json\/wp\/v2\/media\/367589"}],"wp:attachment":[{"href":"https:\/\/www.intoscana.it\/it\/wp-json\/wp\/v2\/media?parent=367586"}],"wp:term":[{"taxonomy":"category","embeddable":true,"href":"https:\/\/www.intoscana.it\/it\/wp-json\/wp\/v2\/categories?post=367586"},{"taxonomy":"post_tag","embeddable":true,"href":"https:\/\/www.intoscana.it\/it\/wp-json\/wp\/v2\/tags?post=367586"}],"curies":[{"name":"wp","href":"https:\/\/api.w.org\/{rel}","templated":true}]}}