{"id":367784,"date":"2024-12-10T15:16:36","date_gmt":"2024-12-10T14:16:36","guid":{"rendered":"https:\/\/www.intoscana.it\/it\/?p=367784"},"modified":"2024-12-10T16:22:55","modified_gmt":"2024-12-10T15:22:55","slug":"luniversita-di-siena-e-tra-gli-atenei-piu-sostenibili-in-italia","status":"publish","type":"post","link":"https:\/\/www.intoscana.it\/it\/luniversita-di-siena-e-tra-gli-atenei-piu-sostenibili-in-italia\/","title":{"rendered":"L\u2019Universit\u00e0\u00a0di Siena \u00e8 tra gli atenei pi\u00f9 sostenibili in Italia"},"content":{"rendered":"<p>L\u2019<strong>Universit\u00e0\u00a0di Siena\u00a0<\/strong>si conferma tra le\u00a0universit\u00e0\u00a0italiane pi\u00f9 sostenibili, con un posizionamento di rilievo anche a livello mondiale, nella prestigiosa classifica internazionale\u00a0<strong>QS World University Rankings: Sustainability 2025<\/strong>, pubblicata oggi.<\/p>\n<h3>Siena tra le 1.750 universit\u00e0 in classifica<\/h3>\n<p>L\u2019Ateneo si trova nel ristretto gruppo dei quasi <strong>1750 al mondo<\/strong> censiti dalla terza edizione dell\u2019indagine, <mark>dedicata alla misurazione della sostenibilit\u00e0 negli ambiti degli impatti ambientale e sociale e della governance.<\/mark><\/p>\n<p>Far parte della ristretta cerchia che comprende le migliori accademie di ben 107 Paesi rappresenta un prestigioso riconoscimento internazionale per l\u2019Universit\u00e0 di Siena, presente nella classifica fin dalla prima edizione. In Italia \u00e8 posizionata a<strong>l 14esimo posto su 52 atenei censiti<\/strong> (mentre lo scorso anno si trovava al 17esimo su 48) e sale al <strong>436esimo posto su 1744\u00a0universit\u00e0\u00a0internazionali<\/strong> nella classifica globale (era al 464\u00b0 su 1397).<\/p>\n<p>L\u2019Universit\u00e0\u00a0di Siena ottiene una valutazione positiva con\u00a0<strong>punteggi sopra alla media in tutti i parametri, <\/strong>come l\u2019impatto della ricerca nel campo della sostenibilit\u00e0 ambientale e sociale, l&#8217;offerta didattica sulla sostenibilit\u00e0, la capacit\u00e0 di occuparsi del benessere e della salute degli studenti e di tutta la comunit\u00e0 universitaria e l\u2019attenzione all<strong>e politiche di eguaglianza e di inclusione<\/strong>.<\/p>\n","protected":false},"excerpt":{"rendered":"<p>L&#8217;Ateneo senese migliora nella classifica internazionale QS Sustainability 2025 dedicata alla misurazione della sostenibilit\u00e0 ambientale e sociale<\/p>\n","protected":false},"author":525,"featured_media":367785,"comment_status":"open","ping_status":"open","sticky":false,"template":"","format":"standard","meta":{"_acf_changed":false,"footnotes":""},"categories":[19],"tags":[371,378],"class_list":["post-367784","post","type-post","status-publish","format-standard","has-post-thumbnail","hentry","category-ambiente","tag-sostenibilita","tag-universita-di-siena"],"acf":[],"yoast_head":"<!-- This site is optimized with the Yoast SEO Premium plugin v24.2 (Yoast SEO v25.6) - https:\/\/yoast.com\/wordpress\/plugins\/seo\/ -->\n<title>L\u2019Universit\u00e0\u00a0di Siena \u00e8 tra gli atenei pi\u00f9 sostenibili in Italia - intoscana<\/title>\n<meta name=\"robots\" content=\"index, follow, max-snippet:-1, max-image-preview:large, max-video-preview:-1\" \/>\n<link rel=\"canonical\" href=\"https:\/\/www.intoscana.it\/it\/luniversita-di-siena-e-tra-gli-atenei-piu-sostenibili-in-italia\/\" \/>\n<meta property=\"og:locale\" content=\"it_IT\" \/>\n<meta property=\"og:type\" content=\"article\" \/>\n<meta property=\"og:title\" content=\"L\u2019Universit\u00e0\u00a0di Siena \u00e8 tra gli atenei pi\u00f9 sostenibili in Italia\" \/>\n<meta property=\"og:description\" content=\"L&#039;Ateneo senese migliora nella classifica internazionale QS Sustainability 2025 dedicata alla misurazione della sostenibilit\u00e0 ambientale e sociale\" \/>\n<meta property=\"og:url\" content=\"https:\/\/www.intoscana.it\/it\/luniversita-di-siena-e-tra-gli-atenei-piu-sostenibili-in-italia\/\" \/>\n<meta property=\"og:site_name\" content=\"intoscana\" \/>\n<meta property=\"article:publisher\" content=\"https:\/\/www.facebook.com\/intoscana.it\" \/>\n<meta property=\"article:published_time\" content=\"2024-12-10T14:16:36+00:00\" \/>\n<meta property=\"article:modified_time\" content=\"2024-12-10T15:22:55+00:00\" \/>\n<meta property=\"og:image\" content=\"https:\/\/www.intoscana.it\/wp-content\/uploads\/Panorama_daPalazzoRettorato_rid.jpg\" \/>\n\t<meta property=\"og:image:width\" content=\"1920\" \/>\n\t<meta property=\"og:image:height\" content=\"1439\" \/>\n\t<meta property=\"og:image:type\" content=\"image\/jpeg\" \/>\n<meta name=\"author\" content=\"Redazione\" \/>\n<meta name=\"twitter:card\" content=\"summary_large_image\" \/>\n<meta name=\"twitter:creator\" content=\"@intoscana\" \/>\n<meta name=\"twitter:site\" content=\"@intoscana\" \/>\n<meta name=\"twitter:label1\" content=\"Written by\" \/>\n\t<meta name=\"twitter:data1\" content=\"Redazione\" \/>\n\t<meta name=\"twitter:label2\" content=\"Est. reading time\" \/>\n\t<meta name=\"twitter:data2\" content=\"2 minuti\" \/>\n<script type=\"application\/ld+json\" class=\"yoast-schema-graph\">{\"@context\":\"https:\/\/schema.org\",\"@graph\":[{\"@type\":\"WebPage\",\"@id\":\"https:\/\/www.intoscana.it\/it\/luniversita-di-siena-e-tra-gli-atenei-piu-sostenibili-in-italia\/\",\"url\":\"https:\/\/www.intoscana.it\/it\/luniversita-di-siena-e-tra-gli-atenei-piu-sostenibili-in-italia\/\",\"name\":\"L\u2019Universit\u00e0\u00a0di Siena \u00e8 tra gli atenei pi\u00f9 sostenibili in Italia - intoscana\",\"isPartOf\":{\"@id\":\"https:\/\/www.intoscana.it\/it\/#website\"},\"primaryImageOfPage\":{\"@id\":\"https:\/\/www.intoscana.it\/it\/luniversita-di-siena-e-tra-gli-atenei-piu-sostenibili-in-italia\/#primaryimage\"},\"image\":{\"@id\":\"https:\/\/www.intoscana.it\/it\/luniversita-di-siena-e-tra-gli-atenei-piu-sostenibili-in-italia\/#primaryimage\"},\"thumbnailUrl\":\"https:\/\/www.intoscana.it\/wp-content\/uploads\/Panorama_daPalazzoRettorato_rid.jpg\",\"datePublished\":\"2024-12-10T14:16:36+00:00\",\"dateModified\":\"2024-12-10T15:22:55+00:00\",\"author\":{\"@id\":\"https:\/\/www.intoscana.it\/it\/#\/schema\/person\/9223810753230f20bd670fdd322661f8\"},\"breadcrumb\":{\"@id\":\"https:\/\/www.intoscana.it\/it\/luniversita-di-siena-e-tra-gli-atenei-piu-sostenibili-in-italia\/#breadcrumb\"},\"inLanguage\":\"it-IT\",\"potentialAction\":[{\"@type\":\"ReadAction\",\"target\":[\"https:\/\/www.intoscana.it\/it\/luniversita-di-siena-e-tra-gli-atenei-piu-sostenibili-in-italia\/\"]}]},{\"@type\":\"ImageObject\",\"inLanguage\":\"it-IT\",\"@id\":\"https:\/\/www.intoscana.it\/it\/luniversita-di-siena-e-tra-gli-atenei-piu-sostenibili-in-italia\/#primaryimage\",\"url\":\"https:\/\/www.intoscana.it\/wp-content\/uploads\/Panorama_daPalazzoRettorato_rid.jpg\",\"contentUrl\":\"https:\/\/www.intoscana.it\/wp-content\/uploads\/Panorama_daPalazzoRettorato_rid.jpg\",\"width\":1920,\"height\":1439,\"caption\":\"Siena vista dal Palazzo del Rettorato dell'Universit\u00e0\"},{\"@type\":\"BreadcrumbList\",\"@id\":\"https:\/\/www.intoscana.it\/it\/luniversita-di-siena-e-tra-gli-atenei-piu-sostenibili-in-italia\/#breadcrumb\",\"itemListElement\":[{\"@type\":\"ListItem\",\"position\":1,\"name\":\"Home\",\"item\":\"https:\/\/www.intoscana.it\/it\/\"},{\"@type\":\"ListItem\",\"position\":2,\"name\":\"L\u2019Universit\u00e0\u00a0di Siena \u00e8 tra gli atenei pi\u00f9 sostenibili in Italia\"}]},{\"@type\":\"WebSite\",\"@id\":\"https:\/\/www.intoscana.it\/it\/#website\",\"url\":\"https:\/\/www.intoscana.it\/it\/\",\"name\":\"intoscana\",\"description\":\"\",\"potentialAction\":[{\"@type\":\"SearchAction\",\"target\":{\"@type\":\"EntryPoint\",\"urlTemplate\":\"https:\/\/www.intoscana.it\/it\/?s={search_term_string}\"},\"query-input\":{\"@type\":\"PropertyValueSpecification\",\"valueRequired\":true,\"valueName\":\"search_term_string\"}}],\"inLanguage\":\"it-IT\"},{\"@type\":\"Person\",\"@id\":\"https:\/\/www.intoscana.it\/it\/#\/schema\/person\/9223810753230f20bd670fdd322661f8\",\"name\":\"Redazione\",\"url\":\"https:\/\/www.intoscana.it\/it\/author\/redazione\/\"}]}<\/script>\n<!-- \/ Yoast SEO Premium plugin. -->","yoast_head_json":{"title":"L\u2019Universit\u00e0\u00a0di Siena \u00e8 tra gli atenei pi\u00f9 sostenibili in Italia - intoscana","robots":{"index":"index","follow":"follow","max-snippet":"max-snippet:-1","max-image-preview":"max-image-preview:large","max-video-preview":"max-video-preview:-1"},"canonical":"https:\/\/www.intoscana.it\/it\/luniversita-di-siena-e-tra-gli-atenei-piu-sostenibili-in-italia\/","og_locale":"it_IT","og_type":"article","og_title":"L\u2019Universit\u00e0\u00a0di Siena \u00e8 tra gli atenei pi\u00f9 sostenibili in Italia","og_description":"L'Ateneo senese migliora nella classifica internazionale QS Sustainability 2025 dedicata alla misurazione della sostenibilit\u00e0 ambientale e sociale","og_url":"https:\/\/www.intoscana.it\/it\/luniversita-di-siena-e-tra-gli-atenei-piu-sostenibili-in-italia\/","og_site_name":"intoscana","article_publisher":"https:\/\/www.facebook.com\/intoscana.it","article_published_time":"2024-12-10T14:16:36+00:00","article_modified_time":"2024-12-10T15:22:55+00:00","og_image":[{"width":1920,"height":1439,"url":"https:\/\/www.intoscana.it\/wp-content\/uploads\/Panorama_daPalazzoRettorato_rid.jpg","type":"image\/jpeg"}],"author":"Redazione","twitter_card":"summary_large_image","twitter_creator":"@intoscana","twitter_site":"@intoscana","twitter_misc":{"Written by":"Redazione","Est. reading time":"2 minuti"},"schema":{"@context":"https:\/\/schema.org","@graph":[{"@type":"WebPage","@id":"https:\/\/www.intoscana.it\/it\/luniversita-di-siena-e-tra-gli-atenei-piu-sostenibili-in-italia\/","url":"https:\/\/www.intoscana.it\/it\/luniversita-di-siena-e-tra-gli-atenei-piu-sostenibili-in-italia\/","name":"L\u2019Universit\u00e0\u00a0di Siena \u00e8 tra gli atenei pi\u00f9 sostenibili in Italia - intoscana","isPartOf":{"@id":"https:\/\/www.intoscana.it\/it\/#website"},"primaryImageOfPage":{"@id":"https:\/\/www.intoscana.it\/it\/luniversita-di-siena-e-tra-gli-atenei-piu-sostenibili-in-italia\/#primaryimage"},"image":{"@id":"https:\/\/www.intoscana.it\/it\/luniversita-di-siena-e-tra-gli-atenei-piu-sostenibili-in-italia\/#primaryimage"},"thumbnailUrl":"https:\/\/www.intoscana.it\/wp-content\/uploads\/Panorama_daPalazzoRettorato_rid.jpg","datePublished":"2024-12-10T14:16:36+00:00","dateModified":"2024-12-10T15:22:55+00:00","author":{"@id":"https:\/\/www.intoscana.it\/it\/#\/schema\/person\/9223810753230f20bd670fdd322661f8"},"breadcrumb":{"@id":"https:\/\/www.intoscana.it\/it\/luniversita-di-siena-e-tra-gli-atenei-piu-sostenibili-in-italia\/#breadcrumb"},"inLanguage":"it-IT","potentialAction":[{"@type":"ReadAction","target":["https:\/\/www.intoscana.it\/it\/luniversita-di-siena-e-tra-gli-atenei-piu-sostenibili-in-italia\/"]}]},{"@type":"ImageObject","inLanguage":"it-IT","@id":"https:\/\/www.intoscana.it\/it\/luniversita-di-siena-e-tra-gli-atenei-piu-sostenibili-in-italia\/#primaryimage","url":"https:\/\/www.intoscana.it\/wp-content\/uploads\/Panorama_daPalazzoRettorato_rid.jpg","contentUrl":"https:\/\/www.intoscana.it\/wp-content\/uploads\/Panorama_daPalazzoRettorato_rid.jpg","width":1920,"height":1439,"caption":"Siena vista dal Palazzo del Rettorato dell'Universit\u00e0"},{"@type":"BreadcrumbList","@id":"https:\/\/www.intoscana.it\/it\/luniversita-di-siena-e-tra-gli-atenei-piu-sostenibili-in-italia\/#breadcrumb","itemListElement":[{"@type":"ListItem","position":1,"name":"Home","item":"https:\/\/www.intoscana.it\/it\/"},{"@type":"ListItem","position":2,"name":"L\u2019Universit\u00e0\u00a0di Siena \u00e8 tra gli atenei pi\u00f9 sostenibili in Italia"}]},{"@type":"WebSite","@id":"https:\/\/www.intoscana.it\/it\/#website","url":"https:\/\/www.intoscana.it\/it\/","name":"intoscana","description":"","potentialAction":[{"@type":"SearchAction","target":{"@type":"EntryPoint","urlTemplate":"https:\/\/www.intoscana.it\/it\/?s={search_term_string}"},"query-input":{"@type":"PropertyValueSpecification","valueRequired":true,"valueName":"search_term_string"}}],"inLanguage":"it-IT"},{"@type":"Person","@id":"https:\/\/www.intoscana.it\/it\/#\/schema\/person\/9223810753230f20bd670fdd322661f8","name":"Redazione","url":"https:\/\/www.intoscana.it\/it\/author\/redazione\/"}]}},"_links":{"self":[{"href":"https:\/\/www.intoscana.it\/it\/wp-json\/wp\/v2\/posts\/367784","targetHints":{"allow":["GET"]}}],"collection":[{"href":"https:\/\/www.intoscana.it\/it\/wp-json\/wp\/v2\/posts"}],"about":[{"href":"https:\/\/www.intoscana.it\/it\/wp-json\/wp\/v2\/types\/post"}],"author":[{"embeddable":true,"href":"https:\/\/www.intoscana.it\/it\/wp-json\/wp\/v2\/users\/525"}],"replies":[{"embeddable":true,"href":"https:\/\/www.intoscana.it\/it\/wp-json\/wp\/v2\/comments?post=367784"}],"version-history":[{"count":3,"href":"https:\/\/www.intoscana.it\/it\/wp-json\/wp\/v2\/posts\/367784\/revisions"}],"predecessor-version":[{"id":367792,"href":"https:\/\/www.intoscana.it\/it\/wp-json\/wp\/v2\/posts\/367784\/revisions\/367792"}],"wp:featuredmedia":[{"embeddable":true,"href":"https:\/\/www.intoscana.it\/it\/wp-json\/wp\/v2\/media\/367785"}],"wp:attachment":[{"href":"https:\/\/www.intoscana.it\/it\/wp-json\/wp\/v2\/media?parent=367784"}],"wp:term":[{"taxonomy":"category","embeddable":true,"href":"https:\/\/www.intoscana.it\/it\/wp-json\/wp\/v2\/categories?post=367784"},{"taxonomy":"post_tag","embeddable":true,"href":"https:\/\/www.intoscana.it\/it\/wp-json\/wp\/v2\/tags?post=367784"}],"curies":[{"name":"wp","href":"https:\/\/api.w.org\/{rel}","templated":true}]}}