{"id":368253,"date":"2024-12-13T15:31:59","date_gmt":"2024-12-13T14:31:59","guid":{"rendered":"https:\/\/www.intoscana.it\/it\/?p=368253"},"modified":"2024-12-13T15:36:52","modified_gmt":"2024-12-13T14:36:52","slug":"toscana-del-fare","status":"publish","type":"post","link":"https:\/\/www.intoscana.it\/it\/toscana-del-fare\/","title":{"rendered":"La &#8220;Toscana del fare&#8221; protagonista agli Stati Generali dei Comuni: +2% del Pil e 1000 progetti realizzati o avviati"},"content":{"rendered":"<p>La <strong>Toscana del fare<\/strong> ovvero la Toscana degli asili nido gratis a vantaggio di oltre 15 mila famiglie, della Darsena Europa che punta a rimettere il nostro porto principale nelle grandi vie marittime, del sotto-attraversamento ferroviario di Firenze a beneficio del traffico pendolare. E&#8217; la Toscana diffusa impegnata ad investire nello sport, nella viabilit\u00e0, nella formazione, nella rigenerazione urbana in tutti e 273 comuni della regione.<\/p>\n<p>Questa Toscana \u00e8 stata al centro degli <strong>Stati Generali dei Comuni,<\/strong> che si sono tenuti oggi, 13 dicembre, al cinema La Compagnia di Firenze e che hanno visto riuniti sindaci e rappresentanti degli enti locali e delle categorie economiche per fare un bilancio sull\u2019applicazione delle linee di azione e sullo stato degli interventi dei fondi strutturali europei 2021- 2027, del Pnrr, del Fondo di Sviluppo e Coesione.<\/p>\n<p><mark>&#8220;La Regione ha dato vita a un sistema che ha portato un valore aggiunto del Pil, il +2% annuo <\/mark> e questo grazie a tre elementi fondamentali: il Pnrr, i fondi strutturali europei (Fesr, Fse, Fondo di sviluppo e coesione), e, come terzo capitolo, gli accordi di programma e i protocolli d\u2019intesa siglati da Regione ed enti locali con enti dello Stato, una sinergia pubblico-privato\u201d, ha detto il presidente <strong>Eugenio Giani.<\/strong><\/p>\n<p>Un aumento del 2% del Pil fa sicuramente da <strong>volano per l&#8217;economia toscana<\/strong> che si \u00e8 concretizzato con oltre <strong>1.000 progetti realizzati o avviati.<\/strong> <mark>\u201cLa Toscana ha l\u201987% di cantieri avviati &#8211; ha proseguito Giani &#8211; che nel caso dei progetti Pnrr arriva quasi al 100%, una partenza che andr\u00e0 portata fino in fondo <\/mark>. Oggi, con la presentazione del volume degli oltre 1.000 progetti, abbiamo l\u2019occasione per fare un check-up e capire come riuscire a rispettare i tempi\u201d.<\/p>\n<p>L&#8217;obiettivo infatti \u00e8 non mancare la <strong>deadline del 2026<\/strong> per il buon esito delle opere oggi in cantiere che per quella data dovranno essere concluse perch\u00e9 appunto finanziate con fondi Pnrr ma soprattutto perch\u00e8 rappresentano un&#8217;opportunit\u00e0 che i territori non possono farsi sfuggire.<\/p>\n<h3>I numeri<\/h3>\n<p>Tra gli interventi durante la mattina al Cinema la Compagnia anche quello del direttore dell\u2019Ipert, <strong>Nicola Sciclone,<\/strong> chiamato a tracciare la <mark>cornice numerica delle risorse tra Pnrr e Fondi europei: 11 miliardi &#8211; di cui 8,3 del Pnrr e 3 di cofinanziamento &#8211; ai quali si aggiungono i quasi 4 miliardi provenienti dall\u2019Europa e dal bilancio regionale <\/mark>.<\/p>\n<p>&#8220;L\u2019ammontare complessivo delle risorse che la Toscana ha saputo cogliere &#8211; ha spiegato &#8211; ci consentono di <strong>recuperare gli investimenti che abbiamo perso<\/strong> nel decennio precedente al periodo del Covid. Nel lungo periodo, se queste risorse saranno ben spese, permetteranno un aumento della variazione di capitale e del suo rendimento che garantir\u00e0 un<strong> innalzamento del nostro ritmo di crescita<\/strong>. Nell\u2019arco di dieci anni da questi investimenti potremo godere di un<strong> Pil di 5,6 punti pi\u00f9 alto<\/strong> di quello che registreremmo in assenza di queste risorse, per un totale di 7 miliardi in pi\u00f9. In ordine di grandezze, considerate che la spesa sanitaria vale 8 miliardi\u201d.<\/p>\n","protected":false},"excerpt":{"rendered":"<p>Al Cinema La Compagnia una mattinata per fare un bilancio sull\u2019applicazione delle linee di azione e sullo stato degli interventi dei fondi strutturali europei 2021- 2027, del Pnrr, del Fondo di Sviluppo e Coesione. Giani: &#8220;Oggi presentiamo la Toscana del fare&#8221;<\/p>\n","protected":false},"author":503,"featured_media":368254,"comment_status":"open","ping_status":"open","sticky":false,"template":"","format":"standard","meta":{"_acf_changed":false,"footnotes":""},"categories":[494],"tags":[4714,4579,4755,6296,6642,6515],"class_list":["post-368253","post","type-post","status-publish","format-standard","has-post-thumbnail","hentry","category-attualita","tag-anci-toscana","tag-cinema-la-compagnia","tag-istituzioni","tag-pnrr","tag-toscana-diffusa","tag-unione-europea"],"acf":[],"yoast_head":"<!-- This site is optimized with the Yoast SEO Premium plugin v24.2 (Yoast SEO v25.6) - https:\/\/yoast.com\/wordpress\/plugins\/seo\/ -->\n<title>La &quot;Toscana del fare&quot; protagonista agli Stati Generali dei Comuni: +2% del Pil e 1000 progetti realizzati o avviati - intoscana<\/title>\n<meta name=\"description\" content=\"Al Cinema La Compagnia una mattinata per fare un bilancio sull\u2019applicazione delle linee di azione e sullo stato degli interventi\" \/>\n<meta name=\"robots\" content=\"index, follow, max-snippet:-1, max-image-preview:large, max-video-preview:-1\" \/>\n<link rel=\"canonical\" href=\"https:\/\/www.intoscana.it\/it\/toscana-del-fare\/\" \/>\n<meta property=\"og:locale\" content=\"it_IT\" \/>\n<meta property=\"og:type\" content=\"article\" \/>\n<meta property=\"og:title\" content=\"La &quot;Toscana del fare&quot; protagonista agli Stati Generali dei Comuni: +2% del Pil e 1000 progetti realizzati o avviati\" \/>\n<meta property=\"og:description\" content=\"Al Cinema La Compagnia una mattinata per fare un bilancio sull\u2019applicazione delle linee di azione e sullo stato degli interventi\" \/>\n<meta property=\"og:url\" content=\"https:\/\/www.intoscana.it\/it\/toscana-del-fare\/\" \/>\n<meta property=\"og:site_name\" content=\"intoscana\" \/>\n<meta property=\"article:publisher\" content=\"https:\/\/www.facebook.com\/intoscana.it\" \/>\n<meta property=\"article:published_time\" content=\"2024-12-13T14:31:59+00:00\" \/>\n<meta property=\"article:modified_time\" content=\"2024-12-13T14:36:52+00:00\" \/>\n<meta property=\"og:image\" content=\"https:\/\/www.intoscana.it\/wp-content\/uploads\/La-22Toscana-del-fare22-protagonista-agli-Stati-Generali-dei-Comuni-scaled.jpeg\" \/>\n\t<meta property=\"og:image:width\" content=\"2048\" \/>\n\t<meta property=\"og:image:height\" content=\"1366\" \/>\n\t<meta property=\"og:image:type\" content=\"image\/jpeg\" \/>\n<meta name=\"author\" content=\"Giulia Rafanelli\" \/>\n<meta name=\"twitter:card\" content=\"summary_large_image\" \/>\n<meta name=\"twitter:creator\" content=\"@intoscana\" \/>\n<meta name=\"twitter:site\" content=\"@intoscana\" \/>\n<meta name=\"twitter:label1\" content=\"Written by\" \/>\n\t<meta name=\"twitter:data1\" content=\"Giulia Rafanelli\" \/>\n\t<meta name=\"twitter:label2\" content=\"Est. reading time\" \/>\n\t<meta name=\"twitter:data2\" content=\"3 minuti\" \/>\n<script type=\"application\/ld+json\" class=\"yoast-schema-graph\">{\"@context\":\"https:\/\/schema.org\",\"@graph\":[{\"@type\":\"WebPage\",\"@id\":\"https:\/\/www.intoscana.it\/it\/toscana-del-fare\/\",\"url\":\"https:\/\/www.intoscana.it\/it\/toscana-del-fare\/\",\"name\":\"La \\\"Toscana del fare\\\" protagonista agli Stati Generali dei Comuni: +2% del Pil e 1000 progetti realizzati o avviati - intoscana\",\"isPartOf\":{\"@id\":\"https:\/\/www.intoscana.it\/it\/#website\"},\"primaryImageOfPage\":{\"@id\":\"https:\/\/www.intoscana.it\/it\/toscana-del-fare\/#primaryimage\"},\"image\":{\"@id\":\"https:\/\/www.intoscana.it\/it\/toscana-del-fare\/#primaryimage\"},\"thumbnailUrl\":\"https:\/\/www.intoscana.it\/wp-content\/uploads\/La-22Toscana-del-fare22-protagonista-agli-Stati-Generali-dei-Comuni-scaled.jpeg\",\"datePublished\":\"2024-12-13T14:31:59+00:00\",\"dateModified\":\"2024-12-13T14:36:52+00:00\",\"author\":{\"@id\":\"https:\/\/www.intoscana.it\/it\/#\/schema\/person\/333569b367b301e30262defcea56c939\"},\"description\":\"Al Cinema La Compagnia una mattinata per fare un bilancio sull\u2019applicazione delle linee di azione e sullo stato degli interventi\",\"breadcrumb\":{\"@id\":\"https:\/\/www.intoscana.it\/it\/toscana-del-fare\/#breadcrumb\"},\"inLanguage\":\"it-IT\",\"potentialAction\":[{\"@type\":\"ReadAction\",\"target\":[\"https:\/\/www.intoscana.it\/it\/toscana-del-fare\/\"]}]},{\"@type\":\"ImageObject\",\"inLanguage\":\"it-IT\",\"@id\":\"https:\/\/www.intoscana.it\/it\/toscana-del-fare\/#primaryimage\",\"url\":\"https:\/\/www.intoscana.it\/wp-content\/uploads\/La-22Toscana-del-fare22-protagonista-agli-Stati-Generali-dei-Comuni-scaled.jpeg\",\"contentUrl\":\"https:\/\/www.intoscana.it\/wp-content\/uploads\/La-22Toscana-del-fare22-protagonista-agli-Stati-Generali-dei-Comuni-scaled.jpeg\",\"width\":2048,\"height\":1366,\"caption\":\"La Toscana del fare protagonista agli Stati Generali dei Comuni\"},{\"@type\":\"BreadcrumbList\",\"@id\":\"https:\/\/www.intoscana.it\/it\/toscana-del-fare\/#breadcrumb\",\"itemListElement\":[{\"@type\":\"ListItem\",\"position\":1,\"name\":\"Home\",\"item\":\"https:\/\/www.intoscana.it\/it\/\"},{\"@type\":\"ListItem\",\"position\":2,\"name\":\"La &#8220;Toscana del fare&#8221; protagonista agli Stati Generali dei Comuni: +2% del Pil e 1000 progetti realizzati o avviati\"}]},{\"@type\":\"WebSite\",\"@id\":\"https:\/\/www.intoscana.it\/it\/#website\",\"url\":\"https:\/\/www.intoscana.it\/it\/\",\"name\":\"intoscana\",\"description\":\"\",\"potentialAction\":[{\"@type\":\"SearchAction\",\"target\":{\"@type\":\"EntryPoint\",\"urlTemplate\":\"https:\/\/www.intoscana.it\/it\/?s={search_term_string}\"},\"query-input\":{\"@type\":\"PropertyValueSpecification\",\"valueRequired\":true,\"valueName\":\"search_term_string\"}}],\"inLanguage\":\"it-IT\"},{\"@type\":\"Person\",\"@id\":\"https:\/\/www.intoscana.it\/it\/#\/schema\/person\/333569b367b301e30262defcea56c939\",\"name\":\"Giulia Rafanelli\",\"url\":\"https:\/\/www.intoscana.it\/it\/author\/giulia-rafanelli\/\"}]}<\/script>\n<!-- \/ Yoast SEO Premium plugin. -->","yoast_head_json":{"title":"La \"Toscana del fare\" protagonista agli Stati Generali dei Comuni: +2% del Pil e 1000 progetti realizzati o avviati - intoscana","description":"Al Cinema La Compagnia una mattinata per fare un bilancio sull\u2019applicazione delle linee di azione e sullo stato degli interventi","robots":{"index":"index","follow":"follow","max-snippet":"max-snippet:-1","max-image-preview":"max-image-preview:large","max-video-preview":"max-video-preview:-1"},"canonical":"https:\/\/www.intoscana.it\/it\/toscana-del-fare\/","og_locale":"it_IT","og_type":"article","og_title":"La \"Toscana del fare\" protagonista agli Stati Generali dei Comuni: +2% del Pil e 1000 progetti realizzati o avviati","og_description":"Al Cinema La Compagnia una mattinata per fare un bilancio sull\u2019applicazione delle linee di azione e sullo stato degli interventi","og_url":"https:\/\/www.intoscana.it\/it\/toscana-del-fare\/","og_site_name":"intoscana","article_publisher":"https:\/\/www.facebook.com\/intoscana.it","article_published_time":"2024-12-13T14:31:59+00:00","article_modified_time":"2024-12-13T14:36:52+00:00","og_image":[{"width":2048,"height":1366,"url":"https:\/\/www.intoscana.it\/wp-content\/uploads\/La-22Toscana-del-fare22-protagonista-agli-Stati-Generali-dei-Comuni-scaled.jpeg","type":"image\/jpeg"}],"author":"Giulia Rafanelli","twitter_card":"summary_large_image","twitter_creator":"@intoscana","twitter_site":"@intoscana","twitter_misc":{"Written by":"Giulia Rafanelli","Est. reading time":"3 minuti"},"schema":{"@context":"https:\/\/schema.org","@graph":[{"@type":"WebPage","@id":"https:\/\/www.intoscana.it\/it\/toscana-del-fare\/","url":"https:\/\/www.intoscana.it\/it\/toscana-del-fare\/","name":"La \"Toscana del fare\" protagonista agli Stati Generali dei Comuni: +2% del Pil e 1000 progetti realizzati o avviati - intoscana","isPartOf":{"@id":"https:\/\/www.intoscana.it\/it\/#website"},"primaryImageOfPage":{"@id":"https:\/\/www.intoscana.it\/it\/toscana-del-fare\/#primaryimage"},"image":{"@id":"https:\/\/www.intoscana.it\/it\/toscana-del-fare\/#primaryimage"},"thumbnailUrl":"https:\/\/www.intoscana.it\/wp-content\/uploads\/La-22Toscana-del-fare22-protagonista-agli-Stati-Generali-dei-Comuni-scaled.jpeg","datePublished":"2024-12-13T14:31:59+00:00","dateModified":"2024-12-13T14:36:52+00:00","author":{"@id":"https:\/\/www.intoscana.it\/it\/#\/schema\/person\/333569b367b301e30262defcea56c939"},"description":"Al Cinema La Compagnia una mattinata per fare un bilancio sull\u2019applicazione delle linee di azione e sullo stato degli interventi","breadcrumb":{"@id":"https:\/\/www.intoscana.it\/it\/toscana-del-fare\/#breadcrumb"},"inLanguage":"it-IT","potentialAction":[{"@type":"ReadAction","target":["https:\/\/www.intoscana.it\/it\/toscana-del-fare\/"]}]},{"@type":"ImageObject","inLanguage":"it-IT","@id":"https:\/\/www.intoscana.it\/it\/toscana-del-fare\/#primaryimage","url":"https:\/\/www.intoscana.it\/wp-content\/uploads\/La-22Toscana-del-fare22-protagonista-agli-Stati-Generali-dei-Comuni-scaled.jpeg","contentUrl":"https:\/\/www.intoscana.it\/wp-content\/uploads\/La-22Toscana-del-fare22-protagonista-agli-Stati-Generali-dei-Comuni-scaled.jpeg","width":2048,"height":1366,"caption":"La Toscana del fare protagonista agli Stati Generali dei Comuni"},{"@type":"BreadcrumbList","@id":"https:\/\/www.intoscana.it\/it\/toscana-del-fare\/#breadcrumb","itemListElement":[{"@type":"ListItem","position":1,"name":"Home","item":"https:\/\/www.intoscana.it\/it\/"},{"@type":"ListItem","position":2,"name":"La &#8220;Toscana del fare&#8221; protagonista agli Stati Generali dei Comuni: +2% del Pil e 1000 progetti realizzati o avviati"}]},{"@type":"WebSite","@id":"https:\/\/www.intoscana.it\/it\/#website","url":"https:\/\/www.intoscana.it\/it\/","name":"intoscana","description":"","potentialAction":[{"@type":"SearchAction","target":{"@type":"EntryPoint","urlTemplate":"https:\/\/www.intoscana.it\/it\/?s={search_term_string}"},"query-input":{"@type":"PropertyValueSpecification","valueRequired":true,"valueName":"search_term_string"}}],"inLanguage":"it-IT"},{"@type":"Person","@id":"https:\/\/www.intoscana.it\/it\/#\/schema\/person\/333569b367b301e30262defcea56c939","name":"Giulia Rafanelli","url":"https:\/\/www.intoscana.it\/it\/author\/giulia-rafanelli\/"}]}},"_links":{"self":[{"href":"https:\/\/www.intoscana.it\/it\/wp-json\/wp\/v2\/posts\/368253","targetHints":{"allow":["GET"]}}],"collection":[{"href":"https:\/\/www.intoscana.it\/it\/wp-json\/wp\/v2\/posts"}],"about":[{"href":"https:\/\/www.intoscana.it\/it\/wp-json\/wp\/v2\/types\/post"}],"author":[{"embeddable":true,"href":"https:\/\/www.intoscana.it\/it\/wp-json\/wp\/v2\/users\/503"}],"replies":[{"embeddable":true,"href":"https:\/\/www.intoscana.it\/it\/wp-json\/wp\/v2\/comments?post=368253"}],"version-history":[{"count":4,"href":"https:\/\/www.intoscana.it\/it\/wp-json\/wp\/v2\/posts\/368253\/revisions"}],"predecessor-version":[{"id":368260,"href":"https:\/\/www.intoscana.it\/it\/wp-json\/wp\/v2\/posts\/368253\/revisions\/368260"}],"wp:featuredmedia":[{"embeddable":true,"href":"https:\/\/www.intoscana.it\/it\/wp-json\/wp\/v2\/media\/368254"}],"wp:attachment":[{"href":"https:\/\/www.intoscana.it\/it\/wp-json\/wp\/v2\/media?parent=368253"}],"wp:term":[{"taxonomy":"category","embeddable":true,"href":"https:\/\/www.intoscana.it\/it\/wp-json\/wp\/v2\/categories?post=368253"},{"taxonomy":"post_tag","embeddable":true,"href":"https:\/\/www.intoscana.it\/it\/wp-json\/wp\/v2\/tags?post=368253"}],"curies":[{"name":"wp","href":"https:\/\/api.w.org\/{rel}","templated":true}]}}