{"id":368374,"date":"2024-12-16T11:01:57","date_gmt":"2024-12-16T10:01:57","guid":{"rendered":"https:\/\/www.intoscana.it\/it\/?p=368374"},"modified":"2024-12-16T11:09:31","modified_gmt":"2024-12-16T10:09:31","slug":"conclusi-i-restauri-alla-villa-medicea-di-castello-sede-dellaccademia-della-crusca","status":"publish","type":"post","link":"https:\/\/www.intoscana.it\/it\/conclusi-i-restauri-alla-villa-medicea-di-castello-sede-dellaccademia-della-crusca\/","title":{"rendered":"Conclusi i restauri alla Villa medicea di Castello, sede dell&#8217;Accademia della Crusca"},"content":{"rendered":"<p>Sono conclusi i l<strong>avori di restauro della Villa medicea di Castello, a Firenze,<\/strong> sede dell&#8217;<strong>Accademia della Crusca.<\/strong> Gli interventi per <strong>1,2 milioni di euro<\/strong> di investimento hanno interessato le quattro facciate, il cortile, il tetto, gli androni e le finestre per \u00a0un tempo di circa due anni.<br \/>\nLa presentazione dei lavori si \u00e8 svolta sabato scorso nella villa medicea, dove l&#8217;Accademia della Crusca ha organizzato una due giorni per celebrare anche i 450 anni dalla morte di Vasari.<\/p>\n<p>Paolo D&#8217;Achille presidente della Crusca, ha ricordato che l&#8217;Accademia<em> &#8220;ha partecipato a un bando del ministero della Cultura che quindi ha finanziato in larga parte questi restauri. Anche l&#8217;Accademia per\u00f2 ha messo qualcosa di suo, assieme ad altri finanziatori. Abbiamo impiegato anche nostri fondi, nonostante la villa sia di propriet\u00e0 del demanio, perch\u00e9 ci fa piacere restituirla al suo originario splendore. Ora tutta la villa \u00e8 tornata al suo stato del restauro fatto gi\u00e0 nel Cinquecento.&#8221;<\/em><\/p>\n<p>Nei giorni scorsi alla Crusca si \u00e8 svolta la tornata accademica dal titolo &#8216;Giorgio Vasari: arte e lingua&#8217;, poi \u00e8 stata inaugurata la <strong>mostra documentaria &#8216;Vasari e Baldinucci: arte e lingua&#8217;.<\/strong> Sabato invece sono stati presentati i recenti lavori di ristrutturazione che hanno interessato vari ambienti della villa, alla cui sistemazione nelle attuali forme rinascimentali prese parte lo stesso Vasari per volere di Cosimo I.<\/p>\n<figure style=\"width: 1440px\" class=\"wp-caption alignnone\"><img loading=\"lazy\" decoding=\"async\" src=\"https:\/\/www.intoscana.it\/wp-content\/uploads\/370775931_849072603252106_8183994594331078521_n.jpeg\" alt=\"\" width=\"1440\" height=\"960\" \/><figcaption class=\"wp-caption-text\">Come sar\u00e0 la Villa medicea di Careggi dopo il restauro<\/figcaption><\/figure>\n<h3>Giani: entro il 2026 riaperta anche la Villa di Careggi<\/h3>\n<p><em>&#8220;Il sistema delle Ville medicee in Toscana<\/em> &#8211; ha detto il presidente della Toscana <strong>Eugenio Giani &#8211;<\/strong><em> \u00e8 un patrimonio di straordinaria bellezza e incredibile valore storico, artistico ed architettonico. Ad accrescere il fascino della Villa di Castello, poi, si aggiunge il fatto che essa sia sede dell\u2019Accademia della Crusca, che tutela la lingua italiana. Il restauro del corpo esterno della villa la rende pi\u00f9 bella, riavvicinandola all\u2019antico splendore. Questo restauro rappresenta senza dubbio una tappa fondamentale nel recupero del patrimonio storico e culturale della nostra regione e del nostro Paese&#8221;.<\/em><\/p>\n<p>Il presidente Giani ha inoltre colto l\u2019occasione della presentazione dei lavori di restauro per fare il punto sull&#8217;intervento che interessa anche un\u2019<strong>altra delle ville medicee di Firenze, quella di Careggi, di propriet\u00e0 della Regione Toscana.<\/strong> \u201c<em>I lavori di restauro della <span class=\"il\">villa<\/span> <span class=\"il\">medicea<\/span> di Careggi, la <span class=\"il\">villa<\/span> dove mor\u00ec Lorenzo il Magnifico, stanno procedendo bene<\/em> \u2013 ha detto Giani &#8211; <em>e confido che alla fine del 2025 o all\u2019inizio del 2026 essa possa essere aperta al pubblico\u201d.<\/em><\/p>\n","protected":false},"excerpt":{"rendered":"<p>Gli interventi da 1,2 milioni di euro hanno interessato le facciate, il cortile e il tetto e sono durati due anni. L&#8217;annuncio del presidente Giani: &#8220;Entro il 2026 recuperata anche la Villa di Careggi&#8221;<\/p>\n","protected":false},"author":525,"featured_media":220386,"comment_status":"open","ping_status":"open","sticky":false,"template":"","format":"standard","meta":{"_acf_changed":false,"footnotes":""},"categories":[493],"tags":[202,6623,4146],"class_list":["post-368374","post","type-post","status-publish","format-standard","has-post-thumbnail","hentry","category-cultura","tag-firenze","tag-restauri","tag-ville-medicee"],"acf":[],"yoast_head":"<!-- This site is optimized with the Yoast SEO Premium plugin v24.2 (Yoast SEO v25.6) - https:\/\/yoast.com\/wordpress\/plugins\/seo\/ -->\n<title>Conclusi i restauri alla Villa medicea di Castello, sede dell&#039;Accademia della Crusca - intoscana<\/title>\n<meta name=\"robots\" content=\"index, follow, max-snippet:-1, max-image-preview:large, max-video-preview:-1\" \/>\n<link rel=\"canonical\" href=\"https:\/\/www.intoscana.it\/it\/conclusi-i-restauri-alla-villa-medicea-di-castello-sede-dellaccademia-della-crusca\/\" \/>\n<meta property=\"og:locale\" content=\"it_IT\" \/>\n<meta property=\"og:type\" content=\"article\" \/>\n<meta property=\"og:title\" content=\"Conclusi i restauri alla Villa medicea di Castello, sede dell&#039;Accademia della Crusca\" \/>\n<meta property=\"og:description\" content=\"Gli interventi da 1,2 milioni di euro hanno interessato le facciate, il cortile e il tetto e sono durati due anni. L&#039;annuncio del presidente Giani: &quot;Entro il 2026 recuperata anche la Villa di Careggi&quot;\" \/>\n<meta property=\"og:url\" content=\"https:\/\/www.intoscana.it\/it\/conclusi-i-restauri-alla-villa-medicea-di-castello-sede-dellaccademia-della-crusca\/\" \/>\n<meta property=\"og:site_name\" content=\"intoscana\" \/>\n<meta property=\"article:publisher\" content=\"https:\/\/www.facebook.com\/intoscana.it\" \/>\n<meta property=\"article:published_time\" content=\"2024-12-16T10:01:57+00:00\" \/>\n<meta property=\"article:modified_time\" content=\"2024-12-16T10:09:31+00:00\" \/>\n<meta property=\"og:image\" content=\"https:\/\/www.intoscana.it\/wp-content\/uploads\/villa-castello-fi-scaled.jpg\" \/>\n\t<meta property=\"og:image:width\" content=\"2048\" \/>\n\t<meta property=\"og:image:height\" content=\"1536\" \/>\n\t<meta property=\"og:image:type\" content=\"image\/jpeg\" \/>\n<meta name=\"author\" content=\"Redazione\" \/>\n<meta name=\"twitter:card\" content=\"summary_large_image\" \/>\n<meta name=\"twitter:creator\" content=\"@intoscana\" \/>\n<meta name=\"twitter:site\" content=\"@intoscana\" \/>\n<meta name=\"twitter:label1\" content=\"Written by\" \/>\n\t<meta name=\"twitter:data1\" content=\"Redazione\" \/>\n\t<meta name=\"twitter:label2\" content=\"Est. reading time\" \/>\n\t<meta name=\"twitter:data2\" content=\"3 minuti\" \/>\n<script type=\"application\/ld+json\" class=\"yoast-schema-graph\">{\"@context\":\"https:\/\/schema.org\",\"@graph\":[{\"@type\":\"WebPage\",\"@id\":\"https:\/\/www.intoscana.it\/it\/conclusi-i-restauri-alla-villa-medicea-di-castello-sede-dellaccademia-della-crusca\/\",\"url\":\"https:\/\/www.intoscana.it\/it\/conclusi-i-restauri-alla-villa-medicea-di-castello-sede-dellaccademia-della-crusca\/\",\"name\":\"Conclusi i restauri alla Villa medicea di Castello, sede dell'Accademia della Crusca - intoscana\",\"isPartOf\":{\"@id\":\"https:\/\/www.intoscana.it\/it\/#website\"},\"primaryImageOfPage\":{\"@id\":\"https:\/\/www.intoscana.it\/it\/conclusi-i-restauri-alla-villa-medicea-di-castello-sede-dellaccademia-della-crusca\/#primaryimage\"},\"image\":{\"@id\":\"https:\/\/www.intoscana.it\/it\/conclusi-i-restauri-alla-villa-medicea-di-castello-sede-dellaccademia-della-crusca\/#primaryimage\"},\"thumbnailUrl\":\"https:\/\/www.intoscana.it\/wp-content\/uploads\/villa-castello-fi-scaled.jpg\",\"datePublished\":\"2024-12-16T10:01:57+00:00\",\"dateModified\":\"2024-12-16T10:09:31+00:00\",\"author\":{\"@id\":\"https:\/\/www.intoscana.it\/it\/#\/schema\/person\/9223810753230f20bd670fdd322661f8\"},\"breadcrumb\":{\"@id\":\"https:\/\/www.intoscana.it\/it\/conclusi-i-restauri-alla-villa-medicea-di-castello-sede-dellaccademia-della-crusca\/#breadcrumb\"},\"inLanguage\":\"it-IT\",\"potentialAction\":[{\"@type\":\"ReadAction\",\"target\":[\"https:\/\/www.intoscana.it\/it\/conclusi-i-restauri-alla-villa-medicea-di-castello-sede-dellaccademia-della-crusca\/\"]}]},{\"@type\":\"ImageObject\",\"inLanguage\":\"it-IT\",\"@id\":\"https:\/\/www.intoscana.it\/it\/conclusi-i-restauri-alla-villa-medicea-di-castello-sede-dellaccademia-della-crusca\/#primaryimage\",\"url\":\"https:\/\/www.intoscana.it\/wp-content\/uploads\/villa-castello-fi-scaled.jpg\",\"contentUrl\":\"https:\/\/www.intoscana.it\/wp-content\/uploads\/villa-castello-fi-scaled.jpg\",\"width\":2048,\"height\":1536,\"caption\":\"Giardino della Villa medicea di Castello\"},{\"@type\":\"BreadcrumbList\",\"@id\":\"https:\/\/www.intoscana.it\/it\/conclusi-i-restauri-alla-villa-medicea-di-castello-sede-dellaccademia-della-crusca\/#breadcrumb\",\"itemListElement\":[{\"@type\":\"ListItem\",\"position\":1,\"name\":\"Home\",\"item\":\"https:\/\/www.intoscana.it\/it\/\"},{\"@type\":\"ListItem\",\"position\":2,\"name\":\"Conclusi i restauri alla Villa medicea di Castello, sede dell&#8217;Accademia della Crusca\"}]},{\"@type\":\"WebSite\",\"@id\":\"https:\/\/www.intoscana.it\/it\/#website\",\"url\":\"https:\/\/www.intoscana.it\/it\/\",\"name\":\"intoscana\",\"description\":\"\",\"potentialAction\":[{\"@type\":\"SearchAction\",\"target\":{\"@type\":\"EntryPoint\",\"urlTemplate\":\"https:\/\/www.intoscana.it\/it\/?s={search_term_string}\"},\"query-input\":{\"@type\":\"PropertyValueSpecification\",\"valueRequired\":true,\"valueName\":\"search_term_string\"}}],\"inLanguage\":\"it-IT\"},{\"@type\":\"Person\",\"@id\":\"https:\/\/www.intoscana.it\/it\/#\/schema\/person\/9223810753230f20bd670fdd322661f8\",\"name\":\"Redazione\",\"url\":\"https:\/\/www.intoscana.it\/it\/author\/redazione\/\"}]}<\/script>\n<!-- \/ Yoast SEO Premium plugin. -->","yoast_head_json":{"title":"Conclusi i restauri alla Villa medicea di Castello, sede dell'Accademia della Crusca - intoscana","robots":{"index":"index","follow":"follow","max-snippet":"max-snippet:-1","max-image-preview":"max-image-preview:large","max-video-preview":"max-video-preview:-1"},"canonical":"https:\/\/www.intoscana.it\/it\/conclusi-i-restauri-alla-villa-medicea-di-castello-sede-dellaccademia-della-crusca\/","og_locale":"it_IT","og_type":"article","og_title":"Conclusi i restauri alla Villa medicea di Castello, sede dell'Accademia della Crusca","og_description":"Gli interventi da 1,2 milioni di euro hanno interessato le facciate, il cortile e il tetto e sono durati due anni. L'annuncio del presidente Giani: \"Entro il 2026 recuperata anche la Villa di Careggi\"","og_url":"https:\/\/www.intoscana.it\/it\/conclusi-i-restauri-alla-villa-medicea-di-castello-sede-dellaccademia-della-crusca\/","og_site_name":"intoscana","article_publisher":"https:\/\/www.facebook.com\/intoscana.it","article_published_time":"2024-12-16T10:01:57+00:00","article_modified_time":"2024-12-16T10:09:31+00:00","og_image":[{"width":2048,"height":1536,"url":"https:\/\/www.intoscana.it\/wp-content\/uploads\/villa-castello-fi-scaled.jpg","type":"image\/jpeg"}],"author":"Redazione","twitter_card":"summary_large_image","twitter_creator":"@intoscana","twitter_site":"@intoscana","twitter_misc":{"Written by":"Redazione","Est. reading time":"3 minuti"},"schema":{"@context":"https:\/\/schema.org","@graph":[{"@type":"WebPage","@id":"https:\/\/www.intoscana.it\/it\/conclusi-i-restauri-alla-villa-medicea-di-castello-sede-dellaccademia-della-crusca\/","url":"https:\/\/www.intoscana.it\/it\/conclusi-i-restauri-alla-villa-medicea-di-castello-sede-dellaccademia-della-crusca\/","name":"Conclusi i restauri alla Villa medicea di Castello, sede dell'Accademia della Crusca - intoscana","isPartOf":{"@id":"https:\/\/www.intoscana.it\/it\/#website"},"primaryImageOfPage":{"@id":"https:\/\/www.intoscana.it\/it\/conclusi-i-restauri-alla-villa-medicea-di-castello-sede-dellaccademia-della-crusca\/#primaryimage"},"image":{"@id":"https:\/\/www.intoscana.it\/it\/conclusi-i-restauri-alla-villa-medicea-di-castello-sede-dellaccademia-della-crusca\/#primaryimage"},"thumbnailUrl":"https:\/\/www.intoscana.it\/wp-content\/uploads\/villa-castello-fi-scaled.jpg","datePublished":"2024-12-16T10:01:57+00:00","dateModified":"2024-12-16T10:09:31+00:00","author":{"@id":"https:\/\/www.intoscana.it\/it\/#\/schema\/person\/9223810753230f20bd670fdd322661f8"},"breadcrumb":{"@id":"https:\/\/www.intoscana.it\/it\/conclusi-i-restauri-alla-villa-medicea-di-castello-sede-dellaccademia-della-crusca\/#breadcrumb"},"inLanguage":"it-IT","potentialAction":[{"@type":"ReadAction","target":["https:\/\/www.intoscana.it\/it\/conclusi-i-restauri-alla-villa-medicea-di-castello-sede-dellaccademia-della-crusca\/"]}]},{"@type":"ImageObject","inLanguage":"it-IT","@id":"https:\/\/www.intoscana.it\/it\/conclusi-i-restauri-alla-villa-medicea-di-castello-sede-dellaccademia-della-crusca\/#primaryimage","url":"https:\/\/www.intoscana.it\/wp-content\/uploads\/villa-castello-fi-scaled.jpg","contentUrl":"https:\/\/www.intoscana.it\/wp-content\/uploads\/villa-castello-fi-scaled.jpg","width":2048,"height":1536,"caption":"Giardino della Villa medicea di Castello"},{"@type":"BreadcrumbList","@id":"https:\/\/www.intoscana.it\/it\/conclusi-i-restauri-alla-villa-medicea-di-castello-sede-dellaccademia-della-crusca\/#breadcrumb","itemListElement":[{"@type":"ListItem","position":1,"name":"Home","item":"https:\/\/www.intoscana.it\/it\/"},{"@type":"ListItem","position":2,"name":"Conclusi i restauri alla Villa medicea di Castello, sede dell&#8217;Accademia della Crusca"}]},{"@type":"WebSite","@id":"https:\/\/www.intoscana.it\/it\/#website","url":"https:\/\/www.intoscana.it\/it\/","name":"intoscana","description":"","potentialAction":[{"@type":"SearchAction","target":{"@type":"EntryPoint","urlTemplate":"https:\/\/www.intoscana.it\/it\/?s={search_term_string}"},"query-input":{"@type":"PropertyValueSpecification","valueRequired":true,"valueName":"search_term_string"}}],"inLanguage":"it-IT"},{"@type":"Person","@id":"https:\/\/www.intoscana.it\/it\/#\/schema\/person\/9223810753230f20bd670fdd322661f8","name":"Redazione","url":"https:\/\/www.intoscana.it\/it\/author\/redazione\/"}]}},"_links":{"self":[{"href":"https:\/\/www.intoscana.it\/it\/wp-json\/wp\/v2\/posts\/368374","targetHints":{"allow":["GET"]}}],"collection":[{"href":"https:\/\/www.intoscana.it\/it\/wp-json\/wp\/v2\/posts"}],"about":[{"href":"https:\/\/www.intoscana.it\/it\/wp-json\/wp\/v2\/types\/post"}],"author":[{"embeddable":true,"href":"https:\/\/www.intoscana.it\/it\/wp-json\/wp\/v2\/users\/525"}],"replies":[{"embeddable":true,"href":"https:\/\/www.intoscana.it\/it\/wp-json\/wp\/v2\/comments?post=368374"}],"version-history":[{"count":7,"href":"https:\/\/www.intoscana.it\/it\/wp-json\/wp\/v2\/posts\/368374\/revisions"}],"predecessor-version":[{"id":368473,"href":"https:\/\/www.intoscana.it\/it\/wp-json\/wp\/v2\/posts\/368374\/revisions\/368473"}],"wp:featuredmedia":[{"embeddable":true,"href":"https:\/\/www.intoscana.it\/it\/wp-json\/wp\/v2\/media\/220386"}],"wp:attachment":[{"href":"https:\/\/www.intoscana.it\/it\/wp-json\/wp\/v2\/media?parent=368374"}],"wp:term":[{"taxonomy":"category","embeddable":true,"href":"https:\/\/www.intoscana.it\/it\/wp-json\/wp\/v2\/categories?post=368374"},{"taxonomy":"post_tag","embeddable":true,"href":"https:\/\/www.intoscana.it\/it\/wp-json\/wp\/v2\/tags?post=368374"}],"curies":[{"name":"wp","href":"https:\/\/api.w.org\/{rel}","templated":true}]}}