{"id":368421,"date":"2024-12-16T10:43:58","date_gmt":"2024-12-16T09:43:58","guid":{"rendered":"https:\/\/www.intoscana.it\/it\/?p=368421"},"modified":"2024-12-17T12:50:46","modified_gmt":"2024-12-17T11:50:46","slug":"qualita-della-vita-firenze-donne","status":"publish","type":"post","link":"https:\/\/www.intoscana.it\/it\/qualita-della-vita-firenze-donne\/","title":{"rendered":"Qualit\u00e0 della vita: Firenze \u00e8 la provincia italiana dove vivono meglio le donne"},"content":{"rendered":"<p>\u00c8 <strong><span id=\"vincitore-classifica\" class=\"testo-bold\">Firenze<\/span> la provincia in Italia dove vivono meglio le donne. <\/strong>A incoronare il capoluogo toscano \u00e8 l&#8217;indice della &#8220;Qualit\u00e0 della vita della donne&#8221; che fa parte dell&#8217;<strong>edizione 2024 de &#8220;La qualit\u00e0 della vita&#8221;, l&#8217;indagine del Sole 24 Ore <\/strong>che misura il benessere nelle 107 province italiane. Lo studio ha preso in esame 90 indicatori, divisi in sei categorie: ricchezza e consumi, affari e lavoro, ambiente e servizi, demografia, societ\u00e0 e salute, giustizia e sicurezza, cultura e tempo libero. Quest&#8217;anno inoltre sono stati inseriti 27 <strong>nuovi parametri<\/strong> per fotografare meglio le criticit\u00e0 che i territori si sono trovati ad affrontare nel corso del 2024, come il rischio idrogeologico, le disuguaglianze reddituali, le ore di cassa integrazione e i prezzi delle case rapportati allo stipendio.<\/p>\n<h3>Lavoro, sport, diritti: Firenze al top per le donne<\/h3>\n<p>Se nella classifica generale trionfano Bergamo, seguita da Trento e Bolzano, Firenze si distingue appunto per la qualit\u00e0 della vita del genere femminile, misurata attraverso<strong> dodici indicatori<\/strong> che raccontano le opportunit\u00e0 e condizioni di salute e vite delle donne.<\/p>\n<p>Tra questi ci sono il <mark>tasso d&#8217;occupazione femminile, il gap occupazionale (ovvero la differenze tra il numero di donne che lavorano rispetto agli uomini) e la percentuale di imprese femminili e di amministratrici comunali ma anche la partecipazione delle donne allo sport,<\/mark>[il numero di laureate ogni mille abitanti e le denunce per violenza sessuale. Firenze, che nella classifica generale \u00e8 al 36esimo posto, si piazze invece <strong>terza nella categoria &#8220;Cultura e tempo libero&#8221;<\/strong>.<\/p>\n<figure id=\"post-367785 media-367785\" class=\"align-none\"><img decoding=\"async\" src=\"https:\/\/www.intoscana.it\/wp-content\/uploads\/Panorama_daPalazzoRettorato_rid.jpg\" alt=\"\" \/><\/figure>\n<h3>Siena, 15esima nella classifica generale, \u00e8 la provincia toscana dove si vive meglio<\/h3>\n<p>Molto buoni anche i risultati di <mark>Siena, che \u00e8 la prima provincia in Toscana nella classifica generale della Qualit\u00e0 della vita, dove si piazza al 15esimo posto, ed \u00e8 anche la nona provincia in Italia dove vivono meglio i bambini.<\/mark> La citt\u00e0 del Palio si conferma cos\u00ec anche per il 2024 kids friendly, tenendo conto di parametri come il numero dei pediatri, i servizi comunali per l&#8217;infanzia, il verde attrezzato ma anche la spesa sociale per famiglie e minori e i delitti a danno dei pi\u00f9 piccoli.<\/p>\n<p>Nella prima met\u00e0 della classifica generale del Sole 24 Ore si trovano altre tre citt\u00e0 toscane: <strong>Prato<\/strong>, alla 31esima posizione, seguita da <strong>Pisa<\/strong> alla 34esima e Arezzo alla 41esima.<\/p>\n","protected":false},"excerpt":{"rendered":"<p>Presenta l&#8217;edizione 2024 dell&#8217;indagine del Sole 24 ore: molto buono anche il risultato di Siena, che \u00e8 15esima nella classifica generale, mentre Prato \u00e8 31esima e Pisa 34esima<\/p>\n","protected":false},"author":502,"featured_media":368568,"comment_status":"open","ping_status":"open","sticky":false,"template":"","format":"standard","meta":{"_acf_changed":false,"footnotes":""},"categories":[494],"tags":[411,202,164],"class_list":["post-368421","post","type-post","status-publish","format-standard","has-post-thumbnail","hentry","category-attualita","tag-donne","tag-firenze","tag-siena"],"acf":[],"yoast_head":"<!-- This site is optimized with the Yoast SEO Premium plugin v24.2 (Yoast SEO v25.6) - https:\/\/yoast.com\/wordpress\/plugins\/seo\/ -->\n<title>Qualit\u00e0 della vita: Firenze \u00e8 la provincia italiana dove vivono meglio le donne - intoscana<\/title>\n<meta name=\"robots\" content=\"index, follow, max-snippet:-1, max-image-preview:large, max-video-preview:-1\" \/>\n<link rel=\"canonical\" href=\"https:\/\/www.intoscana.it\/it\/qualita-della-vita-firenze-donne\/\" \/>\n<meta property=\"og:locale\" content=\"it_IT\" \/>\n<meta property=\"og:type\" content=\"article\" \/>\n<meta property=\"og:title\" content=\"Qualit\u00e0 della vita: Firenze \u00e8 la provincia italiana dove vivono meglio le donne\" \/>\n<meta property=\"og:description\" content=\"Presenta l&#039;edizione 2024 dell&#039;indagine del Sole 24 ore: molto buono anche il risultato di Siena, che \u00e8 15esima nella classifica generale, mentre Prato \u00e8 31esima e Pisa 34esima\" \/>\n<meta property=\"og:url\" content=\"https:\/\/www.intoscana.it\/it\/qualita-della-vita-firenze-donne\/\" \/>\n<meta property=\"og:site_name\" content=\"intoscana\" \/>\n<meta property=\"article:publisher\" content=\"https:\/\/www.facebook.com\/intoscana.it\" \/>\n<meta property=\"article:published_time\" content=\"2024-12-16T09:43:58+00:00\" \/>\n<meta property=\"article:modified_time\" content=\"2024-12-17T11:50:46+00:00\" \/>\n<meta property=\"og:image\" content=\"https:\/\/www.intoscana.it\/wp-content\/uploads\/AdobeStock_297432602.jpeg\" \/>\n\t<meta property=\"og:image:width\" content=\"1920\" \/>\n\t<meta property=\"og:image:height\" content=\"1096\" \/>\n\t<meta property=\"og:image:type\" content=\"image\/jpeg\" \/>\n<meta name=\"author\" content=\"Ilaria Giannini\" \/>\n<meta name=\"twitter:card\" content=\"summary_large_image\" \/>\n<meta name=\"twitter:creator\" content=\"@i.giannini@fst.it\" \/>\n<meta name=\"twitter:site\" content=\"@intoscana\" \/>\n<meta name=\"twitter:label1\" content=\"Written by\" \/>\n\t<meta name=\"twitter:data1\" content=\"Ilaria Giannini\" \/>\n\t<meta name=\"twitter:label2\" content=\"Est. reading time\" \/>\n\t<meta name=\"twitter:data2\" content=\"3 minuti\" \/>\n<script type=\"application\/ld+json\" class=\"yoast-schema-graph\">{\"@context\":\"https:\/\/schema.org\",\"@graph\":[{\"@type\":\"WebPage\",\"@id\":\"https:\/\/www.intoscana.it\/it\/qualita-della-vita-firenze-donne\/\",\"url\":\"https:\/\/www.intoscana.it\/it\/qualita-della-vita-firenze-donne\/\",\"name\":\"Qualit\u00e0 della vita: Firenze \u00e8 la provincia italiana dove vivono meglio le donne - intoscana\",\"isPartOf\":{\"@id\":\"https:\/\/www.intoscana.it\/it\/#website\"},\"primaryImageOfPage\":{\"@id\":\"https:\/\/www.intoscana.it\/it\/qualita-della-vita-firenze-donne\/#primaryimage\"},\"image\":{\"@id\":\"https:\/\/www.intoscana.it\/it\/qualita-della-vita-firenze-donne\/#primaryimage\"},\"thumbnailUrl\":\"https:\/\/www.intoscana.it\/wp-content\/uploads\/AdobeStock_297432602.jpeg\",\"datePublished\":\"2024-12-16T09:43:58+00:00\",\"dateModified\":\"2024-12-17T11:50:46+00:00\",\"author\":{\"@id\":\"https:\/\/www.intoscana.it\/it\/#\/schema\/person\/de95e1ed2c1c8c30a6922bbba3a90185\"},\"breadcrumb\":{\"@id\":\"https:\/\/www.intoscana.it\/it\/qualita-della-vita-firenze-donne\/#breadcrumb\"},\"inLanguage\":\"it-IT\",\"potentialAction\":[{\"@type\":\"ReadAction\",\"target\":[\"https:\/\/www.intoscana.it\/it\/qualita-della-vita-firenze-donne\/\"]}]},{\"@type\":\"ImageObject\",\"inLanguage\":\"it-IT\",\"@id\":\"https:\/\/www.intoscana.it\/it\/qualita-della-vita-firenze-donne\/#primaryimage\",\"url\":\"https:\/\/www.intoscana.it\/wp-content\/uploads\/AdobeStock_297432602.jpeg\",\"contentUrl\":\"https:\/\/www.intoscana.it\/wp-content\/uploads\/AdobeStock_297432602.jpeg\",\"width\":1920,\"height\":1096,\"caption\":\"Firenze dall'alto\"},{\"@type\":\"BreadcrumbList\",\"@id\":\"https:\/\/www.intoscana.it\/it\/qualita-della-vita-firenze-donne\/#breadcrumb\",\"itemListElement\":[{\"@type\":\"ListItem\",\"position\":1,\"name\":\"Home\",\"item\":\"https:\/\/www.intoscana.it\/it\/\"},{\"@type\":\"ListItem\",\"position\":2,\"name\":\"Qualit\u00e0 della vita: Firenze \u00e8 la provincia italiana dove vivono meglio le donne\"}]},{\"@type\":\"WebSite\",\"@id\":\"https:\/\/www.intoscana.it\/it\/#website\",\"url\":\"https:\/\/www.intoscana.it\/it\/\",\"name\":\"intoscana\",\"description\":\"\",\"potentialAction\":[{\"@type\":\"SearchAction\",\"target\":{\"@type\":\"EntryPoint\",\"urlTemplate\":\"https:\/\/www.intoscana.it\/it\/?s={search_term_string}\"},\"query-input\":{\"@type\":\"PropertyValueSpecification\",\"valueRequired\":true,\"valueName\":\"search_term_string\"}}],\"inLanguage\":\"it-IT\"},{\"@type\":\"Person\",\"@id\":\"https:\/\/www.intoscana.it\/it\/#\/schema\/person\/de95e1ed2c1c8c30a6922bbba3a90185\",\"name\":\"Ilaria Giannini\",\"sameAs\":[\"https:\/\/x.com\/i.giannini@fst.it\"],\"url\":\"https:\/\/www.intoscana.it\/it\/author\/ilaria-giannini\/\"}]}<\/script>\n<!-- \/ Yoast SEO Premium plugin. -->","yoast_head_json":{"title":"Qualit\u00e0 della vita: Firenze \u00e8 la provincia italiana dove vivono meglio le donne - intoscana","robots":{"index":"index","follow":"follow","max-snippet":"max-snippet:-1","max-image-preview":"max-image-preview:large","max-video-preview":"max-video-preview:-1"},"canonical":"https:\/\/www.intoscana.it\/it\/qualita-della-vita-firenze-donne\/","og_locale":"it_IT","og_type":"article","og_title":"Qualit\u00e0 della vita: Firenze \u00e8 la provincia italiana dove vivono meglio le donne","og_description":"Presenta l'edizione 2024 dell'indagine del Sole 24 ore: molto buono anche il risultato di Siena, che \u00e8 15esima nella classifica generale, mentre Prato \u00e8 31esima e Pisa 34esima","og_url":"https:\/\/www.intoscana.it\/it\/qualita-della-vita-firenze-donne\/","og_site_name":"intoscana","article_publisher":"https:\/\/www.facebook.com\/intoscana.it","article_published_time":"2024-12-16T09:43:58+00:00","article_modified_time":"2024-12-17T11:50:46+00:00","og_image":[{"width":1920,"height":1096,"url":"https:\/\/www.intoscana.it\/wp-content\/uploads\/AdobeStock_297432602.jpeg","type":"image\/jpeg"}],"author":"Ilaria Giannini","twitter_card":"summary_large_image","twitter_creator":"@i.giannini@fst.it","twitter_site":"@intoscana","twitter_misc":{"Written by":"Ilaria Giannini","Est. reading time":"3 minuti"},"schema":{"@context":"https:\/\/schema.org","@graph":[{"@type":"WebPage","@id":"https:\/\/www.intoscana.it\/it\/qualita-della-vita-firenze-donne\/","url":"https:\/\/www.intoscana.it\/it\/qualita-della-vita-firenze-donne\/","name":"Qualit\u00e0 della vita: Firenze \u00e8 la provincia italiana dove vivono meglio le donne - intoscana","isPartOf":{"@id":"https:\/\/www.intoscana.it\/it\/#website"},"primaryImageOfPage":{"@id":"https:\/\/www.intoscana.it\/it\/qualita-della-vita-firenze-donne\/#primaryimage"},"image":{"@id":"https:\/\/www.intoscana.it\/it\/qualita-della-vita-firenze-donne\/#primaryimage"},"thumbnailUrl":"https:\/\/www.intoscana.it\/wp-content\/uploads\/AdobeStock_297432602.jpeg","datePublished":"2024-12-16T09:43:58+00:00","dateModified":"2024-12-17T11:50:46+00:00","author":{"@id":"https:\/\/www.intoscana.it\/it\/#\/schema\/person\/de95e1ed2c1c8c30a6922bbba3a90185"},"breadcrumb":{"@id":"https:\/\/www.intoscana.it\/it\/qualita-della-vita-firenze-donne\/#breadcrumb"},"inLanguage":"it-IT","potentialAction":[{"@type":"ReadAction","target":["https:\/\/www.intoscana.it\/it\/qualita-della-vita-firenze-donne\/"]}]},{"@type":"ImageObject","inLanguage":"it-IT","@id":"https:\/\/www.intoscana.it\/it\/qualita-della-vita-firenze-donne\/#primaryimage","url":"https:\/\/www.intoscana.it\/wp-content\/uploads\/AdobeStock_297432602.jpeg","contentUrl":"https:\/\/www.intoscana.it\/wp-content\/uploads\/AdobeStock_297432602.jpeg","width":1920,"height":1096,"caption":"Firenze dall'alto"},{"@type":"BreadcrumbList","@id":"https:\/\/www.intoscana.it\/it\/qualita-della-vita-firenze-donne\/#breadcrumb","itemListElement":[{"@type":"ListItem","position":1,"name":"Home","item":"https:\/\/www.intoscana.it\/it\/"},{"@type":"ListItem","position":2,"name":"Qualit\u00e0 della vita: Firenze \u00e8 la provincia italiana dove vivono meglio le donne"}]},{"@type":"WebSite","@id":"https:\/\/www.intoscana.it\/it\/#website","url":"https:\/\/www.intoscana.it\/it\/","name":"intoscana","description":"","potentialAction":[{"@type":"SearchAction","target":{"@type":"EntryPoint","urlTemplate":"https:\/\/www.intoscana.it\/it\/?s={search_term_string}"},"query-input":{"@type":"PropertyValueSpecification","valueRequired":true,"valueName":"search_term_string"}}],"inLanguage":"it-IT"},{"@type":"Person","@id":"https:\/\/www.intoscana.it\/it\/#\/schema\/person\/de95e1ed2c1c8c30a6922bbba3a90185","name":"Ilaria Giannini","sameAs":["https:\/\/x.com\/i.giannini@fst.it"],"url":"https:\/\/www.intoscana.it\/it\/author\/ilaria-giannini\/"}]}},"_links":{"self":[{"href":"https:\/\/www.intoscana.it\/it\/wp-json\/wp\/v2\/posts\/368421","targetHints":{"allow":["GET"]}}],"collection":[{"href":"https:\/\/www.intoscana.it\/it\/wp-json\/wp\/v2\/posts"}],"about":[{"href":"https:\/\/www.intoscana.it\/it\/wp-json\/wp\/v2\/types\/post"}],"author":[{"embeddable":true,"href":"https:\/\/www.intoscana.it\/it\/wp-json\/wp\/v2\/users\/502"}],"replies":[{"embeddable":true,"href":"https:\/\/www.intoscana.it\/it\/wp-json\/wp\/v2\/comments?post=368421"}],"version-history":[{"count":15,"href":"https:\/\/www.intoscana.it\/it\/wp-json\/wp\/v2\/posts\/368421\/revisions"}],"predecessor-version":[{"id":368693,"href":"https:\/\/www.intoscana.it\/it\/wp-json\/wp\/v2\/posts\/368421\/revisions\/368693"}],"wp:featuredmedia":[{"embeddable":true,"href":"https:\/\/www.intoscana.it\/it\/wp-json\/wp\/v2\/media\/368568"}],"wp:attachment":[{"href":"https:\/\/www.intoscana.it\/it\/wp-json\/wp\/v2\/media?parent=368421"}],"wp:term":[{"taxonomy":"category","embeddable":true,"href":"https:\/\/www.intoscana.it\/it\/wp-json\/wp\/v2\/categories?post=368421"},{"taxonomy":"post_tag","embeddable":true,"href":"https:\/\/www.intoscana.it\/it\/wp-json\/wp\/v2\/tags?post=368421"}],"curies":[{"name":"wp","href":"https:\/\/api.w.org\/{rel}","templated":true}]}}