{"id":368448,"date":"2024-12-16T10:55:50","date_gmt":"2024-12-16T09:55:50","guid":{"rendered":"https:\/\/www.intoscana.it\/it\/?p=368448"},"modified":"2024-12-16T11:31:16","modified_gmt":"2024-12-16T10:31:16","slug":"scandicci-celebra-sergio-staino-con-una-mostra-e-un-ciclo-di-incontri","status":"publish","type":"post","link":"https:\/\/www.intoscana.it\/it\/scandicci-celebra-sergio-staino-con-una-mostra-e-un-ciclo-di-incontri\/","title":{"rendered":"Scandicci celebra Sergio Staino con una mostra e un ciclo di incontri"},"content":{"rendered":"<p>Il Castello dell\u2019Acciaiolo a <strong>Scandicci<\/strong> (FI) diventa teatro di un omaggio all&#8217;arte e all\u2019impegno di <strong>Sergio Staino<\/strong>, uno dei maestri della satira italiana. La mostra \u201cSergio Staino \u2013 L\u2019arte di vivere tra satira e impegno\u201d, inaugurata il 14 dicembre, offre un viaggio attraverso le opere e i temi che hanno caratterizzato il lavoro dell\u2019artista, con un linguaggio accessibile a tutte le generazioni.<\/p>\n<h3>Una celebrazione di arte, satira e riflessione<\/h3>\n<p>L\u2019esposizione, curata da <strong>Laura Vaioli<\/strong>, direttrice dell\u2019Accademia<strong> TheSign<\/strong> di Firenze, e da Pio Corveddu, \u00e8 stata realizzata da Lucca Crea \u2013 <strong>Lucca Comics &amp; Games<\/strong> in collaborazione con il Comune di Scandicci, la Regione Toscana, Unicoop Firenze, l\u2019associazione culturale \u201cBobo e dintorni\u201d e con il sostegno della Fondazione CR Firenze. La mostra rimarr\u00e0 aperta fino al <strong>18 gennaio 2025<\/strong>, dal gioved\u00ec alla domenica e nei giorni festivi, dalle 14:00 alle 19:00, con ingresso libero.<\/p>\n<figure id=\"post-368461 media-368461\" class=\"align-none\"><img decoding=\"async\" src=\"https:\/\/www.intoscana.it\/wp-content\/uploads\/mostra-staino-scandicci-5.jpg\" alt=\"\" \/><\/figure>\n<div class=\"titleimg\"><\/div>\n<p>La mostra si distingue per la capacit\u00e0 di <strong>unire divertimento e riflessione<\/strong>, utilizzando la satira come strumento per stimolare il pensiero critico su temi universali come lavoro, conflitti, ecologia, amore e famiglia. All\u2019interno dell\u2019esposizione \u00e8 stata ricreata la scrivania di Staino\/Bobo, dove i visitatori possono scattare selfie e condividere l\u2019esperienza sui propri canali social.<\/p>\n<p>Un\u2019attenzione particolare \u00e8 riservata al <strong>legame tra l\u2019artista e la citt\u00e0 di Scandicci<\/strong>, che Staino elesse a sua casa e dove realizz\u00f2 gran parte del suo lavoro. Tra le opere esposte spiccano tre tavole acquisite dal Comune di Scandicci, tra cui una vignetta dedicata all\u2019ex sindaca Mila Pieralli (in carica dal 1980 al 1990) e il celebre personaggio Bobo, ritratto in contesti ironici ma profondamente significativi.<\/p>\n<h3>Ciclo di incontri e laboratori per ragazzi<\/h3>\n<p>Il Castello dell\u2019Acciaiolo ospiter\u00e0 anche un ricco programma di incontri con alcuni dei principali protagonisti del panorama satirico e fumettistico italiano. Dopo l\u2019evento inaugurale con <strong>Paolo Hendel,<\/strong> il 21 dicembre saranno protagonisti <strong>I Paguri<\/strong> (Daniele Caluri ed Emiliano Pagani), il 4 gennaio Giorgio Franzaroli, l\u201911 gennaio Lido Contemori, e il 18 gennaio <strong>Maicol &amp; Mirco insieme a Ilaria Staino.<\/strong><\/p>\n<p>I laboratori e le attivit\u00e0 pensate per i ragazzi completano un\u2019offerta culturale che vuole avvicinare il pubblico giovane alla satira, dimostrando come questa possa essere una lente potente per interpretare la complessit\u00e0 del presente.<\/p>\n<h3>Una satira attuale e universale<\/h3>\n<p>\u201cAttraverso i messaggi dai tratti esistenzialisti espressi con arguzia dalla filosofia di Sergio Staino \u2013 spiegano i promotori \u2013 il pubblico viene accompagnato a riflettere su un mondo dove i principi di inclusivit\u00e0 e responsabilit\u00e0 sociale spesso cedono il passo alle logiche del mercato e dell\u2019opportunismo politico\u201d.<\/p>\n<p>L\u2019opera di Staino continua a essere di grande attualit\u00e0, capace di illuminare con sensibilit\u00e0 e poesia le contraddizioni della nostra societ\u00e0, offrendo spunti per non perdere il senso pi\u00f9 profondo della vita.<\/p>\n<p>&nbsp;<\/p>\n","protected":false},"excerpt":{"rendered":"<p>La mostra al Castello dell&#8217;Acciaolo di Scandicci rimarr\u00e0 aperta fino al 18 gennaio 2025, dal gioved\u00ec alla domenica e nei giorni festivi, dalle 14:00 alle 19:00, con ingresso libero<\/p>\n","protected":false},"author":507,"featured_media":368474,"comment_status":"open","ping_status":"open","sticky":false,"template":"","format":"standard","meta":{"_acf_changed":false,"footnotes":""},"categories":[493],"tags":[238,401,6809],"class_list":["post-368448","post","type-post","status-publish","format-standard","has-post-thumbnail","hentry","category-cultura","tag-mostra","tag-scandicci","tag-sergio-staino"],"acf":[],"yoast_head":"<!-- This site is optimized with the Yoast SEO Premium plugin v24.2 (Yoast SEO v25.6) - https:\/\/yoast.com\/wordpress\/plugins\/seo\/ -->\n<title>Scandicci celebra Sergio Staino con una mostra e un ciclo di incontri - intoscana<\/title>\n<meta name=\"robots\" content=\"index, follow, max-snippet:-1, max-image-preview:large, max-video-preview:-1\" \/>\n<link rel=\"canonical\" href=\"https:\/\/www.intoscana.it\/it\/scandicci-celebra-sergio-staino-con-una-mostra-e-un-ciclo-di-incontri\/\" \/>\n<meta property=\"og:locale\" content=\"it_IT\" \/>\n<meta property=\"og:type\" content=\"article\" \/>\n<meta property=\"og:title\" content=\"Scandicci celebra Sergio Staino con una mostra e un ciclo di incontri\" \/>\n<meta property=\"og:description\" content=\"La mostra al Castello dell&#039;Acciaolo di Scandicci rimarr\u00e0 aperta fino al 18 gennaio 2025, dal gioved\u00ec alla domenica e nei giorni festivi, dalle 14:00 alle 19:00, con ingresso libero\" \/>\n<meta property=\"og:url\" content=\"https:\/\/www.intoscana.it\/it\/scandicci-celebra-sergio-staino-con-una-mostra-e-un-ciclo-di-incontri\/\" \/>\n<meta property=\"og:site_name\" content=\"intoscana\" \/>\n<meta property=\"article:publisher\" content=\"https:\/\/www.facebook.com\/intoscana.it\" \/>\n<meta property=\"article:published_time\" content=\"2024-12-16T09:55:50+00:00\" \/>\n<meta property=\"article:modified_time\" content=\"2024-12-16T10:31:16+00:00\" \/>\n<meta property=\"og:image\" content=\"https:\/\/www.intoscana.it\/wp-content\/uploads\/mostra-staino-scandicci-6-e1734345070658.jpg\" \/>\n\t<meta property=\"og:image:width\" content=\"1200\" \/>\n\t<meta property=\"og:image:height\" content=\"760\" \/>\n\t<meta property=\"og:image:type\" content=\"image\/jpeg\" \/>\n<meta name=\"author\" content=\"Chiara Bianchini\" \/>\n<meta name=\"twitter:card\" content=\"summary_large_image\" \/>\n<meta name=\"twitter:creator\" content=\"@intoscana\" \/>\n<meta name=\"twitter:site\" content=\"@intoscana\" \/>\n<meta name=\"twitter:label1\" content=\"Written by\" \/>\n\t<meta name=\"twitter:data1\" content=\"Chiara Bianchini\" \/>\n\t<meta name=\"twitter:label2\" content=\"Est. reading time\" \/>\n\t<meta name=\"twitter:data2\" content=\"3 minuti\" \/>\n<script type=\"application\/ld+json\" class=\"yoast-schema-graph\">{\"@context\":\"https:\/\/schema.org\",\"@graph\":[{\"@type\":\"WebPage\",\"@id\":\"https:\/\/www.intoscana.it\/it\/scandicci-celebra-sergio-staino-con-una-mostra-e-un-ciclo-di-incontri\/\",\"url\":\"https:\/\/www.intoscana.it\/it\/scandicci-celebra-sergio-staino-con-una-mostra-e-un-ciclo-di-incontri\/\",\"name\":\"Scandicci celebra Sergio Staino con una mostra e un ciclo di incontri - intoscana\",\"isPartOf\":{\"@id\":\"https:\/\/www.intoscana.it\/it\/#website\"},\"primaryImageOfPage\":{\"@id\":\"https:\/\/www.intoscana.it\/it\/scandicci-celebra-sergio-staino-con-una-mostra-e-un-ciclo-di-incontri\/#primaryimage\"},\"image\":{\"@id\":\"https:\/\/www.intoscana.it\/it\/scandicci-celebra-sergio-staino-con-una-mostra-e-un-ciclo-di-incontri\/#primaryimage\"},\"thumbnailUrl\":\"https:\/\/www.intoscana.it\/wp-content\/uploads\/mostra-staino-scandicci-6-e1734345070658.jpg\",\"datePublished\":\"2024-12-16T09:55:50+00:00\",\"dateModified\":\"2024-12-16T10:31:16+00:00\",\"author\":{\"@id\":\"https:\/\/www.intoscana.it\/it\/#\/schema\/person\/010af92117f50561886339ad5b873a41\"},\"breadcrumb\":{\"@id\":\"https:\/\/www.intoscana.it\/it\/scandicci-celebra-sergio-staino-con-una-mostra-e-un-ciclo-di-incontri\/#breadcrumb\"},\"inLanguage\":\"it-IT\",\"potentialAction\":[{\"@type\":\"ReadAction\",\"target\":[\"https:\/\/www.intoscana.it\/it\/scandicci-celebra-sergio-staino-con-una-mostra-e-un-ciclo-di-incontri\/\"]}]},{\"@type\":\"ImageObject\",\"inLanguage\":\"it-IT\",\"@id\":\"https:\/\/www.intoscana.it\/it\/scandicci-celebra-sergio-staino-con-una-mostra-e-un-ciclo-di-incontri\/#primaryimage\",\"url\":\"https:\/\/www.intoscana.it\/wp-content\/uploads\/mostra-staino-scandicci-6-e1734345070658.jpg\",\"contentUrl\":\"https:\/\/www.intoscana.it\/wp-content\/uploads\/mostra-staino-scandicci-6-e1734345070658.jpg\",\"width\":1200,\"height\":760},{\"@type\":\"BreadcrumbList\",\"@id\":\"https:\/\/www.intoscana.it\/it\/scandicci-celebra-sergio-staino-con-una-mostra-e-un-ciclo-di-incontri\/#breadcrumb\",\"itemListElement\":[{\"@type\":\"ListItem\",\"position\":1,\"name\":\"Home\",\"item\":\"https:\/\/www.intoscana.it\/it\/\"},{\"@type\":\"ListItem\",\"position\":2,\"name\":\"Scandicci celebra Sergio Staino con una mostra e un ciclo di incontri\"}]},{\"@type\":\"WebSite\",\"@id\":\"https:\/\/www.intoscana.it\/it\/#website\",\"url\":\"https:\/\/www.intoscana.it\/it\/\",\"name\":\"intoscana\",\"description\":\"\",\"potentialAction\":[{\"@type\":\"SearchAction\",\"target\":{\"@type\":\"EntryPoint\",\"urlTemplate\":\"https:\/\/www.intoscana.it\/it\/?s={search_term_string}\"},\"query-input\":{\"@type\":\"PropertyValueSpecification\",\"valueRequired\":true,\"valueName\":\"search_term_string\"}}],\"inLanguage\":\"it-IT\"},{\"@type\":\"Person\",\"@id\":\"https:\/\/www.intoscana.it\/it\/#\/schema\/person\/010af92117f50561886339ad5b873a41\",\"name\":\"Chiara Bianchini\",\"sameAs\":[\"c.bianchini@fst.it\"],\"url\":\"https:\/\/www.intoscana.it\/it\/author\/chiara-bianchini\/\"}]}<\/script>\n<!-- \/ Yoast SEO Premium plugin. -->","yoast_head_json":{"title":"Scandicci celebra Sergio Staino con una mostra e un ciclo di incontri - intoscana","robots":{"index":"index","follow":"follow","max-snippet":"max-snippet:-1","max-image-preview":"max-image-preview:large","max-video-preview":"max-video-preview:-1"},"canonical":"https:\/\/www.intoscana.it\/it\/scandicci-celebra-sergio-staino-con-una-mostra-e-un-ciclo-di-incontri\/","og_locale":"it_IT","og_type":"article","og_title":"Scandicci celebra Sergio Staino con una mostra e un ciclo di incontri","og_description":"La mostra al Castello dell'Acciaolo di Scandicci rimarr\u00e0 aperta fino al 18 gennaio 2025, dal gioved\u00ec alla domenica e nei giorni festivi, dalle 14:00 alle 19:00, con ingresso libero","og_url":"https:\/\/www.intoscana.it\/it\/scandicci-celebra-sergio-staino-con-una-mostra-e-un-ciclo-di-incontri\/","og_site_name":"intoscana","article_publisher":"https:\/\/www.facebook.com\/intoscana.it","article_published_time":"2024-12-16T09:55:50+00:00","article_modified_time":"2024-12-16T10:31:16+00:00","og_image":[{"width":1200,"height":760,"url":"https:\/\/www.intoscana.it\/wp-content\/uploads\/mostra-staino-scandicci-6-e1734345070658.jpg","type":"image\/jpeg"}],"author":"Chiara Bianchini","twitter_card":"summary_large_image","twitter_creator":"@intoscana","twitter_site":"@intoscana","twitter_misc":{"Written by":"Chiara Bianchini","Est. reading time":"3 minuti"},"schema":{"@context":"https:\/\/schema.org","@graph":[{"@type":"WebPage","@id":"https:\/\/www.intoscana.it\/it\/scandicci-celebra-sergio-staino-con-una-mostra-e-un-ciclo-di-incontri\/","url":"https:\/\/www.intoscana.it\/it\/scandicci-celebra-sergio-staino-con-una-mostra-e-un-ciclo-di-incontri\/","name":"Scandicci celebra Sergio Staino con una mostra e un ciclo di incontri - intoscana","isPartOf":{"@id":"https:\/\/www.intoscana.it\/it\/#website"},"primaryImageOfPage":{"@id":"https:\/\/www.intoscana.it\/it\/scandicci-celebra-sergio-staino-con-una-mostra-e-un-ciclo-di-incontri\/#primaryimage"},"image":{"@id":"https:\/\/www.intoscana.it\/it\/scandicci-celebra-sergio-staino-con-una-mostra-e-un-ciclo-di-incontri\/#primaryimage"},"thumbnailUrl":"https:\/\/www.intoscana.it\/wp-content\/uploads\/mostra-staino-scandicci-6-e1734345070658.jpg","datePublished":"2024-12-16T09:55:50+00:00","dateModified":"2024-12-16T10:31:16+00:00","author":{"@id":"https:\/\/www.intoscana.it\/it\/#\/schema\/person\/010af92117f50561886339ad5b873a41"},"breadcrumb":{"@id":"https:\/\/www.intoscana.it\/it\/scandicci-celebra-sergio-staino-con-una-mostra-e-un-ciclo-di-incontri\/#breadcrumb"},"inLanguage":"it-IT","potentialAction":[{"@type":"ReadAction","target":["https:\/\/www.intoscana.it\/it\/scandicci-celebra-sergio-staino-con-una-mostra-e-un-ciclo-di-incontri\/"]}]},{"@type":"ImageObject","inLanguage":"it-IT","@id":"https:\/\/www.intoscana.it\/it\/scandicci-celebra-sergio-staino-con-una-mostra-e-un-ciclo-di-incontri\/#primaryimage","url":"https:\/\/www.intoscana.it\/wp-content\/uploads\/mostra-staino-scandicci-6-e1734345070658.jpg","contentUrl":"https:\/\/www.intoscana.it\/wp-content\/uploads\/mostra-staino-scandicci-6-e1734345070658.jpg","width":1200,"height":760},{"@type":"BreadcrumbList","@id":"https:\/\/www.intoscana.it\/it\/scandicci-celebra-sergio-staino-con-una-mostra-e-un-ciclo-di-incontri\/#breadcrumb","itemListElement":[{"@type":"ListItem","position":1,"name":"Home","item":"https:\/\/www.intoscana.it\/it\/"},{"@type":"ListItem","position":2,"name":"Scandicci celebra Sergio Staino con una mostra e un ciclo di incontri"}]},{"@type":"WebSite","@id":"https:\/\/www.intoscana.it\/it\/#website","url":"https:\/\/www.intoscana.it\/it\/","name":"intoscana","description":"","potentialAction":[{"@type":"SearchAction","target":{"@type":"EntryPoint","urlTemplate":"https:\/\/www.intoscana.it\/it\/?s={search_term_string}"},"query-input":{"@type":"PropertyValueSpecification","valueRequired":true,"valueName":"search_term_string"}}],"inLanguage":"it-IT"},{"@type":"Person","@id":"https:\/\/www.intoscana.it\/it\/#\/schema\/person\/010af92117f50561886339ad5b873a41","name":"Chiara Bianchini","sameAs":["c.bianchini@fst.it"],"url":"https:\/\/www.intoscana.it\/it\/author\/chiara-bianchini\/"}]}},"_links":{"self":[{"href":"https:\/\/www.intoscana.it\/it\/wp-json\/wp\/v2\/posts\/368448","targetHints":{"allow":["GET"]}}],"collection":[{"href":"https:\/\/www.intoscana.it\/it\/wp-json\/wp\/v2\/posts"}],"about":[{"href":"https:\/\/www.intoscana.it\/it\/wp-json\/wp\/v2\/types\/post"}],"author":[{"embeddable":true,"href":"https:\/\/www.intoscana.it\/it\/wp-json\/wp\/v2\/users\/507"}],"replies":[{"embeddable":true,"href":"https:\/\/www.intoscana.it\/it\/wp-json\/wp\/v2\/comments?post=368448"}],"version-history":[{"count":2,"href":"https:\/\/www.intoscana.it\/it\/wp-json\/wp\/v2\/posts\/368448\/revisions"}],"predecessor-version":[{"id":368465,"href":"https:\/\/www.intoscana.it\/it\/wp-json\/wp\/v2\/posts\/368448\/revisions\/368465"}],"wp:featuredmedia":[{"embeddable":true,"href":"https:\/\/www.intoscana.it\/it\/wp-json\/wp\/v2\/media\/368474"}],"wp:attachment":[{"href":"https:\/\/www.intoscana.it\/it\/wp-json\/wp\/v2\/media?parent=368448"}],"wp:term":[{"taxonomy":"category","embeddable":true,"href":"https:\/\/www.intoscana.it\/it\/wp-json\/wp\/v2\/categories?post=368448"},{"taxonomy":"post_tag","embeddable":true,"href":"https:\/\/www.intoscana.it\/it\/wp-json\/wp\/v2\/tags?post=368448"}],"curies":[{"name":"wp","href":"https:\/\/api.w.org\/{rel}","templated":true}]}}