{"id":368502,"date":"2024-12-16T12:00:33","date_gmt":"2024-12-16T11:00:33","guid":{"rendered":"https:\/\/www.intoscana.it\/it\/?p=368502"},"modified":"2024-12-16T19:38:17","modified_gmt":"2024-12-16T18:38:17","slug":"linea-pisa-la-spezia-lavori-di-potenziamento-e-manutenzione-modifiche-alla-circolazione-fino-a-giugno-2025","status":"publish","type":"post","link":"https:\/\/www.intoscana.it\/it\/linea-pisa-la-spezia-lavori-di-potenziamento-e-manutenzione-modifiche-alla-circolazione-fino-a-giugno-2025\/","title":{"rendered":"Linea Pisa-La Spezia: lavori di potenziamento e manutenzione, modifiche alla circolazione fino a giugno 2025"},"content":{"rendered":"<p>Dal 7 gennaio al 27 giugno 2025, la linea ferroviaria Pisa-La Spezia sar\u00e0 interessata da importanti interventi di potenziamento tecnologico e manutenzione straordinaria a cura di Rete Ferroviaria Italiana (Gruppo FS). I lavori, per un investimento totale di 65 milioni di euro, includono l\u2019installazione del sistema ERTMS, il rinnovo dei binari, il consolidamento del ponte ferroviario a Pietrasanta e interventi significativi nelle stazioni di Viareggio e La Spezia Migliarina.<\/p>\n<h3><strong>Tecnologia avanzata e manutenzioni straordinarie<\/strong><\/h3>\n<p>Tra gli interventi principali figura l\u2019introduzione del sistema ERTMS (European Railway Traffic Management System) tra Viareggio e Arcola, finanziato con risorse del PNRR. Si tratta del sistema tecnologicamente pi\u00f9 avanzato per il controllo e la supervisione della circolazione ferroviaria, che migliorer\u00e0 sicurezza ed efficienza del traffico. I cantieri per l\u2019ERTMS saranno operativi durante le ore diurne fino a giugno.<\/p>\n<p>Nel tratto tra Massa e Sarzana, di notte si proceder\u00e0 al rinnovo di 13 chilometri di binari, mentre nella stazione di La Spezia Migliarina verr\u00e0 costruito un nuovo binario tronco centralizzato ed elettrificato. Anche i marciapiedi saranno rialzati a 55 cm, in linea con gli standard europei, per agevolare l\u2019accesso ai treni.<\/p>\n<h3><strong>Interventi infrastrutturali a Pietrasanta e Viareggio<\/strong><\/h3>\n<p>La manutenzione straordinaria del ponte ferroviario a Pietrasanta prevede operazioni di consolidamento strutturale, mentre a Viareggio RFI collaborer\u00e0 con il Comune per la realizzazione del nuovo sottopasso in via San Francesco. Parallelamente, la Provincia di Pisa curer\u00e0 la nuova viabilit\u00e0 in localit\u00e0 Madonna dell\u2019Acqua.<\/p>\n<h3><strong>Impatto sulla circolazione ferroviaria<\/strong><\/h3>\n<p>Per consentire i lavori, la circolazione tra Massa Centro e Viareggio sar\u00e0 modificata dal luned\u00ec al venerd\u00ec:<\/p>\n<ul>\n<li>Tra le 9:30 e le 10:30 e tra le 12:30 e le 13:30, i treni viaggeranno su binario unico.<\/li>\n<li>Tra le 10:30 e le 12:30, la circolazione sar\u00e0 interrotta.<\/li>\n<\/ul>\n<p>Di notte, lungo le tratte interessate dai cantieri, verr\u00e0 ridotta la velocit\u00e0 dei convogli a 40 km\/h, con conseguente riprogrammazione dei treni.<\/p>\n<p>Le modifiche coinvolgeranno anche alcuni treni a lunga percorrenza e regionali, con orari di partenza e arrivo aggiornati e tempi di viaggio leggermente pi\u00f9 lunghi.<\/p>\n<h3><strong>Modifiche ai treni Frecce, Intercity e regionali<\/strong><\/h3>\n<p>Trenitalia ha annunciato cambiamenti nel servizio per adeguarsi ai lavori:<\/p>\n<ul>\n<li><strong>Treni regionali<\/strong>: Cancellazioni o limitazioni, incrementi di viaggio di circa 10 minuti, alcune partenze anticipate.<\/li>\n<li><strong>Intercity<\/strong>: Tempi di viaggio aumentati di 10-20 minuti, con partenze anticipate o arrivi posticipati. Per gli Intercity Notte, l\u2019allungamento potrebbe arrivare fino a 2 ore e 30 minuti.<\/li>\n<li><strong>Frecce<\/strong>: Modifiche agli orari di collegamenti come Roma-Genova, sia via Firenze sia via Civitavecchia\/Livorno.<\/li>\n<\/ul>\n<p>Alcuni Intercity, come il Ventimiglia-Roma e il Milano-Livorno, saranno limitati a La Spezia dal luned\u00ec al venerd\u00ec.<\/p>\n<h3><strong>Come informarsi sulle modifiche<\/strong><\/h3>\n<p>I canali di acquisto Trenitalia sono gi\u00e0 stati aggiornati con le modifiche previste. Gli utenti sono invitati a verificare gli orari dei treni in anticipo per pianificare i propri viaggi.<\/p>\n<p>Grazie a questi interventi, la linea Pisa-La Spezia si prepara a offrire un servizio pi\u00f9 sicuro ed efficiente, migliorando non solo il traffico ferroviario locale, ma anche i collegamenti a lunga percorrenza.<\/p>\n","protected":false},"excerpt":{"rendered":"<p>I lavori includono l\u2019installazione del sistema ERTMS, il rinnovo dei binari, il consolidamento del ponte ferroviario a Pietrasanta e interventi significativi nelle stazioni di Viareggio e La Spezia Migliarina<\/p>\n","protected":false},"author":525,"featured_media":368506,"comment_status":"open","ping_status":"open","sticky":false,"template":"","format":"standard","meta":{"_acf_changed":false,"footnotes":""},"categories":[494],"tags":[1577,203,183],"class_list":["post-368502","post","type-post","status-publish","format-standard","has-post-thumbnail","hentry","category-attualita","tag-muoversi-in-toscana","tag-pisa","tag-treni"],"acf":[],"yoast_head":"<!-- This site is optimized with the Yoast SEO Premium plugin v24.2 (Yoast SEO v25.6) - https:\/\/yoast.com\/wordpress\/plugins\/seo\/ -->\n<title>Linea Pisa-La Spezia: lavori di potenziamento e manutenzione, modifiche alla circolazione fino a giugno 2025 - intoscana<\/title>\n<meta name=\"robots\" content=\"index, follow, max-snippet:-1, max-image-preview:large, max-video-preview:-1\" \/>\n<link rel=\"canonical\" href=\"https:\/\/www.intoscana.it\/it\/linea-pisa-la-spezia-lavori-di-potenziamento-e-manutenzione-modifiche-alla-circolazione-fino-a-giugno-2025\/\" \/>\n<meta property=\"og:locale\" content=\"it_IT\" \/>\n<meta property=\"og:type\" content=\"article\" \/>\n<meta property=\"og:title\" content=\"Linea Pisa-La Spezia: lavori di potenziamento e manutenzione, modifiche alla circolazione fino a giugno 2025\" \/>\n<meta property=\"og:description\" content=\"I lavori includono l\u2019installazione del sistema ERTMS, il rinnovo dei binari, il consolidamento del ponte ferroviario a Pietrasanta e interventi significativi nelle stazioni di Viareggio e La Spezia Migliarina\" \/>\n<meta property=\"og:url\" content=\"https:\/\/www.intoscana.it\/it\/linea-pisa-la-spezia-lavori-di-potenziamento-e-manutenzione-modifiche-alla-circolazione-fino-a-giugno-2025\/\" \/>\n<meta property=\"og:site_name\" content=\"intoscana\" \/>\n<meta property=\"article:publisher\" content=\"https:\/\/www.facebook.com\/intoscana.it\" \/>\n<meta property=\"article:published_time\" content=\"2024-12-16T11:00:33+00:00\" \/>\n<meta property=\"article:modified_time\" content=\"2024-12-16T18:38:17+00:00\" \/>\n<meta property=\"og:image\" content=\"https:\/\/www.intoscana.it\/wp-content\/uploads\/1024px-Pisa_-_2016_July_-_panoramio_7.jpg\" \/>\n\t<meta property=\"og:image:width\" content=\"1024\" \/>\n\t<meta property=\"og:image:height\" content=\"683\" \/>\n\t<meta property=\"og:image:type\" content=\"image\/jpeg\" \/>\n<meta name=\"author\" content=\"Redazione\" \/>\n<meta name=\"twitter:card\" content=\"summary_large_image\" \/>\n<meta name=\"twitter:creator\" content=\"@intoscana\" \/>\n<meta name=\"twitter:site\" content=\"@intoscana\" \/>\n<meta name=\"twitter:label1\" content=\"Written by\" \/>\n\t<meta name=\"twitter:data1\" content=\"Redazione\" \/>\n\t<meta name=\"twitter:label2\" content=\"Est. reading time\" \/>\n\t<meta name=\"twitter:data2\" content=\"3 minuti\" \/>\n<script type=\"application\/ld+json\" class=\"yoast-schema-graph\">{\"@context\":\"https:\/\/schema.org\",\"@graph\":[{\"@type\":\"WebPage\",\"@id\":\"https:\/\/www.intoscana.it\/it\/linea-pisa-la-spezia-lavori-di-potenziamento-e-manutenzione-modifiche-alla-circolazione-fino-a-giugno-2025\/\",\"url\":\"https:\/\/www.intoscana.it\/it\/linea-pisa-la-spezia-lavori-di-potenziamento-e-manutenzione-modifiche-alla-circolazione-fino-a-giugno-2025\/\",\"name\":\"Linea Pisa-La Spezia: lavori di potenziamento e manutenzione, modifiche alla circolazione fino a giugno 2025 - intoscana\",\"isPartOf\":{\"@id\":\"https:\/\/www.intoscana.it\/it\/#website\"},\"primaryImageOfPage\":{\"@id\":\"https:\/\/www.intoscana.it\/it\/linea-pisa-la-spezia-lavori-di-potenziamento-e-manutenzione-modifiche-alla-circolazione-fino-a-giugno-2025\/#primaryimage\"},\"image\":{\"@id\":\"https:\/\/www.intoscana.it\/it\/linea-pisa-la-spezia-lavori-di-potenziamento-e-manutenzione-modifiche-alla-circolazione-fino-a-giugno-2025\/#primaryimage\"},\"thumbnailUrl\":\"https:\/\/www.intoscana.it\/wp-content\/uploads\/1024px-Pisa_-_2016_July_-_panoramio_7.jpg\",\"datePublished\":\"2024-12-16T11:00:33+00:00\",\"dateModified\":\"2024-12-16T18:38:17+00:00\",\"author\":{\"@id\":\"https:\/\/www.intoscana.it\/it\/#\/schema\/person\/9223810753230f20bd670fdd322661f8\"},\"breadcrumb\":{\"@id\":\"https:\/\/www.intoscana.it\/it\/linea-pisa-la-spezia-lavori-di-potenziamento-e-manutenzione-modifiche-alla-circolazione-fino-a-giugno-2025\/#breadcrumb\"},\"inLanguage\":\"it-IT\",\"potentialAction\":[{\"@type\":\"ReadAction\",\"target\":[\"https:\/\/www.intoscana.it\/it\/linea-pisa-la-spezia-lavori-di-potenziamento-e-manutenzione-modifiche-alla-circolazione-fino-a-giugno-2025\/\"]}]},{\"@type\":\"ImageObject\",\"inLanguage\":\"it-IT\",\"@id\":\"https:\/\/www.intoscana.it\/it\/linea-pisa-la-spezia-lavori-di-potenziamento-e-manutenzione-modifiche-alla-circolazione-fino-a-giugno-2025\/#primaryimage\",\"url\":\"https:\/\/www.intoscana.it\/wp-content\/uploads\/1024px-Pisa_-_2016_July_-_panoramio_7.jpg\",\"contentUrl\":\"https:\/\/www.intoscana.it\/wp-content\/uploads\/1024px-Pisa_-_2016_July_-_panoramio_7.jpg\",\"width\":1024,\"height\":683},{\"@type\":\"BreadcrumbList\",\"@id\":\"https:\/\/www.intoscana.it\/it\/linea-pisa-la-spezia-lavori-di-potenziamento-e-manutenzione-modifiche-alla-circolazione-fino-a-giugno-2025\/#breadcrumb\",\"itemListElement\":[{\"@type\":\"ListItem\",\"position\":1,\"name\":\"Home\",\"item\":\"https:\/\/www.intoscana.it\/it\/\"},{\"@type\":\"ListItem\",\"position\":2,\"name\":\"Linea Pisa-La Spezia: lavori di potenziamento e manutenzione, modifiche alla circolazione fino a giugno 2025\"}]},{\"@type\":\"WebSite\",\"@id\":\"https:\/\/www.intoscana.it\/it\/#website\",\"url\":\"https:\/\/www.intoscana.it\/it\/\",\"name\":\"intoscana\",\"description\":\"\",\"potentialAction\":[{\"@type\":\"SearchAction\",\"target\":{\"@type\":\"EntryPoint\",\"urlTemplate\":\"https:\/\/www.intoscana.it\/it\/?s={search_term_string}\"},\"query-input\":{\"@type\":\"PropertyValueSpecification\",\"valueRequired\":true,\"valueName\":\"search_term_string\"}}],\"inLanguage\":\"it-IT\"},{\"@type\":\"Person\",\"@id\":\"https:\/\/www.intoscana.it\/it\/#\/schema\/person\/9223810753230f20bd670fdd322661f8\",\"name\":\"Redazione\",\"url\":\"https:\/\/www.intoscana.it\/it\/author\/redazione\/\"}]}<\/script>\n<!-- \/ Yoast SEO Premium plugin. -->","yoast_head_json":{"title":"Linea Pisa-La Spezia: lavori di potenziamento e manutenzione, modifiche alla circolazione fino a giugno 2025 - intoscana","robots":{"index":"index","follow":"follow","max-snippet":"max-snippet:-1","max-image-preview":"max-image-preview:large","max-video-preview":"max-video-preview:-1"},"canonical":"https:\/\/www.intoscana.it\/it\/linea-pisa-la-spezia-lavori-di-potenziamento-e-manutenzione-modifiche-alla-circolazione-fino-a-giugno-2025\/","og_locale":"it_IT","og_type":"article","og_title":"Linea Pisa-La Spezia: lavori di potenziamento e manutenzione, modifiche alla circolazione fino a giugno 2025","og_description":"I lavori includono l\u2019installazione del sistema ERTMS, il rinnovo dei binari, il consolidamento del ponte ferroviario a Pietrasanta e interventi significativi nelle stazioni di Viareggio e La Spezia Migliarina","og_url":"https:\/\/www.intoscana.it\/it\/linea-pisa-la-spezia-lavori-di-potenziamento-e-manutenzione-modifiche-alla-circolazione-fino-a-giugno-2025\/","og_site_name":"intoscana","article_publisher":"https:\/\/www.facebook.com\/intoscana.it","article_published_time":"2024-12-16T11:00:33+00:00","article_modified_time":"2024-12-16T18:38:17+00:00","og_image":[{"width":1024,"height":683,"url":"https:\/\/www.intoscana.it\/wp-content\/uploads\/1024px-Pisa_-_2016_July_-_panoramio_7.jpg","type":"image\/jpeg"}],"author":"Redazione","twitter_card":"summary_large_image","twitter_creator":"@intoscana","twitter_site":"@intoscana","twitter_misc":{"Written by":"Redazione","Est. reading time":"3 minuti"},"schema":{"@context":"https:\/\/schema.org","@graph":[{"@type":"WebPage","@id":"https:\/\/www.intoscana.it\/it\/linea-pisa-la-spezia-lavori-di-potenziamento-e-manutenzione-modifiche-alla-circolazione-fino-a-giugno-2025\/","url":"https:\/\/www.intoscana.it\/it\/linea-pisa-la-spezia-lavori-di-potenziamento-e-manutenzione-modifiche-alla-circolazione-fino-a-giugno-2025\/","name":"Linea Pisa-La Spezia: lavori di potenziamento e manutenzione, modifiche alla circolazione fino a giugno 2025 - intoscana","isPartOf":{"@id":"https:\/\/www.intoscana.it\/it\/#website"},"primaryImageOfPage":{"@id":"https:\/\/www.intoscana.it\/it\/linea-pisa-la-spezia-lavori-di-potenziamento-e-manutenzione-modifiche-alla-circolazione-fino-a-giugno-2025\/#primaryimage"},"image":{"@id":"https:\/\/www.intoscana.it\/it\/linea-pisa-la-spezia-lavori-di-potenziamento-e-manutenzione-modifiche-alla-circolazione-fino-a-giugno-2025\/#primaryimage"},"thumbnailUrl":"https:\/\/www.intoscana.it\/wp-content\/uploads\/1024px-Pisa_-_2016_July_-_panoramio_7.jpg","datePublished":"2024-12-16T11:00:33+00:00","dateModified":"2024-12-16T18:38:17+00:00","author":{"@id":"https:\/\/www.intoscana.it\/it\/#\/schema\/person\/9223810753230f20bd670fdd322661f8"},"breadcrumb":{"@id":"https:\/\/www.intoscana.it\/it\/linea-pisa-la-spezia-lavori-di-potenziamento-e-manutenzione-modifiche-alla-circolazione-fino-a-giugno-2025\/#breadcrumb"},"inLanguage":"it-IT","potentialAction":[{"@type":"ReadAction","target":["https:\/\/www.intoscana.it\/it\/linea-pisa-la-spezia-lavori-di-potenziamento-e-manutenzione-modifiche-alla-circolazione-fino-a-giugno-2025\/"]}]},{"@type":"ImageObject","inLanguage":"it-IT","@id":"https:\/\/www.intoscana.it\/it\/linea-pisa-la-spezia-lavori-di-potenziamento-e-manutenzione-modifiche-alla-circolazione-fino-a-giugno-2025\/#primaryimage","url":"https:\/\/www.intoscana.it\/wp-content\/uploads\/1024px-Pisa_-_2016_July_-_panoramio_7.jpg","contentUrl":"https:\/\/www.intoscana.it\/wp-content\/uploads\/1024px-Pisa_-_2016_July_-_panoramio_7.jpg","width":1024,"height":683},{"@type":"BreadcrumbList","@id":"https:\/\/www.intoscana.it\/it\/linea-pisa-la-spezia-lavori-di-potenziamento-e-manutenzione-modifiche-alla-circolazione-fino-a-giugno-2025\/#breadcrumb","itemListElement":[{"@type":"ListItem","position":1,"name":"Home","item":"https:\/\/www.intoscana.it\/it\/"},{"@type":"ListItem","position":2,"name":"Linea Pisa-La Spezia: lavori di potenziamento e manutenzione, modifiche alla circolazione fino a giugno 2025"}]},{"@type":"WebSite","@id":"https:\/\/www.intoscana.it\/it\/#website","url":"https:\/\/www.intoscana.it\/it\/","name":"intoscana","description":"","potentialAction":[{"@type":"SearchAction","target":{"@type":"EntryPoint","urlTemplate":"https:\/\/www.intoscana.it\/it\/?s={search_term_string}"},"query-input":{"@type":"PropertyValueSpecification","valueRequired":true,"valueName":"search_term_string"}}],"inLanguage":"it-IT"},{"@type":"Person","@id":"https:\/\/www.intoscana.it\/it\/#\/schema\/person\/9223810753230f20bd670fdd322661f8","name":"Redazione","url":"https:\/\/www.intoscana.it\/it\/author\/redazione\/"}]}},"_links":{"self":[{"href":"https:\/\/www.intoscana.it\/it\/wp-json\/wp\/v2\/posts\/368502","targetHints":{"allow":["GET"]}}],"collection":[{"href":"https:\/\/www.intoscana.it\/it\/wp-json\/wp\/v2\/posts"}],"about":[{"href":"https:\/\/www.intoscana.it\/it\/wp-json\/wp\/v2\/types\/post"}],"author":[{"embeddable":true,"href":"https:\/\/www.intoscana.it\/it\/wp-json\/wp\/v2\/users\/525"}],"replies":[{"embeddable":true,"href":"https:\/\/www.intoscana.it\/it\/wp-json\/wp\/v2\/comments?post=368502"}],"version-history":[{"count":2,"href":"https:\/\/www.intoscana.it\/it\/wp-json\/wp\/v2\/posts\/368502\/revisions"}],"predecessor-version":[{"id":368596,"href":"https:\/\/www.intoscana.it\/it\/wp-json\/wp\/v2\/posts\/368502\/revisions\/368596"}],"wp:featuredmedia":[{"embeddable":true,"href":"https:\/\/www.intoscana.it\/it\/wp-json\/wp\/v2\/media\/368506"}],"wp:attachment":[{"href":"https:\/\/www.intoscana.it\/it\/wp-json\/wp\/v2\/media?parent=368502"}],"wp:term":[{"taxonomy":"category","embeddable":true,"href":"https:\/\/www.intoscana.it\/it\/wp-json\/wp\/v2\/categories?post=368502"},{"taxonomy":"post_tag","embeddable":true,"href":"https:\/\/www.intoscana.it\/it\/wp-json\/wp\/v2\/tags?post=368502"}],"curies":[{"name":"wp","href":"https:\/\/api.w.org\/{rel}","templated":true}]}}