{"id":368607,"date":"2024-12-17T09:24:49","date_gmt":"2024-12-17T08:24:49","guid":{"rendered":"https:\/\/www.intoscana.it\/it\/?p=368607"},"modified":"2024-12-17T09:24:49","modified_gmt":"2024-12-17T08:24:49","slug":"per-natale-cento-paesi-e-cento-presepi-un-itinerario-nella-toscana-diffusa","status":"publish","type":"post","link":"https:\/\/www.intoscana.it\/it\/per-natale-cento-paesi-e-cento-presepi-un-itinerario-nella-toscana-diffusa\/","title":{"rendered":"Per Natale &#8220;cento paesi e cento presepi&#8221;: un itinerario nella Toscana diffusa"},"content":{"rendered":"<p><strong>&#8220;100 paesi e 100 presepi&#8221;<\/strong> \u00e8 l&#8217;itinerario creato in occasione delle festivit\u00e0 natalizie dall&#8217;associazione nazionale &#8216;<em><strong>Citt\u00e0 dei presepi&#8217;,<\/strong><\/em> dal suo coordinatore <strong>Fabrizio Mandorlini<\/strong>.<\/p>\n<p><strong>La magia del presepe nella Toscana diffusa<\/strong>, \u00e8 questo il senso dell\u2019iniziativa che \u00e8 nata nel 2014 e festeggia quest&#8217;anno il suo decennale.<\/p>\n<p>Per questo \u00e8 stata realizzata <strong>una mostra a San Miniato, nella chiesa di San Francesco,<\/strong> che vedr\u00e0 esposte rappresentazioni dei paesi che fanno parte dell\u2019itinerario, a cui si affiancher\u00e0 una pregevole opera presepiale proveniente dal <strong>Museo delle Civilt\u00e0 del Ministero della Cultura.<\/strong><\/p>\n<p><strong>Dal Vaticano arriver\u00e0, invece prima di Natale, \u201cLuce\u201d<\/strong>, la grande mascotte ideata dal <strong>Pontificio Consiglio per l\u2019Evangelizzazione<\/strong> e che sar\u00e0 esposta fino al 6 gennaio.<\/p>\n<p>L\u2019obiettivo del progetto \u00e8 quello di offrire ai visitatori l\u2019opportunit\u00e0 di <strong>conoscere la Toscana diffusa e valorizzare attraverso il presepe, l\u2019arte, le bellezze architettoniche e paesaggistiche, l\u2019enogastronomia<\/strong> portando le persone a conoscere attraverso momenti esperienziali le comunit\u00e0 e il loro senso identitario.<\/p>\n<p><strong>A ogni paese e presepe \u00e8 stato attribuito un numero progressivo<\/strong> che lo identifica nell\u2019itinerario regionale e una credenziale chiamata <strong>Credenziale del Pellegrino Presepista.<\/strong> \u2018Timbrando\u2019 il proprio passaporto si attesta la visita al paese e al presepe.<\/p>\n<p><strong>Fabrizio Mandorlini ha dichiarato<\/strong>: \u201c<em>Quest\u2019anno proponiamo un itinerario diffuso in tutta la Toscana, 100 paesi e 100 presepi da visitare. Un itinerario che ci permette di scoprire attraverso i presepi tanti luoghi altrimenti lontani da quelli che sono i circuiti classici del turismo. L\u2019obiettivo \u00e8 anche quello di portare le persone nei luoghi identitari delle comunit\u00e0 valorizzando le loro bellezze artistiche, paesaggistiche e architettoniche. Si passa dai presepi della Valle dell\u2019Arno, che sono i presepi storici, perch\u00e9 fu grazie a loro che dieci anni fa nacque l\u2019itinerario \u2018Terre dei Presepi\u2019 e da l\u00ec si pu\u00f2 andare nel senese, nel fiorentino, fino ad arrivare all\u2019aretino, alla Lunigiana e alla Garfagnana e cos\u00ec con il nostro itinerario attraversiamo tutta la regione\u201d.<\/em><\/p>\n<p><strong>Il presidente del Consiglio regionale Antonio Mazzeo<\/strong> ha ringraziato l\u2019associazione nazionale Citt\u00e0 dei Presepi e il suo coordinatore Fabrizio Mandorlini per questa importante iniziativa. <em>\u201cIl presepe in dieci anni \u2013 <\/em><strong>ha dichiarato<\/strong><em>\u2013 \u00e8 diventato non solo un luogo di preghiera ma anche un\u2019opportunit\u00e0 per attirare tantissime cittadine e cittadini da tutte le parti della Toscana e non solo\u201d.<\/em><\/p>\n<p><em>\u201cCos\u00ec \u2013<\/em><strong> ha concluso <\/strong><em>\u2013 si rappresenta la nostra identit\u00e0 e la nostra storia. Ognuno di questi presepi ha qualcosa di particolare che riguarda il suo territorio e la Toscana. Un ringraziamento particolare va poi alle volontarie e ai volontari che riescono a rendere unici questi presepi. Non \u00e8 un caso che solo qualche giorno fa siano stati ricevuti tutti insieme da papa Francesco\u201d.<\/em><\/p>\n<h3>Per scoprire tutti i presepi:<a href=\"https:\/\/www.cittadeipresepi.com\/litalia-dei-presepi\/\" target=\"_blank\" rel=\"noopener\"><strong> www.cittadeipresepi.com<\/strong><\/a><\/h3>\n<figure id=\"post-316915 media-316915\" class=\"align-none\"><img decoding=\"async\" src=\"https:\/\/www.intoscana.it\/wp-content\/uploads\/Screenshot-2023-11-29-alle-15.21.51.jpeg\" alt=\"\" \/><\/figure>\n<div class=\"titleimg\">Presepe monumentale della Basilicata<\/div>\n","protected":false},"excerpt":{"rendered":"<p>100 paesi e 100 presepi \u00e8 l&#8217;itinerario per il Natale creato dall&#8217;associazione nazionale &#8216;Citt\u00e0 dei presepi&#8217;, obiettivo del progetto \u00e8 quello di offrire ai visitatori l\u2019opportunit\u00e0 di conoscere la Toscana diffusa e valorizzare attraverso il presepe, l\u2019arte, le bellezze architettoniche e paesaggistiche, l\u2019enogastronomia<\/p>\n","protected":false},"author":525,"featured_media":368608,"comment_status":"open","ping_status":"open","sticky":false,"template":"","format":"standard","meta":{"_acf_changed":false,"footnotes":""},"categories":[6],"tags":[4753,409],"class_list":["post-368607","post","type-post","status-publish","format-standard","has-post-thumbnail","hentry","category-viaggi","tag-consiglio-regionale-della-toscana","tag-natale"],"acf":[],"yoast_head":"<!-- This site is optimized with the Yoast SEO Premium plugin v24.2 (Yoast SEO v25.6) - https:\/\/yoast.com\/wordpress\/plugins\/seo\/ -->\n<title>Per Natale &quot;cento paesi e cento presepi&quot;: un itinerario nella Toscana diffusa - intoscana<\/title>\n<meta name=\"description\" content=\"100 paesi e 100 presepi \u00e8 l&#039;itinerario per il Natale creato dall&#039;associazione nazionale &#039;Citt\u00e0 dei presepi&#039;\" \/>\n<meta name=\"robots\" content=\"index, follow, max-snippet:-1, max-image-preview:large, max-video-preview:-1\" \/>\n<link rel=\"canonical\" href=\"https:\/\/www.intoscana.it\/it\/per-natale-cento-paesi-e-cento-presepi-un-itinerario-nella-toscana-diffusa\/\" \/>\n<meta property=\"og:locale\" content=\"it_IT\" \/>\n<meta property=\"og:type\" content=\"article\" \/>\n<meta property=\"og:title\" content=\"Per Natale &quot;cento paesi e cento presepi&quot;: un itinerario nella Toscana diffusa\" \/>\n<meta property=\"og:description\" content=\"100 paesi e 100 presepi \u00e8 l&#039;itinerario per il Natale creato dall&#039;associazione nazionale &#039;Citt\u00e0 dei presepi&#039;\" \/>\n<meta property=\"og:url\" content=\"https:\/\/www.intoscana.it\/it\/per-natale-cento-paesi-e-cento-presepi-un-itinerario-nella-toscana-diffusa\/\" \/>\n<meta property=\"og:site_name\" content=\"intoscana\" \/>\n<meta property=\"article:publisher\" content=\"https:\/\/www.facebook.com\/intoscana.it\" \/>\n<meta property=\"article:published_time\" content=\"2024-12-17T08:24:49+00:00\" \/>\n<meta property=\"og:image\" content=\"https:\/\/www.intoscana.it\/wp-content\/uploads\/Terre-di-presepi-2024-10.jpeg\" \/>\n\t<meta property=\"og:image:width\" content=\"1600\" \/>\n\t<meta property=\"og:image:height\" content=\"1066\" \/>\n\t<meta property=\"og:image:type\" content=\"image\/jpeg\" \/>\n<meta name=\"author\" content=\"Redazione\" \/>\n<meta name=\"twitter:card\" content=\"summary_large_image\" \/>\n<meta name=\"twitter:creator\" content=\"@intoscana\" \/>\n<meta name=\"twitter:site\" content=\"@intoscana\" \/>\n<meta name=\"twitter:label1\" content=\"Written by\" \/>\n\t<meta name=\"twitter:data1\" content=\"Redazione\" \/>\n\t<meta name=\"twitter:label2\" content=\"Est. reading time\" \/>\n\t<meta name=\"twitter:data2\" content=\"3 minuti\" \/>\n<script type=\"application\/ld+json\" class=\"yoast-schema-graph\">{\"@context\":\"https:\/\/schema.org\",\"@graph\":[{\"@type\":\"WebPage\",\"@id\":\"https:\/\/www.intoscana.it\/it\/per-natale-cento-paesi-e-cento-presepi-un-itinerario-nella-toscana-diffusa\/\",\"url\":\"https:\/\/www.intoscana.it\/it\/per-natale-cento-paesi-e-cento-presepi-un-itinerario-nella-toscana-diffusa\/\",\"name\":\"Per Natale \\\"cento paesi e cento presepi\\\": un itinerario nella Toscana diffusa - intoscana\",\"isPartOf\":{\"@id\":\"https:\/\/www.intoscana.it\/it\/#website\"},\"primaryImageOfPage\":{\"@id\":\"https:\/\/www.intoscana.it\/it\/per-natale-cento-paesi-e-cento-presepi-un-itinerario-nella-toscana-diffusa\/#primaryimage\"},\"image\":{\"@id\":\"https:\/\/www.intoscana.it\/it\/per-natale-cento-paesi-e-cento-presepi-un-itinerario-nella-toscana-diffusa\/#primaryimage\"},\"thumbnailUrl\":\"https:\/\/www.intoscana.it\/wp-content\/uploads\/Terre-di-presepi-2024-10.jpeg\",\"datePublished\":\"2024-12-17T08:24:49+00:00\",\"author\":{\"@id\":\"https:\/\/www.intoscana.it\/it\/#\/schema\/person\/9223810753230f20bd670fdd322661f8\"},\"description\":\"100 paesi e 100 presepi \u00e8 l'itinerario per il Natale creato dall'associazione nazionale 'Citt\u00e0 dei presepi'\",\"breadcrumb\":{\"@id\":\"https:\/\/www.intoscana.it\/it\/per-natale-cento-paesi-e-cento-presepi-un-itinerario-nella-toscana-diffusa\/#breadcrumb\"},\"inLanguage\":\"it-IT\",\"potentialAction\":[{\"@type\":\"ReadAction\",\"target\":[\"https:\/\/www.intoscana.it\/it\/per-natale-cento-paesi-e-cento-presepi-un-itinerario-nella-toscana-diffusa\/\"]}]},{\"@type\":\"ImageObject\",\"inLanguage\":\"it-IT\",\"@id\":\"https:\/\/www.intoscana.it\/it\/per-natale-cento-paesi-e-cento-presepi-un-itinerario-nella-toscana-diffusa\/#primaryimage\",\"url\":\"https:\/\/www.intoscana.it\/wp-content\/uploads\/Terre-di-presepi-2024-10.jpeg\",\"contentUrl\":\"https:\/\/www.intoscana.it\/wp-content\/uploads\/Terre-di-presepi-2024-10.jpeg\",\"width\":1600,\"height\":1066},{\"@type\":\"BreadcrumbList\",\"@id\":\"https:\/\/www.intoscana.it\/it\/per-natale-cento-paesi-e-cento-presepi-un-itinerario-nella-toscana-diffusa\/#breadcrumb\",\"itemListElement\":[{\"@type\":\"ListItem\",\"position\":1,\"name\":\"Home\",\"item\":\"https:\/\/www.intoscana.it\/it\/\"},{\"@type\":\"ListItem\",\"position\":2,\"name\":\"Per Natale &#8220;cento paesi e cento presepi&#8221;: un itinerario nella Toscana diffusa\"}]},{\"@type\":\"WebSite\",\"@id\":\"https:\/\/www.intoscana.it\/it\/#website\",\"url\":\"https:\/\/www.intoscana.it\/it\/\",\"name\":\"intoscana\",\"description\":\"\",\"potentialAction\":[{\"@type\":\"SearchAction\",\"target\":{\"@type\":\"EntryPoint\",\"urlTemplate\":\"https:\/\/www.intoscana.it\/it\/?s={search_term_string}\"},\"query-input\":{\"@type\":\"PropertyValueSpecification\",\"valueRequired\":true,\"valueName\":\"search_term_string\"}}],\"inLanguage\":\"it-IT\"},{\"@type\":\"Person\",\"@id\":\"https:\/\/www.intoscana.it\/it\/#\/schema\/person\/9223810753230f20bd670fdd322661f8\",\"name\":\"Redazione\",\"url\":\"https:\/\/www.intoscana.it\/it\/author\/redazione\/\"}]}<\/script>\n<!-- \/ Yoast SEO Premium plugin. -->","yoast_head_json":{"title":"Per Natale \"cento paesi e cento presepi\": un itinerario nella Toscana diffusa - intoscana","description":"100 paesi e 100 presepi \u00e8 l'itinerario per il Natale creato dall'associazione nazionale 'Citt\u00e0 dei presepi'","robots":{"index":"index","follow":"follow","max-snippet":"max-snippet:-1","max-image-preview":"max-image-preview:large","max-video-preview":"max-video-preview:-1"},"canonical":"https:\/\/www.intoscana.it\/it\/per-natale-cento-paesi-e-cento-presepi-un-itinerario-nella-toscana-diffusa\/","og_locale":"it_IT","og_type":"article","og_title":"Per Natale \"cento paesi e cento presepi\": un itinerario nella Toscana diffusa","og_description":"100 paesi e 100 presepi \u00e8 l'itinerario per il Natale creato dall'associazione nazionale 'Citt\u00e0 dei presepi'","og_url":"https:\/\/www.intoscana.it\/it\/per-natale-cento-paesi-e-cento-presepi-un-itinerario-nella-toscana-diffusa\/","og_site_name":"intoscana","article_publisher":"https:\/\/www.facebook.com\/intoscana.it","article_published_time":"2024-12-17T08:24:49+00:00","og_image":[{"width":1600,"height":1066,"url":"https:\/\/www.intoscana.it\/wp-content\/uploads\/Terre-di-presepi-2024-10.jpeg","type":"image\/jpeg"}],"author":"Redazione","twitter_card":"summary_large_image","twitter_creator":"@intoscana","twitter_site":"@intoscana","twitter_misc":{"Written by":"Redazione","Est. reading time":"3 minuti"},"schema":{"@context":"https:\/\/schema.org","@graph":[{"@type":"WebPage","@id":"https:\/\/www.intoscana.it\/it\/per-natale-cento-paesi-e-cento-presepi-un-itinerario-nella-toscana-diffusa\/","url":"https:\/\/www.intoscana.it\/it\/per-natale-cento-paesi-e-cento-presepi-un-itinerario-nella-toscana-diffusa\/","name":"Per Natale \"cento paesi e cento presepi\": un itinerario nella Toscana diffusa - intoscana","isPartOf":{"@id":"https:\/\/www.intoscana.it\/it\/#website"},"primaryImageOfPage":{"@id":"https:\/\/www.intoscana.it\/it\/per-natale-cento-paesi-e-cento-presepi-un-itinerario-nella-toscana-diffusa\/#primaryimage"},"image":{"@id":"https:\/\/www.intoscana.it\/it\/per-natale-cento-paesi-e-cento-presepi-un-itinerario-nella-toscana-diffusa\/#primaryimage"},"thumbnailUrl":"https:\/\/www.intoscana.it\/wp-content\/uploads\/Terre-di-presepi-2024-10.jpeg","datePublished":"2024-12-17T08:24:49+00:00","author":{"@id":"https:\/\/www.intoscana.it\/it\/#\/schema\/person\/9223810753230f20bd670fdd322661f8"},"description":"100 paesi e 100 presepi \u00e8 l'itinerario per il Natale creato dall'associazione nazionale 'Citt\u00e0 dei presepi'","breadcrumb":{"@id":"https:\/\/www.intoscana.it\/it\/per-natale-cento-paesi-e-cento-presepi-un-itinerario-nella-toscana-diffusa\/#breadcrumb"},"inLanguage":"it-IT","potentialAction":[{"@type":"ReadAction","target":["https:\/\/www.intoscana.it\/it\/per-natale-cento-paesi-e-cento-presepi-un-itinerario-nella-toscana-diffusa\/"]}]},{"@type":"ImageObject","inLanguage":"it-IT","@id":"https:\/\/www.intoscana.it\/it\/per-natale-cento-paesi-e-cento-presepi-un-itinerario-nella-toscana-diffusa\/#primaryimage","url":"https:\/\/www.intoscana.it\/wp-content\/uploads\/Terre-di-presepi-2024-10.jpeg","contentUrl":"https:\/\/www.intoscana.it\/wp-content\/uploads\/Terre-di-presepi-2024-10.jpeg","width":1600,"height":1066},{"@type":"BreadcrumbList","@id":"https:\/\/www.intoscana.it\/it\/per-natale-cento-paesi-e-cento-presepi-un-itinerario-nella-toscana-diffusa\/#breadcrumb","itemListElement":[{"@type":"ListItem","position":1,"name":"Home","item":"https:\/\/www.intoscana.it\/it\/"},{"@type":"ListItem","position":2,"name":"Per Natale &#8220;cento paesi e cento presepi&#8221;: un itinerario nella Toscana diffusa"}]},{"@type":"WebSite","@id":"https:\/\/www.intoscana.it\/it\/#website","url":"https:\/\/www.intoscana.it\/it\/","name":"intoscana","description":"","potentialAction":[{"@type":"SearchAction","target":{"@type":"EntryPoint","urlTemplate":"https:\/\/www.intoscana.it\/it\/?s={search_term_string}"},"query-input":{"@type":"PropertyValueSpecification","valueRequired":true,"valueName":"search_term_string"}}],"inLanguage":"it-IT"},{"@type":"Person","@id":"https:\/\/www.intoscana.it\/it\/#\/schema\/person\/9223810753230f20bd670fdd322661f8","name":"Redazione","url":"https:\/\/www.intoscana.it\/it\/author\/redazione\/"}]}},"_links":{"self":[{"href":"https:\/\/www.intoscana.it\/it\/wp-json\/wp\/v2\/posts\/368607","targetHints":{"allow":["GET"]}}],"collection":[{"href":"https:\/\/www.intoscana.it\/it\/wp-json\/wp\/v2\/posts"}],"about":[{"href":"https:\/\/www.intoscana.it\/it\/wp-json\/wp\/v2\/types\/post"}],"author":[{"embeddable":true,"href":"https:\/\/www.intoscana.it\/it\/wp-json\/wp\/v2\/users\/525"}],"replies":[{"embeddable":true,"href":"https:\/\/www.intoscana.it\/it\/wp-json\/wp\/v2\/comments?post=368607"}],"version-history":[{"count":5,"href":"https:\/\/www.intoscana.it\/it\/wp-json\/wp\/v2\/posts\/368607\/revisions"}],"predecessor-version":[{"id":368613,"href":"https:\/\/www.intoscana.it\/it\/wp-json\/wp\/v2\/posts\/368607\/revisions\/368613"}],"wp:featuredmedia":[{"embeddable":true,"href":"https:\/\/www.intoscana.it\/it\/wp-json\/wp\/v2\/media\/368608"}],"wp:attachment":[{"href":"https:\/\/www.intoscana.it\/it\/wp-json\/wp\/v2\/media?parent=368607"}],"wp:term":[{"taxonomy":"category","embeddable":true,"href":"https:\/\/www.intoscana.it\/it\/wp-json\/wp\/v2\/categories?post=368607"},{"taxonomy":"post_tag","embeddable":true,"href":"https:\/\/www.intoscana.it\/it\/wp-json\/wp\/v2\/tags?post=368607"}],"curies":[{"name":"wp","href":"https:\/\/api.w.org\/{rel}","templated":true}]}}