{"id":369429,"date":"2024-12-24T12:50:34","date_gmt":"2024-12-24T11:50:34","guid":{"rendered":"https:\/\/www.intoscana.it\/it\/?p=369429"},"modified":"2024-12-24T13:43:15","modified_gmt":"2024-12-24T12:43:15","slug":"solidarieta-un-menu-speciale-per-gli-ospiti-della-caritas","status":"publish","type":"post","link":"https:\/\/www.intoscana.it\/it\/solidarieta-un-menu-speciale-per-gli-ospiti-della-caritas\/","title":{"rendered":"Solidariet\u00e0, un menu speciale per gli ospiti della Caritas"},"content":{"rendered":"<p align=\"JUSTIFY\"><span style=\"color: #222222; font-family: georgia, serif;\">Un menu speciale per chi, durante le festivit\u00e0 natalizie, vive situazioni di difficolt\u00e0. Per contrastare il rischio solitudine molte le iniziative della<b>\u00a0Fondazione\u00a0<span class=\"il\">Solidariet\u00e0<\/span>\u00a0Caritas <\/b>Ets di Firenze che offre i suoi servizi anche a<b> Natale, Santo Stefano e Capodanno.\u00a0<\/b><\/span><\/p>\n<p align=\"JUSTIFY\"><span style=\"color: #222222; font-family: georgia, serif;\">Le <strong>mense cittadine<\/strong> rimarranno aperte, pronte ad accogliere chi cerca un pasto caldo e un sorriso. <strong>Cuochi e volontari<\/strong> prepareranno per l\u2019occasione un menu speciale per scaldare il cuore di chi magari \u00e8 solo. A <b>novembre le mense <\/b>hanno servito <b>oltre 1.150 pasti,<\/b>\u00a0con una presenza significativa presso\u00a0<b>Via Baracca<\/b>, dove \u2013 per esempio \u2013 il<b>\u00a019 dicembre <\/b>si sono presentati<b> circa 450 ospiti.<\/b>\u00a0<\/span><\/p>\n<p align=\"JUSTIFY\"><span style=\"color: #222222; font-family: georgia, serif;\">Numeri che raccontano storie, volti e speranze:\u00a0<b>l\u201985% dei commensali \u00e8 uomo<\/b>, ma non mancano donne e famiglie. <b>Molti sono italiani<\/b>, ma ci sono persone che provengono da circa <b>70 paesi diversi<\/b>, tra i quali spiccano numericamente Per\u00f9, Marocco, Romania e Tunisia.<\/span><\/p>\n<p align=\"JUSTIFY\"><span style=\"color: #222222; font-family: georgia, serif;\">\u201c<em>Il nostro impegno non \u00e8 solamente offrire cibo o riparo, ma garantire ascolto e vicinanza, far sentire le persone accolte. Nessuno dovrebbe affrontare la solitudine, tanto meno durante le feste &#8211; <\/em>spiega\u00a0<b>Vincenzo Lucchetti,<\/b> presidente della Fondazione-. <em>Sono grato agli operatori e ai volontari che, anche nei giorni di Natale e delle festivit\u00e0, scelgono di mettersi al servizio degli altri, regalando tempo e calore umano.\u00a0 Ma la nostra premura non si ferma alle necessit\u00e0 primarie, visto che tutti i servizi della Fondazione restano aperti 365 giorni l\u2019anno e in questo periodo \u00e8 in funzione anche l\u2019accoglienza invernale&#8221;.<\/em><\/span><\/p>\n<p align=\"JUSTIFY\"><span style=\"color: #222222;\"><span style=\"font-family: georgia, serif;\">Doni, sorrisi, presepi e menu speciali: \u00e8 questo il Natale alla <b>Casa di Accoglienza San Paolino<\/b>, gestita da<b> Fondazione\u00a0<span class=\"il\">Solidariet\u00e0<\/span>\u00a0Caritas Ets Firenze<\/b>. <\/span><\/span><span style=\"color: #222222;\"><span style=\"font-family: georgia, serif;\">La mattina del<b>\u00a024 dicembre<\/b>\u00a0l\u2019<b>Associazione Borgognissanti\u00a0<\/b>consegner\u00e0 un panettone, mentre le autorit\u00e0 cittadine si recheranno in visita per porgere i loro auguri. Nel pomeriggio, alle ore 15.30, arriver\u00e0\u00a0<b>Babbo Natale\u00a0<\/b>che distribuir\u00e0 doni ai bambini in collaborazione con la\u00a0<b>Compagnia di Babbo Natale<\/b>.<\/span><\/span><\/p>\n<p align=\"JUSTIFY\"><span style=\"color: #222222;\"><span style=\"font-family: georgia, serif;\">Il\u00a0<b>giorno di Natale,<\/b>\u00a0i pi\u00f9 piccoli (sono 21 gli ospiti minorenni del centro) riceveranno i doni dei fiorentini che hanno aderito all\u2019iniziativa\u00a0<b>Giocattolo sospeso\u00a0<\/b>&#8211; promossa dallo storico<b>\u00a0negozio Dreoni<\/b>\u00a0&#8211; e i regali speciali preparati da\u00a0<b>Rotary Club Firenze<\/b>\u00a0e dai dipendenti di\u00a0<b>Gucci\u00a0<\/b>nell\u2019ambito del\/in seno al programma di volontariato aziendale\u00a0<b>Gucci Changemakers<\/b>.<\/span><\/span><\/p>\n<p align=\"JUSTIFY\"><span style=\"color: #222222;\"><span style=\"font-family: georgia, serif;\">Per l\u2019occasione,<strong> i<\/strong><b>l 25 dicembre e il primo gennaio,<\/b>\u00a0sar\u00e0 servito un pranzo speciale agli ospiti, realizzato dallo chef e critico gastronomico\u00a0<b>Leonardo Romanelli <\/b>insieme al suo staff. Molti esercizi commerciali, tra cui produttori di pasta fresca, gelaterie e commercianti del<b>\u00a0Mercato Centrale di San Lorenzo<\/b>, hanno deciso di donare i loro prodotti per rendere unici i pranzi delle festivit\u00e0<\/span><\/span><\/p>\n<p align=\"JUSTIFY\"><span style=\"color: #222222;\"><span style=\"font-family: georgia, serif;\">Il\u00a0<b>6 gennaio<\/b>, giorno dell\u2019Epifania, la<b>\u00a0Mcl Il Gorinello<\/b>\u00a0consegner\u00e0 dolci e regali, chiudendo le festivit\u00e0 con un gesto di\u00a0<span class=\"il\">solidariet\u00e0<\/span>. La Befana porter\u00e0 calze a tutti i bambini.\u00a0<\/span><\/span><\/p>\n<p align=\"JUSTIFY\"><span style=\"color: #222222;\"><span style=\"font-family: georgia, serif;\">La Casa di Accoglienza San Paolino parteciper\u00e0 anche alla<b>\u00a0manifestazione \u201cCapannucce in Citt\u00e0\u201d,<\/b>\u00a0esponendo i presepi realizzati dai bambini e dai ragazzi della struttura. Uno dei presepi, donato dall\u2019<b>associazione Pantagruel<\/b>, celebra il percorso di rinascita delle donne che hanno vissuto un periodo di detenzione.\u00a0<\/span><\/span><\/p>\n<p align=\"JUSTIFY\"><span style=\"color: #222222; font-family: georgia, serif;\">E da quest\u2019anno, per chi ha bisogno di supporto tecnologico o amministrativo, il\u00a0<b>Punto Digitale Facile\u00a0<\/b>&#8211; presso il Centro di Ascolto diocesano in Via Faentina 34 &#8211;\u00a0rester\u00e0 operativo nei<b> giorni 24, 27, 30 e 31 dicembre, oltre che il 2 e 3 gennaio 2025<\/b>. Un servizio che aiuta a superare le barriere digitali, sempre pi\u00f9 importanti nella vita quotidiana.\u00a0<\/span><\/p>\n","protected":false},"excerpt":{"rendered":"<p>Durante il periodo delle festivit\u00e0 non viene meno il sostegno a chi vive situazioni di disagio a Firenze<\/p>\n","protected":false},"author":554,"featured_media":264599,"comment_status":"open","ping_status":"open","sticky":false,"template":"","format":"standard","meta":{"_acf_changed":false,"footnotes":""},"categories":[494],"tags":[5049,409,356],"class_list":["post-369429","post","type-post","status-publish","format-standard","has-post-thumbnail","hentry","category-attualita","tag-caritas","tag-natale","tag-solidarieta"],"acf":[],"yoast_head":"<!-- This site is optimized with the Yoast SEO Premium plugin v24.2 (Yoast SEO v25.6) - https:\/\/yoast.com\/wordpress\/plugins\/seo\/ -->\n<title>Solidariet\u00e0, un menu speciale per gli ospiti della Caritas - intoscana<\/title>\n<meta name=\"description\" content=\"Durante il periodo delle festivit\u00e0 non viene meno il sostegno a chi vive situazioni di disagio a Firenze\" \/>\n<meta name=\"robots\" content=\"index, follow, max-snippet:-1, max-image-preview:large, max-video-preview:-1\" \/>\n<link rel=\"canonical\" href=\"https:\/\/www.intoscana.it\/it\/solidarieta-un-menu-speciale-per-gli-ospiti-della-caritas\/\" \/>\n<meta property=\"og:locale\" content=\"it_IT\" \/>\n<meta property=\"og:type\" content=\"article\" \/>\n<meta property=\"og:title\" content=\"Solidariet\u00e0, un menu speciale per gli ospiti della Caritas\" \/>\n<meta property=\"og:description\" content=\"Durante il periodo delle festivit\u00e0 non viene meno il sostegno a chi vive situazioni di disagio a Firenze\" \/>\n<meta property=\"og:url\" content=\"https:\/\/www.intoscana.it\/it\/solidarieta-un-menu-speciale-per-gli-ospiti-della-caritas\/\" \/>\n<meta property=\"og:site_name\" content=\"intoscana\" \/>\n<meta property=\"article:publisher\" content=\"https:\/\/www.facebook.com\/intoscana.it\" \/>\n<meta property=\"article:published_time\" content=\"2024-12-24T11:50:34+00:00\" \/>\n<meta property=\"article:modified_time\" content=\"2024-12-24T12:43:15+00:00\" \/>\n<meta property=\"og:image\" content=\"https:\/\/www.intoscana.it\/wp-content\/uploads\/Leonardo-Romanelli-nella-mensa-Caritas-di-via-del-Porcellana-e1672129966515.jpeg\" \/>\n\t<meta property=\"og:image:width\" content=\"1536\" \/>\n\t<meta property=\"og:image:height\" content=\"1070\" \/>\n\t<meta property=\"og:image:type\" content=\"image\/jpeg\" \/>\n<meta name=\"author\" content=\"Raffaella Galamini\" \/>\n<meta name=\"twitter:card\" content=\"summary_large_image\" \/>\n<meta name=\"twitter:creator\" content=\"@orio\" \/>\n<meta name=\"twitter:site\" content=\"@intoscana\" \/>\n<meta name=\"twitter:label1\" content=\"Written by\" \/>\n\t<meta name=\"twitter:data1\" content=\"Raffaella Galamini\" \/>\n\t<meta name=\"twitter:label2\" content=\"Est. reading time\" \/>\n\t<meta name=\"twitter:data2\" content=\"4 minuti\" \/>\n<script type=\"application\/ld+json\" class=\"yoast-schema-graph\">{\"@context\":\"https:\/\/schema.org\",\"@graph\":[{\"@type\":\"WebPage\",\"@id\":\"https:\/\/www.intoscana.it\/it\/solidarieta-un-menu-speciale-per-gli-ospiti-della-caritas\/\",\"url\":\"https:\/\/www.intoscana.it\/it\/solidarieta-un-menu-speciale-per-gli-ospiti-della-caritas\/\",\"name\":\"Solidariet\u00e0, un menu speciale per gli ospiti della Caritas - intoscana\",\"isPartOf\":{\"@id\":\"https:\/\/www.intoscana.it\/it\/#website\"},\"primaryImageOfPage\":{\"@id\":\"https:\/\/www.intoscana.it\/it\/solidarieta-un-menu-speciale-per-gli-ospiti-della-caritas\/#primaryimage\"},\"image\":{\"@id\":\"https:\/\/www.intoscana.it\/it\/solidarieta-un-menu-speciale-per-gli-ospiti-della-caritas\/#primaryimage\"},\"thumbnailUrl\":\"https:\/\/www.intoscana.it\/wp-content\/uploads\/Leonardo-Romanelli-nella-mensa-Caritas-di-via-del-Porcellana-e1672129966515.jpeg\",\"datePublished\":\"2024-12-24T11:50:34+00:00\",\"dateModified\":\"2024-12-24T12:43:15+00:00\",\"author\":{\"@id\":\"https:\/\/www.intoscana.it\/it\/#\/schema\/person\/9eb9daa846a49fe51af39a73d9d1986b\"},\"description\":\"Durante il periodo delle festivit\u00e0 non viene meno il sostegno a chi vive situazioni di disagio a Firenze\",\"breadcrumb\":{\"@id\":\"https:\/\/www.intoscana.it\/it\/solidarieta-un-menu-speciale-per-gli-ospiti-della-caritas\/#breadcrumb\"},\"inLanguage\":\"it-IT\",\"potentialAction\":[{\"@type\":\"ReadAction\",\"target\":[\"https:\/\/www.intoscana.it\/it\/solidarieta-un-menu-speciale-per-gli-ospiti-della-caritas\/\"]}]},{\"@type\":\"ImageObject\",\"inLanguage\":\"it-IT\",\"@id\":\"https:\/\/www.intoscana.it\/it\/solidarieta-un-menu-speciale-per-gli-ospiti-della-caritas\/#primaryimage\",\"url\":\"https:\/\/www.intoscana.it\/wp-content\/uploads\/Leonardo-Romanelli-nella-mensa-Caritas-di-via-del-Porcellana-e1672129966515.jpeg\",\"contentUrl\":\"https:\/\/www.intoscana.it\/wp-content\/uploads\/Leonardo-Romanelli-nella-mensa-Caritas-di-via-del-Porcellana-e1672129966515.jpeg\",\"width\":1536,\"height\":1070,\"caption\":\"Leonardo Romanelli nella mensa Caritas di via del Porcellana - FB Leonardo Romanelli\"},{\"@type\":\"BreadcrumbList\",\"@id\":\"https:\/\/www.intoscana.it\/it\/solidarieta-un-menu-speciale-per-gli-ospiti-della-caritas\/#breadcrumb\",\"itemListElement\":[{\"@type\":\"ListItem\",\"position\":1,\"name\":\"Home\",\"item\":\"https:\/\/www.intoscana.it\/it\/\"},{\"@type\":\"ListItem\",\"position\":2,\"name\":\"Solidariet\u00e0, un menu speciale per gli ospiti della Caritas\"}]},{\"@type\":\"WebSite\",\"@id\":\"https:\/\/www.intoscana.it\/it\/#website\",\"url\":\"https:\/\/www.intoscana.it\/it\/\",\"name\":\"intoscana\",\"description\":\"\",\"potentialAction\":[{\"@type\":\"SearchAction\",\"target\":{\"@type\":\"EntryPoint\",\"urlTemplate\":\"https:\/\/www.intoscana.it\/it\/?s={search_term_string}\"},\"query-input\":{\"@type\":\"PropertyValueSpecification\",\"valueRequired\":true,\"valueName\":\"search_term_string\"}}],\"inLanguage\":\"it-IT\"},{\"@type\":\"Person\",\"@id\":\"https:\/\/www.intoscana.it\/it\/#\/schema\/person\/9eb9daa846a49fe51af39a73d9d1986b\",\"name\":\"Raffaella Galamini\",\"sameAs\":[\"https:\/\/x.com\/orio\"],\"url\":\"https:\/\/www.intoscana.it\/it\/author\/r-galamini\/\"}]}<\/script>\n<!-- \/ Yoast SEO Premium plugin. -->","yoast_head_json":{"title":"Solidariet\u00e0, un menu speciale per gli ospiti della Caritas - intoscana","description":"Durante il periodo delle festivit\u00e0 non viene meno il sostegno a chi vive situazioni di disagio a Firenze","robots":{"index":"index","follow":"follow","max-snippet":"max-snippet:-1","max-image-preview":"max-image-preview:large","max-video-preview":"max-video-preview:-1"},"canonical":"https:\/\/www.intoscana.it\/it\/solidarieta-un-menu-speciale-per-gli-ospiti-della-caritas\/","og_locale":"it_IT","og_type":"article","og_title":"Solidariet\u00e0, un menu speciale per gli ospiti della Caritas","og_description":"Durante il periodo delle festivit\u00e0 non viene meno il sostegno a chi vive situazioni di disagio a Firenze","og_url":"https:\/\/www.intoscana.it\/it\/solidarieta-un-menu-speciale-per-gli-ospiti-della-caritas\/","og_site_name":"intoscana","article_publisher":"https:\/\/www.facebook.com\/intoscana.it","article_published_time":"2024-12-24T11:50:34+00:00","article_modified_time":"2024-12-24T12:43:15+00:00","og_image":[{"width":1536,"height":1070,"url":"https:\/\/www.intoscana.it\/wp-content\/uploads\/Leonardo-Romanelli-nella-mensa-Caritas-di-via-del-Porcellana-e1672129966515.jpeg","type":"image\/jpeg"}],"author":"Raffaella Galamini","twitter_card":"summary_large_image","twitter_creator":"@orio","twitter_site":"@intoscana","twitter_misc":{"Written by":"Raffaella Galamini","Est. reading time":"4 minuti"},"schema":{"@context":"https:\/\/schema.org","@graph":[{"@type":"WebPage","@id":"https:\/\/www.intoscana.it\/it\/solidarieta-un-menu-speciale-per-gli-ospiti-della-caritas\/","url":"https:\/\/www.intoscana.it\/it\/solidarieta-un-menu-speciale-per-gli-ospiti-della-caritas\/","name":"Solidariet\u00e0, un menu speciale per gli ospiti della Caritas - intoscana","isPartOf":{"@id":"https:\/\/www.intoscana.it\/it\/#website"},"primaryImageOfPage":{"@id":"https:\/\/www.intoscana.it\/it\/solidarieta-un-menu-speciale-per-gli-ospiti-della-caritas\/#primaryimage"},"image":{"@id":"https:\/\/www.intoscana.it\/it\/solidarieta-un-menu-speciale-per-gli-ospiti-della-caritas\/#primaryimage"},"thumbnailUrl":"https:\/\/www.intoscana.it\/wp-content\/uploads\/Leonardo-Romanelli-nella-mensa-Caritas-di-via-del-Porcellana-e1672129966515.jpeg","datePublished":"2024-12-24T11:50:34+00:00","dateModified":"2024-12-24T12:43:15+00:00","author":{"@id":"https:\/\/www.intoscana.it\/it\/#\/schema\/person\/9eb9daa846a49fe51af39a73d9d1986b"},"description":"Durante il periodo delle festivit\u00e0 non viene meno il sostegno a chi vive situazioni di disagio a Firenze","breadcrumb":{"@id":"https:\/\/www.intoscana.it\/it\/solidarieta-un-menu-speciale-per-gli-ospiti-della-caritas\/#breadcrumb"},"inLanguage":"it-IT","potentialAction":[{"@type":"ReadAction","target":["https:\/\/www.intoscana.it\/it\/solidarieta-un-menu-speciale-per-gli-ospiti-della-caritas\/"]}]},{"@type":"ImageObject","inLanguage":"it-IT","@id":"https:\/\/www.intoscana.it\/it\/solidarieta-un-menu-speciale-per-gli-ospiti-della-caritas\/#primaryimage","url":"https:\/\/www.intoscana.it\/wp-content\/uploads\/Leonardo-Romanelli-nella-mensa-Caritas-di-via-del-Porcellana-e1672129966515.jpeg","contentUrl":"https:\/\/www.intoscana.it\/wp-content\/uploads\/Leonardo-Romanelli-nella-mensa-Caritas-di-via-del-Porcellana-e1672129966515.jpeg","width":1536,"height":1070,"caption":"Leonardo Romanelli nella mensa Caritas di via del Porcellana - FB Leonardo Romanelli"},{"@type":"BreadcrumbList","@id":"https:\/\/www.intoscana.it\/it\/solidarieta-un-menu-speciale-per-gli-ospiti-della-caritas\/#breadcrumb","itemListElement":[{"@type":"ListItem","position":1,"name":"Home","item":"https:\/\/www.intoscana.it\/it\/"},{"@type":"ListItem","position":2,"name":"Solidariet\u00e0, un menu speciale per gli ospiti della Caritas"}]},{"@type":"WebSite","@id":"https:\/\/www.intoscana.it\/it\/#website","url":"https:\/\/www.intoscana.it\/it\/","name":"intoscana","description":"","potentialAction":[{"@type":"SearchAction","target":{"@type":"EntryPoint","urlTemplate":"https:\/\/www.intoscana.it\/it\/?s={search_term_string}"},"query-input":{"@type":"PropertyValueSpecification","valueRequired":true,"valueName":"search_term_string"}}],"inLanguage":"it-IT"},{"@type":"Person","@id":"https:\/\/www.intoscana.it\/it\/#\/schema\/person\/9eb9daa846a49fe51af39a73d9d1986b","name":"Raffaella Galamini","sameAs":["https:\/\/x.com\/orio"],"url":"https:\/\/www.intoscana.it\/it\/author\/r-galamini\/"}]}},"_links":{"self":[{"href":"https:\/\/www.intoscana.it\/it\/wp-json\/wp\/v2\/posts\/369429","targetHints":{"allow":["GET"]}}],"collection":[{"href":"https:\/\/www.intoscana.it\/it\/wp-json\/wp\/v2\/posts"}],"about":[{"href":"https:\/\/www.intoscana.it\/it\/wp-json\/wp\/v2\/types\/post"}],"author":[{"embeddable":true,"href":"https:\/\/www.intoscana.it\/it\/wp-json\/wp\/v2\/users\/554"}],"replies":[{"embeddable":true,"href":"https:\/\/www.intoscana.it\/it\/wp-json\/wp\/v2\/comments?post=369429"}],"version-history":[{"count":4,"href":"https:\/\/www.intoscana.it\/it\/wp-json\/wp\/v2\/posts\/369429\/revisions"}],"predecessor-version":[{"id":369436,"href":"https:\/\/www.intoscana.it\/it\/wp-json\/wp\/v2\/posts\/369429\/revisions\/369436"}],"wp:featuredmedia":[{"embeddable":true,"href":"https:\/\/www.intoscana.it\/it\/wp-json\/wp\/v2\/media\/264599"}],"wp:attachment":[{"href":"https:\/\/www.intoscana.it\/it\/wp-json\/wp\/v2\/media?parent=369429"}],"wp:term":[{"taxonomy":"category","embeddable":true,"href":"https:\/\/www.intoscana.it\/it\/wp-json\/wp\/v2\/categories?post=369429"},{"taxonomy":"post_tag","embeddable":true,"href":"https:\/\/www.intoscana.it\/it\/wp-json\/wp\/v2\/tags?post=369429"}],"curies":[{"name":"wp","href":"https:\/\/api.w.org\/{rel}","templated":true}]}}